{"id":14095,"date":"2026-04-23T12:38:20","date_gmt":"2026-04-23T18:38:20","guid":{"rendered":"https:\/\/elhijodelllanero.mx\/?p=14095"},"modified":"2026-04-23T12:38:20","modified_gmt":"2026-04-23T18:38:20","slug":"autoridades-alertan-por-aumento-de-crisis-emocionales","status":"publish","type":"post","link":"https:\/\/elhijodelllanero.mx\/index.php\/2026\/04\/23\/autoridades-alertan-por-aumento-de-crisis-emocionales\/","title":{"rendered":"Autoridades alertan por aumento de crisis emocionales."},"content":{"rendered":"<p>Celaya, Gto. 23 de abril del 2026.- Recuerdan de joven en situaci\u00f3n de crisis emocional que fue atendido por elementos de la Polic\u00eda Municipal de Celaya luego de que se reportara su presencia en lo alto de un puente vehicular sobre la avenida Irrigaci\u00f3n, el pasado lunes. La intervenci\u00f3n permiti\u00f3 que el joven accediera al di\u00e1logo y recibiera apoyo, evitando una situaci\u00f3n de mayor riesgo.<\/p>\n<p>De acuerdo con el director de la corporaci\u00f3n, Rafael Cajero, los oficiales lograron establecer comunicaci\u00f3n con el joven, quien finalmente acept\u00f3 la ayuda. En el sitio tambi\u00e9n se cont\u00f3 con el acompa\u00f1amiento de un familiar, adem\u00e1s de contacto telef\u00f3nico con una persona que ya le brindaba atenci\u00f3n psicol\u00f3gica, por lo que no fue necesario su traslado a un hospital.<\/p>\n<p>A partir de este hecho, autoridades municipales reiteraron la importancia de atender de manera oportuna las crisis emocionales y fortalecer las redes de apoyo. Se\u00f1alaron que, tras este tipo de intervenciones, los casos son canalizados a instancias como el DIF para dar seguimiento y acompa\u00f1amiento tanto al afectado como a su entorno familiar.<\/p>\n<p>El titular de la Polic\u00eda Municipal inform\u00f3 que este tipo de situaciones no son aisladas, especialmente entre j\u00f3venes de entre 20 y 30 a\u00f1os. Indic\u00f3 que, adem\u00e1s de los intentos, semanalmente se registran en promedio entre dos y tres fallecimientos relacionados con esta problem\u00e1tica en el municipio.<\/p>\n<p>Explic\u00f3 que, ante este panorama, se mantienen acciones preventivas en coordinaci\u00f3n con distintas dependencias, incluyendo pl\u00e1ticas informativas en escuelas y comunidades, dirigidas a ni\u00f1as, ni\u00f1os, j\u00f3venes y familias, con el objetivo de detectar se\u00f1ales de alerta y fomentar la b\u00fasqueda de apoyo.<\/p>\n<p>Las autoridades se\u00f1alaron que, en muchos casos, las crisis est\u00e1n relacionadas con conflictos familiares, problemas de pareja o situaciones personales complejas, adem\u00e1s de otros factores que pueden agravar el estado emocional. Por ello, insistieron en la necesidad de fortalecer la comunicaci\u00f3n y el acompa\u00f1amiento desde el entorno cercano.<\/p>\n<p>Este caso, que deriv\u00f3 en una intervenci\u00f3n exitosa, pone sobre la mesa un tema que suele mantenerse en silencio, pero que cada vez requiere mayor atenci\u00f3n y sensibilidad por parte de toda la sociedad.<\/p>\n","protected":false},"excerpt":{"rendered":"<p>Celaya, Gto. 23 de abril del 2026.- Recuerdan de joven en situaci\u00f3n de crisis emocional que fue atendido por elementos de la Polic\u00eda Municipal de Celaya luego de que se reportara su presencia en lo alto de un puente vehicular sobre la avenida Irrigaci\u00f3n, el pasado lunes. La intervenci\u00f3n permiti\u00f3 que el joven accediera al [&hellip;]<\/p>\n","protected":false},"author":3,"featured_media":14096,"comment_status":"open","ping_status":"closed","sticky":false,"template":"","format":"standard","meta":{"_jetpack_newsletter_access":"","_jetpack_dont_email_post_to_subs":false,"_jetpack_newsletter_tier_id":0,"_jetpack_memberships_contains_paywalled_content":false,"_jetpack_memberships_contains_paid_content":false,"footnotes":""},"categories":[74],"tags":[],"class_list":{"0":"post-14095","1":"post","2":"type-post","3":"status-publish","4":"format-standard","5":"has-post-thumbnail","7":"category-celaya"},"yoast_head":"<!-- This site is optimized with the Yoast SEO plugin v27.3 - https:\/\/yoast.com\/product\/yoast-seo-wordpress\/ -->\n<title>Autoridades alertan por aumento de crisis emocionales. - El Hijo del llanero solititito<\/title>\n<meta name=\"robots\" content=\"index, follow, max-snippet:-1, max-image-preview:large, max-video-preview:-1\" \/>\n<link rel=\"canonical\" href=\"https:\/\/elhijodelllanero.mx\/index.php\/2026\/04\/23\/autoridades-alertan-por-aumento-de-crisis-emocionales\/\" \/>\n<meta property=\"og:locale\" content=\"es_ES\" \/>\n<meta property=\"og:type\" content=\"article\" \/>\n<meta property=\"og:title\" content=\"Autoridades alertan por aumento de crisis emocionales. - El Hijo del llanero solititito\" \/>\n<meta property=\"og:description\" content=\"Celaya, Gto. 23 de abril del 2026.- Recuerdan de joven en situaci\u00f3n de crisis emocional que fue atendido por elementos de la Polic\u00eda Municipal de Celaya luego de que se reportara su presencia en lo alto de un puente vehicular sobre la avenida Irrigaci\u00f3n, el pasado lunes. La intervenci\u00f3n permiti\u00f3 que el joven accediera al [&hellip;]\" \/>\n<meta property=\"og:url\" content=\"https:\/\/elhijodelllanero.mx\/index.php\/2026\/04\/23\/autoridades-alertan-por-aumento-de-crisis-emocionales\/\" \/>\n<meta property=\"og:site_name\" content=\"El Hijo del llanero solititito\" \/>\n<meta property=\"article:published_time\" content=\"2026-04-23T18:38:20+00:00\" \/>\n<meta property=\"og:image\" content=\"https:\/\/elhijodelllanero.mx\/wp-content\/uploads\/2026\/04\/4709754a-3713-44a1-8255-e0e0d63d370e.jpeg\" \/>\n\t<meta property=\"og:image:width\" content=\"1068\" \/>\n\t<meta property=\"og:image:height\" content=\"1280\" \/>\n\t<meta property=\"og:image:type\" content=\"image\/jpeg\" \/>\n<meta name=\"author\" content=\"Mar\u00eda de la Paz Rodarte Ram\u00edrez\" \/>\n<meta name=\"twitter:card\" content=\"summary_large_image\" \/>\n<meta name=\"twitter:label1\" content=\"Escrito por\" \/>\n\t<meta name=\"twitter:data1\" content=\"Mar\u00eda de la Paz Rodarte Ram\u00edrez\" \/>\n\t<meta name=\"twitter:label2\" content=\"Tiempo de lectura\" \/>\n\t<meta name=\"twitter:data2\" content=\"2 minutos\" \/>\n<script type=\"application\/ld+json\" class=\"yoast-schema-graph\">{\"@context\":\"https:\\\/\\\/schema.org\",\"@graph\":[{\"@type\":\"Article\",\"@id\":\"https:\\\/\\\/elhijodelllanero.mx\\\/index.php\\\/2026\\\/04\\\/23\\\/autoridades-alertan-por-aumento-de-crisis-emocionales\\\/#article\",\"isPartOf\":{\"@id\":\"https:\\\/\\\/elhijodelllanero.mx\\\/index.php\\\/2026\\\/04\\\/23\\\/autoridades-alertan-por-aumento-de-crisis-emocionales\\\/\"},\"author\":{\"name\":\"Mar\u00eda de la Paz Rodarte Ram\u00edrez\",\"@id\":\"https:\\\/\\\/elhijodelllanero.mx\\\/#\\\/schema\\\/person\\\/c7f8c86c55c1eab44ae2b93a9628245f\"},\"headline\":\"Autoridades alertan por aumento de crisis emocionales.\",\"datePublished\":\"2026-04-23T18:38:20+00:00\",\"mainEntityOfPage\":{\"@id\":\"https:\\\/\\\/elhijodelllanero.mx\\\/index.php\\\/2026\\\/04\\\/23\\\/autoridades-alertan-por-aumento-de-crisis-emocionales\\\/\"},\"wordCount\":387,\"commentCount\":0,\"image\":{\"@id\":\"https:\\\/\\\/elhijodelllanero.mx\\\/index.php\\\/2026\\\/04\\\/23\\\/autoridades-alertan-por-aumento-de-crisis-emocionales\\\/#primaryimage\"},\"thumbnailUrl\":\"https:\\\/\\\/i0.wp.com\\\/elhijodelllanero.mx\\\/wp-content\\\/uploads\\\/2026\\\/04\\\/4709754a-3713-44a1-8255-e0e0d63d370e.jpeg?fit=1068%2C1280&ssl=1\",\"articleSection\":[\"CELAYA\"],\"inLanguage\":\"es\",\"potentialAction\":[{\"@type\":\"CommentAction\",\"name\":\"Comment\",\"target\":[\"https:\\\/\\\/elhijodelllanero.mx\\\/index.php\\\/2026\\\/04\\\/23\\\/autoridades-alertan-por-aumento-de-crisis-emocionales\\\/#respond\"]}]},{\"@type\":\"WebPage\",\"@id\":\"https:\\\/\\\/elhijodelllanero.mx\\\/index.php\\\/2026\\\/04\\\/23\\\/autoridades-alertan-por-aumento-de-crisis-emocionales\\\/\",\"url\":\"https:\\\/\\\/elhijodelllanero.mx\\\/index.php\\\/2026\\\/04\\\/23\\\/autoridades-alertan-por-aumento-de-crisis-emocionales\\\/\",\"name\":\"Autoridades alertan por aumento de crisis emocionales. - El Hijo del llanero solititito\",\"isPartOf\":{\"@id\":\"https:\\\/\\\/elhijodelllanero.mx\\\/#website\"},\"primaryImageOfPage\":{\"@id\":\"https:\\\/\\\/elhijodelllanero.mx\\\/index.php\\\/2026\\\/04\\\/23\\\/autoridades-alertan-por-aumento-de-crisis-emocionales\\\/#primaryimage\"},\"image\":{\"@id\":\"https:\\\/\\\/elhijodelllanero.mx\\\/index.php\\\/2026\\\/04\\\/23\\\/autoridades-alertan-por-aumento-de-crisis-emocionales\\\/#primaryimage\"},\"thumbnailUrl\":\"https:\\\/\\\/i0.wp.com\\\/elhijodelllanero.mx\\\/wp-content\\\/uploads\\\/2026\\\/04\\\/4709754a-3713-44a1-8255-e0e0d63d370e.jpeg?fit=1068%2C1280&ssl=1\",\"datePublished\":\"2026-04-23T18:38:20+00:00\",\"author\":{\"@id\":\"https:\\\/\\\/elhijodelllanero.mx\\\/#\\\/schema\\\/person\\\/c7f8c86c55c1eab44ae2b93a9628245f\"},\"breadcrumb\":{\"@id\":\"https:\\\/\\\/elhijodelllanero.mx\\\/index.php\\\/2026\\\/04\\\/23\\\/autoridades-alertan-por-aumento-de-crisis-emocionales\\\/#breadcrumb\"},\"inLanguage\":\"es\",\"potentialAction\":[{\"@type\":\"ReadAction\",\"target\":[\"https:\\\/\\\/elhijodelllanero.mx\\\/index.php\\\/2026\\\/04\\\/23\\\/autoridades-alertan-por-aumento-de-crisis-emocionales\\\/\"]}]},{\"@type\":\"ImageObject\",\"inLanguage\":\"es\",\"@id\":\"https:\\\/\\\/elhijodelllanero.mx\\\/index.php\\\/2026\\\/04\\\/23\\\/autoridades-alertan-por-aumento-de-crisis-emocionales\\\/#primaryimage\",\"url\":\"https:\\\/\\\/i0.wp.com\\\/elhijodelllanero.mx\\\/wp-content\\\/uploads\\\/2026\\\/04\\\/4709754a-3713-44a1-8255-e0e0d63d370e.jpeg?fit=1068%2C1280&ssl=1\",\"contentUrl\":\"https:\\\/\\\/i0.wp.com\\\/elhijodelllanero.mx\\\/wp-content\\\/uploads\\\/2026\\\/04\\\/4709754a-3713-44a1-8255-e0e0d63d370e.jpeg?fit=1068%2C1280&ssl=1\",\"width\":1068,\"height\":1280},{\"@type\":\"BreadcrumbList\",\"@id\":\"https:\\\/\\\/elhijodelllanero.mx\\\/index.php\\\/2026\\\/04\\\/23\\\/autoridades-alertan-por-aumento-de-crisis-emocionales\\\/#breadcrumb\",\"itemListElement\":[{\"@type\":\"ListItem\",\"position\":1,\"name\":\"Portada\",\"item\":\"https:\\\/\\\/elhijodelllanero.mx\\\/\"},{\"@type\":\"ListItem\",\"position\":2,\"name\":\"Autoridades alertan por aumento de crisis emocionales.\"}]},{\"@type\":\"WebSite\",\"@id\":\"https:\\\/\\\/elhijodelllanero.mx\\\/#website\",\"url\":\"https:\\\/\\\/elhijodelllanero.mx\\\/\",\"name\":\"El Hijo del llanero solititito\",\"description\":\"\",\"potentialAction\":[{\"@type\":\"SearchAction\",\"target\":{\"@type\":\"EntryPoint\",\"urlTemplate\":\"https:\\\/\\\/elhijodelllanero.mx\\\/?s={search_term_string}\"},\"query-input\":{\"@type\":\"PropertyValueSpecification\",\"valueRequired\":true,\"valueName\":\"search_term_string\"}}],\"inLanguage\":\"es\"},{\"@type\":\"Person\",\"@id\":\"https:\\\/\\\/elhijodelllanero.mx\\\/#\\\/schema\\\/person\\\/c7f8c86c55c1eab44ae2b93a9628245f\",\"name\":\"Mar\u00eda de la Paz Rodarte Ram\u00edrez\",\"image\":{\"@type\":\"ImageObject\",\"inLanguage\":\"es\",\"@id\":\"https:\\\/\\\/secure.gravatar.com\\\/avatar\\\/1f38f8518b09a266af73da2bce78d69e7d1275299970134ed62f572e0487e1d0?s=96&d=mm&r=g\",\"url\":\"https:\\\/\\\/secure.gravatar.com\\\/avatar\\\/1f38f8518b09a266af73da2bce78d69e7d1275299970134ed62f572e0487e1d0?s=96&d=mm&r=g\",\"contentUrl\":\"https:\\\/\\\/secure.gravatar.com\\\/avatar\\\/1f38f8518b09a266af73da2bce78d69e7d1275299970134ed62f572e0487e1d0?s=96&d=mm&r=g\",\"caption\":\"Mar\u00eda de la Paz Rodarte Ram\u00edrez\"},\"sameAs\":[\"https:\\\/\\\/www.elhijodelllanero.mx\"],\"url\":\"https:\\\/\\\/elhijodelllanero.mx\\\/index.php\\\/author\\\/maricuas\\\/\"}]}<\/script>\n<!-- \/ Yoast SEO plugin. -->","yoast_head_json":{"title":"Autoridades alertan por aumento de crisis emocionales. - El Hijo del llanero solititito","robots":{"index":"index","follow":"follow","max-snippet":"max-snippet:-1","max-image-preview":"max-image-preview:large","max-video-preview":"max-video-preview:-1"},"canonical":"https:\/\/elhijodelllanero.mx\/index.php\/2026\/04\/23\/autoridades-alertan-por-aumento-de-crisis-emocionales\/","og_locale":"es_ES","og_type":"article","og_title":"Autoridades alertan por aumento de crisis emocionales. - El Hijo del llanero solititito","og_description":"Celaya, Gto. 23 de abril del 2026.- Recuerdan de joven en situaci\u00f3n de crisis emocional que fue atendido por elementos de la Polic\u00eda Municipal de Celaya luego de que se reportara su presencia en lo alto de un puente vehicular sobre la avenida Irrigaci\u00f3n, el pasado lunes. La intervenci\u00f3n permiti\u00f3 que el joven accediera al [&hellip;]","og_url":"https:\/\/elhijodelllanero.mx\/index.php\/2026\/04\/23\/autoridades-alertan-por-aumento-de-crisis-emocionales\/","og_site_name":"El Hijo del llanero solititito","article_published_time":"2026-04-23T18:38:20+00:00","og_image":[{"width":1068,"height":1280,"url":"https:\/\/elhijodelllanero.mx\/wp-content\/uploads\/2026\/04\/4709754a-3713-44a1-8255-e0e0d63d370e.jpeg","type":"image\/jpeg"}],"author":"Mar\u00eda de la Paz Rodarte Ram\u00edrez","twitter_card":"summary_large_image","twitter_misc":{"Escrito por":"Mar\u00eda de la Paz Rodarte Ram\u00edrez","Tiempo de lectura":"2 minutos"},"schema":{"@context":"https:\/\/schema.org","@graph":[{"@type":"Article","@id":"https:\/\/elhijodelllanero.mx\/index.php\/2026\/04\/23\/autoridades-alertan-por-aumento-de-crisis-emocionales\/#article","isPartOf":{"@id":"https:\/\/elhijodelllanero.mx\/index.php\/2026\/04\/23\/autoridades-alertan-por-aumento-de-crisis-emocionales\/"},"author":{"name":"Mar\u00eda de la Paz Rodarte Ram\u00edrez","@id":"https:\/\/elhijodelllanero.mx\/#\/schema\/person\/c7f8c86c55c1eab44ae2b93a9628245f"},"headline":"Autoridades alertan por aumento de crisis emocionales.","datePublished":"2026-04-23T18:38:20+00:00","mainEntityOfPage":{"@id":"https:\/\/elhijodelllanero.mx\/index.php\/2026\/04\/23\/autoridades-alertan-por-aumento-de-crisis-emocionales\/"},"wordCount":387,"commentCount":0,"image":{"@id":"https:\/\/elhijodelllanero.mx\/index.php\/2026\/04\/23\/autoridades-alertan-por-aumento-de-crisis-emocionales\/#primaryimage"},"thumbnailUrl":"https:\/\/i0.wp.com\/elhijodelllanero.mx\/wp-content\/uploads\/2026\/04\/4709754a-3713-44a1-8255-e0e0d63d370e.jpeg?fit=1068%2C1280&ssl=1","articleSection":["CELAYA"],"inLanguage":"es","potentialAction":[{"@type":"CommentAction","name":"Comment","target":["https:\/\/elhijodelllanero.mx\/index.php\/2026\/04\/23\/autoridades-alertan-por-aumento-de-crisis-emocionales\/#respond"]}]},{"@type":"WebPage","@id":"https:\/\/elhijodelllanero.mx\/index.php\/2026\/04\/23\/autoridades-alertan-por-aumento-de-crisis-emocionales\/","url":"https:\/\/elhijodelllanero.mx\/index.php\/2026\/04\/23\/autoridades-alertan-por-aumento-de-crisis-emocionales\/","name":"Autoridades alertan por aumento de crisis emocionales. - El Hijo del llanero solititito","isPartOf":{"@id":"https:\/\/elhijodelllanero.mx\/#website"},"primaryImageOfPage":{"@id":"https:\/\/elhijodelllanero.mx\/index.php\/2026\/04\/23\/autoridades-alertan-por-aumento-de-crisis-emocionales\/#primaryimage"},"image":{"@id":"https:\/\/elhijodelllanero.mx\/index.php\/2026\/04\/23\/autoridades-alertan-por-aumento-de-crisis-emocionales\/#primaryimage"},"thumbnailUrl":"https:\/\/i0.wp.com\/elhijodelllanero.mx\/wp-content\/uploads\/2026\/04\/4709754a-3713-44a1-8255-e0e0d63d370e.jpeg?fit=1068%2C1280&ssl=1","datePublished":"2026-04-23T18:38:20+00:00","author":{"@id":"https:\/\/elhijodelllanero.mx\/#\/schema\/person\/c7f8c86c55c1eab44ae2b93a9628245f"},"breadcrumb":{"@id":"https:\/\/elhijodelllanero.mx\/index.php\/2026\/04\/23\/autoridades-alertan-por-aumento-de-crisis-emocionales\/#breadcrumb"},"inLanguage":"es","potentialAction":[{"@type":"ReadAction","target":["https:\/\/elhijodelllanero.mx\/index.php\/2026\/04\/23\/autoridades-alertan-por-aumento-de-crisis-emocionales\/"]}]},{"@type":"ImageObject","inLanguage":"es","@id":"https:\/\/elhijodelllanero.mx\/index.php\/2026\/04\/23\/autoridades-alertan-por-aumento-de-crisis-emocionales\/#primaryimage","url":"https:\/\/i0.wp.com\/elhijodelllanero.mx\/wp-content\/uploads\/2026\/04\/4709754a-3713-44a1-8255-e0e0d63d370e.jpeg?fit=1068%2C1280&ssl=1","contentUrl":"https:\/\/i0.wp.com\/elhijodelllanero.mx\/wp-content\/uploads\/2026\/04\/4709754a-3713-44a1-8255-e0e0d63d370e.jpeg?fit=1068%2C1280&ssl=1","width":1068,"height":1280},{"@type":"BreadcrumbList","@id":"https:\/\/elhijodelllanero.mx\/index.php\/2026\/04\/23\/autoridades-alertan-por-aumento-de-crisis-emocionales\/#breadcrumb","itemListElement":[{"@type":"ListItem","position":1,"name":"Portada","item":"https:\/\/elhijodelllanero.mx\/"},{"@type":"ListItem","position":2,"name":"Autoridades alertan por aumento de crisis emocionales."}]},{"@type":"WebSite","@id":"https:\/\/elhijodelllanero.mx\/#website","url":"https:\/\/elhijodelllanero.mx\/","name":"El Hijo del llanero solititito","description":"","potentialAction":[{"@type":"SearchAction","target":{"@type":"EntryPoint","urlTemplate":"https:\/\/elhijodelllanero.mx\/?s={search_term_string}"},"query-input":{"@type":"PropertyValueSpecification","valueRequired":true,"valueName":"search_term_string"}}],"inLanguage":"es"},{"@type":"Person","@id":"https:\/\/elhijodelllanero.mx\/#\/schema\/person\/c7f8c86c55c1eab44ae2b93a9628245f","name":"Mar\u00eda de la Paz Rodarte Ram\u00edrez","image":{"@type":"ImageObject","inLanguage":"es","@id":"https:\/\/secure.gravatar.com\/avatar\/1f38f8518b09a266af73da2bce78d69e7d1275299970134ed62f572e0487e1d0?s=96&d=mm&r=g","url":"https:\/\/secure.gravatar.com\/avatar\/1f38f8518b09a266af73da2bce78d69e7d1275299970134ed62f572e0487e1d0?s=96&d=mm&r=g","contentUrl":"https:\/\/secure.gravatar.com\/avatar\/1f38f8518b09a266af73da2bce78d69e7d1275299970134ed62f572e0487e1d0?s=96&d=mm&r=g","caption":"Mar\u00eda de la Paz Rodarte Ram\u00edrez"},"sameAs":["https:\/\/www.elhijodelllanero.mx"],"url":"https:\/\/elhijodelllanero.mx\/index.php\/author\/maricuas\/"}]}},"jetpack_featured_media_url":"https:\/\/i0.wp.com\/elhijodelllanero.mx\/wp-content\/uploads\/2026\/04\/4709754a-3713-44a1-8255-e0e0d63d370e.jpeg?fit=1068%2C1280&ssl=1","jetpack-related-posts":[],"jetpack_sharing_enabled":true,"_links":{"self":[{"href":"https:\/\/elhijodelllanero.mx\/index.php\/wp-json\/wp\/v2\/posts\/14095","targetHints":{"allow":["GET"]}}],"collection":[{"href":"https:\/\/elhijodelllanero.mx\/index.php\/wp-json\/wp\/v2\/posts"}],"about":[{"href":"https:\/\/elhijodelllanero.mx\/index.php\/wp-json\/wp\/v2\/types\/post"}],"author":[{"embeddable":true,"href":"https:\/\/elhijodelllanero.mx\/index.php\/wp-json\/wp\/v2\/users\/3"}],"replies":[{"embeddable":true,"href":"https:\/\/elhijodelllanero.mx\/index.php\/wp-json\/wp\/v2\/comments?post=14095"}],"version-history":[{"count":1,"href":"https:\/\/elhijodelllanero.mx\/index.php\/wp-json\/wp\/v2\/posts\/14095\/revisions"}],"predecessor-version":[{"id":14097,"href":"https:\/\/elhijodelllanero.mx\/index.php\/wp-json\/wp\/v2\/posts\/14095\/revisions\/14097"}],"wp:featuredmedia":[{"embeddable":true,"href":"https:\/\/elhijodelllanero.mx\/index.php\/wp-json\/wp\/v2\/media\/14096"}],"wp:attachment":[{"href":"https:\/\/elhijodelllanero.mx\/index.php\/wp-json\/wp\/v2\/media?parent=14095"}],"wp:term":[{"taxonomy":"category","embeddable":true,"href":"https:\/\/elhijodelllanero.mx\/index.php\/wp-json\/wp\/v2\/categories?post=14095"},{"taxonomy":"post_tag","embeddable":true,"href":"https:\/\/elhijodelllanero.mx\/index.php\/wp-json\/wp\/v2\/tags?post=14095"}],"curies":[{"name":"wp","href":"https:\/\/api.w.org\/{rel}","templated":true}]}}