{"id":14102,"date":"2026-04-23T17:15:36","date_gmt":"2026-04-23T23:15:36","guid":{"rendered":"https:\/\/elhijodelllanero.mx\/?p=14102"},"modified":"2026-04-23T17:15:36","modified_gmt":"2026-04-23T23:15:36","slug":"mujeres-toman-las-riendas-alistan-festival-ecuestre-que-promete-espectaculo-tradicion-y-derrama-millonaria","status":"publish","type":"post","link":"https:\/\/elhijodelllanero.mx\/index.php\/2026\/04\/23\/mujeres-toman-las-riendas-alistan-festival-ecuestre-que-promete-espectaculo-tradicion-y-derrama-millonaria\/","title":{"rendered":"Mujeres toman las riendas: alistan festival ecuestre que promete espect\u00e1culo, tradici\u00f3n y derrama millonaria."},"content":{"rendered":"<p>Apaseo el Grande\/Salvatierra, Gto., 23 de abril de 2026.\u2014 Nada de eventos peque\u00f1os ni discretos: m\u00e1s de 500 mujeres a caballo, una charreada nocturna totalmente femenil y hasta Espa\u00f1a como invitado especial. As\u00ed se viene el Cuarto Festival Internacional de la Mujer a Caballo, que ya empieza a levantar polvo\u2026 y expectativa.<\/p>\n<p>La presentaci\u00f3n oficial se hizo este jueves en Salvatierra, donde autoridades de ambos municipios y organizadores soltaron los detalles de un festival que, sin exagerar, ya se est\u00e1 volviendo tradici\u00f3n en la regi\u00f3n.<\/p>\n<p>La apuesta no es menor. Se espera la llegada de alrededor de 12 mil asistentes y una derrama econ\u00f3mica cercana a los 5 millones de pesos. O sea, no solo es espect\u00e1culo, tambi\u00e9n negocio\u2026 del bueno.<\/p>\n<p>El evento naci\u00f3 hace apenas unos a\u00f1os con poco m\u00e1s de cien participantes. Hoy presume m\u00e1s de 500 mujeres en pista y m\u00e1s de diez actividades, dejando claro que la charrer\u00eda ya no es terreno exclusivo de hombres, aunque a algunos todav\u00eda les cueste aceptarlo.<\/p>\n<p>Entre lo m\u00e1s llamativo est\u00e1 la charreada nocturna, donde todas las suertes ser\u00e1n ejecutadas por mujeres. S\u00ed, todo. Aqu\u00ed no hay \u201cparticipaci\u00f3n simb\u00f3lica\u201d, hay nivel y competencia real.<\/p>\n<p>Adem\u00e1s del deporte, el festival busca presumir lo que la regi\u00f3n sabe hacer: tradici\u00f3n, gastronom\u00eda y ese orgullo muy mexicano que siempre sale a relucir cuando hay caballos de por medio.<\/p>\n<p>Con Espa\u00f1a como pa\u00eds invitado y Salvatierra como anfitri\u00f3n de esta presentaci\u00f3n, el evento apunta a consolidarse no solo como espect\u00e1culo, sino como un escaparate cultural que cada a\u00f1o crece m\u00e1s\u2026 aunque seguro habr\u00e1 quien apenas se est\u00e9 enterando.<\/p>\n<p>Total, si alguien pensaba que esto era solo un desfile bonito, mejor que vaya apartando fecha. Porque aqu\u00ed las riendas las llevan ellas, y no parece que las vayan a soltar pronto.<\/p>\n","protected":false},"excerpt":{"rendered":"<p>Apaseo el Grande\/Salvatierra, Gto., 23 de abril de 2026.\u2014 Nada de eventos peque\u00f1os ni discretos: m\u00e1s de 500 mujeres a caballo, una charreada nocturna totalmente femenil y hasta Espa\u00f1a como invitado especial. As\u00ed se viene el Cuarto Festival Internacional de la Mujer a Caballo, que ya empieza a levantar polvo\u2026 y expectativa. La presentaci\u00f3n oficial [&hellip;]<\/p>\n","protected":false},"author":3,"featured_media":14103,"comment_status":"open","ping_status":"closed","sticky":false,"template":"","format":"standard","meta":{"_jetpack_newsletter_access":"","_jetpack_dont_email_post_to_subs":false,"_jetpack_newsletter_tier_id":0,"_jetpack_memberships_contains_paywalled_content":false,"_jetpack_memberships_contains_paid_content":false,"footnotes":""},"categories":[78,40,76,80],"tags":[],"class_list":{"0":"post-14102","1":"post","2":"type-post","3":"status-publish","4":"format-standard","5":"has-post-thumbnail","7":"category-apaseo-el-grande","8":"category-deportes","9":"category-municipios","10":"category-salvatierra"},"yoast_head":"<!-- This site is optimized with the Yoast SEO plugin v27.3 - https:\/\/yoast.com\/product\/yoast-seo-wordpress\/ -->\n<title>Mujeres toman las riendas: alistan festival ecuestre que promete espect\u00e1culo, tradici\u00f3n y derrama millonaria. - El Hijo del llanero solititito<\/title>\n<meta name=\"robots\" content=\"index, follow, max-snippet:-1, max-image-preview:large, max-video-preview:-1\" \/>\n<link rel=\"canonical\" href=\"https:\/\/elhijodelllanero.mx\/index.php\/2026\/04\/23\/mujeres-toman-las-riendas-alistan-festival-ecuestre-que-promete-espectaculo-tradicion-y-derrama-millonaria\/\" \/>\n<meta property=\"og:locale\" content=\"es_ES\" \/>\n<meta property=\"og:type\" content=\"article\" \/>\n<meta property=\"og:title\" content=\"Mujeres toman las riendas: alistan festival ecuestre que promete espect\u00e1culo, tradici\u00f3n y derrama millonaria. - El Hijo del llanero solititito\" \/>\n<meta property=\"og:description\" content=\"Apaseo el Grande\/Salvatierra, Gto., 23 de abril de 2026.\u2014 Nada de eventos peque\u00f1os ni discretos: m\u00e1s de 500 mujeres a caballo, una charreada nocturna totalmente femenil y hasta Espa\u00f1a como invitado especial. As\u00ed se viene el Cuarto Festival Internacional de la Mujer a Caballo, que ya empieza a levantar polvo\u2026 y expectativa. La presentaci\u00f3n oficial [&hellip;]\" \/>\n<meta property=\"og:url\" content=\"https:\/\/elhijodelllanero.mx\/index.php\/2026\/04\/23\/mujeres-toman-las-riendas-alistan-festival-ecuestre-que-promete-espectaculo-tradicion-y-derrama-millonaria\/\" \/>\n<meta property=\"og:site_name\" content=\"El Hijo del llanero solititito\" \/>\n<meta property=\"article:published_time\" content=\"2026-04-23T23:15:36+00:00\" \/>\n<meta property=\"og:image\" content=\"https:\/\/elhijodelllanero.mx\/wp-content\/uploads\/2026\/04\/5c09ebf7-ea92-46c0-a02b-410163e1d39d.jpeg\" \/>\n\t<meta property=\"og:image:width\" content=\"1600\" \/>\n\t<meta property=\"og:image:height\" content=\"1066\" \/>\n\t<meta property=\"og:image:type\" content=\"image\/jpeg\" \/>\n<meta name=\"author\" content=\"Mar\u00eda de la Paz Rodarte Ram\u00edrez\" \/>\n<meta name=\"twitter:card\" content=\"summary_large_image\" \/>\n<meta name=\"twitter:label1\" content=\"Escrito por\" \/>\n\t<meta name=\"twitter:data1\" content=\"Mar\u00eda de la Paz Rodarte Ram\u00edrez\" \/>\n\t<meta name=\"twitter:label2\" content=\"Tiempo de lectura\" \/>\n\t<meta name=\"twitter:data2\" content=\"2 minutos\" \/>\n<script type=\"application\/ld+json\" class=\"yoast-schema-graph\">{\"@context\":\"https:\\\/\\\/schema.org\",\"@graph\":[{\"@type\":\"Article\",\"@id\":\"https:\\\/\\\/elhijodelllanero.mx\\\/index.php\\\/2026\\\/04\\\/23\\\/mujeres-toman-las-riendas-alistan-festival-ecuestre-que-promete-espectaculo-tradicion-y-derrama-millonaria\\\/#article\",\"isPartOf\":{\"@id\":\"https:\\\/\\\/elhijodelllanero.mx\\\/index.php\\\/2026\\\/04\\\/23\\\/mujeres-toman-las-riendas-alistan-festival-ecuestre-que-promete-espectaculo-tradicion-y-derrama-millonaria\\\/\"},\"author\":{\"name\":\"Mar\u00eda de la Paz Rodarte Ram\u00edrez\",\"@id\":\"https:\\\/\\\/elhijodelllanero.mx\\\/#\\\/schema\\\/person\\\/c7f8c86c55c1eab44ae2b93a9628245f\"},\"headline\":\"Mujeres toman las riendas: alistan festival ecuestre que promete espect\u00e1culo, tradici\u00f3n y derrama millonaria.\",\"datePublished\":\"2026-04-23T23:15:36+00:00\",\"mainEntityOfPage\":{\"@id\":\"https:\\\/\\\/elhijodelllanero.mx\\\/index.php\\\/2026\\\/04\\\/23\\\/mujeres-toman-las-riendas-alistan-festival-ecuestre-que-promete-espectaculo-tradicion-y-derrama-millonaria\\\/\"},\"wordCount\":337,\"commentCount\":0,\"image\":{\"@id\":\"https:\\\/\\\/elhijodelllanero.mx\\\/index.php\\\/2026\\\/04\\\/23\\\/mujeres-toman-las-riendas-alistan-festival-ecuestre-que-promete-espectaculo-tradicion-y-derrama-millonaria\\\/#primaryimage\"},\"thumbnailUrl\":\"https:\\\/\\\/i0.wp.com\\\/elhijodelllanero.mx\\\/wp-content\\\/uploads\\\/2026\\\/04\\\/5c09ebf7-ea92-46c0-a02b-410163e1d39d.jpeg?fit=1600%2C1066&ssl=1\",\"articleSection\":[\"APASEO EL GRANDE\",\"DEPORTES\",\"MUNICIPIOS\",\"SALVATIERRA\"],\"inLanguage\":\"es\",\"potentialAction\":[{\"@type\":\"CommentAction\",\"name\":\"Comment\",\"target\":[\"https:\\\/\\\/elhijodelllanero.mx\\\/index.php\\\/2026\\\/04\\\/23\\\/mujeres-toman-las-riendas-alistan-festival-ecuestre-que-promete-espectaculo-tradicion-y-derrama-millonaria\\\/#respond\"]}]},{\"@type\":\"WebPage\",\"@id\":\"https:\\\/\\\/elhijodelllanero.mx\\\/index.php\\\/2026\\\/04\\\/23\\\/mujeres-toman-las-riendas-alistan-festival-ecuestre-que-promete-espectaculo-tradicion-y-derrama-millonaria\\\/\",\"url\":\"https:\\\/\\\/elhijodelllanero.mx\\\/index.php\\\/2026\\\/04\\\/23\\\/mujeres-toman-las-riendas-alistan-festival-ecuestre-que-promete-espectaculo-tradicion-y-derrama-millonaria\\\/\",\"name\":\"Mujeres toman las riendas: alistan festival ecuestre que promete espect\u00e1culo, tradici\u00f3n y derrama millonaria. - El Hijo del llanero solititito\",\"isPartOf\":{\"@id\":\"https:\\\/\\\/elhijodelllanero.mx\\\/#website\"},\"primaryImageOfPage\":{\"@id\":\"https:\\\/\\\/elhijodelllanero.mx\\\/index.php\\\/2026\\\/04\\\/23\\\/mujeres-toman-las-riendas-alistan-festival-ecuestre-que-promete-espectaculo-tradicion-y-derrama-millonaria\\\/#primaryimage\"},\"image\":{\"@id\":\"https:\\\/\\\/elhijodelllanero.mx\\\/index.php\\\/2026\\\/04\\\/23\\\/mujeres-toman-las-riendas-alistan-festival-ecuestre-que-promete-espectaculo-tradicion-y-derrama-millonaria\\\/#primaryimage\"},\"thumbnailUrl\":\"https:\\\/\\\/i0.wp.com\\\/elhijodelllanero.mx\\\/wp-content\\\/uploads\\\/2026\\\/04\\\/5c09ebf7-ea92-46c0-a02b-410163e1d39d.jpeg?fit=1600%2C1066&ssl=1\",\"datePublished\":\"2026-04-23T23:15:36+00:00\",\"author\":{\"@id\":\"https:\\\/\\\/elhijodelllanero.mx\\\/#\\\/schema\\\/person\\\/c7f8c86c55c1eab44ae2b93a9628245f\"},\"breadcrumb\":{\"@id\":\"https:\\\/\\\/elhijodelllanero.mx\\\/index.php\\\/2026\\\/04\\\/23\\\/mujeres-toman-las-riendas-alistan-festival-ecuestre-que-promete-espectaculo-tradicion-y-derrama-millonaria\\\/#breadcrumb\"},\"inLanguage\":\"es\",\"potentialAction\":[{\"@type\":\"ReadAction\",\"target\":[\"https:\\\/\\\/elhijodelllanero.mx\\\/index.php\\\/2026\\\/04\\\/23\\\/mujeres-toman-las-riendas-alistan-festival-ecuestre-que-promete-espectaculo-tradicion-y-derrama-millonaria\\\/\"]}]},{\"@type\":\"ImageObject\",\"inLanguage\":\"es\",\"@id\":\"https:\\\/\\\/elhijodelllanero.mx\\\/index.php\\\/2026\\\/04\\\/23\\\/mujeres-toman-las-riendas-alistan-festival-ecuestre-que-promete-espectaculo-tradicion-y-derrama-millonaria\\\/#primaryimage\",\"url\":\"https:\\\/\\\/i0.wp.com\\\/elhijodelllanero.mx\\\/wp-content\\\/uploads\\\/2026\\\/04\\\/5c09ebf7-ea92-46c0-a02b-410163e1d39d.jpeg?fit=1600%2C1066&ssl=1\",\"contentUrl\":\"https:\\\/\\\/i0.wp.com\\\/elhijodelllanero.mx\\\/wp-content\\\/uploads\\\/2026\\\/04\\\/5c09ebf7-ea92-46c0-a02b-410163e1d39d.jpeg?fit=1600%2C1066&ssl=1\",\"width\":1600,\"height\":1066},{\"@type\":\"BreadcrumbList\",\"@id\":\"https:\\\/\\\/elhijodelllanero.mx\\\/index.php\\\/2026\\\/04\\\/23\\\/mujeres-toman-las-riendas-alistan-festival-ecuestre-que-promete-espectaculo-tradicion-y-derrama-millonaria\\\/#breadcrumb\",\"itemListElement\":[{\"@type\":\"ListItem\",\"position\":1,\"name\":\"Portada\",\"item\":\"https:\\\/\\\/elhijodelllanero.mx\\\/\"},{\"@type\":\"ListItem\",\"position\":2,\"name\":\"Mujeres toman las riendas: alistan festival ecuestre que promete espect\u00e1culo, tradici\u00f3n y derrama millonaria.\"}]},{\"@type\":\"WebSite\",\"@id\":\"https:\\\/\\\/elhijodelllanero.mx\\\/#website\",\"url\":\"https:\\\/\\\/elhijodelllanero.mx\\\/\",\"name\":\"El Hijo del llanero solititito\",\"description\":\"\",\"potentialAction\":[{\"@type\":\"SearchAction\",\"target\":{\"@type\":\"EntryPoint\",\"urlTemplate\":\"https:\\\/\\\/elhijodelllanero.mx\\\/?s={search_term_string}\"},\"query-input\":{\"@type\":\"PropertyValueSpecification\",\"valueRequired\":true,\"valueName\":\"search_term_string\"}}],\"inLanguage\":\"es\"},{\"@type\":\"Person\",\"@id\":\"https:\\\/\\\/elhijodelllanero.mx\\\/#\\\/schema\\\/person\\\/c7f8c86c55c1eab44ae2b93a9628245f\",\"name\":\"Mar\u00eda de la Paz Rodarte Ram\u00edrez\",\"image\":{\"@type\":\"ImageObject\",\"inLanguage\":\"es\",\"@id\":\"https:\\\/\\\/secure.gravatar.com\\\/avatar\\\/1f38f8518b09a266af73da2bce78d69e7d1275299970134ed62f572e0487e1d0?s=96&d=mm&r=g\",\"url\":\"https:\\\/\\\/secure.gravatar.com\\\/avatar\\\/1f38f8518b09a266af73da2bce78d69e7d1275299970134ed62f572e0487e1d0?s=96&d=mm&r=g\",\"contentUrl\":\"https:\\\/\\\/secure.gravatar.com\\\/avatar\\\/1f38f8518b09a266af73da2bce78d69e7d1275299970134ed62f572e0487e1d0?s=96&d=mm&r=g\",\"caption\":\"Mar\u00eda de la Paz Rodarte Ram\u00edrez\"},\"sameAs\":[\"https:\\\/\\\/www.elhijodelllanero.mx\"],\"url\":\"https:\\\/\\\/elhijodelllanero.mx\\\/index.php\\\/author\\\/maricuas\\\/\"}]}<\/script>\n<!-- \/ Yoast SEO plugin. -->","yoast_head_json":{"title":"Mujeres toman las riendas: alistan festival ecuestre que promete espect\u00e1culo, tradici\u00f3n y derrama millonaria. - El Hijo del llanero solititito","robots":{"index":"index","follow":"follow","max-snippet":"max-snippet:-1","max-image-preview":"max-image-preview:large","max-video-preview":"max-video-preview:-1"},"canonical":"https:\/\/elhijodelllanero.mx\/index.php\/2026\/04\/23\/mujeres-toman-las-riendas-alistan-festival-ecuestre-que-promete-espectaculo-tradicion-y-derrama-millonaria\/","og_locale":"es_ES","og_type":"article","og_title":"Mujeres toman las riendas: alistan festival ecuestre que promete espect\u00e1culo, tradici\u00f3n y derrama millonaria. - El Hijo del llanero solititito","og_description":"Apaseo el Grande\/Salvatierra, Gto., 23 de abril de 2026.\u2014 Nada de eventos peque\u00f1os ni discretos: m\u00e1s de 500 mujeres a caballo, una charreada nocturna totalmente femenil y hasta Espa\u00f1a como invitado especial. As\u00ed se viene el Cuarto Festival Internacional de la Mujer a Caballo, que ya empieza a levantar polvo\u2026 y expectativa. La presentaci\u00f3n oficial [&hellip;]","og_url":"https:\/\/elhijodelllanero.mx\/index.php\/2026\/04\/23\/mujeres-toman-las-riendas-alistan-festival-ecuestre-que-promete-espectaculo-tradicion-y-derrama-millonaria\/","og_site_name":"El Hijo del llanero solititito","article_published_time":"2026-04-23T23:15:36+00:00","og_image":[{"width":1600,"height":1066,"url":"https:\/\/elhijodelllanero.mx\/wp-content\/uploads\/2026\/04\/5c09ebf7-ea92-46c0-a02b-410163e1d39d.jpeg","type":"image\/jpeg"}],"author":"Mar\u00eda de la Paz Rodarte Ram\u00edrez","twitter_card":"summary_large_image","twitter_misc":{"Escrito por":"Mar\u00eda de la Paz Rodarte Ram\u00edrez","Tiempo de lectura":"2 minutos"},"schema":{"@context":"https:\/\/schema.org","@graph":[{"@type":"Article","@id":"https:\/\/elhijodelllanero.mx\/index.php\/2026\/04\/23\/mujeres-toman-las-riendas-alistan-festival-ecuestre-que-promete-espectaculo-tradicion-y-derrama-millonaria\/#article","isPartOf":{"@id":"https:\/\/elhijodelllanero.mx\/index.php\/2026\/04\/23\/mujeres-toman-las-riendas-alistan-festival-ecuestre-que-promete-espectaculo-tradicion-y-derrama-millonaria\/"},"author":{"name":"Mar\u00eda de la Paz Rodarte Ram\u00edrez","@id":"https:\/\/elhijodelllanero.mx\/#\/schema\/person\/c7f8c86c55c1eab44ae2b93a9628245f"},"headline":"Mujeres toman las riendas: alistan festival ecuestre que promete espect\u00e1culo, tradici\u00f3n y derrama millonaria.","datePublished":"2026-04-23T23:15:36+00:00","mainEntityOfPage":{"@id":"https:\/\/elhijodelllanero.mx\/index.php\/2026\/04\/23\/mujeres-toman-las-riendas-alistan-festival-ecuestre-que-promete-espectaculo-tradicion-y-derrama-millonaria\/"},"wordCount":337,"commentCount":0,"image":{"@id":"https:\/\/elhijodelllanero.mx\/index.php\/2026\/04\/23\/mujeres-toman-las-riendas-alistan-festival-ecuestre-que-promete-espectaculo-tradicion-y-derrama-millonaria\/#primaryimage"},"thumbnailUrl":"https:\/\/i0.wp.com\/elhijodelllanero.mx\/wp-content\/uploads\/2026\/04\/5c09ebf7-ea92-46c0-a02b-410163e1d39d.jpeg?fit=1600%2C1066&ssl=1","articleSection":["APASEO EL GRANDE","DEPORTES","MUNICIPIOS","SALVATIERRA"],"inLanguage":"es","potentialAction":[{"@type":"CommentAction","name":"Comment","target":["https:\/\/elhijodelllanero.mx\/index.php\/2026\/04\/23\/mujeres-toman-las-riendas-alistan-festival-ecuestre-que-promete-espectaculo-tradicion-y-derrama-millonaria\/#respond"]}]},{"@type":"WebPage","@id":"https:\/\/elhijodelllanero.mx\/index.php\/2026\/04\/23\/mujeres-toman-las-riendas-alistan-festival-ecuestre-que-promete-espectaculo-tradicion-y-derrama-millonaria\/","url":"https:\/\/elhijodelllanero.mx\/index.php\/2026\/04\/23\/mujeres-toman-las-riendas-alistan-festival-ecuestre-que-promete-espectaculo-tradicion-y-derrama-millonaria\/","name":"Mujeres toman las riendas: alistan festival ecuestre que promete espect\u00e1culo, tradici\u00f3n y derrama millonaria. - El Hijo del llanero solititito","isPartOf":{"@id":"https:\/\/elhijodelllanero.mx\/#website"},"primaryImageOfPage":{"@id":"https:\/\/elhijodelllanero.mx\/index.php\/2026\/04\/23\/mujeres-toman-las-riendas-alistan-festival-ecuestre-que-promete-espectaculo-tradicion-y-derrama-millonaria\/#primaryimage"},"image":{"@id":"https:\/\/elhijodelllanero.mx\/index.php\/2026\/04\/23\/mujeres-toman-las-riendas-alistan-festival-ecuestre-que-promete-espectaculo-tradicion-y-derrama-millonaria\/#primaryimage"},"thumbnailUrl":"https:\/\/i0.wp.com\/elhijodelllanero.mx\/wp-content\/uploads\/2026\/04\/5c09ebf7-ea92-46c0-a02b-410163e1d39d.jpeg?fit=1600%2C1066&ssl=1","datePublished":"2026-04-23T23:15:36+00:00","author":{"@id":"https:\/\/elhijodelllanero.mx\/#\/schema\/person\/c7f8c86c55c1eab44ae2b93a9628245f"},"breadcrumb":{"@id":"https:\/\/elhijodelllanero.mx\/index.php\/2026\/04\/23\/mujeres-toman-las-riendas-alistan-festival-ecuestre-que-promete-espectaculo-tradicion-y-derrama-millonaria\/#breadcrumb"},"inLanguage":"es","potentialAction":[{"@type":"ReadAction","target":["https:\/\/elhijodelllanero.mx\/index.php\/2026\/04\/23\/mujeres-toman-las-riendas-alistan-festival-ecuestre-que-promete-espectaculo-tradicion-y-derrama-millonaria\/"]}]},{"@type":"ImageObject","inLanguage":"es","@id":"https:\/\/elhijodelllanero.mx\/index.php\/2026\/04\/23\/mujeres-toman-las-riendas-alistan-festival-ecuestre-que-promete-espectaculo-tradicion-y-derrama-millonaria\/#primaryimage","url":"https:\/\/i0.wp.com\/elhijodelllanero.mx\/wp-content\/uploads\/2026\/04\/5c09ebf7-ea92-46c0-a02b-410163e1d39d.jpeg?fit=1600%2C1066&ssl=1","contentUrl":"https:\/\/i0.wp.com\/elhijodelllanero.mx\/wp-content\/uploads\/2026\/04\/5c09ebf7-ea92-46c0-a02b-410163e1d39d.jpeg?fit=1600%2C1066&ssl=1","width":1600,"height":1066},{"@type":"BreadcrumbList","@id":"https:\/\/elhijodelllanero.mx\/index.php\/2026\/04\/23\/mujeres-toman-las-riendas-alistan-festival-ecuestre-que-promete-espectaculo-tradicion-y-derrama-millonaria\/#breadcrumb","itemListElement":[{"@type":"ListItem","position":1,"name":"Portada","item":"https:\/\/elhijodelllanero.mx\/"},{"@type":"ListItem","position":2,"name":"Mujeres toman las riendas: alistan festival ecuestre que promete espect\u00e1culo, tradici\u00f3n y derrama millonaria."}]},{"@type":"WebSite","@id":"https:\/\/elhijodelllanero.mx\/#website","url":"https:\/\/elhijodelllanero.mx\/","name":"El Hijo del llanero solititito","description":"","potentialAction":[{"@type":"SearchAction","target":{"@type":"EntryPoint","urlTemplate":"https:\/\/elhijodelllanero.mx\/?s={search_term_string}"},"query-input":{"@type":"PropertyValueSpecification","valueRequired":true,"valueName":"search_term_string"}}],"inLanguage":"es"},{"@type":"Person","@id":"https:\/\/elhijodelllanero.mx\/#\/schema\/person\/c7f8c86c55c1eab44ae2b93a9628245f","name":"Mar\u00eda de la Paz Rodarte Ram\u00edrez","image":{"@type":"ImageObject","inLanguage":"es","@id":"https:\/\/secure.gravatar.com\/avatar\/1f38f8518b09a266af73da2bce78d69e7d1275299970134ed62f572e0487e1d0?s=96&d=mm&r=g","url":"https:\/\/secure.gravatar.com\/avatar\/1f38f8518b09a266af73da2bce78d69e7d1275299970134ed62f572e0487e1d0?s=96&d=mm&r=g","contentUrl":"https:\/\/secure.gravatar.com\/avatar\/1f38f8518b09a266af73da2bce78d69e7d1275299970134ed62f572e0487e1d0?s=96&d=mm&r=g","caption":"Mar\u00eda de la Paz Rodarte Ram\u00edrez"},"sameAs":["https:\/\/www.elhijodelllanero.mx"],"url":"https:\/\/elhijodelllanero.mx\/index.php\/author\/maricuas\/"}]}},"jetpack_featured_media_url":"https:\/\/i0.wp.com\/elhijodelllanero.mx\/wp-content\/uploads\/2026\/04\/5c09ebf7-ea92-46c0-a02b-410163e1d39d.jpeg?fit=1600%2C1066&ssl=1","jetpack-related-posts":[],"jetpack_sharing_enabled":true,"_links":{"self":[{"href":"https:\/\/elhijodelllanero.mx\/index.php\/wp-json\/wp\/v2\/posts\/14102","targetHints":{"allow":["GET"]}}],"collection":[{"href":"https:\/\/elhijodelllanero.mx\/index.php\/wp-json\/wp\/v2\/posts"}],"about":[{"href":"https:\/\/elhijodelllanero.mx\/index.php\/wp-json\/wp\/v2\/types\/post"}],"author":[{"embeddable":true,"href":"https:\/\/elhijodelllanero.mx\/index.php\/wp-json\/wp\/v2\/users\/3"}],"replies":[{"embeddable":true,"href":"https:\/\/elhijodelllanero.mx\/index.php\/wp-json\/wp\/v2\/comments?post=14102"}],"version-history":[{"count":1,"href":"https:\/\/elhijodelllanero.mx\/index.php\/wp-json\/wp\/v2\/posts\/14102\/revisions"}],"predecessor-version":[{"id":14104,"href":"https:\/\/elhijodelllanero.mx\/index.php\/wp-json\/wp\/v2\/posts\/14102\/revisions\/14104"}],"wp:featuredmedia":[{"embeddable":true,"href":"https:\/\/elhijodelllanero.mx\/index.php\/wp-json\/wp\/v2\/media\/14103"}],"wp:attachment":[{"href":"https:\/\/elhijodelllanero.mx\/index.php\/wp-json\/wp\/v2\/media?parent=14102"}],"wp:term":[{"taxonomy":"category","embeddable":true,"href":"https:\/\/elhijodelllanero.mx\/index.php\/wp-json\/wp\/v2\/categories?post=14102"},{"taxonomy":"post_tag","embeddable":true,"href":"https:\/\/elhijodelllanero.mx\/index.php\/wp-json\/wp\/v2\/tags?post=14102"}],"curies":[{"name":"wp","href":"https:\/\/api.w.org\/{rel}","templated":true}]}}