{"id":14105,"date":"2026-04-23T19:08:38","date_gmt":"2026-04-24T01:08:38","guid":{"rendered":"https:\/\/elhijodelllanero.mx\/?p=14105"},"modified":"2026-04-23T19:08:38","modified_gmt":"2026-04-24T01:08:38","slug":"convocan-a-ciudadanos-para-renovar-consejo-de-agua-en-cortazar","status":"publish","type":"post","link":"https:\/\/elhijodelllanero.mx\/index.php\/2026\/04\/23\/convocan-a-ciudadanos-para-renovar-consejo-de-agua-en-cortazar\/","title":{"rendered":"Convocan a ciudadanos para renovar consejo de agua en Cortazar."},"content":{"rendered":"<p>Cortazar, Gto. 23 de abril del 2026.- El Gobierno Municipal lanz\u00f3 una convocatoria abierta para integrar un consejo provisional de JUMAPAC, con el objetivo de dar orden y sustento legal al organismo, que actualmente opera con una encargada de despacho.<\/p>\n<p>El alcalde Mauricio Estefan\u00eda asegur\u00f3 que el proceso ser\u00e1 transparente y sin designaciones a dedo, invitando a la ciudadan\u00eda a participar y aportar perfiles que contribuyan a mejorar el servicio de agua en el municipio.<\/p>\n<p>Explic\u00f3 que la intenci\u00f3n es que el nuevo consejo marque una ruta clara de trabajo y fortalezca la toma de decisiones dentro del organismo operador.<\/p>\n<p>\u201cQueremos que sea un proceso abierto, donde los ciudadanos elijan a los mejores perfiles, como ya se hizo en el caso del contralor\u201d, se\u00f1al\u00f3.<\/p>\n<p>La recepci\u00f3n de documentos estar\u00e1 abierta del 23 de abril al 1 de mayo. Las y los interesados deber\u00e1n presentar identificaci\u00f3n oficial, carta de residencia, constancia de no antecedentes penales y comprobante de domicilio en la Secretar\u00eda del Ayuntamiento.<\/p>\n<p>Porque nada dice \u201ccambio\u201d como prometer que ahora s\u00ed no habr\u00e1 dedazos. A ver si esta vez s\u00ed les sale.<\/p>\n","protected":false},"excerpt":{"rendered":"<p>Cortazar, Gto. 23 de abril del 2026.- El Gobierno Municipal lanz\u00f3 una convocatoria abierta para integrar un consejo provisional de JUMAPAC, con el objetivo de dar orden y sustento legal al organismo, que actualmente opera con una encargada de despacho. El alcalde Mauricio Estefan\u00eda asegur\u00f3 que el proceso ser\u00e1 transparente y sin designaciones a dedo, [&hellip;]<\/p>\n","protected":false},"author":3,"featured_media":14106,"comment_status":"open","ping_status":"closed","sticky":false,"template":"","format":"standard","meta":{"_jetpack_newsletter_access":"","_jetpack_dont_email_post_to_subs":false,"_jetpack_newsletter_tier_id":0,"_jetpack_memberships_contains_paywalled_content":false,"_jetpack_memberships_contains_paid_content":false,"footnotes":""},"categories":[77,76],"tags":[],"class_list":{"0":"post-14105","1":"post","2":"type-post","3":"status-publish","4":"format-standard","5":"has-post-thumbnail","7":"category-cortazar","8":"category-municipios"},"yoast_head":"<!-- This site is optimized with the Yoast SEO plugin v27.3 - https:\/\/yoast.com\/product\/yoast-seo-wordpress\/ -->\n<title>Convocan a ciudadanos para renovar consejo de agua en Cortazar. - El Hijo del llanero solititito<\/title>\n<meta name=\"robots\" content=\"index, follow, max-snippet:-1, max-image-preview:large, max-video-preview:-1\" \/>\n<link rel=\"canonical\" href=\"https:\/\/elhijodelllanero.mx\/index.php\/2026\/04\/23\/convocan-a-ciudadanos-para-renovar-consejo-de-agua-en-cortazar\/\" \/>\n<meta property=\"og:locale\" content=\"es_ES\" \/>\n<meta property=\"og:type\" content=\"article\" \/>\n<meta property=\"og:title\" content=\"Convocan a ciudadanos para renovar consejo de agua en Cortazar. - El Hijo del llanero solititito\" \/>\n<meta property=\"og:description\" content=\"Cortazar, Gto. 23 de abril del 2026.- El Gobierno Municipal lanz\u00f3 una convocatoria abierta para integrar un consejo provisional de JUMAPAC, con el objetivo de dar orden y sustento legal al organismo, que actualmente opera con una encargada de despacho. El alcalde Mauricio Estefan\u00eda asegur\u00f3 que el proceso ser\u00e1 transparente y sin designaciones a dedo, [&hellip;]\" \/>\n<meta property=\"og:url\" content=\"https:\/\/elhijodelllanero.mx\/index.php\/2026\/04\/23\/convocan-a-ciudadanos-para-renovar-consejo-de-agua-en-cortazar\/\" \/>\n<meta property=\"og:site_name\" content=\"El Hijo del llanero solititito\" \/>\n<meta property=\"article:published_time\" content=\"2026-04-24T01:08:38+00:00\" \/>\n<meta property=\"og:image\" content=\"https:\/\/elhijodelllanero.mx\/wp-content\/uploads\/2026\/04\/IMG_9332.jpeg\" \/>\n\t<meta property=\"og:image:width\" content=\"1638\" \/>\n\t<meta property=\"og:image:height\" content=\"2048\" \/>\n\t<meta property=\"og:image:type\" content=\"image\/jpeg\" \/>\n<meta name=\"author\" content=\"Mar\u00eda de la Paz Rodarte Ram\u00edrez\" \/>\n<meta name=\"twitter:card\" content=\"summary_large_image\" \/>\n<meta name=\"twitter:label1\" content=\"Escrito por\" \/>\n\t<meta name=\"twitter:data1\" content=\"Mar\u00eda de la Paz Rodarte Ram\u00edrez\" \/>\n\t<meta name=\"twitter:label2\" content=\"Tiempo de lectura\" \/>\n\t<meta name=\"twitter:data2\" content=\"2 minutos\" \/>\n<script type=\"application\/ld+json\" class=\"yoast-schema-graph\">{\"@context\":\"https:\\\/\\\/schema.org\",\"@graph\":[{\"@type\":\"Article\",\"@id\":\"https:\\\/\\\/elhijodelllanero.mx\\\/index.php\\\/2026\\\/04\\\/23\\\/convocan-a-ciudadanos-para-renovar-consejo-de-agua-en-cortazar\\\/#article\",\"isPartOf\":{\"@id\":\"https:\\\/\\\/elhijodelllanero.mx\\\/index.php\\\/2026\\\/04\\\/23\\\/convocan-a-ciudadanos-para-renovar-consejo-de-agua-en-cortazar\\\/\"},\"author\":{\"name\":\"Mar\u00eda de la Paz Rodarte Ram\u00edrez\",\"@id\":\"https:\\\/\\\/elhijodelllanero.mx\\\/#\\\/schema\\\/person\\\/c7f8c86c55c1eab44ae2b93a9628245f\"},\"headline\":\"Convocan a ciudadanos para renovar consejo de agua en Cortazar.\",\"datePublished\":\"2026-04-24T01:08:38+00:00\",\"mainEntityOfPage\":{\"@id\":\"https:\\\/\\\/elhijodelllanero.mx\\\/index.php\\\/2026\\\/04\\\/23\\\/convocan-a-ciudadanos-para-renovar-consejo-de-agua-en-cortazar\\\/\"},\"wordCount\":198,\"commentCount\":0,\"image\":{\"@id\":\"https:\\\/\\\/elhijodelllanero.mx\\\/index.php\\\/2026\\\/04\\\/23\\\/convocan-a-ciudadanos-para-renovar-consejo-de-agua-en-cortazar\\\/#primaryimage\"},\"thumbnailUrl\":\"https:\\\/\\\/i0.wp.com\\\/elhijodelllanero.mx\\\/wp-content\\\/uploads\\\/2026\\\/04\\\/IMG_9332.jpeg?fit=1638%2C2048&ssl=1\",\"articleSection\":[\"CORTAZAR\",\"MUNICIPIOS\"],\"inLanguage\":\"es\",\"potentialAction\":[{\"@type\":\"CommentAction\",\"name\":\"Comment\",\"target\":[\"https:\\\/\\\/elhijodelllanero.mx\\\/index.php\\\/2026\\\/04\\\/23\\\/convocan-a-ciudadanos-para-renovar-consejo-de-agua-en-cortazar\\\/#respond\"]}]},{\"@type\":\"WebPage\",\"@id\":\"https:\\\/\\\/elhijodelllanero.mx\\\/index.php\\\/2026\\\/04\\\/23\\\/convocan-a-ciudadanos-para-renovar-consejo-de-agua-en-cortazar\\\/\",\"url\":\"https:\\\/\\\/elhijodelllanero.mx\\\/index.php\\\/2026\\\/04\\\/23\\\/convocan-a-ciudadanos-para-renovar-consejo-de-agua-en-cortazar\\\/\",\"name\":\"Convocan a ciudadanos para renovar consejo de agua en Cortazar. - El Hijo del llanero solititito\",\"isPartOf\":{\"@id\":\"https:\\\/\\\/elhijodelllanero.mx\\\/#website\"},\"primaryImageOfPage\":{\"@id\":\"https:\\\/\\\/elhijodelllanero.mx\\\/index.php\\\/2026\\\/04\\\/23\\\/convocan-a-ciudadanos-para-renovar-consejo-de-agua-en-cortazar\\\/#primaryimage\"},\"image\":{\"@id\":\"https:\\\/\\\/elhijodelllanero.mx\\\/index.php\\\/2026\\\/04\\\/23\\\/convocan-a-ciudadanos-para-renovar-consejo-de-agua-en-cortazar\\\/#primaryimage\"},\"thumbnailUrl\":\"https:\\\/\\\/i0.wp.com\\\/elhijodelllanero.mx\\\/wp-content\\\/uploads\\\/2026\\\/04\\\/IMG_9332.jpeg?fit=1638%2C2048&ssl=1\",\"datePublished\":\"2026-04-24T01:08:38+00:00\",\"author\":{\"@id\":\"https:\\\/\\\/elhijodelllanero.mx\\\/#\\\/schema\\\/person\\\/c7f8c86c55c1eab44ae2b93a9628245f\"},\"breadcrumb\":{\"@id\":\"https:\\\/\\\/elhijodelllanero.mx\\\/index.php\\\/2026\\\/04\\\/23\\\/convocan-a-ciudadanos-para-renovar-consejo-de-agua-en-cortazar\\\/#breadcrumb\"},\"inLanguage\":\"es\",\"potentialAction\":[{\"@type\":\"ReadAction\",\"target\":[\"https:\\\/\\\/elhijodelllanero.mx\\\/index.php\\\/2026\\\/04\\\/23\\\/convocan-a-ciudadanos-para-renovar-consejo-de-agua-en-cortazar\\\/\"]}]},{\"@type\":\"ImageObject\",\"inLanguage\":\"es\",\"@id\":\"https:\\\/\\\/elhijodelllanero.mx\\\/index.php\\\/2026\\\/04\\\/23\\\/convocan-a-ciudadanos-para-renovar-consejo-de-agua-en-cortazar\\\/#primaryimage\",\"url\":\"https:\\\/\\\/i0.wp.com\\\/elhijodelllanero.mx\\\/wp-content\\\/uploads\\\/2026\\\/04\\\/IMG_9332.jpeg?fit=1638%2C2048&ssl=1\",\"contentUrl\":\"https:\\\/\\\/i0.wp.com\\\/elhijodelllanero.mx\\\/wp-content\\\/uploads\\\/2026\\\/04\\\/IMG_9332.jpeg?fit=1638%2C2048&ssl=1\",\"width\":1638,\"height\":2048},{\"@type\":\"BreadcrumbList\",\"@id\":\"https:\\\/\\\/elhijodelllanero.mx\\\/index.php\\\/2026\\\/04\\\/23\\\/convocan-a-ciudadanos-para-renovar-consejo-de-agua-en-cortazar\\\/#breadcrumb\",\"itemListElement\":[{\"@type\":\"ListItem\",\"position\":1,\"name\":\"Portada\",\"item\":\"https:\\\/\\\/elhijodelllanero.mx\\\/\"},{\"@type\":\"ListItem\",\"position\":2,\"name\":\"Convocan a ciudadanos para renovar consejo de agua en Cortazar.\"}]},{\"@type\":\"WebSite\",\"@id\":\"https:\\\/\\\/elhijodelllanero.mx\\\/#website\",\"url\":\"https:\\\/\\\/elhijodelllanero.mx\\\/\",\"name\":\"El Hijo del llanero solititito\",\"description\":\"\",\"potentialAction\":[{\"@type\":\"SearchAction\",\"target\":{\"@type\":\"EntryPoint\",\"urlTemplate\":\"https:\\\/\\\/elhijodelllanero.mx\\\/?s={search_term_string}\"},\"query-input\":{\"@type\":\"PropertyValueSpecification\",\"valueRequired\":true,\"valueName\":\"search_term_string\"}}],\"inLanguage\":\"es\"},{\"@type\":\"Person\",\"@id\":\"https:\\\/\\\/elhijodelllanero.mx\\\/#\\\/schema\\\/person\\\/c7f8c86c55c1eab44ae2b93a9628245f\",\"name\":\"Mar\u00eda de la Paz Rodarte Ram\u00edrez\",\"image\":{\"@type\":\"ImageObject\",\"inLanguage\":\"es\",\"@id\":\"https:\\\/\\\/secure.gravatar.com\\\/avatar\\\/1f38f8518b09a266af73da2bce78d69e7d1275299970134ed62f572e0487e1d0?s=96&d=mm&r=g\",\"url\":\"https:\\\/\\\/secure.gravatar.com\\\/avatar\\\/1f38f8518b09a266af73da2bce78d69e7d1275299970134ed62f572e0487e1d0?s=96&d=mm&r=g\",\"contentUrl\":\"https:\\\/\\\/secure.gravatar.com\\\/avatar\\\/1f38f8518b09a266af73da2bce78d69e7d1275299970134ed62f572e0487e1d0?s=96&d=mm&r=g\",\"caption\":\"Mar\u00eda de la Paz Rodarte Ram\u00edrez\"},\"sameAs\":[\"https:\\\/\\\/www.elhijodelllanero.mx\"],\"url\":\"https:\\\/\\\/elhijodelllanero.mx\\\/index.php\\\/author\\\/maricuas\\\/\"}]}<\/script>\n<!-- \/ Yoast SEO plugin. -->","yoast_head_json":{"title":"Convocan a ciudadanos para renovar consejo de agua en Cortazar. - El Hijo del llanero solititito","robots":{"index":"index","follow":"follow","max-snippet":"max-snippet:-1","max-image-preview":"max-image-preview:large","max-video-preview":"max-video-preview:-1"},"canonical":"https:\/\/elhijodelllanero.mx\/index.php\/2026\/04\/23\/convocan-a-ciudadanos-para-renovar-consejo-de-agua-en-cortazar\/","og_locale":"es_ES","og_type":"article","og_title":"Convocan a ciudadanos para renovar consejo de agua en Cortazar. - El Hijo del llanero solititito","og_description":"Cortazar, Gto. 23 de abril del 2026.- El Gobierno Municipal lanz\u00f3 una convocatoria abierta para integrar un consejo provisional de JUMAPAC, con el objetivo de dar orden y sustento legal al organismo, que actualmente opera con una encargada de despacho. El alcalde Mauricio Estefan\u00eda asegur\u00f3 que el proceso ser\u00e1 transparente y sin designaciones a dedo, [&hellip;]","og_url":"https:\/\/elhijodelllanero.mx\/index.php\/2026\/04\/23\/convocan-a-ciudadanos-para-renovar-consejo-de-agua-en-cortazar\/","og_site_name":"El Hijo del llanero solititito","article_published_time":"2026-04-24T01:08:38+00:00","og_image":[{"width":1638,"height":2048,"url":"https:\/\/elhijodelllanero.mx\/wp-content\/uploads\/2026\/04\/IMG_9332.jpeg","type":"image\/jpeg"}],"author":"Mar\u00eda de la Paz Rodarte Ram\u00edrez","twitter_card":"summary_large_image","twitter_misc":{"Escrito por":"Mar\u00eda de la Paz Rodarte Ram\u00edrez","Tiempo de lectura":"2 minutos"},"schema":{"@context":"https:\/\/schema.org","@graph":[{"@type":"Article","@id":"https:\/\/elhijodelllanero.mx\/index.php\/2026\/04\/23\/convocan-a-ciudadanos-para-renovar-consejo-de-agua-en-cortazar\/#article","isPartOf":{"@id":"https:\/\/elhijodelllanero.mx\/index.php\/2026\/04\/23\/convocan-a-ciudadanos-para-renovar-consejo-de-agua-en-cortazar\/"},"author":{"name":"Mar\u00eda de la Paz Rodarte Ram\u00edrez","@id":"https:\/\/elhijodelllanero.mx\/#\/schema\/person\/c7f8c86c55c1eab44ae2b93a9628245f"},"headline":"Convocan a ciudadanos para renovar consejo de agua en Cortazar.","datePublished":"2026-04-24T01:08:38+00:00","mainEntityOfPage":{"@id":"https:\/\/elhijodelllanero.mx\/index.php\/2026\/04\/23\/convocan-a-ciudadanos-para-renovar-consejo-de-agua-en-cortazar\/"},"wordCount":198,"commentCount":0,"image":{"@id":"https:\/\/elhijodelllanero.mx\/index.php\/2026\/04\/23\/convocan-a-ciudadanos-para-renovar-consejo-de-agua-en-cortazar\/#primaryimage"},"thumbnailUrl":"https:\/\/i0.wp.com\/elhijodelllanero.mx\/wp-content\/uploads\/2026\/04\/IMG_9332.jpeg?fit=1638%2C2048&ssl=1","articleSection":["CORTAZAR","MUNICIPIOS"],"inLanguage":"es","potentialAction":[{"@type":"CommentAction","name":"Comment","target":["https:\/\/elhijodelllanero.mx\/index.php\/2026\/04\/23\/convocan-a-ciudadanos-para-renovar-consejo-de-agua-en-cortazar\/#respond"]}]},{"@type":"WebPage","@id":"https:\/\/elhijodelllanero.mx\/index.php\/2026\/04\/23\/convocan-a-ciudadanos-para-renovar-consejo-de-agua-en-cortazar\/","url":"https:\/\/elhijodelllanero.mx\/index.php\/2026\/04\/23\/convocan-a-ciudadanos-para-renovar-consejo-de-agua-en-cortazar\/","name":"Convocan a ciudadanos para renovar consejo de agua en Cortazar. - El Hijo del llanero solititito","isPartOf":{"@id":"https:\/\/elhijodelllanero.mx\/#website"},"primaryImageOfPage":{"@id":"https:\/\/elhijodelllanero.mx\/index.php\/2026\/04\/23\/convocan-a-ciudadanos-para-renovar-consejo-de-agua-en-cortazar\/#primaryimage"},"image":{"@id":"https:\/\/elhijodelllanero.mx\/index.php\/2026\/04\/23\/convocan-a-ciudadanos-para-renovar-consejo-de-agua-en-cortazar\/#primaryimage"},"thumbnailUrl":"https:\/\/i0.wp.com\/elhijodelllanero.mx\/wp-content\/uploads\/2026\/04\/IMG_9332.jpeg?fit=1638%2C2048&ssl=1","datePublished":"2026-04-24T01:08:38+00:00","author":{"@id":"https:\/\/elhijodelllanero.mx\/#\/schema\/person\/c7f8c86c55c1eab44ae2b93a9628245f"},"breadcrumb":{"@id":"https:\/\/elhijodelllanero.mx\/index.php\/2026\/04\/23\/convocan-a-ciudadanos-para-renovar-consejo-de-agua-en-cortazar\/#breadcrumb"},"inLanguage":"es","potentialAction":[{"@type":"ReadAction","target":["https:\/\/elhijodelllanero.mx\/index.php\/2026\/04\/23\/convocan-a-ciudadanos-para-renovar-consejo-de-agua-en-cortazar\/"]}]},{"@type":"ImageObject","inLanguage":"es","@id":"https:\/\/elhijodelllanero.mx\/index.php\/2026\/04\/23\/convocan-a-ciudadanos-para-renovar-consejo-de-agua-en-cortazar\/#primaryimage","url":"https:\/\/i0.wp.com\/elhijodelllanero.mx\/wp-content\/uploads\/2026\/04\/IMG_9332.jpeg?fit=1638%2C2048&ssl=1","contentUrl":"https:\/\/i0.wp.com\/elhijodelllanero.mx\/wp-content\/uploads\/2026\/04\/IMG_9332.jpeg?fit=1638%2C2048&ssl=1","width":1638,"height":2048},{"@type":"BreadcrumbList","@id":"https:\/\/elhijodelllanero.mx\/index.php\/2026\/04\/23\/convocan-a-ciudadanos-para-renovar-consejo-de-agua-en-cortazar\/#breadcrumb","itemListElement":[{"@type":"ListItem","position":1,"name":"Portada","item":"https:\/\/elhijodelllanero.mx\/"},{"@type":"ListItem","position":2,"name":"Convocan a ciudadanos para renovar consejo de agua en Cortazar."}]},{"@type":"WebSite","@id":"https:\/\/elhijodelllanero.mx\/#website","url":"https:\/\/elhijodelllanero.mx\/","name":"El Hijo del llanero solititito","description":"","potentialAction":[{"@type":"SearchAction","target":{"@type":"EntryPoint","urlTemplate":"https:\/\/elhijodelllanero.mx\/?s={search_term_string}"},"query-input":{"@type":"PropertyValueSpecification","valueRequired":true,"valueName":"search_term_string"}}],"inLanguage":"es"},{"@type":"Person","@id":"https:\/\/elhijodelllanero.mx\/#\/schema\/person\/c7f8c86c55c1eab44ae2b93a9628245f","name":"Mar\u00eda de la Paz Rodarte Ram\u00edrez","image":{"@type":"ImageObject","inLanguage":"es","@id":"https:\/\/secure.gravatar.com\/avatar\/1f38f8518b09a266af73da2bce78d69e7d1275299970134ed62f572e0487e1d0?s=96&d=mm&r=g","url":"https:\/\/secure.gravatar.com\/avatar\/1f38f8518b09a266af73da2bce78d69e7d1275299970134ed62f572e0487e1d0?s=96&d=mm&r=g","contentUrl":"https:\/\/secure.gravatar.com\/avatar\/1f38f8518b09a266af73da2bce78d69e7d1275299970134ed62f572e0487e1d0?s=96&d=mm&r=g","caption":"Mar\u00eda de la Paz Rodarte Ram\u00edrez"},"sameAs":["https:\/\/www.elhijodelllanero.mx"],"url":"https:\/\/elhijodelllanero.mx\/index.php\/author\/maricuas\/"}]}},"jetpack_featured_media_url":"https:\/\/i0.wp.com\/elhijodelllanero.mx\/wp-content\/uploads\/2026\/04\/IMG_9332.jpeg?fit=1638%2C2048&ssl=1","jetpack-related-posts":[],"jetpack_sharing_enabled":true,"_links":{"self":[{"href":"https:\/\/elhijodelllanero.mx\/index.php\/wp-json\/wp\/v2\/posts\/14105","targetHints":{"allow":["GET"]}}],"collection":[{"href":"https:\/\/elhijodelllanero.mx\/index.php\/wp-json\/wp\/v2\/posts"}],"about":[{"href":"https:\/\/elhijodelllanero.mx\/index.php\/wp-json\/wp\/v2\/types\/post"}],"author":[{"embeddable":true,"href":"https:\/\/elhijodelllanero.mx\/index.php\/wp-json\/wp\/v2\/users\/3"}],"replies":[{"embeddable":true,"href":"https:\/\/elhijodelllanero.mx\/index.php\/wp-json\/wp\/v2\/comments?post=14105"}],"version-history":[{"count":1,"href":"https:\/\/elhijodelllanero.mx\/index.php\/wp-json\/wp\/v2\/posts\/14105\/revisions"}],"predecessor-version":[{"id":14107,"href":"https:\/\/elhijodelllanero.mx\/index.php\/wp-json\/wp\/v2\/posts\/14105\/revisions\/14107"}],"wp:featuredmedia":[{"embeddable":true,"href":"https:\/\/elhijodelllanero.mx\/index.php\/wp-json\/wp\/v2\/media\/14106"}],"wp:attachment":[{"href":"https:\/\/elhijodelllanero.mx\/index.php\/wp-json\/wp\/v2\/media?parent=14105"}],"wp:term":[{"taxonomy":"category","embeddable":true,"href":"https:\/\/elhijodelllanero.mx\/index.php\/wp-json\/wp\/v2\/categories?post=14105"},{"taxonomy":"post_tag","embeddable":true,"href":"https:\/\/elhijodelllanero.mx\/index.php\/wp-json\/wp\/v2\/tags?post=14105"}],"curies":[{"name":"wp","href":"https:\/\/api.w.org\/{rel}","templated":true}]}}