{"id":14110,"date":"2026-04-24T08:19:13","date_gmt":"2026-04-24T14:19:13","guid":{"rendered":"https:\/\/elhijodelllanero.mx\/?p=14110"},"modified":"2026-04-24T08:19:13","modified_gmt":"2026-04-24T14:19:13","slug":"fijan-tarifas-para-estacionamientos-publicos-y-plazas-comerciales","status":"publish","type":"post","link":"https:\/\/elhijodelllanero.mx\/index.php\/2026\/04\/24\/fijan-tarifas-para-estacionamientos-publicos-y-plazas-comerciales\/","title":{"rendered":"Fijan tarifas para estacionamientos p\u00fablicos y plazas comerciales."},"content":{"rendered":"<p>Celaya, Gto. 24 de abril del 2026.-El regidor, Miguel Villanueva, presidente de la comisi\u00f3n de Desarrollo Urbano, present\u00f3 el nuevo tabulador de tarifas para estacionamientos p\u00fablicos la mayor\u00eda se encuentran en la zona centro as\u00ed como de plazas comerciales, ser\u00e1 publicado en el Peri\u00f3dico Oficial en los pr\u00f3ximos d\u00edas.<\/p>\n<p>Tras realizar estudios t\u00e9cnicos, visitas, aforos y reuniones con gremios del sector, se determin\u00f3 dividir los estacionamientos en dos rubros: estacionamientos p\u00fablicos y estacionamientos en plazas comerciales, debido a que cuentan con caracter\u00edsticas y servicios distintos.<\/p>\n<p>\u201cAntes en el reglamento contemplaba tres tipos de estacionamiento era de primera segunda y tercera hicimos una modificaci\u00f3n a la nomenclatura y quedar\u00eda estacionamiento A,B yC el estacionamiento a contar\u00e1 con una tarifa de hasta $25 aclaremos hasta $25 m\u00e1s no es obligatorio y tendr\u00e1n que contar con ciertas caracter\u00edsticas para poder cobrar esta tarifa m\u00e1xima, esta tarifa de $25 pesos contar\u00e1 con un $12 de fracci\u00f3n cada 30 minutos algunos establecimientos p\u00fablicos cobraban cada 15 minutos, ahora qued\u00f3 subrogada a cada 12 minutos, el estacionamiento categor\u00eda B hasta $20 por hora, $10 la fracci\u00f3n cada 30 minutos y el estacionamiento de categor\u00eda C $13 por hora $6 pesos su fracci\u00f3n este cada 30 minutos\u201d.<\/p>\n<p>En el caso de las plazas comerciales, el reglamento establece dos tipos, se tienen identificadas Parque Celaya y Galer\u00edas Celaya.<\/p>\n<p>* Tipo A: con m\u00e1s de 250 cajones y servicios de gran afluencia.<br \/>\n* Tipo B: con menos de 250 cajones.<\/p>\n<p>Actualmente se tienen identificadas 36 plazas comerciales en el municipio, las cuales ser\u00e1n notificadas sobre su categor\u00eda y el tabulador correspondiente. La certificaci\u00f3n ser\u00e1 anual y permitir\u00e1 garantizar cobros homog\u00e9neos y transparentes.<\/p>\n<p>\u201cEl costo se manejar\u00e1 en un per\u00edodo de 2 horas la primera hora gratuita del minuto cero al minuto 60 es sin costo para las dos plazas, del minuto 61 al 120 $16 pesos y despu\u00e9s de estas dos horas y la hora gratuita 8 pesos la fracci\u00f3n con su gratuidad de una hora que ya mencionamos eh la la categor\u00eda b capacidad menor a 250 cajones tendr\u00e1 del minuto cero al minuto 20 sin costo alguno del minuto 21 al minuto 60 esta fue una adecuaci\u00f3n que nos pidi\u00f3 la regi\u00f3n de acci\u00f3n nacional y cu\u00e1l estuvimos de acuerdo del minuto 21 al minuto 60 $6 peso para evitar que se cobrar\u00e1 el costo que tenemos de las 2 horas y despu\u00e9s de haber completado esa hora de los $6 tendr\u00e1 un costo del minuto 61 al minuto 120 de $13 y la fracci\u00f3n eh despu\u00e9s de esas 3 horas que es pr\u00e1cticamente muy bajo las plazas de esta envergadura que est\u00e9n m\u00e1s de 3 horas sobre las que tienen algunos bares o restaurantes que ser\u00eda el caso de de la plaza campestre la fracci\u00f3n ser\u00e1 de $6 pesos despu\u00e9s del minuto 120 cada hora\u201d.<\/p>\n","protected":false},"excerpt":{"rendered":"<p>Celaya, Gto. 24 de abril del 2026.-El regidor, Miguel Villanueva, presidente de la comisi\u00f3n de Desarrollo Urbano, present\u00f3 el nuevo tabulador de tarifas para estacionamientos p\u00fablicos la mayor\u00eda se encuentran en la zona centro as\u00ed como de plazas comerciales, ser\u00e1 publicado en el Peri\u00f3dico Oficial en los pr\u00f3ximos d\u00edas. Tras realizar estudios t\u00e9cnicos, visitas, aforos [&hellip;]<\/p>\n","protected":false},"author":3,"featured_media":14111,"comment_status":"open","ping_status":"closed","sticky":false,"template":"","format":"standard","meta":{"_jetpack_newsletter_access":"","_jetpack_dont_email_post_to_subs":false,"_jetpack_newsletter_tier_id":0,"_jetpack_memberships_contains_paywalled_content":false,"_jetpack_memberships_contains_paid_content":false,"footnotes":""},"categories":[1],"tags":[],"class_list":{"0":"post-14110","1":"post","2":"type-post","3":"status-publish","4":"format-standard","5":"has-post-thumbnail","7":"category-uncategorized"},"yoast_head":"<!-- This site is optimized with the Yoast SEO plugin v27.3 - https:\/\/yoast.com\/product\/yoast-seo-wordpress\/ -->\n<title>Fijan tarifas para estacionamientos p\u00fablicos y plazas comerciales. - El Hijo del llanero solititito<\/title>\n<meta name=\"robots\" content=\"index, follow, max-snippet:-1, max-image-preview:large, max-video-preview:-1\" \/>\n<link rel=\"canonical\" href=\"https:\/\/elhijodelllanero.mx\/index.php\/2026\/04\/24\/fijan-tarifas-para-estacionamientos-publicos-y-plazas-comerciales\/\" \/>\n<meta property=\"og:locale\" content=\"es_ES\" \/>\n<meta property=\"og:type\" content=\"article\" \/>\n<meta property=\"og:title\" content=\"Fijan tarifas para estacionamientos p\u00fablicos y plazas comerciales. - El Hijo del llanero solititito\" \/>\n<meta property=\"og:description\" content=\"Celaya, Gto. 24 de abril del 2026.-El regidor, Miguel Villanueva, presidente de la comisi\u00f3n de Desarrollo Urbano, present\u00f3 el nuevo tabulador de tarifas para estacionamientos p\u00fablicos la mayor\u00eda se encuentran en la zona centro as\u00ed como de plazas comerciales, ser\u00e1 publicado en el Peri\u00f3dico Oficial en los pr\u00f3ximos d\u00edas. Tras realizar estudios t\u00e9cnicos, visitas, aforos [&hellip;]\" \/>\n<meta property=\"og:url\" content=\"https:\/\/elhijodelllanero.mx\/index.php\/2026\/04\/24\/fijan-tarifas-para-estacionamientos-publicos-y-plazas-comerciales\/\" \/>\n<meta property=\"og:site_name\" content=\"El Hijo del llanero solititito\" \/>\n<meta property=\"article:published_time\" content=\"2026-04-24T14:19:13+00:00\" \/>\n<meta property=\"og:image\" content=\"https:\/\/elhijodelllanero.mx\/wp-content\/uploads\/2026\/04\/e983d7fc-c3f6-4208-928e-e89ccb09cca5.jpeg\" \/>\n\t<meta property=\"og:image:width\" content=\"1600\" \/>\n\t<meta property=\"og:image:height\" content=\"1378\" \/>\n\t<meta property=\"og:image:type\" content=\"image\/jpeg\" \/>\n<meta name=\"author\" content=\"Mar\u00eda de la Paz Rodarte Ram\u00edrez\" \/>\n<meta name=\"twitter:card\" content=\"summary_large_image\" \/>\n<meta name=\"twitter:label1\" content=\"Escrito por\" \/>\n\t<meta name=\"twitter:data1\" content=\"Mar\u00eda de la Paz Rodarte Ram\u00edrez\" \/>\n\t<meta name=\"twitter:label2\" content=\"Tiempo de lectura\" \/>\n\t<meta name=\"twitter:data2\" content=\"3 minutos\" \/>\n<script type=\"application\/ld+json\" class=\"yoast-schema-graph\">{\"@context\":\"https:\\\/\\\/schema.org\",\"@graph\":[{\"@type\":\"Article\",\"@id\":\"https:\\\/\\\/elhijodelllanero.mx\\\/index.php\\\/2026\\\/04\\\/24\\\/fijan-tarifas-para-estacionamientos-publicos-y-plazas-comerciales\\\/#article\",\"isPartOf\":{\"@id\":\"https:\\\/\\\/elhijodelllanero.mx\\\/index.php\\\/2026\\\/04\\\/24\\\/fijan-tarifas-para-estacionamientos-publicos-y-plazas-comerciales\\\/\"},\"author\":{\"name\":\"Mar\u00eda de la Paz Rodarte Ram\u00edrez\",\"@id\":\"https:\\\/\\\/elhijodelllanero.mx\\\/#\\\/schema\\\/person\\\/c7f8c86c55c1eab44ae2b93a9628245f\"},\"headline\":\"Fijan tarifas para estacionamientos p\u00fablicos y plazas comerciales.\",\"datePublished\":\"2026-04-24T14:19:13+00:00\",\"mainEntityOfPage\":{\"@id\":\"https:\\\/\\\/elhijodelllanero.mx\\\/index.php\\\/2026\\\/04\\\/24\\\/fijan-tarifas-para-estacionamientos-publicos-y-plazas-comerciales\\\/\"},\"wordCount\":482,\"commentCount\":0,\"image\":{\"@id\":\"https:\\\/\\\/elhijodelllanero.mx\\\/index.php\\\/2026\\\/04\\\/24\\\/fijan-tarifas-para-estacionamientos-publicos-y-plazas-comerciales\\\/#primaryimage\"},\"thumbnailUrl\":\"https:\\\/\\\/i0.wp.com\\\/elhijodelllanero.mx\\\/wp-content\\\/uploads\\\/2026\\\/04\\\/e983d7fc-c3f6-4208-928e-e89ccb09cca5.jpeg?fit=1600%2C1378&ssl=1\",\"articleSection\":[\"Uncategorized\"],\"inLanguage\":\"es\",\"potentialAction\":[{\"@type\":\"CommentAction\",\"name\":\"Comment\",\"target\":[\"https:\\\/\\\/elhijodelllanero.mx\\\/index.php\\\/2026\\\/04\\\/24\\\/fijan-tarifas-para-estacionamientos-publicos-y-plazas-comerciales\\\/#respond\"]}]},{\"@type\":\"WebPage\",\"@id\":\"https:\\\/\\\/elhijodelllanero.mx\\\/index.php\\\/2026\\\/04\\\/24\\\/fijan-tarifas-para-estacionamientos-publicos-y-plazas-comerciales\\\/\",\"url\":\"https:\\\/\\\/elhijodelllanero.mx\\\/index.php\\\/2026\\\/04\\\/24\\\/fijan-tarifas-para-estacionamientos-publicos-y-plazas-comerciales\\\/\",\"name\":\"Fijan tarifas para estacionamientos p\u00fablicos y plazas comerciales. - El Hijo del llanero solititito\",\"isPartOf\":{\"@id\":\"https:\\\/\\\/elhijodelllanero.mx\\\/#website\"},\"primaryImageOfPage\":{\"@id\":\"https:\\\/\\\/elhijodelllanero.mx\\\/index.php\\\/2026\\\/04\\\/24\\\/fijan-tarifas-para-estacionamientos-publicos-y-plazas-comerciales\\\/#primaryimage\"},\"image\":{\"@id\":\"https:\\\/\\\/elhijodelllanero.mx\\\/index.php\\\/2026\\\/04\\\/24\\\/fijan-tarifas-para-estacionamientos-publicos-y-plazas-comerciales\\\/#primaryimage\"},\"thumbnailUrl\":\"https:\\\/\\\/i0.wp.com\\\/elhijodelllanero.mx\\\/wp-content\\\/uploads\\\/2026\\\/04\\\/e983d7fc-c3f6-4208-928e-e89ccb09cca5.jpeg?fit=1600%2C1378&ssl=1\",\"datePublished\":\"2026-04-24T14:19:13+00:00\",\"author\":{\"@id\":\"https:\\\/\\\/elhijodelllanero.mx\\\/#\\\/schema\\\/person\\\/c7f8c86c55c1eab44ae2b93a9628245f\"},\"breadcrumb\":{\"@id\":\"https:\\\/\\\/elhijodelllanero.mx\\\/index.php\\\/2026\\\/04\\\/24\\\/fijan-tarifas-para-estacionamientos-publicos-y-plazas-comerciales\\\/#breadcrumb\"},\"inLanguage\":\"es\",\"potentialAction\":[{\"@type\":\"ReadAction\",\"target\":[\"https:\\\/\\\/elhijodelllanero.mx\\\/index.php\\\/2026\\\/04\\\/24\\\/fijan-tarifas-para-estacionamientos-publicos-y-plazas-comerciales\\\/\"]}]},{\"@type\":\"ImageObject\",\"inLanguage\":\"es\",\"@id\":\"https:\\\/\\\/elhijodelllanero.mx\\\/index.php\\\/2026\\\/04\\\/24\\\/fijan-tarifas-para-estacionamientos-publicos-y-plazas-comerciales\\\/#primaryimage\",\"url\":\"https:\\\/\\\/i0.wp.com\\\/elhijodelllanero.mx\\\/wp-content\\\/uploads\\\/2026\\\/04\\\/e983d7fc-c3f6-4208-928e-e89ccb09cca5.jpeg?fit=1600%2C1378&ssl=1\",\"contentUrl\":\"https:\\\/\\\/i0.wp.com\\\/elhijodelllanero.mx\\\/wp-content\\\/uploads\\\/2026\\\/04\\\/e983d7fc-c3f6-4208-928e-e89ccb09cca5.jpeg?fit=1600%2C1378&ssl=1\",\"width\":1600,\"height\":1378},{\"@type\":\"BreadcrumbList\",\"@id\":\"https:\\\/\\\/elhijodelllanero.mx\\\/index.php\\\/2026\\\/04\\\/24\\\/fijan-tarifas-para-estacionamientos-publicos-y-plazas-comerciales\\\/#breadcrumb\",\"itemListElement\":[{\"@type\":\"ListItem\",\"position\":1,\"name\":\"Portada\",\"item\":\"https:\\\/\\\/elhijodelllanero.mx\\\/\"},{\"@type\":\"ListItem\",\"position\":2,\"name\":\"Fijan tarifas para estacionamientos p\u00fablicos y plazas comerciales.\"}]},{\"@type\":\"WebSite\",\"@id\":\"https:\\\/\\\/elhijodelllanero.mx\\\/#website\",\"url\":\"https:\\\/\\\/elhijodelllanero.mx\\\/\",\"name\":\"El Hijo del llanero solititito\",\"description\":\"\",\"potentialAction\":[{\"@type\":\"SearchAction\",\"target\":{\"@type\":\"EntryPoint\",\"urlTemplate\":\"https:\\\/\\\/elhijodelllanero.mx\\\/?s={search_term_string}\"},\"query-input\":{\"@type\":\"PropertyValueSpecification\",\"valueRequired\":true,\"valueName\":\"search_term_string\"}}],\"inLanguage\":\"es\"},{\"@type\":\"Person\",\"@id\":\"https:\\\/\\\/elhijodelllanero.mx\\\/#\\\/schema\\\/person\\\/c7f8c86c55c1eab44ae2b93a9628245f\",\"name\":\"Mar\u00eda de la Paz Rodarte Ram\u00edrez\",\"image\":{\"@type\":\"ImageObject\",\"inLanguage\":\"es\",\"@id\":\"https:\\\/\\\/secure.gravatar.com\\\/avatar\\\/1f38f8518b09a266af73da2bce78d69e7d1275299970134ed62f572e0487e1d0?s=96&d=mm&r=g\",\"url\":\"https:\\\/\\\/secure.gravatar.com\\\/avatar\\\/1f38f8518b09a266af73da2bce78d69e7d1275299970134ed62f572e0487e1d0?s=96&d=mm&r=g\",\"contentUrl\":\"https:\\\/\\\/secure.gravatar.com\\\/avatar\\\/1f38f8518b09a266af73da2bce78d69e7d1275299970134ed62f572e0487e1d0?s=96&d=mm&r=g\",\"caption\":\"Mar\u00eda de la Paz Rodarte Ram\u00edrez\"},\"sameAs\":[\"https:\\\/\\\/www.elhijodelllanero.mx\"],\"url\":\"https:\\\/\\\/elhijodelllanero.mx\\\/index.php\\\/author\\\/maricuas\\\/\"}]}<\/script>\n<!-- \/ Yoast SEO plugin. -->","yoast_head_json":{"title":"Fijan tarifas para estacionamientos p\u00fablicos y plazas comerciales. - El Hijo del llanero solititito","robots":{"index":"index","follow":"follow","max-snippet":"max-snippet:-1","max-image-preview":"max-image-preview:large","max-video-preview":"max-video-preview:-1"},"canonical":"https:\/\/elhijodelllanero.mx\/index.php\/2026\/04\/24\/fijan-tarifas-para-estacionamientos-publicos-y-plazas-comerciales\/","og_locale":"es_ES","og_type":"article","og_title":"Fijan tarifas para estacionamientos p\u00fablicos y plazas comerciales. - El Hijo del llanero solititito","og_description":"Celaya, Gto. 24 de abril del 2026.-El regidor, Miguel Villanueva, presidente de la comisi\u00f3n de Desarrollo Urbano, present\u00f3 el nuevo tabulador de tarifas para estacionamientos p\u00fablicos la mayor\u00eda se encuentran en la zona centro as\u00ed como de plazas comerciales, ser\u00e1 publicado en el Peri\u00f3dico Oficial en los pr\u00f3ximos d\u00edas. Tras realizar estudios t\u00e9cnicos, visitas, aforos [&hellip;]","og_url":"https:\/\/elhijodelllanero.mx\/index.php\/2026\/04\/24\/fijan-tarifas-para-estacionamientos-publicos-y-plazas-comerciales\/","og_site_name":"El Hijo del llanero solititito","article_published_time":"2026-04-24T14:19:13+00:00","og_image":[{"width":1600,"height":1378,"url":"https:\/\/elhijodelllanero.mx\/wp-content\/uploads\/2026\/04\/e983d7fc-c3f6-4208-928e-e89ccb09cca5.jpeg","type":"image\/jpeg"}],"author":"Mar\u00eda de la Paz Rodarte Ram\u00edrez","twitter_card":"summary_large_image","twitter_misc":{"Escrito por":"Mar\u00eda de la Paz Rodarte Ram\u00edrez","Tiempo de lectura":"3 minutos"},"schema":{"@context":"https:\/\/schema.org","@graph":[{"@type":"Article","@id":"https:\/\/elhijodelllanero.mx\/index.php\/2026\/04\/24\/fijan-tarifas-para-estacionamientos-publicos-y-plazas-comerciales\/#article","isPartOf":{"@id":"https:\/\/elhijodelllanero.mx\/index.php\/2026\/04\/24\/fijan-tarifas-para-estacionamientos-publicos-y-plazas-comerciales\/"},"author":{"name":"Mar\u00eda de la Paz Rodarte Ram\u00edrez","@id":"https:\/\/elhijodelllanero.mx\/#\/schema\/person\/c7f8c86c55c1eab44ae2b93a9628245f"},"headline":"Fijan tarifas para estacionamientos p\u00fablicos y plazas comerciales.","datePublished":"2026-04-24T14:19:13+00:00","mainEntityOfPage":{"@id":"https:\/\/elhijodelllanero.mx\/index.php\/2026\/04\/24\/fijan-tarifas-para-estacionamientos-publicos-y-plazas-comerciales\/"},"wordCount":482,"commentCount":0,"image":{"@id":"https:\/\/elhijodelllanero.mx\/index.php\/2026\/04\/24\/fijan-tarifas-para-estacionamientos-publicos-y-plazas-comerciales\/#primaryimage"},"thumbnailUrl":"https:\/\/i0.wp.com\/elhijodelllanero.mx\/wp-content\/uploads\/2026\/04\/e983d7fc-c3f6-4208-928e-e89ccb09cca5.jpeg?fit=1600%2C1378&ssl=1","articleSection":["Uncategorized"],"inLanguage":"es","potentialAction":[{"@type":"CommentAction","name":"Comment","target":["https:\/\/elhijodelllanero.mx\/index.php\/2026\/04\/24\/fijan-tarifas-para-estacionamientos-publicos-y-plazas-comerciales\/#respond"]}]},{"@type":"WebPage","@id":"https:\/\/elhijodelllanero.mx\/index.php\/2026\/04\/24\/fijan-tarifas-para-estacionamientos-publicos-y-plazas-comerciales\/","url":"https:\/\/elhijodelllanero.mx\/index.php\/2026\/04\/24\/fijan-tarifas-para-estacionamientos-publicos-y-plazas-comerciales\/","name":"Fijan tarifas para estacionamientos p\u00fablicos y plazas comerciales. - El Hijo del llanero solititito","isPartOf":{"@id":"https:\/\/elhijodelllanero.mx\/#website"},"primaryImageOfPage":{"@id":"https:\/\/elhijodelllanero.mx\/index.php\/2026\/04\/24\/fijan-tarifas-para-estacionamientos-publicos-y-plazas-comerciales\/#primaryimage"},"image":{"@id":"https:\/\/elhijodelllanero.mx\/index.php\/2026\/04\/24\/fijan-tarifas-para-estacionamientos-publicos-y-plazas-comerciales\/#primaryimage"},"thumbnailUrl":"https:\/\/i0.wp.com\/elhijodelllanero.mx\/wp-content\/uploads\/2026\/04\/e983d7fc-c3f6-4208-928e-e89ccb09cca5.jpeg?fit=1600%2C1378&ssl=1","datePublished":"2026-04-24T14:19:13+00:00","author":{"@id":"https:\/\/elhijodelllanero.mx\/#\/schema\/person\/c7f8c86c55c1eab44ae2b93a9628245f"},"breadcrumb":{"@id":"https:\/\/elhijodelllanero.mx\/index.php\/2026\/04\/24\/fijan-tarifas-para-estacionamientos-publicos-y-plazas-comerciales\/#breadcrumb"},"inLanguage":"es","potentialAction":[{"@type":"ReadAction","target":["https:\/\/elhijodelllanero.mx\/index.php\/2026\/04\/24\/fijan-tarifas-para-estacionamientos-publicos-y-plazas-comerciales\/"]}]},{"@type":"ImageObject","inLanguage":"es","@id":"https:\/\/elhijodelllanero.mx\/index.php\/2026\/04\/24\/fijan-tarifas-para-estacionamientos-publicos-y-plazas-comerciales\/#primaryimage","url":"https:\/\/i0.wp.com\/elhijodelllanero.mx\/wp-content\/uploads\/2026\/04\/e983d7fc-c3f6-4208-928e-e89ccb09cca5.jpeg?fit=1600%2C1378&ssl=1","contentUrl":"https:\/\/i0.wp.com\/elhijodelllanero.mx\/wp-content\/uploads\/2026\/04\/e983d7fc-c3f6-4208-928e-e89ccb09cca5.jpeg?fit=1600%2C1378&ssl=1","width":1600,"height":1378},{"@type":"BreadcrumbList","@id":"https:\/\/elhijodelllanero.mx\/index.php\/2026\/04\/24\/fijan-tarifas-para-estacionamientos-publicos-y-plazas-comerciales\/#breadcrumb","itemListElement":[{"@type":"ListItem","position":1,"name":"Portada","item":"https:\/\/elhijodelllanero.mx\/"},{"@type":"ListItem","position":2,"name":"Fijan tarifas para estacionamientos p\u00fablicos y plazas comerciales."}]},{"@type":"WebSite","@id":"https:\/\/elhijodelllanero.mx\/#website","url":"https:\/\/elhijodelllanero.mx\/","name":"El Hijo del llanero solititito","description":"","potentialAction":[{"@type":"SearchAction","target":{"@type":"EntryPoint","urlTemplate":"https:\/\/elhijodelllanero.mx\/?s={search_term_string}"},"query-input":{"@type":"PropertyValueSpecification","valueRequired":true,"valueName":"search_term_string"}}],"inLanguage":"es"},{"@type":"Person","@id":"https:\/\/elhijodelllanero.mx\/#\/schema\/person\/c7f8c86c55c1eab44ae2b93a9628245f","name":"Mar\u00eda de la Paz Rodarte Ram\u00edrez","image":{"@type":"ImageObject","inLanguage":"es","@id":"https:\/\/secure.gravatar.com\/avatar\/1f38f8518b09a266af73da2bce78d69e7d1275299970134ed62f572e0487e1d0?s=96&d=mm&r=g","url":"https:\/\/secure.gravatar.com\/avatar\/1f38f8518b09a266af73da2bce78d69e7d1275299970134ed62f572e0487e1d0?s=96&d=mm&r=g","contentUrl":"https:\/\/secure.gravatar.com\/avatar\/1f38f8518b09a266af73da2bce78d69e7d1275299970134ed62f572e0487e1d0?s=96&d=mm&r=g","caption":"Mar\u00eda de la Paz Rodarte Ram\u00edrez"},"sameAs":["https:\/\/www.elhijodelllanero.mx"],"url":"https:\/\/elhijodelllanero.mx\/index.php\/author\/maricuas\/"}]}},"jetpack_featured_media_url":"https:\/\/i0.wp.com\/elhijodelllanero.mx\/wp-content\/uploads\/2026\/04\/e983d7fc-c3f6-4208-928e-e89ccb09cca5.jpeg?fit=1600%2C1378&ssl=1","jetpack-related-posts":[],"jetpack_sharing_enabled":true,"_links":{"self":[{"href":"https:\/\/elhijodelllanero.mx\/index.php\/wp-json\/wp\/v2\/posts\/14110","targetHints":{"allow":["GET"]}}],"collection":[{"href":"https:\/\/elhijodelllanero.mx\/index.php\/wp-json\/wp\/v2\/posts"}],"about":[{"href":"https:\/\/elhijodelllanero.mx\/index.php\/wp-json\/wp\/v2\/types\/post"}],"author":[{"embeddable":true,"href":"https:\/\/elhijodelllanero.mx\/index.php\/wp-json\/wp\/v2\/users\/3"}],"replies":[{"embeddable":true,"href":"https:\/\/elhijodelllanero.mx\/index.php\/wp-json\/wp\/v2\/comments?post=14110"}],"version-history":[{"count":1,"href":"https:\/\/elhijodelllanero.mx\/index.php\/wp-json\/wp\/v2\/posts\/14110\/revisions"}],"predecessor-version":[{"id":14112,"href":"https:\/\/elhijodelllanero.mx\/index.php\/wp-json\/wp\/v2\/posts\/14110\/revisions\/14112"}],"wp:featuredmedia":[{"embeddable":true,"href":"https:\/\/elhijodelllanero.mx\/index.php\/wp-json\/wp\/v2\/media\/14111"}],"wp:attachment":[{"href":"https:\/\/elhijodelllanero.mx\/index.php\/wp-json\/wp\/v2\/media?parent=14110"}],"wp:term":[{"taxonomy":"category","embeddable":true,"href":"https:\/\/elhijodelllanero.mx\/index.php\/wp-json\/wp\/v2\/categories?post=14110"},{"taxonomy":"post_tag","embeddable":true,"href":"https:\/\/elhijodelllanero.mx\/index.php\/wp-json\/wp\/v2\/tags?post=14110"}],"curies":[{"name":"wp","href":"https:\/\/api.w.org\/{rel}","templated":true}]}}