{"id":14113,"date":"2026-04-24T08:43:33","date_gmt":"2026-04-24T14:43:33","guid":{"rendered":"https:\/\/elhijodelllanero.mx\/?p=14113"},"modified":"2026-04-24T08:43:33","modified_gmt":"2026-04-24T14:43:33","slug":"turismo-en-apaseo-va-viento-en-popa-y-ahora-hasta-con-seguridad-alcalde","status":"publish","type":"post","link":"https:\/\/elhijodelllanero.mx\/index.php\/2026\/04\/24\/turismo-en-apaseo-va-viento-en-popa-y-ahora-hasta-con-seguridad-alcalde\/","title":{"rendered":"Turismo en Apaseo \u201cva viento en popa\u201d\u2026 y ahora hasta con seguridad: Alcalde."},"content":{"rendered":"<p>Apaseo el Grande, Gto. 24 de abril del 2026.- Entre festivales, rutas tur\u00edsticas, tradiciones y la ya famosa marca ciudad, el alcalde Jos\u00e9 Luis Oliveros asegur\u00f3 que el turismo en Apaseo el Grande sigue creciendo y, seg\u00fan dijo, ahora s\u00ed con pasos firmes y sin tropezones.<\/p>\n<p>El presidente municipal se\u00f1al\u00f3 que uno de los factores clave para este avance ha sido la mejora en materia de seguridad, porque claramente nadie planea vacaciones donde la adrenalina venga incluida sin previo aviso.<\/p>\n<p>Destac\u00f3 que recientemente concluy\u00f3 el Festival de Pueblos con Encanto en San Miguel de Ixtla, el cual, asegur\u00f3, dej\u00f3 buenos n\u00fameros, visitantes satisfechos y, lo m\u00e1s importante para cualquier autoridad, sin incidentes que explicar despu\u00e9s.<\/p>\n<p>\u201cMe parece que en materia tur\u00edstica Apaseo el Grande ha venido dando pasos muy s\u00f3lidos\u201d, expres\u00f3 el alcalde, al resaltar que la estrategia ha sido clara y enfocada en fortalecer la oferta tur\u00edstica del municipio.<\/p>\n<p>Adem\u00e1s, se\u00f1al\u00f3 que las tradiciones tambi\u00e9n juegan un papel importante en este crecimiento, especialmente la charrer\u00eda y eventos como el Cuarto Festival Internacional de la Mujer a Caballo, que ya se ha convertido en un referente deportivo, cultural y tur\u00edstico no solo en Guanajuato, sino a nivel nacional.<\/p>\n<p>Oliveros agreg\u00f3 que tambi\u00e9n se trabaja en atraer m\u00e1s eventos y fortalecer servicios como hoteler\u00eda, restaurantes y espacios de convivencia, porque no basta con invitar turistas: tambi\u00e9n hay que darles d\u00f3nde comer, dormir y tomarse la foto para presumir que vinieron.<\/p>\n","protected":false},"excerpt":{"rendered":"<p>Apaseo el Grande, Gto. 24 de abril del 2026.- Entre festivales, rutas tur\u00edsticas, tradiciones y la ya famosa marca ciudad, el alcalde Jos\u00e9 Luis Oliveros asegur\u00f3 que el turismo en Apaseo el Grande sigue creciendo y, seg\u00fan dijo, ahora s\u00ed con pasos firmes y sin tropezones. El presidente municipal se\u00f1al\u00f3 que uno de los factores [&hellip;]<\/p>\n","protected":false},"author":3,"featured_media":14114,"comment_status":"open","ping_status":"closed","sticky":false,"template":"","format":"standard","meta":{"_jetpack_newsletter_access":"","_jetpack_dont_email_post_to_subs":false,"_jetpack_newsletter_tier_id":0,"_jetpack_memberships_contains_paywalled_content":false,"_jetpack_memberships_contains_paid_content":false,"footnotes":""},"categories":[78,76],"tags":[],"class_list":{"0":"post-14113","1":"post","2":"type-post","3":"status-publish","4":"format-standard","5":"has-post-thumbnail","7":"category-apaseo-el-grande","8":"category-municipios"},"yoast_head":"<!-- This site is optimized with the Yoast SEO plugin v27.3 - https:\/\/yoast.com\/product\/yoast-seo-wordpress\/ -->\n<title>Turismo en Apaseo \u201cva viento en popa\u201d\u2026 y ahora hasta con seguridad: Alcalde. - El Hijo del llanero solititito<\/title>\n<meta name=\"robots\" content=\"index, follow, max-snippet:-1, max-image-preview:large, max-video-preview:-1\" \/>\n<link rel=\"canonical\" href=\"https:\/\/elhijodelllanero.mx\/index.php\/2026\/04\/24\/turismo-en-apaseo-va-viento-en-popa-y-ahora-hasta-con-seguridad-alcalde\/\" \/>\n<meta property=\"og:locale\" content=\"es_ES\" \/>\n<meta property=\"og:type\" content=\"article\" \/>\n<meta property=\"og:title\" content=\"Turismo en Apaseo \u201cva viento en popa\u201d\u2026 y ahora hasta con seguridad: Alcalde. - El Hijo del llanero solititito\" \/>\n<meta property=\"og:description\" content=\"Apaseo el Grande, Gto. 24 de abril del 2026.- Entre festivales, rutas tur\u00edsticas, tradiciones y la ya famosa marca ciudad, el alcalde Jos\u00e9 Luis Oliveros asegur\u00f3 que el turismo en Apaseo el Grande sigue creciendo y, seg\u00fan dijo, ahora s\u00ed con pasos firmes y sin tropezones. El presidente municipal se\u00f1al\u00f3 que uno de los factores [&hellip;]\" \/>\n<meta property=\"og:url\" content=\"https:\/\/elhijodelllanero.mx\/index.php\/2026\/04\/24\/turismo-en-apaseo-va-viento-en-popa-y-ahora-hasta-con-seguridad-alcalde\/\" \/>\n<meta property=\"og:site_name\" content=\"El Hijo del llanero solititito\" \/>\n<meta property=\"article:published_time\" content=\"2026-04-24T14:43:33+00:00\" \/>\n<meta property=\"og:image\" content=\"https:\/\/elhijodelllanero.mx\/wp-content\/uploads\/2026\/04\/a5c10567-80e1-4121-a2ec-e2ef0db2b394.jpeg\" \/>\n\t<meta property=\"og:image:width\" content=\"1284\" \/>\n\t<meta property=\"og:image:height\" content=\"2010\" \/>\n\t<meta property=\"og:image:type\" content=\"image\/jpeg\" \/>\n<meta name=\"author\" content=\"Mar\u00eda de la Paz Rodarte Ram\u00edrez\" \/>\n<meta name=\"twitter:card\" content=\"summary_large_image\" \/>\n<meta name=\"twitter:label1\" content=\"Escrito por\" \/>\n\t<meta name=\"twitter:data1\" content=\"Mar\u00eda de la Paz Rodarte Ram\u00edrez\" \/>\n\t<meta name=\"twitter:label2\" content=\"Tiempo de lectura\" \/>\n\t<meta name=\"twitter:data2\" content=\"2 minutos\" \/>\n<script type=\"application\/ld+json\" class=\"yoast-schema-graph\">{\"@context\":\"https:\\\/\\\/schema.org\",\"@graph\":[{\"@type\":\"Article\",\"@id\":\"https:\\\/\\\/elhijodelllanero.mx\\\/index.php\\\/2026\\\/04\\\/24\\\/turismo-en-apaseo-va-viento-en-popa-y-ahora-hasta-con-seguridad-alcalde\\\/#article\",\"isPartOf\":{\"@id\":\"https:\\\/\\\/elhijodelllanero.mx\\\/index.php\\\/2026\\\/04\\\/24\\\/turismo-en-apaseo-va-viento-en-popa-y-ahora-hasta-con-seguridad-alcalde\\\/\"},\"author\":{\"name\":\"Mar\u00eda de la Paz Rodarte Ram\u00edrez\",\"@id\":\"https:\\\/\\\/elhijodelllanero.mx\\\/#\\\/schema\\\/person\\\/c7f8c86c55c1eab44ae2b93a9628245f\"},\"headline\":\"Turismo en Apaseo \u201cva viento en popa\u201d\u2026 y ahora hasta con seguridad: Alcalde.\",\"datePublished\":\"2026-04-24T14:43:33+00:00\",\"mainEntityOfPage\":{\"@id\":\"https:\\\/\\\/elhijodelllanero.mx\\\/index.php\\\/2026\\\/04\\\/24\\\/turismo-en-apaseo-va-viento-en-popa-y-ahora-hasta-con-seguridad-alcalde\\\/\"},\"wordCount\":270,\"commentCount\":0,\"image\":{\"@id\":\"https:\\\/\\\/elhijodelllanero.mx\\\/index.php\\\/2026\\\/04\\\/24\\\/turismo-en-apaseo-va-viento-en-popa-y-ahora-hasta-con-seguridad-alcalde\\\/#primaryimage\"},\"thumbnailUrl\":\"https:\\\/\\\/i0.wp.com\\\/elhijodelllanero.mx\\\/wp-content\\\/uploads\\\/2026\\\/04\\\/a5c10567-80e1-4121-a2ec-e2ef0db2b394.jpeg?fit=1284%2C2010&ssl=1\",\"articleSection\":[\"APASEO EL GRANDE\",\"MUNICIPIOS\"],\"inLanguage\":\"es\",\"potentialAction\":[{\"@type\":\"CommentAction\",\"name\":\"Comment\",\"target\":[\"https:\\\/\\\/elhijodelllanero.mx\\\/index.php\\\/2026\\\/04\\\/24\\\/turismo-en-apaseo-va-viento-en-popa-y-ahora-hasta-con-seguridad-alcalde\\\/#respond\"]}]},{\"@type\":\"WebPage\",\"@id\":\"https:\\\/\\\/elhijodelllanero.mx\\\/index.php\\\/2026\\\/04\\\/24\\\/turismo-en-apaseo-va-viento-en-popa-y-ahora-hasta-con-seguridad-alcalde\\\/\",\"url\":\"https:\\\/\\\/elhijodelllanero.mx\\\/index.php\\\/2026\\\/04\\\/24\\\/turismo-en-apaseo-va-viento-en-popa-y-ahora-hasta-con-seguridad-alcalde\\\/\",\"name\":\"Turismo en Apaseo \u201cva viento en popa\u201d\u2026 y ahora hasta con seguridad: Alcalde. - El Hijo del llanero solititito\",\"isPartOf\":{\"@id\":\"https:\\\/\\\/elhijodelllanero.mx\\\/#website\"},\"primaryImageOfPage\":{\"@id\":\"https:\\\/\\\/elhijodelllanero.mx\\\/index.php\\\/2026\\\/04\\\/24\\\/turismo-en-apaseo-va-viento-en-popa-y-ahora-hasta-con-seguridad-alcalde\\\/#primaryimage\"},\"image\":{\"@id\":\"https:\\\/\\\/elhijodelllanero.mx\\\/index.php\\\/2026\\\/04\\\/24\\\/turismo-en-apaseo-va-viento-en-popa-y-ahora-hasta-con-seguridad-alcalde\\\/#primaryimage\"},\"thumbnailUrl\":\"https:\\\/\\\/i0.wp.com\\\/elhijodelllanero.mx\\\/wp-content\\\/uploads\\\/2026\\\/04\\\/a5c10567-80e1-4121-a2ec-e2ef0db2b394.jpeg?fit=1284%2C2010&ssl=1\",\"datePublished\":\"2026-04-24T14:43:33+00:00\",\"author\":{\"@id\":\"https:\\\/\\\/elhijodelllanero.mx\\\/#\\\/schema\\\/person\\\/c7f8c86c55c1eab44ae2b93a9628245f\"},\"breadcrumb\":{\"@id\":\"https:\\\/\\\/elhijodelllanero.mx\\\/index.php\\\/2026\\\/04\\\/24\\\/turismo-en-apaseo-va-viento-en-popa-y-ahora-hasta-con-seguridad-alcalde\\\/#breadcrumb\"},\"inLanguage\":\"es\",\"potentialAction\":[{\"@type\":\"ReadAction\",\"target\":[\"https:\\\/\\\/elhijodelllanero.mx\\\/index.php\\\/2026\\\/04\\\/24\\\/turismo-en-apaseo-va-viento-en-popa-y-ahora-hasta-con-seguridad-alcalde\\\/\"]}]},{\"@type\":\"ImageObject\",\"inLanguage\":\"es\",\"@id\":\"https:\\\/\\\/elhijodelllanero.mx\\\/index.php\\\/2026\\\/04\\\/24\\\/turismo-en-apaseo-va-viento-en-popa-y-ahora-hasta-con-seguridad-alcalde\\\/#primaryimage\",\"url\":\"https:\\\/\\\/i0.wp.com\\\/elhijodelllanero.mx\\\/wp-content\\\/uploads\\\/2026\\\/04\\\/a5c10567-80e1-4121-a2ec-e2ef0db2b394.jpeg?fit=1284%2C2010&ssl=1\",\"contentUrl\":\"https:\\\/\\\/i0.wp.com\\\/elhijodelllanero.mx\\\/wp-content\\\/uploads\\\/2026\\\/04\\\/a5c10567-80e1-4121-a2ec-e2ef0db2b394.jpeg?fit=1284%2C2010&ssl=1\",\"width\":1284,\"height\":2010},{\"@type\":\"BreadcrumbList\",\"@id\":\"https:\\\/\\\/elhijodelllanero.mx\\\/index.php\\\/2026\\\/04\\\/24\\\/turismo-en-apaseo-va-viento-en-popa-y-ahora-hasta-con-seguridad-alcalde\\\/#breadcrumb\",\"itemListElement\":[{\"@type\":\"ListItem\",\"position\":1,\"name\":\"Portada\",\"item\":\"https:\\\/\\\/elhijodelllanero.mx\\\/\"},{\"@type\":\"ListItem\",\"position\":2,\"name\":\"Turismo en Apaseo \u201cva viento en popa\u201d\u2026 y ahora hasta con seguridad: Alcalde.\"}]},{\"@type\":\"WebSite\",\"@id\":\"https:\\\/\\\/elhijodelllanero.mx\\\/#website\",\"url\":\"https:\\\/\\\/elhijodelllanero.mx\\\/\",\"name\":\"El Hijo del llanero solititito\",\"description\":\"\",\"potentialAction\":[{\"@type\":\"SearchAction\",\"target\":{\"@type\":\"EntryPoint\",\"urlTemplate\":\"https:\\\/\\\/elhijodelllanero.mx\\\/?s={search_term_string}\"},\"query-input\":{\"@type\":\"PropertyValueSpecification\",\"valueRequired\":true,\"valueName\":\"search_term_string\"}}],\"inLanguage\":\"es\"},{\"@type\":\"Person\",\"@id\":\"https:\\\/\\\/elhijodelllanero.mx\\\/#\\\/schema\\\/person\\\/c7f8c86c55c1eab44ae2b93a9628245f\",\"name\":\"Mar\u00eda de la Paz Rodarte Ram\u00edrez\",\"image\":{\"@type\":\"ImageObject\",\"inLanguage\":\"es\",\"@id\":\"https:\\\/\\\/secure.gravatar.com\\\/avatar\\\/1f38f8518b09a266af73da2bce78d69e7d1275299970134ed62f572e0487e1d0?s=96&d=mm&r=g\",\"url\":\"https:\\\/\\\/secure.gravatar.com\\\/avatar\\\/1f38f8518b09a266af73da2bce78d69e7d1275299970134ed62f572e0487e1d0?s=96&d=mm&r=g\",\"contentUrl\":\"https:\\\/\\\/secure.gravatar.com\\\/avatar\\\/1f38f8518b09a266af73da2bce78d69e7d1275299970134ed62f572e0487e1d0?s=96&d=mm&r=g\",\"caption\":\"Mar\u00eda de la Paz Rodarte Ram\u00edrez\"},\"sameAs\":[\"https:\\\/\\\/www.elhijodelllanero.mx\"],\"url\":\"https:\\\/\\\/elhijodelllanero.mx\\\/index.php\\\/author\\\/maricuas\\\/\"}]}<\/script>\n<!-- \/ Yoast SEO plugin. -->","yoast_head_json":{"title":"Turismo en Apaseo \u201cva viento en popa\u201d\u2026 y ahora hasta con seguridad: Alcalde. - El Hijo del llanero solititito","robots":{"index":"index","follow":"follow","max-snippet":"max-snippet:-1","max-image-preview":"max-image-preview:large","max-video-preview":"max-video-preview:-1"},"canonical":"https:\/\/elhijodelllanero.mx\/index.php\/2026\/04\/24\/turismo-en-apaseo-va-viento-en-popa-y-ahora-hasta-con-seguridad-alcalde\/","og_locale":"es_ES","og_type":"article","og_title":"Turismo en Apaseo \u201cva viento en popa\u201d\u2026 y ahora hasta con seguridad: Alcalde. - El Hijo del llanero solititito","og_description":"Apaseo el Grande, Gto. 24 de abril del 2026.- Entre festivales, rutas tur\u00edsticas, tradiciones y la ya famosa marca ciudad, el alcalde Jos\u00e9 Luis Oliveros asegur\u00f3 que el turismo en Apaseo el Grande sigue creciendo y, seg\u00fan dijo, ahora s\u00ed con pasos firmes y sin tropezones. El presidente municipal se\u00f1al\u00f3 que uno de los factores [&hellip;]","og_url":"https:\/\/elhijodelllanero.mx\/index.php\/2026\/04\/24\/turismo-en-apaseo-va-viento-en-popa-y-ahora-hasta-con-seguridad-alcalde\/","og_site_name":"El Hijo del llanero solititito","article_published_time":"2026-04-24T14:43:33+00:00","og_image":[{"width":1284,"height":2010,"url":"https:\/\/elhijodelllanero.mx\/wp-content\/uploads\/2026\/04\/a5c10567-80e1-4121-a2ec-e2ef0db2b394.jpeg","type":"image\/jpeg"}],"author":"Mar\u00eda de la Paz Rodarte Ram\u00edrez","twitter_card":"summary_large_image","twitter_misc":{"Escrito por":"Mar\u00eda de la Paz Rodarte Ram\u00edrez","Tiempo de lectura":"2 minutos"},"schema":{"@context":"https:\/\/schema.org","@graph":[{"@type":"Article","@id":"https:\/\/elhijodelllanero.mx\/index.php\/2026\/04\/24\/turismo-en-apaseo-va-viento-en-popa-y-ahora-hasta-con-seguridad-alcalde\/#article","isPartOf":{"@id":"https:\/\/elhijodelllanero.mx\/index.php\/2026\/04\/24\/turismo-en-apaseo-va-viento-en-popa-y-ahora-hasta-con-seguridad-alcalde\/"},"author":{"name":"Mar\u00eda de la Paz Rodarte Ram\u00edrez","@id":"https:\/\/elhijodelllanero.mx\/#\/schema\/person\/c7f8c86c55c1eab44ae2b93a9628245f"},"headline":"Turismo en Apaseo \u201cva viento en popa\u201d\u2026 y ahora hasta con seguridad: Alcalde.","datePublished":"2026-04-24T14:43:33+00:00","mainEntityOfPage":{"@id":"https:\/\/elhijodelllanero.mx\/index.php\/2026\/04\/24\/turismo-en-apaseo-va-viento-en-popa-y-ahora-hasta-con-seguridad-alcalde\/"},"wordCount":270,"commentCount":0,"image":{"@id":"https:\/\/elhijodelllanero.mx\/index.php\/2026\/04\/24\/turismo-en-apaseo-va-viento-en-popa-y-ahora-hasta-con-seguridad-alcalde\/#primaryimage"},"thumbnailUrl":"https:\/\/i0.wp.com\/elhijodelllanero.mx\/wp-content\/uploads\/2026\/04\/a5c10567-80e1-4121-a2ec-e2ef0db2b394.jpeg?fit=1284%2C2010&ssl=1","articleSection":["APASEO EL GRANDE","MUNICIPIOS"],"inLanguage":"es","potentialAction":[{"@type":"CommentAction","name":"Comment","target":["https:\/\/elhijodelllanero.mx\/index.php\/2026\/04\/24\/turismo-en-apaseo-va-viento-en-popa-y-ahora-hasta-con-seguridad-alcalde\/#respond"]}]},{"@type":"WebPage","@id":"https:\/\/elhijodelllanero.mx\/index.php\/2026\/04\/24\/turismo-en-apaseo-va-viento-en-popa-y-ahora-hasta-con-seguridad-alcalde\/","url":"https:\/\/elhijodelllanero.mx\/index.php\/2026\/04\/24\/turismo-en-apaseo-va-viento-en-popa-y-ahora-hasta-con-seguridad-alcalde\/","name":"Turismo en Apaseo \u201cva viento en popa\u201d\u2026 y ahora hasta con seguridad: Alcalde. - El Hijo del llanero solititito","isPartOf":{"@id":"https:\/\/elhijodelllanero.mx\/#website"},"primaryImageOfPage":{"@id":"https:\/\/elhijodelllanero.mx\/index.php\/2026\/04\/24\/turismo-en-apaseo-va-viento-en-popa-y-ahora-hasta-con-seguridad-alcalde\/#primaryimage"},"image":{"@id":"https:\/\/elhijodelllanero.mx\/index.php\/2026\/04\/24\/turismo-en-apaseo-va-viento-en-popa-y-ahora-hasta-con-seguridad-alcalde\/#primaryimage"},"thumbnailUrl":"https:\/\/i0.wp.com\/elhijodelllanero.mx\/wp-content\/uploads\/2026\/04\/a5c10567-80e1-4121-a2ec-e2ef0db2b394.jpeg?fit=1284%2C2010&ssl=1","datePublished":"2026-04-24T14:43:33+00:00","author":{"@id":"https:\/\/elhijodelllanero.mx\/#\/schema\/person\/c7f8c86c55c1eab44ae2b93a9628245f"},"breadcrumb":{"@id":"https:\/\/elhijodelllanero.mx\/index.php\/2026\/04\/24\/turismo-en-apaseo-va-viento-en-popa-y-ahora-hasta-con-seguridad-alcalde\/#breadcrumb"},"inLanguage":"es","potentialAction":[{"@type":"ReadAction","target":["https:\/\/elhijodelllanero.mx\/index.php\/2026\/04\/24\/turismo-en-apaseo-va-viento-en-popa-y-ahora-hasta-con-seguridad-alcalde\/"]}]},{"@type":"ImageObject","inLanguage":"es","@id":"https:\/\/elhijodelllanero.mx\/index.php\/2026\/04\/24\/turismo-en-apaseo-va-viento-en-popa-y-ahora-hasta-con-seguridad-alcalde\/#primaryimage","url":"https:\/\/i0.wp.com\/elhijodelllanero.mx\/wp-content\/uploads\/2026\/04\/a5c10567-80e1-4121-a2ec-e2ef0db2b394.jpeg?fit=1284%2C2010&ssl=1","contentUrl":"https:\/\/i0.wp.com\/elhijodelllanero.mx\/wp-content\/uploads\/2026\/04\/a5c10567-80e1-4121-a2ec-e2ef0db2b394.jpeg?fit=1284%2C2010&ssl=1","width":1284,"height":2010},{"@type":"BreadcrumbList","@id":"https:\/\/elhijodelllanero.mx\/index.php\/2026\/04\/24\/turismo-en-apaseo-va-viento-en-popa-y-ahora-hasta-con-seguridad-alcalde\/#breadcrumb","itemListElement":[{"@type":"ListItem","position":1,"name":"Portada","item":"https:\/\/elhijodelllanero.mx\/"},{"@type":"ListItem","position":2,"name":"Turismo en Apaseo \u201cva viento en popa\u201d\u2026 y ahora hasta con seguridad: Alcalde."}]},{"@type":"WebSite","@id":"https:\/\/elhijodelllanero.mx\/#website","url":"https:\/\/elhijodelllanero.mx\/","name":"El Hijo del llanero solititito","description":"","potentialAction":[{"@type":"SearchAction","target":{"@type":"EntryPoint","urlTemplate":"https:\/\/elhijodelllanero.mx\/?s={search_term_string}"},"query-input":{"@type":"PropertyValueSpecification","valueRequired":true,"valueName":"search_term_string"}}],"inLanguage":"es"},{"@type":"Person","@id":"https:\/\/elhijodelllanero.mx\/#\/schema\/person\/c7f8c86c55c1eab44ae2b93a9628245f","name":"Mar\u00eda de la Paz Rodarte Ram\u00edrez","image":{"@type":"ImageObject","inLanguage":"es","@id":"https:\/\/secure.gravatar.com\/avatar\/1f38f8518b09a266af73da2bce78d69e7d1275299970134ed62f572e0487e1d0?s=96&d=mm&r=g","url":"https:\/\/secure.gravatar.com\/avatar\/1f38f8518b09a266af73da2bce78d69e7d1275299970134ed62f572e0487e1d0?s=96&d=mm&r=g","contentUrl":"https:\/\/secure.gravatar.com\/avatar\/1f38f8518b09a266af73da2bce78d69e7d1275299970134ed62f572e0487e1d0?s=96&d=mm&r=g","caption":"Mar\u00eda de la Paz Rodarte Ram\u00edrez"},"sameAs":["https:\/\/www.elhijodelllanero.mx"],"url":"https:\/\/elhijodelllanero.mx\/index.php\/author\/maricuas\/"}]}},"jetpack_featured_media_url":"https:\/\/i0.wp.com\/elhijodelllanero.mx\/wp-content\/uploads\/2026\/04\/a5c10567-80e1-4121-a2ec-e2ef0db2b394.jpeg?fit=1284%2C2010&ssl=1","jetpack-related-posts":[],"jetpack_sharing_enabled":true,"_links":{"self":[{"href":"https:\/\/elhijodelllanero.mx\/index.php\/wp-json\/wp\/v2\/posts\/14113","targetHints":{"allow":["GET"]}}],"collection":[{"href":"https:\/\/elhijodelllanero.mx\/index.php\/wp-json\/wp\/v2\/posts"}],"about":[{"href":"https:\/\/elhijodelllanero.mx\/index.php\/wp-json\/wp\/v2\/types\/post"}],"author":[{"embeddable":true,"href":"https:\/\/elhijodelllanero.mx\/index.php\/wp-json\/wp\/v2\/users\/3"}],"replies":[{"embeddable":true,"href":"https:\/\/elhijodelllanero.mx\/index.php\/wp-json\/wp\/v2\/comments?post=14113"}],"version-history":[{"count":1,"href":"https:\/\/elhijodelllanero.mx\/index.php\/wp-json\/wp\/v2\/posts\/14113\/revisions"}],"predecessor-version":[{"id":14115,"href":"https:\/\/elhijodelllanero.mx\/index.php\/wp-json\/wp\/v2\/posts\/14113\/revisions\/14115"}],"wp:featuredmedia":[{"embeddable":true,"href":"https:\/\/elhijodelllanero.mx\/index.php\/wp-json\/wp\/v2\/media\/14114"}],"wp:attachment":[{"href":"https:\/\/elhijodelllanero.mx\/index.php\/wp-json\/wp\/v2\/media?parent=14113"}],"wp:term":[{"taxonomy":"category","embeddable":true,"href":"https:\/\/elhijodelllanero.mx\/index.php\/wp-json\/wp\/v2\/categories?post=14113"},{"taxonomy":"post_tag","embeddable":true,"href":"https:\/\/elhijodelllanero.mx\/index.php\/wp-json\/wp\/v2\/tags?post=14113"}],"curies":[{"name":"wp","href":"https:\/\/api.w.org\/{rel}","templated":true}]}}