{"id":14116,"date":"2026-04-24T14:40:05","date_gmt":"2026-04-24T20:40:05","guid":{"rendered":"https:\/\/elhijodelllanero.mx\/?p=14116"},"modified":"2026-04-24T14:40:05","modified_gmt":"2026-04-24T20:40:05","slug":"engano-laboral-lo-llevo-hasta-sinaloa-fiscalia-logra-regresarlo-a-celaya","status":"publish","type":"post","link":"https:\/\/elhijodelllanero.mx\/index.php\/2026\/04\/24\/engano-laboral-lo-llevo-hasta-sinaloa-fiscalia-logra-regresarlo-a-celaya\/","title":{"rendered":"Enga\u00f1o laboral lo llev\u00f3 hasta Sinaloa; Fiscal\u00eda logra regresarlo a Celaya."},"content":{"rendered":"<p>Celaya, Gto. 24 de abril del 2026.- Lo que parec\u00eda una oportunidad de trabajo termin\u00f3 convirti\u00e9ndose en una pesadilla para un joven celayense de apenas 18 a\u00f1os, quien fue enga\u00f1ado con una supuesta entrevista laboral y termin\u00f3 retenido bajo amenazas en Sinaloa.<\/p>\n<p>De acuerdo con la Fiscal\u00eda General del Estado de Guanajuato, el joven sali\u00f3 de Celaya con destino a Guadalajara, donde acudir\u00eda a una presunta oferta de empleo. Sin embargo, todo se trat\u00f3 de un enga\u00f1o presuntamente orquestado por un grupo delictivo.<\/p>\n<p>Tras su llegada, fue privado de la libertad y obligado bajo amenazas de muerte a trasladarse hasta la zona de Tepuche, en Sinaloa, donde permaneci\u00f3 retenido contra su voluntad.<\/p>\n<p>Gracias a trabajos de inteligencia, rastreo y geolocalizaci\u00f3n realizados por la Fiscal\u00eda Regional C, se logr\u00f3 ubicar al joven en Culiac\u00e1n. En coordinaci\u00f3n con la Fiscal\u00eda General de Sinaloa, se implement\u00f3 un operativo que permiti\u00f3 su rescate y posterior resguardo.<\/p>\n<p>Posteriormente, la Unidad Especializada en Investigaci\u00f3n de Personas Desaparecidas realiz\u00f3 las gestiones necesarias para garantizar su regreso seguro a Guanajuato y su reencuentro con su familia.<\/p>\n<p>Este caso vuelve a encender la alerta sobre falsas ofertas de trabajo que circulan principalmente entre j\u00f3venes, con promesas de altos sueldos, viajes pagados y contrataciones inmediatas, muchas veces utilizadas como m\u00e9todo de enganche por grupos criminales. Porque claro, en este pa\u00eds ya hasta buscar empleo viene con modo supervivencia activado.<\/p>\n<p>Autoridades exhortaron a la poblaci\u00f3n a verificar la autenticidad de cualquier oferta laboral, investigar a las empresas, evitar acudir solos a citas sospechosas y mantener siempre informados a familiares sobre cualquier viaje o entrevista fuera de la ciudad.<\/p>\n<p>La Fiscal\u00eda inform\u00f3 que las investigaciones contin\u00faan para esclarecer completamente los hechos y deslindar responsabilidades.<\/p>\n","protected":false},"excerpt":{"rendered":"<p>Celaya, Gto. 24 de abril del 2026.- Lo que parec\u00eda una oportunidad de trabajo termin\u00f3 convirti\u00e9ndose en una pesadilla para un joven celayense de apenas 18 a\u00f1os, quien fue enga\u00f1ado con una supuesta entrevista laboral y termin\u00f3 retenido bajo amenazas en Sinaloa. De acuerdo con la Fiscal\u00eda General del Estado de Guanajuato, el joven sali\u00f3 [&hellip;]<\/p>\n","protected":false},"author":3,"featured_media":14117,"comment_status":"open","ping_status":"closed","sticky":false,"template":"","format":"standard","meta":{"_jetpack_newsletter_access":"","_jetpack_dont_email_post_to_subs":false,"_jetpack_newsletter_tier_id":0,"_jetpack_memberships_contains_paywalled_content":false,"_jetpack_memberships_contains_paid_content":false,"footnotes":""},"categories":[74,38,82],"tags":[],"class_list":{"0":"post-14116","1":"post","2":"type-post","3":"status-publish","4":"format-standard","5":"has-post-thumbnail","7":"category-celaya","8":"category-estado","9":"category-policiaco"},"yoast_head":"<!-- This site is optimized with the Yoast SEO plugin v27.3 - https:\/\/yoast.com\/product\/yoast-seo-wordpress\/ -->\n<title>Enga\u00f1o laboral lo llev\u00f3 hasta Sinaloa; Fiscal\u00eda logra regresarlo a Celaya. - El Hijo del llanero solititito<\/title>\n<meta name=\"robots\" content=\"index, follow, max-snippet:-1, max-image-preview:large, max-video-preview:-1\" \/>\n<link rel=\"canonical\" href=\"https:\/\/elhijodelllanero.mx\/index.php\/2026\/04\/24\/engano-laboral-lo-llevo-hasta-sinaloa-fiscalia-logra-regresarlo-a-celaya\/\" \/>\n<meta property=\"og:locale\" content=\"es_ES\" \/>\n<meta property=\"og:type\" content=\"article\" \/>\n<meta property=\"og:title\" content=\"Enga\u00f1o laboral lo llev\u00f3 hasta Sinaloa; Fiscal\u00eda logra regresarlo a Celaya. - El Hijo del llanero solititito\" \/>\n<meta property=\"og:description\" content=\"Celaya, Gto. 24 de abril del 2026.- Lo que parec\u00eda una oportunidad de trabajo termin\u00f3 convirti\u00e9ndose en una pesadilla para un joven celayense de apenas 18 a\u00f1os, quien fue enga\u00f1ado con una supuesta entrevista laboral y termin\u00f3 retenido bajo amenazas en Sinaloa. De acuerdo con la Fiscal\u00eda General del Estado de Guanajuato, el joven sali\u00f3 [&hellip;]\" \/>\n<meta property=\"og:url\" content=\"https:\/\/elhijodelllanero.mx\/index.php\/2026\/04\/24\/engano-laboral-lo-llevo-hasta-sinaloa-fiscalia-logra-regresarlo-a-celaya\/\" \/>\n<meta property=\"og:site_name\" content=\"El Hijo del llanero solititito\" \/>\n<meta property=\"article:published_time\" content=\"2026-04-24T20:40:05+00:00\" \/>\n<meta property=\"og:image\" content=\"https:\/\/elhijodelllanero.mx\/wp-content\/uploads\/2026\/04\/IMG_9357.jpeg\" \/>\n\t<meta property=\"og:image:width\" content=\"1290\" \/>\n\t<meta property=\"og:image:height\" content=\"823\" \/>\n\t<meta property=\"og:image:type\" content=\"image\/jpeg\" \/>\n<meta name=\"author\" content=\"Mar\u00eda de la Paz Rodarte Ram\u00edrez\" \/>\n<meta name=\"twitter:card\" content=\"summary_large_image\" \/>\n<meta name=\"twitter:label1\" content=\"Escrito por\" \/>\n\t<meta name=\"twitter:data1\" content=\"Mar\u00eda de la Paz Rodarte Ram\u00edrez\" \/>\n\t<meta name=\"twitter:label2\" content=\"Tiempo de lectura\" \/>\n\t<meta name=\"twitter:data2\" content=\"2 minutos\" \/>\n<script type=\"application\/ld+json\" class=\"yoast-schema-graph\">{\"@context\":\"https:\\\/\\\/schema.org\",\"@graph\":[{\"@type\":\"Article\",\"@id\":\"https:\\\/\\\/elhijodelllanero.mx\\\/index.php\\\/2026\\\/04\\\/24\\\/engano-laboral-lo-llevo-hasta-sinaloa-fiscalia-logra-regresarlo-a-celaya\\\/#article\",\"isPartOf\":{\"@id\":\"https:\\\/\\\/elhijodelllanero.mx\\\/index.php\\\/2026\\\/04\\\/24\\\/engano-laboral-lo-llevo-hasta-sinaloa-fiscalia-logra-regresarlo-a-celaya\\\/\"},\"author\":{\"name\":\"Mar\u00eda de la Paz Rodarte Ram\u00edrez\",\"@id\":\"https:\\\/\\\/elhijodelllanero.mx\\\/#\\\/schema\\\/person\\\/c7f8c86c55c1eab44ae2b93a9628245f\"},\"headline\":\"Enga\u00f1o laboral lo llev\u00f3 hasta Sinaloa; Fiscal\u00eda logra regresarlo a Celaya.\",\"datePublished\":\"2026-04-24T20:40:05+00:00\",\"mainEntityOfPage\":{\"@id\":\"https:\\\/\\\/elhijodelllanero.mx\\\/index.php\\\/2026\\\/04\\\/24\\\/engano-laboral-lo-llevo-hasta-sinaloa-fiscalia-logra-regresarlo-a-celaya\\\/\"},\"wordCount\":312,\"commentCount\":0,\"image\":{\"@id\":\"https:\\\/\\\/elhijodelllanero.mx\\\/index.php\\\/2026\\\/04\\\/24\\\/engano-laboral-lo-llevo-hasta-sinaloa-fiscalia-logra-regresarlo-a-celaya\\\/#primaryimage\"},\"thumbnailUrl\":\"https:\\\/\\\/i0.wp.com\\\/elhijodelllanero.mx\\\/wp-content\\\/uploads\\\/2026\\\/04\\\/IMG_9357.jpeg?fit=1290%2C823&ssl=1\",\"articleSection\":[\"CELAYA\",\"ESTADO\",\"POLICIACO\"],\"inLanguage\":\"es\",\"potentialAction\":[{\"@type\":\"CommentAction\",\"name\":\"Comment\",\"target\":[\"https:\\\/\\\/elhijodelllanero.mx\\\/index.php\\\/2026\\\/04\\\/24\\\/engano-laboral-lo-llevo-hasta-sinaloa-fiscalia-logra-regresarlo-a-celaya\\\/#respond\"]}]},{\"@type\":\"WebPage\",\"@id\":\"https:\\\/\\\/elhijodelllanero.mx\\\/index.php\\\/2026\\\/04\\\/24\\\/engano-laboral-lo-llevo-hasta-sinaloa-fiscalia-logra-regresarlo-a-celaya\\\/\",\"url\":\"https:\\\/\\\/elhijodelllanero.mx\\\/index.php\\\/2026\\\/04\\\/24\\\/engano-laboral-lo-llevo-hasta-sinaloa-fiscalia-logra-regresarlo-a-celaya\\\/\",\"name\":\"Enga\u00f1o laboral lo llev\u00f3 hasta Sinaloa; Fiscal\u00eda logra regresarlo a Celaya. - El Hijo del llanero solititito\",\"isPartOf\":{\"@id\":\"https:\\\/\\\/elhijodelllanero.mx\\\/#website\"},\"primaryImageOfPage\":{\"@id\":\"https:\\\/\\\/elhijodelllanero.mx\\\/index.php\\\/2026\\\/04\\\/24\\\/engano-laboral-lo-llevo-hasta-sinaloa-fiscalia-logra-regresarlo-a-celaya\\\/#primaryimage\"},\"image\":{\"@id\":\"https:\\\/\\\/elhijodelllanero.mx\\\/index.php\\\/2026\\\/04\\\/24\\\/engano-laboral-lo-llevo-hasta-sinaloa-fiscalia-logra-regresarlo-a-celaya\\\/#primaryimage\"},\"thumbnailUrl\":\"https:\\\/\\\/i0.wp.com\\\/elhijodelllanero.mx\\\/wp-content\\\/uploads\\\/2026\\\/04\\\/IMG_9357.jpeg?fit=1290%2C823&ssl=1\",\"datePublished\":\"2026-04-24T20:40:05+00:00\",\"author\":{\"@id\":\"https:\\\/\\\/elhijodelllanero.mx\\\/#\\\/schema\\\/person\\\/c7f8c86c55c1eab44ae2b93a9628245f\"},\"breadcrumb\":{\"@id\":\"https:\\\/\\\/elhijodelllanero.mx\\\/index.php\\\/2026\\\/04\\\/24\\\/engano-laboral-lo-llevo-hasta-sinaloa-fiscalia-logra-regresarlo-a-celaya\\\/#breadcrumb\"},\"inLanguage\":\"es\",\"potentialAction\":[{\"@type\":\"ReadAction\",\"target\":[\"https:\\\/\\\/elhijodelllanero.mx\\\/index.php\\\/2026\\\/04\\\/24\\\/engano-laboral-lo-llevo-hasta-sinaloa-fiscalia-logra-regresarlo-a-celaya\\\/\"]}]},{\"@type\":\"ImageObject\",\"inLanguage\":\"es\",\"@id\":\"https:\\\/\\\/elhijodelllanero.mx\\\/index.php\\\/2026\\\/04\\\/24\\\/engano-laboral-lo-llevo-hasta-sinaloa-fiscalia-logra-regresarlo-a-celaya\\\/#primaryimage\",\"url\":\"https:\\\/\\\/i0.wp.com\\\/elhijodelllanero.mx\\\/wp-content\\\/uploads\\\/2026\\\/04\\\/IMG_9357.jpeg?fit=1290%2C823&ssl=1\",\"contentUrl\":\"https:\\\/\\\/i0.wp.com\\\/elhijodelllanero.mx\\\/wp-content\\\/uploads\\\/2026\\\/04\\\/IMG_9357.jpeg?fit=1290%2C823&ssl=1\",\"width\":1290,\"height\":823,\"caption\":\"Screenshot\"},{\"@type\":\"BreadcrumbList\",\"@id\":\"https:\\\/\\\/elhijodelllanero.mx\\\/index.php\\\/2026\\\/04\\\/24\\\/engano-laboral-lo-llevo-hasta-sinaloa-fiscalia-logra-regresarlo-a-celaya\\\/#breadcrumb\",\"itemListElement\":[{\"@type\":\"ListItem\",\"position\":1,\"name\":\"Portada\",\"item\":\"https:\\\/\\\/elhijodelllanero.mx\\\/\"},{\"@type\":\"ListItem\",\"position\":2,\"name\":\"Enga\u00f1o laboral lo llev\u00f3 hasta Sinaloa; Fiscal\u00eda logra regresarlo a Celaya.\"}]},{\"@type\":\"WebSite\",\"@id\":\"https:\\\/\\\/elhijodelllanero.mx\\\/#website\",\"url\":\"https:\\\/\\\/elhijodelllanero.mx\\\/\",\"name\":\"El Hijo del llanero solititito\",\"description\":\"\",\"potentialAction\":[{\"@type\":\"SearchAction\",\"target\":{\"@type\":\"EntryPoint\",\"urlTemplate\":\"https:\\\/\\\/elhijodelllanero.mx\\\/?s={search_term_string}\"},\"query-input\":{\"@type\":\"PropertyValueSpecification\",\"valueRequired\":true,\"valueName\":\"search_term_string\"}}],\"inLanguage\":\"es\"},{\"@type\":\"Person\",\"@id\":\"https:\\\/\\\/elhijodelllanero.mx\\\/#\\\/schema\\\/person\\\/c7f8c86c55c1eab44ae2b93a9628245f\",\"name\":\"Mar\u00eda de la Paz Rodarte Ram\u00edrez\",\"image\":{\"@type\":\"ImageObject\",\"inLanguage\":\"es\",\"@id\":\"https:\\\/\\\/secure.gravatar.com\\\/avatar\\\/1f38f8518b09a266af73da2bce78d69e7d1275299970134ed62f572e0487e1d0?s=96&d=mm&r=g\",\"url\":\"https:\\\/\\\/secure.gravatar.com\\\/avatar\\\/1f38f8518b09a266af73da2bce78d69e7d1275299970134ed62f572e0487e1d0?s=96&d=mm&r=g\",\"contentUrl\":\"https:\\\/\\\/secure.gravatar.com\\\/avatar\\\/1f38f8518b09a266af73da2bce78d69e7d1275299970134ed62f572e0487e1d0?s=96&d=mm&r=g\",\"caption\":\"Mar\u00eda de la Paz Rodarte Ram\u00edrez\"},\"sameAs\":[\"https:\\\/\\\/www.elhijodelllanero.mx\"],\"url\":\"https:\\\/\\\/elhijodelllanero.mx\\\/index.php\\\/author\\\/maricuas\\\/\"}]}<\/script>\n<!-- \/ Yoast SEO plugin. -->","yoast_head_json":{"title":"Enga\u00f1o laboral lo llev\u00f3 hasta Sinaloa; Fiscal\u00eda logra regresarlo a Celaya. - El Hijo del llanero solititito","robots":{"index":"index","follow":"follow","max-snippet":"max-snippet:-1","max-image-preview":"max-image-preview:large","max-video-preview":"max-video-preview:-1"},"canonical":"https:\/\/elhijodelllanero.mx\/index.php\/2026\/04\/24\/engano-laboral-lo-llevo-hasta-sinaloa-fiscalia-logra-regresarlo-a-celaya\/","og_locale":"es_ES","og_type":"article","og_title":"Enga\u00f1o laboral lo llev\u00f3 hasta Sinaloa; Fiscal\u00eda logra regresarlo a Celaya. - El Hijo del llanero solititito","og_description":"Celaya, Gto. 24 de abril del 2026.- Lo que parec\u00eda una oportunidad de trabajo termin\u00f3 convirti\u00e9ndose en una pesadilla para un joven celayense de apenas 18 a\u00f1os, quien fue enga\u00f1ado con una supuesta entrevista laboral y termin\u00f3 retenido bajo amenazas en Sinaloa. De acuerdo con la Fiscal\u00eda General del Estado de Guanajuato, el joven sali\u00f3 [&hellip;]","og_url":"https:\/\/elhijodelllanero.mx\/index.php\/2026\/04\/24\/engano-laboral-lo-llevo-hasta-sinaloa-fiscalia-logra-regresarlo-a-celaya\/","og_site_name":"El Hijo del llanero solititito","article_published_time":"2026-04-24T20:40:05+00:00","og_image":[{"width":1290,"height":823,"url":"https:\/\/elhijodelllanero.mx\/wp-content\/uploads\/2026\/04\/IMG_9357.jpeg","type":"image\/jpeg"}],"author":"Mar\u00eda de la Paz Rodarte Ram\u00edrez","twitter_card":"summary_large_image","twitter_misc":{"Escrito por":"Mar\u00eda de la Paz Rodarte Ram\u00edrez","Tiempo de lectura":"2 minutos"},"schema":{"@context":"https:\/\/schema.org","@graph":[{"@type":"Article","@id":"https:\/\/elhijodelllanero.mx\/index.php\/2026\/04\/24\/engano-laboral-lo-llevo-hasta-sinaloa-fiscalia-logra-regresarlo-a-celaya\/#article","isPartOf":{"@id":"https:\/\/elhijodelllanero.mx\/index.php\/2026\/04\/24\/engano-laboral-lo-llevo-hasta-sinaloa-fiscalia-logra-regresarlo-a-celaya\/"},"author":{"name":"Mar\u00eda de la Paz Rodarte Ram\u00edrez","@id":"https:\/\/elhijodelllanero.mx\/#\/schema\/person\/c7f8c86c55c1eab44ae2b93a9628245f"},"headline":"Enga\u00f1o laboral lo llev\u00f3 hasta Sinaloa; Fiscal\u00eda logra regresarlo a Celaya.","datePublished":"2026-04-24T20:40:05+00:00","mainEntityOfPage":{"@id":"https:\/\/elhijodelllanero.mx\/index.php\/2026\/04\/24\/engano-laboral-lo-llevo-hasta-sinaloa-fiscalia-logra-regresarlo-a-celaya\/"},"wordCount":312,"commentCount":0,"image":{"@id":"https:\/\/elhijodelllanero.mx\/index.php\/2026\/04\/24\/engano-laboral-lo-llevo-hasta-sinaloa-fiscalia-logra-regresarlo-a-celaya\/#primaryimage"},"thumbnailUrl":"https:\/\/i0.wp.com\/elhijodelllanero.mx\/wp-content\/uploads\/2026\/04\/IMG_9357.jpeg?fit=1290%2C823&ssl=1","articleSection":["CELAYA","ESTADO","POLICIACO"],"inLanguage":"es","potentialAction":[{"@type":"CommentAction","name":"Comment","target":["https:\/\/elhijodelllanero.mx\/index.php\/2026\/04\/24\/engano-laboral-lo-llevo-hasta-sinaloa-fiscalia-logra-regresarlo-a-celaya\/#respond"]}]},{"@type":"WebPage","@id":"https:\/\/elhijodelllanero.mx\/index.php\/2026\/04\/24\/engano-laboral-lo-llevo-hasta-sinaloa-fiscalia-logra-regresarlo-a-celaya\/","url":"https:\/\/elhijodelllanero.mx\/index.php\/2026\/04\/24\/engano-laboral-lo-llevo-hasta-sinaloa-fiscalia-logra-regresarlo-a-celaya\/","name":"Enga\u00f1o laboral lo llev\u00f3 hasta Sinaloa; Fiscal\u00eda logra regresarlo a Celaya. - El Hijo del llanero solititito","isPartOf":{"@id":"https:\/\/elhijodelllanero.mx\/#website"},"primaryImageOfPage":{"@id":"https:\/\/elhijodelllanero.mx\/index.php\/2026\/04\/24\/engano-laboral-lo-llevo-hasta-sinaloa-fiscalia-logra-regresarlo-a-celaya\/#primaryimage"},"image":{"@id":"https:\/\/elhijodelllanero.mx\/index.php\/2026\/04\/24\/engano-laboral-lo-llevo-hasta-sinaloa-fiscalia-logra-regresarlo-a-celaya\/#primaryimage"},"thumbnailUrl":"https:\/\/i0.wp.com\/elhijodelllanero.mx\/wp-content\/uploads\/2026\/04\/IMG_9357.jpeg?fit=1290%2C823&ssl=1","datePublished":"2026-04-24T20:40:05+00:00","author":{"@id":"https:\/\/elhijodelllanero.mx\/#\/schema\/person\/c7f8c86c55c1eab44ae2b93a9628245f"},"breadcrumb":{"@id":"https:\/\/elhijodelllanero.mx\/index.php\/2026\/04\/24\/engano-laboral-lo-llevo-hasta-sinaloa-fiscalia-logra-regresarlo-a-celaya\/#breadcrumb"},"inLanguage":"es","potentialAction":[{"@type":"ReadAction","target":["https:\/\/elhijodelllanero.mx\/index.php\/2026\/04\/24\/engano-laboral-lo-llevo-hasta-sinaloa-fiscalia-logra-regresarlo-a-celaya\/"]}]},{"@type":"ImageObject","inLanguage":"es","@id":"https:\/\/elhijodelllanero.mx\/index.php\/2026\/04\/24\/engano-laboral-lo-llevo-hasta-sinaloa-fiscalia-logra-regresarlo-a-celaya\/#primaryimage","url":"https:\/\/i0.wp.com\/elhijodelllanero.mx\/wp-content\/uploads\/2026\/04\/IMG_9357.jpeg?fit=1290%2C823&ssl=1","contentUrl":"https:\/\/i0.wp.com\/elhijodelllanero.mx\/wp-content\/uploads\/2026\/04\/IMG_9357.jpeg?fit=1290%2C823&ssl=1","width":1290,"height":823,"caption":"Screenshot"},{"@type":"BreadcrumbList","@id":"https:\/\/elhijodelllanero.mx\/index.php\/2026\/04\/24\/engano-laboral-lo-llevo-hasta-sinaloa-fiscalia-logra-regresarlo-a-celaya\/#breadcrumb","itemListElement":[{"@type":"ListItem","position":1,"name":"Portada","item":"https:\/\/elhijodelllanero.mx\/"},{"@type":"ListItem","position":2,"name":"Enga\u00f1o laboral lo llev\u00f3 hasta Sinaloa; Fiscal\u00eda logra regresarlo a Celaya."}]},{"@type":"WebSite","@id":"https:\/\/elhijodelllanero.mx\/#website","url":"https:\/\/elhijodelllanero.mx\/","name":"El Hijo del llanero solititito","description":"","potentialAction":[{"@type":"SearchAction","target":{"@type":"EntryPoint","urlTemplate":"https:\/\/elhijodelllanero.mx\/?s={search_term_string}"},"query-input":{"@type":"PropertyValueSpecification","valueRequired":true,"valueName":"search_term_string"}}],"inLanguage":"es"},{"@type":"Person","@id":"https:\/\/elhijodelllanero.mx\/#\/schema\/person\/c7f8c86c55c1eab44ae2b93a9628245f","name":"Mar\u00eda de la Paz Rodarte Ram\u00edrez","image":{"@type":"ImageObject","inLanguage":"es","@id":"https:\/\/secure.gravatar.com\/avatar\/1f38f8518b09a266af73da2bce78d69e7d1275299970134ed62f572e0487e1d0?s=96&d=mm&r=g","url":"https:\/\/secure.gravatar.com\/avatar\/1f38f8518b09a266af73da2bce78d69e7d1275299970134ed62f572e0487e1d0?s=96&d=mm&r=g","contentUrl":"https:\/\/secure.gravatar.com\/avatar\/1f38f8518b09a266af73da2bce78d69e7d1275299970134ed62f572e0487e1d0?s=96&d=mm&r=g","caption":"Mar\u00eda de la Paz Rodarte Ram\u00edrez"},"sameAs":["https:\/\/www.elhijodelllanero.mx"],"url":"https:\/\/elhijodelllanero.mx\/index.php\/author\/maricuas\/"}]}},"jetpack_featured_media_url":"https:\/\/i0.wp.com\/elhijodelllanero.mx\/wp-content\/uploads\/2026\/04\/IMG_9357.jpeg?fit=1290%2C823&ssl=1","jetpack-related-posts":[],"jetpack_sharing_enabled":true,"_links":{"self":[{"href":"https:\/\/elhijodelllanero.mx\/index.php\/wp-json\/wp\/v2\/posts\/14116","targetHints":{"allow":["GET"]}}],"collection":[{"href":"https:\/\/elhijodelllanero.mx\/index.php\/wp-json\/wp\/v2\/posts"}],"about":[{"href":"https:\/\/elhijodelllanero.mx\/index.php\/wp-json\/wp\/v2\/types\/post"}],"author":[{"embeddable":true,"href":"https:\/\/elhijodelllanero.mx\/index.php\/wp-json\/wp\/v2\/users\/3"}],"replies":[{"embeddable":true,"href":"https:\/\/elhijodelllanero.mx\/index.php\/wp-json\/wp\/v2\/comments?post=14116"}],"version-history":[{"count":1,"href":"https:\/\/elhijodelllanero.mx\/index.php\/wp-json\/wp\/v2\/posts\/14116\/revisions"}],"predecessor-version":[{"id":14118,"href":"https:\/\/elhijodelllanero.mx\/index.php\/wp-json\/wp\/v2\/posts\/14116\/revisions\/14118"}],"wp:featuredmedia":[{"embeddable":true,"href":"https:\/\/elhijodelllanero.mx\/index.php\/wp-json\/wp\/v2\/media\/14117"}],"wp:attachment":[{"href":"https:\/\/elhijodelllanero.mx\/index.php\/wp-json\/wp\/v2\/media?parent=14116"}],"wp:term":[{"taxonomy":"category","embeddable":true,"href":"https:\/\/elhijodelllanero.mx\/index.php\/wp-json\/wp\/v2\/categories?post=14116"},{"taxonomy":"post_tag","embeddable":true,"href":"https:\/\/elhijodelllanero.mx\/index.php\/wp-json\/wp\/v2\/tags?post=14116"}],"curies":[{"name":"wp","href":"https:\/\/api.w.org\/{rel}","templated":true}]}}