{"id":14119,"date":"2026-04-24T18:48:22","date_gmt":"2026-04-25T00:48:22","guid":{"rendered":"https:\/\/elhijodelllanero.mx\/?p=14119"},"modified":"2026-04-24T18:48:22","modified_gmt":"2026-04-25T00:48:22","slug":"confirman-antecedentes-de-violencia-a-joven-acusado-por-la-muerte-de-su-madre-fiscalia-debera-determinar-su-situacion-legal","status":"publish","type":"post","link":"https:\/\/elhijodelllanero.mx\/index.php\/2026\/04\/24\/confirman-antecedentes-de-violencia-a-joven-acusado-por-la-muerte-de-su-madre-fiscalia-debera-determinar-su-situacion-legal\/","title":{"rendered":"Confirman antecedentes de violencia a joven acusado por la muerte de su madre; Fiscal\u00eda deber\u00e1 determinar su situaci\u00f3n legal."},"content":{"rendered":"<p>Celaya, Gto.24 de abril del 2026.-El director de la Polic\u00eda Municipal de Celaya, Rafael Cajero, aclar\u00f3 que no se puede determinar que el joven se\u00f1alado en la colonia Fovissste haya asesinado a su madre, ya que esa investigaci\u00f3n corresponde \u00fanicamente a la Fiscal\u00eda.<\/p>\n<p>Explic\u00f3 que la corporaci\u00f3n atendi\u00f3 el reporte del fallecimiento de la mujer, sin embargo, al momento de la intervenci\u00f3n el joven no se encontraba en el lugar. Se\u00f1al\u00f3 adem\u00e1s que no era un caso nuevo, pues ya exist\u00edan reportes previos por violencia familiar y se le daba seguimiento por parte del DIF.<\/p>\n<p>Indic\u00f3 que el hijo de la v\u00edctima incluso ya hab\u00eda sido puesto a disposici\u00f3n de la Fiscal\u00eda y anteriormente fue detenido por elementos de la Polic\u00eda Municipal por un caso relacionado con violencia de g\u00e9nero.<\/p>\n<p>Respecto a la preocupaci\u00f3n de vecinos, quienes aseguran que el joven fue liberado el mismo d\u00eda del velorio y ahora deambula por las calles preguntando por su madre en aparente estado inconveniente, Cajero reiter\u00f3 que corresponde a la Fiscal\u00eda determinar su situaci\u00f3n jur\u00eddica.<\/p>\n<p>Finalmente, hizo un llamado a las v\u00edctimas de violencia familiar a no desistir de las denuncias, ya que en muchas ocasiones, cuando llega la autoridad, los afectados ya no quieren denunciar e incluso piden que no se realicen detenciones, lo que complica la actuaci\u00f3n legal y preventiva de las autoridades.<\/p>\n","protected":false},"excerpt":{"rendered":"<p>Celaya, Gto.24 de abril del 2026.-El director de la Polic\u00eda Municipal de Celaya, Rafael Cajero, aclar\u00f3 que no se puede determinar que el joven se\u00f1alado en la colonia Fovissste haya asesinado a su madre, ya que esa investigaci\u00f3n corresponde \u00fanicamente a la Fiscal\u00eda. Explic\u00f3 que la corporaci\u00f3n atendi\u00f3 el reporte del fallecimiento de la mujer, [&hellip;]<\/p>\n","protected":false},"author":3,"featured_media":14120,"comment_status":"open","ping_status":"closed","sticky":false,"template":"","format":"standard","meta":{"_jetpack_newsletter_access":"","_jetpack_dont_email_post_to_subs":false,"_jetpack_newsletter_tier_id":0,"_jetpack_memberships_contains_paywalled_content":false,"_jetpack_memberships_contains_paid_content":false,"footnotes":""},"categories":[74,82],"tags":[],"class_list":{"0":"post-14119","1":"post","2":"type-post","3":"status-publish","4":"format-standard","5":"has-post-thumbnail","7":"category-celaya","8":"category-policiaco"},"yoast_head":"<!-- This site is optimized with the Yoast SEO plugin v27.3 - https:\/\/yoast.com\/product\/yoast-seo-wordpress\/ -->\n<title>Confirman antecedentes de violencia a joven acusado por la muerte de su madre; Fiscal\u00eda deber\u00e1 determinar su situaci\u00f3n legal. - El Hijo del llanero solititito<\/title>\n<meta name=\"robots\" content=\"index, follow, max-snippet:-1, max-image-preview:large, max-video-preview:-1\" \/>\n<link rel=\"canonical\" href=\"https:\/\/elhijodelllanero.mx\/index.php\/2026\/04\/24\/confirman-antecedentes-de-violencia-a-joven-acusado-por-la-muerte-de-su-madre-fiscalia-debera-determinar-su-situacion-legal\/\" \/>\n<meta property=\"og:locale\" content=\"es_ES\" \/>\n<meta property=\"og:type\" content=\"article\" \/>\n<meta property=\"og:title\" content=\"Confirman antecedentes de violencia a joven acusado por la muerte de su madre; Fiscal\u00eda deber\u00e1 determinar su situaci\u00f3n legal. - El Hijo del llanero solititito\" \/>\n<meta property=\"og:description\" content=\"Celaya, Gto.24 de abril del 2026.-El director de la Polic\u00eda Municipal de Celaya, Rafael Cajero, aclar\u00f3 que no se puede determinar que el joven se\u00f1alado en la colonia Fovissste haya asesinado a su madre, ya que esa investigaci\u00f3n corresponde \u00fanicamente a la Fiscal\u00eda. Explic\u00f3 que la corporaci\u00f3n atendi\u00f3 el reporte del fallecimiento de la mujer, [&hellip;]\" \/>\n<meta property=\"og:url\" content=\"https:\/\/elhijodelllanero.mx\/index.php\/2026\/04\/24\/confirman-antecedentes-de-violencia-a-joven-acusado-por-la-muerte-de-su-madre-fiscalia-debera-determinar-su-situacion-legal\/\" \/>\n<meta property=\"og:site_name\" content=\"El Hijo del llanero solititito\" \/>\n<meta property=\"article:published_time\" content=\"2026-04-25T00:48:22+00:00\" \/>\n<meta property=\"og:image\" content=\"https:\/\/elhijodelllanero.mx\/wp-content\/uploads\/2026\/04\/20e8774f-46f3-4185-995e-cd97b9d6fc1d.jpeg\" \/>\n\t<meta property=\"og:image:width\" content=\"1600\" \/>\n\t<meta property=\"og:image:height\" content=\"1070\" \/>\n\t<meta property=\"og:image:type\" content=\"image\/jpeg\" \/>\n<meta name=\"author\" content=\"Mar\u00eda de la Paz Rodarte Ram\u00edrez\" \/>\n<meta name=\"twitter:card\" content=\"summary_large_image\" \/>\n<meta name=\"twitter:label1\" content=\"Escrito por\" \/>\n\t<meta name=\"twitter:data1\" content=\"Mar\u00eda de la Paz Rodarte Ram\u00edrez\" \/>\n\t<meta name=\"twitter:label2\" content=\"Tiempo de lectura\" \/>\n\t<meta name=\"twitter:data2\" content=\"2 minutos\" \/>\n<script type=\"application\/ld+json\" class=\"yoast-schema-graph\">{\"@context\":\"https:\\\/\\\/schema.org\",\"@graph\":[{\"@type\":\"Article\",\"@id\":\"https:\\\/\\\/elhijodelllanero.mx\\\/index.php\\\/2026\\\/04\\\/24\\\/confirman-antecedentes-de-violencia-a-joven-acusado-por-la-muerte-de-su-madre-fiscalia-debera-determinar-su-situacion-legal\\\/#article\",\"isPartOf\":{\"@id\":\"https:\\\/\\\/elhijodelllanero.mx\\\/index.php\\\/2026\\\/04\\\/24\\\/confirman-antecedentes-de-violencia-a-joven-acusado-por-la-muerte-de-su-madre-fiscalia-debera-determinar-su-situacion-legal\\\/\"},\"author\":{\"name\":\"Mar\u00eda de la Paz Rodarte Ram\u00edrez\",\"@id\":\"https:\\\/\\\/elhijodelllanero.mx\\\/#\\\/schema\\\/person\\\/c7f8c86c55c1eab44ae2b93a9628245f\"},\"headline\":\"Confirman antecedentes de violencia a joven acusado por la muerte de su madre; Fiscal\u00eda deber\u00e1 determinar su situaci\u00f3n legal.\",\"datePublished\":\"2026-04-25T00:48:22+00:00\",\"mainEntityOfPage\":{\"@id\":\"https:\\\/\\\/elhijodelllanero.mx\\\/index.php\\\/2026\\\/04\\\/24\\\/confirman-antecedentes-de-violencia-a-joven-acusado-por-la-muerte-de-su-madre-fiscalia-debera-determinar-su-situacion-legal\\\/\"},\"wordCount\":266,\"commentCount\":0,\"image\":{\"@id\":\"https:\\\/\\\/elhijodelllanero.mx\\\/index.php\\\/2026\\\/04\\\/24\\\/confirman-antecedentes-de-violencia-a-joven-acusado-por-la-muerte-de-su-madre-fiscalia-debera-determinar-su-situacion-legal\\\/#primaryimage\"},\"thumbnailUrl\":\"https:\\\/\\\/i0.wp.com\\\/elhijodelllanero.mx\\\/wp-content\\\/uploads\\\/2026\\\/04\\\/20e8774f-46f3-4185-995e-cd97b9d6fc1d.jpeg?fit=1600%2C1070&ssl=1\",\"articleSection\":[\"CELAYA\",\"POLICIACO\"],\"inLanguage\":\"es\",\"potentialAction\":[{\"@type\":\"CommentAction\",\"name\":\"Comment\",\"target\":[\"https:\\\/\\\/elhijodelllanero.mx\\\/index.php\\\/2026\\\/04\\\/24\\\/confirman-antecedentes-de-violencia-a-joven-acusado-por-la-muerte-de-su-madre-fiscalia-debera-determinar-su-situacion-legal\\\/#respond\"]}]},{\"@type\":\"WebPage\",\"@id\":\"https:\\\/\\\/elhijodelllanero.mx\\\/index.php\\\/2026\\\/04\\\/24\\\/confirman-antecedentes-de-violencia-a-joven-acusado-por-la-muerte-de-su-madre-fiscalia-debera-determinar-su-situacion-legal\\\/\",\"url\":\"https:\\\/\\\/elhijodelllanero.mx\\\/index.php\\\/2026\\\/04\\\/24\\\/confirman-antecedentes-de-violencia-a-joven-acusado-por-la-muerte-de-su-madre-fiscalia-debera-determinar-su-situacion-legal\\\/\",\"name\":\"Confirman antecedentes de violencia a joven acusado por la muerte de su madre; Fiscal\u00eda deber\u00e1 determinar su situaci\u00f3n legal. - El Hijo del llanero solititito\",\"isPartOf\":{\"@id\":\"https:\\\/\\\/elhijodelllanero.mx\\\/#website\"},\"primaryImageOfPage\":{\"@id\":\"https:\\\/\\\/elhijodelllanero.mx\\\/index.php\\\/2026\\\/04\\\/24\\\/confirman-antecedentes-de-violencia-a-joven-acusado-por-la-muerte-de-su-madre-fiscalia-debera-determinar-su-situacion-legal\\\/#primaryimage\"},\"image\":{\"@id\":\"https:\\\/\\\/elhijodelllanero.mx\\\/index.php\\\/2026\\\/04\\\/24\\\/confirman-antecedentes-de-violencia-a-joven-acusado-por-la-muerte-de-su-madre-fiscalia-debera-determinar-su-situacion-legal\\\/#primaryimage\"},\"thumbnailUrl\":\"https:\\\/\\\/i0.wp.com\\\/elhijodelllanero.mx\\\/wp-content\\\/uploads\\\/2026\\\/04\\\/20e8774f-46f3-4185-995e-cd97b9d6fc1d.jpeg?fit=1600%2C1070&ssl=1\",\"datePublished\":\"2026-04-25T00:48:22+00:00\",\"author\":{\"@id\":\"https:\\\/\\\/elhijodelllanero.mx\\\/#\\\/schema\\\/person\\\/c7f8c86c55c1eab44ae2b93a9628245f\"},\"breadcrumb\":{\"@id\":\"https:\\\/\\\/elhijodelllanero.mx\\\/index.php\\\/2026\\\/04\\\/24\\\/confirman-antecedentes-de-violencia-a-joven-acusado-por-la-muerte-de-su-madre-fiscalia-debera-determinar-su-situacion-legal\\\/#breadcrumb\"},\"inLanguage\":\"es\",\"potentialAction\":[{\"@type\":\"ReadAction\",\"target\":[\"https:\\\/\\\/elhijodelllanero.mx\\\/index.php\\\/2026\\\/04\\\/24\\\/confirman-antecedentes-de-violencia-a-joven-acusado-por-la-muerte-de-su-madre-fiscalia-debera-determinar-su-situacion-legal\\\/\"]}]},{\"@type\":\"ImageObject\",\"inLanguage\":\"es\",\"@id\":\"https:\\\/\\\/elhijodelllanero.mx\\\/index.php\\\/2026\\\/04\\\/24\\\/confirman-antecedentes-de-violencia-a-joven-acusado-por-la-muerte-de-su-madre-fiscalia-debera-determinar-su-situacion-legal\\\/#primaryimage\",\"url\":\"https:\\\/\\\/i0.wp.com\\\/elhijodelllanero.mx\\\/wp-content\\\/uploads\\\/2026\\\/04\\\/20e8774f-46f3-4185-995e-cd97b9d6fc1d.jpeg?fit=1600%2C1070&ssl=1\",\"contentUrl\":\"https:\\\/\\\/i0.wp.com\\\/elhijodelllanero.mx\\\/wp-content\\\/uploads\\\/2026\\\/04\\\/20e8774f-46f3-4185-995e-cd97b9d6fc1d.jpeg?fit=1600%2C1070&ssl=1\",\"width\":1600,\"height\":1070},{\"@type\":\"BreadcrumbList\",\"@id\":\"https:\\\/\\\/elhijodelllanero.mx\\\/index.php\\\/2026\\\/04\\\/24\\\/confirman-antecedentes-de-violencia-a-joven-acusado-por-la-muerte-de-su-madre-fiscalia-debera-determinar-su-situacion-legal\\\/#breadcrumb\",\"itemListElement\":[{\"@type\":\"ListItem\",\"position\":1,\"name\":\"Portada\",\"item\":\"https:\\\/\\\/elhijodelllanero.mx\\\/\"},{\"@type\":\"ListItem\",\"position\":2,\"name\":\"Confirman antecedentes de violencia a joven acusado por la muerte de su madre; Fiscal\u00eda deber\u00e1 determinar su situaci\u00f3n legal.\"}]},{\"@type\":\"WebSite\",\"@id\":\"https:\\\/\\\/elhijodelllanero.mx\\\/#website\",\"url\":\"https:\\\/\\\/elhijodelllanero.mx\\\/\",\"name\":\"El Hijo del llanero solititito\",\"description\":\"\",\"potentialAction\":[{\"@type\":\"SearchAction\",\"target\":{\"@type\":\"EntryPoint\",\"urlTemplate\":\"https:\\\/\\\/elhijodelllanero.mx\\\/?s={search_term_string}\"},\"query-input\":{\"@type\":\"PropertyValueSpecification\",\"valueRequired\":true,\"valueName\":\"search_term_string\"}}],\"inLanguage\":\"es\"},{\"@type\":\"Person\",\"@id\":\"https:\\\/\\\/elhijodelllanero.mx\\\/#\\\/schema\\\/person\\\/c7f8c86c55c1eab44ae2b93a9628245f\",\"name\":\"Mar\u00eda de la Paz Rodarte Ram\u00edrez\",\"image\":{\"@type\":\"ImageObject\",\"inLanguage\":\"es\",\"@id\":\"https:\\\/\\\/secure.gravatar.com\\\/avatar\\\/1f38f8518b09a266af73da2bce78d69e7d1275299970134ed62f572e0487e1d0?s=96&d=mm&r=g\",\"url\":\"https:\\\/\\\/secure.gravatar.com\\\/avatar\\\/1f38f8518b09a266af73da2bce78d69e7d1275299970134ed62f572e0487e1d0?s=96&d=mm&r=g\",\"contentUrl\":\"https:\\\/\\\/secure.gravatar.com\\\/avatar\\\/1f38f8518b09a266af73da2bce78d69e7d1275299970134ed62f572e0487e1d0?s=96&d=mm&r=g\",\"caption\":\"Mar\u00eda de la Paz Rodarte Ram\u00edrez\"},\"sameAs\":[\"https:\\\/\\\/www.elhijodelllanero.mx\"],\"url\":\"https:\\\/\\\/elhijodelllanero.mx\\\/index.php\\\/author\\\/maricuas\\\/\"}]}<\/script>\n<!-- \/ Yoast SEO plugin. -->","yoast_head_json":{"title":"Confirman antecedentes de violencia a joven acusado por la muerte de su madre; Fiscal\u00eda deber\u00e1 determinar su situaci\u00f3n legal. - El Hijo del llanero solititito","robots":{"index":"index","follow":"follow","max-snippet":"max-snippet:-1","max-image-preview":"max-image-preview:large","max-video-preview":"max-video-preview:-1"},"canonical":"https:\/\/elhijodelllanero.mx\/index.php\/2026\/04\/24\/confirman-antecedentes-de-violencia-a-joven-acusado-por-la-muerte-de-su-madre-fiscalia-debera-determinar-su-situacion-legal\/","og_locale":"es_ES","og_type":"article","og_title":"Confirman antecedentes de violencia a joven acusado por la muerte de su madre; Fiscal\u00eda deber\u00e1 determinar su situaci\u00f3n legal. - El Hijo del llanero solititito","og_description":"Celaya, Gto.24 de abril del 2026.-El director de la Polic\u00eda Municipal de Celaya, Rafael Cajero, aclar\u00f3 que no se puede determinar que el joven se\u00f1alado en la colonia Fovissste haya asesinado a su madre, ya que esa investigaci\u00f3n corresponde \u00fanicamente a la Fiscal\u00eda. Explic\u00f3 que la corporaci\u00f3n atendi\u00f3 el reporte del fallecimiento de la mujer, [&hellip;]","og_url":"https:\/\/elhijodelllanero.mx\/index.php\/2026\/04\/24\/confirman-antecedentes-de-violencia-a-joven-acusado-por-la-muerte-de-su-madre-fiscalia-debera-determinar-su-situacion-legal\/","og_site_name":"El Hijo del llanero solititito","article_published_time":"2026-04-25T00:48:22+00:00","og_image":[{"width":1600,"height":1070,"url":"https:\/\/elhijodelllanero.mx\/wp-content\/uploads\/2026\/04\/20e8774f-46f3-4185-995e-cd97b9d6fc1d.jpeg","type":"image\/jpeg"}],"author":"Mar\u00eda de la Paz Rodarte Ram\u00edrez","twitter_card":"summary_large_image","twitter_misc":{"Escrito por":"Mar\u00eda de la Paz Rodarte Ram\u00edrez","Tiempo de lectura":"2 minutos"},"schema":{"@context":"https:\/\/schema.org","@graph":[{"@type":"Article","@id":"https:\/\/elhijodelllanero.mx\/index.php\/2026\/04\/24\/confirman-antecedentes-de-violencia-a-joven-acusado-por-la-muerte-de-su-madre-fiscalia-debera-determinar-su-situacion-legal\/#article","isPartOf":{"@id":"https:\/\/elhijodelllanero.mx\/index.php\/2026\/04\/24\/confirman-antecedentes-de-violencia-a-joven-acusado-por-la-muerte-de-su-madre-fiscalia-debera-determinar-su-situacion-legal\/"},"author":{"name":"Mar\u00eda de la Paz Rodarte Ram\u00edrez","@id":"https:\/\/elhijodelllanero.mx\/#\/schema\/person\/c7f8c86c55c1eab44ae2b93a9628245f"},"headline":"Confirman antecedentes de violencia a joven acusado por la muerte de su madre; Fiscal\u00eda deber\u00e1 determinar su situaci\u00f3n legal.","datePublished":"2026-04-25T00:48:22+00:00","mainEntityOfPage":{"@id":"https:\/\/elhijodelllanero.mx\/index.php\/2026\/04\/24\/confirman-antecedentes-de-violencia-a-joven-acusado-por-la-muerte-de-su-madre-fiscalia-debera-determinar-su-situacion-legal\/"},"wordCount":266,"commentCount":0,"image":{"@id":"https:\/\/elhijodelllanero.mx\/index.php\/2026\/04\/24\/confirman-antecedentes-de-violencia-a-joven-acusado-por-la-muerte-de-su-madre-fiscalia-debera-determinar-su-situacion-legal\/#primaryimage"},"thumbnailUrl":"https:\/\/i0.wp.com\/elhijodelllanero.mx\/wp-content\/uploads\/2026\/04\/20e8774f-46f3-4185-995e-cd97b9d6fc1d.jpeg?fit=1600%2C1070&ssl=1","articleSection":["CELAYA","POLICIACO"],"inLanguage":"es","potentialAction":[{"@type":"CommentAction","name":"Comment","target":["https:\/\/elhijodelllanero.mx\/index.php\/2026\/04\/24\/confirman-antecedentes-de-violencia-a-joven-acusado-por-la-muerte-de-su-madre-fiscalia-debera-determinar-su-situacion-legal\/#respond"]}]},{"@type":"WebPage","@id":"https:\/\/elhijodelllanero.mx\/index.php\/2026\/04\/24\/confirman-antecedentes-de-violencia-a-joven-acusado-por-la-muerte-de-su-madre-fiscalia-debera-determinar-su-situacion-legal\/","url":"https:\/\/elhijodelllanero.mx\/index.php\/2026\/04\/24\/confirman-antecedentes-de-violencia-a-joven-acusado-por-la-muerte-de-su-madre-fiscalia-debera-determinar-su-situacion-legal\/","name":"Confirman antecedentes de violencia a joven acusado por la muerte de su madre; Fiscal\u00eda deber\u00e1 determinar su situaci\u00f3n legal. - El Hijo del llanero solititito","isPartOf":{"@id":"https:\/\/elhijodelllanero.mx\/#website"},"primaryImageOfPage":{"@id":"https:\/\/elhijodelllanero.mx\/index.php\/2026\/04\/24\/confirman-antecedentes-de-violencia-a-joven-acusado-por-la-muerte-de-su-madre-fiscalia-debera-determinar-su-situacion-legal\/#primaryimage"},"image":{"@id":"https:\/\/elhijodelllanero.mx\/index.php\/2026\/04\/24\/confirman-antecedentes-de-violencia-a-joven-acusado-por-la-muerte-de-su-madre-fiscalia-debera-determinar-su-situacion-legal\/#primaryimage"},"thumbnailUrl":"https:\/\/i0.wp.com\/elhijodelllanero.mx\/wp-content\/uploads\/2026\/04\/20e8774f-46f3-4185-995e-cd97b9d6fc1d.jpeg?fit=1600%2C1070&ssl=1","datePublished":"2026-04-25T00:48:22+00:00","author":{"@id":"https:\/\/elhijodelllanero.mx\/#\/schema\/person\/c7f8c86c55c1eab44ae2b93a9628245f"},"breadcrumb":{"@id":"https:\/\/elhijodelllanero.mx\/index.php\/2026\/04\/24\/confirman-antecedentes-de-violencia-a-joven-acusado-por-la-muerte-de-su-madre-fiscalia-debera-determinar-su-situacion-legal\/#breadcrumb"},"inLanguage":"es","potentialAction":[{"@type":"ReadAction","target":["https:\/\/elhijodelllanero.mx\/index.php\/2026\/04\/24\/confirman-antecedentes-de-violencia-a-joven-acusado-por-la-muerte-de-su-madre-fiscalia-debera-determinar-su-situacion-legal\/"]}]},{"@type":"ImageObject","inLanguage":"es","@id":"https:\/\/elhijodelllanero.mx\/index.php\/2026\/04\/24\/confirman-antecedentes-de-violencia-a-joven-acusado-por-la-muerte-de-su-madre-fiscalia-debera-determinar-su-situacion-legal\/#primaryimage","url":"https:\/\/i0.wp.com\/elhijodelllanero.mx\/wp-content\/uploads\/2026\/04\/20e8774f-46f3-4185-995e-cd97b9d6fc1d.jpeg?fit=1600%2C1070&ssl=1","contentUrl":"https:\/\/i0.wp.com\/elhijodelllanero.mx\/wp-content\/uploads\/2026\/04\/20e8774f-46f3-4185-995e-cd97b9d6fc1d.jpeg?fit=1600%2C1070&ssl=1","width":1600,"height":1070},{"@type":"BreadcrumbList","@id":"https:\/\/elhijodelllanero.mx\/index.php\/2026\/04\/24\/confirman-antecedentes-de-violencia-a-joven-acusado-por-la-muerte-de-su-madre-fiscalia-debera-determinar-su-situacion-legal\/#breadcrumb","itemListElement":[{"@type":"ListItem","position":1,"name":"Portada","item":"https:\/\/elhijodelllanero.mx\/"},{"@type":"ListItem","position":2,"name":"Confirman antecedentes de violencia a joven acusado por la muerte de su madre; Fiscal\u00eda deber\u00e1 determinar su situaci\u00f3n legal."}]},{"@type":"WebSite","@id":"https:\/\/elhijodelllanero.mx\/#website","url":"https:\/\/elhijodelllanero.mx\/","name":"El Hijo del llanero solititito","description":"","potentialAction":[{"@type":"SearchAction","target":{"@type":"EntryPoint","urlTemplate":"https:\/\/elhijodelllanero.mx\/?s={search_term_string}"},"query-input":{"@type":"PropertyValueSpecification","valueRequired":true,"valueName":"search_term_string"}}],"inLanguage":"es"},{"@type":"Person","@id":"https:\/\/elhijodelllanero.mx\/#\/schema\/person\/c7f8c86c55c1eab44ae2b93a9628245f","name":"Mar\u00eda de la Paz Rodarte Ram\u00edrez","image":{"@type":"ImageObject","inLanguage":"es","@id":"https:\/\/secure.gravatar.com\/avatar\/1f38f8518b09a266af73da2bce78d69e7d1275299970134ed62f572e0487e1d0?s=96&d=mm&r=g","url":"https:\/\/secure.gravatar.com\/avatar\/1f38f8518b09a266af73da2bce78d69e7d1275299970134ed62f572e0487e1d0?s=96&d=mm&r=g","contentUrl":"https:\/\/secure.gravatar.com\/avatar\/1f38f8518b09a266af73da2bce78d69e7d1275299970134ed62f572e0487e1d0?s=96&d=mm&r=g","caption":"Mar\u00eda de la Paz Rodarte Ram\u00edrez"},"sameAs":["https:\/\/www.elhijodelllanero.mx"],"url":"https:\/\/elhijodelllanero.mx\/index.php\/author\/maricuas\/"}]}},"jetpack_featured_media_url":"https:\/\/i0.wp.com\/elhijodelllanero.mx\/wp-content\/uploads\/2026\/04\/20e8774f-46f3-4185-995e-cd97b9d6fc1d.jpeg?fit=1600%2C1070&ssl=1","jetpack-related-posts":[],"jetpack_sharing_enabled":true,"_links":{"self":[{"href":"https:\/\/elhijodelllanero.mx\/index.php\/wp-json\/wp\/v2\/posts\/14119","targetHints":{"allow":["GET"]}}],"collection":[{"href":"https:\/\/elhijodelllanero.mx\/index.php\/wp-json\/wp\/v2\/posts"}],"about":[{"href":"https:\/\/elhijodelllanero.mx\/index.php\/wp-json\/wp\/v2\/types\/post"}],"author":[{"embeddable":true,"href":"https:\/\/elhijodelllanero.mx\/index.php\/wp-json\/wp\/v2\/users\/3"}],"replies":[{"embeddable":true,"href":"https:\/\/elhijodelllanero.mx\/index.php\/wp-json\/wp\/v2\/comments?post=14119"}],"version-history":[{"count":1,"href":"https:\/\/elhijodelllanero.mx\/index.php\/wp-json\/wp\/v2\/posts\/14119\/revisions"}],"predecessor-version":[{"id":14121,"href":"https:\/\/elhijodelllanero.mx\/index.php\/wp-json\/wp\/v2\/posts\/14119\/revisions\/14121"}],"wp:featuredmedia":[{"embeddable":true,"href":"https:\/\/elhijodelllanero.mx\/index.php\/wp-json\/wp\/v2\/media\/14120"}],"wp:attachment":[{"href":"https:\/\/elhijodelllanero.mx\/index.php\/wp-json\/wp\/v2\/media?parent=14119"}],"wp:term":[{"taxonomy":"category","embeddable":true,"href":"https:\/\/elhijodelllanero.mx\/index.php\/wp-json\/wp\/v2\/categories?post=14119"},{"taxonomy":"post_tag","embeddable":true,"href":"https:\/\/elhijodelllanero.mx\/index.php\/wp-json\/wp\/v2\/tags?post=14119"}],"curies":[{"name":"wp","href":"https:\/\/api.w.org\/{rel}","templated":true}]}}