{"id":14123,"date":"2026-04-24T18:53:28","date_gmt":"2026-04-25T00:53:28","guid":{"rendered":"https:\/\/elhijodelllanero.mx\/?p=14123"},"modified":"2026-04-24T18:53:28","modified_gmt":"2026-04-25T00:53:28","slug":"apaseo-debe-pasar-de-la-seguridad-a-la-paz-jose-luis-oliveros","status":"publish","type":"post","link":"https:\/\/elhijodelllanero.mx\/index.php\/2026\/04\/24\/apaseo-debe-pasar-de-la-seguridad-a-la-paz-jose-luis-oliveros\/","title":{"rendered":"Apaseo debe pasar de la seguridad a la paz: Jos\u00e9 Luis Oliveros."},"content":{"rendered":"<p>Apaseo el Grande, Gto. 24 de abril del 2026.- El alcalde Jos\u00e9 Luis Oliveros se\u00f1al\u00f3 que el municipio debe dar el siguiente paso: dejar de enfocarse \u00fanicamente en la seguridad para avanzar hacia una verdadera cultura de paz, donde la tranquilidad no dependa solo de patrullas y presencia policial.<\/p>\n<p>Destac\u00f3 que durante los \u00faltimos a\u00f1os se realiz\u00f3 una importante inversi\u00f3n en materia de seguridad, lo que permiti\u00f3 que Apaseo saliera del listado de las 50 ciudades con mayor incidencia delictiva, gracias tambi\u00e9n al trabajo coordinado entre corporaciones.<\/p>\n<p>Sin embargo, asegur\u00f3 que el reto ahora es lograr que la paz se construya desde la convivencia social, la integraci\u00f3n familiar y las oportunidades para la ciudadan\u00eda.<\/p>\n<p>Explic\u00f3 que aunque la presencia de polic\u00edas sigue siendo necesaria, el objetivo a futuro debe ser que las familias puedan vivir con tranquilidad sin depender de un despliegue constante de seguridad.<\/p>\n<p>Jos\u00e9 Luis Oliveros se\u00f1al\u00f3 que impulsar el turismo, realizar eventos familiares y fortalecer pol\u00edticas p\u00fablicas que beneficien a quienes m\u00e1s lo necesitan, son acciones que ayudan a construir ese camino hacia la paz y una mejor calidad de vida para los habitantes.<\/p>\n","protected":false},"excerpt":{"rendered":"<p>Apaseo el Grande, Gto. 24 de abril del 2026.- El alcalde Jos\u00e9 Luis Oliveros se\u00f1al\u00f3 que el municipio debe dar el siguiente paso: dejar de enfocarse \u00fanicamente en la seguridad para avanzar hacia una verdadera cultura de paz, donde la tranquilidad no dependa solo de patrullas y presencia policial. Destac\u00f3 que durante los \u00faltimos a\u00f1os [&hellip;]<\/p>\n","protected":false},"author":3,"featured_media":14124,"comment_status":"open","ping_status":"closed","sticky":false,"template":"","format":"standard","meta":{"_jetpack_newsletter_access":"","_jetpack_dont_email_post_to_subs":false,"_jetpack_newsletter_tier_id":0,"_jetpack_memberships_contains_paywalled_content":false,"_jetpack_memberships_contains_paid_content":false,"footnotes":""},"categories":[78,76],"tags":[],"class_list":{"0":"post-14123","1":"post","2":"type-post","3":"status-publish","4":"format-standard","5":"has-post-thumbnail","7":"category-apaseo-el-grande","8":"category-municipios"},"yoast_head":"<!-- This site is optimized with the Yoast SEO plugin v27.3 - https:\/\/yoast.com\/product\/yoast-seo-wordpress\/ -->\n<title>Apaseo debe pasar de la seguridad a la paz: Jos\u00e9 Luis Oliveros. - El Hijo del llanero solititito<\/title>\n<meta name=\"robots\" content=\"index, follow, max-snippet:-1, max-image-preview:large, max-video-preview:-1\" \/>\n<link rel=\"canonical\" href=\"https:\/\/elhijodelllanero.mx\/index.php\/2026\/04\/24\/apaseo-debe-pasar-de-la-seguridad-a-la-paz-jose-luis-oliveros\/\" \/>\n<meta property=\"og:locale\" content=\"es_ES\" \/>\n<meta property=\"og:type\" content=\"article\" \/>\n<meta property=\"og:title\" content=\"Apaseo debe pasar de la seguridad a la paz: Jos\u00e9 Luis Oliveros. - El Hijo del llanero solititito\" \/>\n<meta property=\"og:description\" content=\"Apaseo el Grande, Gto. 24 de abril del 2026.- El alcalde Jos\u00e9 Luis Oliveros se\u00f1al\u00f3 que el municipio debe dar el siguiente paso: dejar de enfocarse \u00fanicamente en la seguridad para avanzar hacia una verdadera cultura de paz, donde la tranquilidad no dependa solo de patrullas y presencia policial. Destac\u00f3 que durante los \u00faltimos a\u00f1os [&hellip;]\" \/>\n<meta property=\"og:url\" content=\"https:\/\/elhijodelllanero.mx\/index.php\/2026\/04\/24\/apaseo-debe-pasar-de-la-seguridad-a-la-paz-jose-luis-oliveros\/\" \/>\n<meta property=\"og:site_name\" content=\"El Hijo del llanero solititito\" \/>\n<meta property=\"article:published_time\" content=\"2026-04-25T00:53:28+00:00\" \/>\n<meta property=\"og:image\" content=\"https:\/\/elhijodelllanero.mx\/wp-content\/uploads\/2026\/04\/IMG_9361.jpeg\" \/>\n\t<meta property=\"og:image:width\" content=\"2048\" \/>\n\t<meta property=\"og:image:height\" content=\"1366\" \/>\n\t<meta property=\"og:image:type\" content=\"image\/jpeg\" \/>\n<meta name=\"author\" content=\"Mar\u00eda de la Paz Rodarte Ram\u00edrez\" \/>\n<meta name=\"twitter:card\" content=\"summary_large_image\" \/>\n<meta name=\"twitter:label1\" content=\"Escrito por\" \/>\n\t<meta name=\"twitter:data1\" content=\"Mar\u00eda de la Paz Rodarte Ram\u00edrez\" \/>\n\t<meta name=\"twitter:label2\" content=\"Tiempo de lectura\" \/>\n\t<meta name=\"twitter:data2\" content=\"2 minutos\" \/>\n<script type=\"application\/ld+json\" class=\"yoast-schema-graph\">{\"@context\":\"https:\\\/\\\/schema.org\",\"@graph\":[{\"@type\":\"Article\",\"@id\":\"https:\\\/\\\/elhijodelllanero.mx\\\/index.php\\\/2026\\\/04\\\/24\\\/apaseo-debe-pasar-de-la-seguridad-a-la-paz-jose-luis-oliveros\\\/#article\",\"isPartOf\":{\"@id\":\"https:\\\/\\\/elhijodelllanero.mx\\\/index.php\\\/2026\\\/04\\\/24\\\/apaseo-debe-pasar-de-la-seguridad-a-la-paz-jose-luis-oliveros\\\/\"},\"author\":{\"name\":\"Mar\u00eda de la Paz Rodarte Ram\u00edrez\",\"@id\":\"https:\\\/\\\/elhijodelllanero.mx\\\/#\\\/schema\\\/person\\\/c7f8c86c55c1eab44ae2b93a9628245f\"},\"headline\":\"Apaseo debe pasar de la seguridad a la paz: Jos\u00e9 Luis Oliveros.\",\"datePublished\":\"2026-04-25T00:53:28+00:00\",\"mainEntityOfPage\":{\"@id\":\"https:\\\/\\\/elhijodelllanero.mx\\\/index.php\\\/2026\\\/04\\\/24\\\/apaseo-debe-pasar-de-la-seguridad-a-la-paz-jose-luis-oliveros\\\/\"},\"wordCount\":208,\"commentCount\":0,\"image\":{\"@id\":\"https:\\\/\\\/elhijodelllanero.mx\\\/index.php\\\/2026\\\/04\\\/24\\\/apaseo-debe-pasar-de-la-seguridad-a-la-paz-jose-luis-oliveros\\\/#primaryimage\"},\"thumbnailUrl\":\"https:\\\/\\\/i0.wp.com\\\/elhijodelllanero.mx\\\/wp-content\\\/uploads\\\/2026\\\/04\\\/IMG_9361.jpeg?fit=2048%2C1366&ssl=1\",\"articleSection\":[\"APASEO EL GRANDE\",\"MUNICIPIOS\"],\"inLanguage\":\"es\",\"potentialAction\":[{\"@type\":\"CommentAction\",\"name\":\"Comment\",\"target\":[\"https:\\\/\\\/elhijodelllanero.mx\\\/index.php\\\/2026\\\/04\\\/24\\\/apaseo-debe-pasar-de-la-seguridad-a-la-paz-jose-luis-oliveros\\\/#respond\"]}]},{\"@type\":\"WebPage\",\"@id\":\"https:\\\/\\\/elhijodelllanero.mx\\\/index.php\\\/2026\\\/04\\\/24\\\/apaseo-debe-pasar-de-la-seguridad-a-la-paz-jose-luis-oliveros\\\/\",\"url\":\"https:\\\/\\\/elhijodelllanero.mx\\\/index.php\\\/2026\\\/04\\\/24\\\/apaseo-debe-pasar-de-la-seguridad-a-la-paz-jose-luis-oliveros\\\/\",\"name\":\"Apaseo debe pasar de la seguridad a la paz: Jos\u00e9 Luis Oliveros. - El Hijo del llanero solititito\",\"isPartOf\":{\"@id\":\"https:\\\/\\\/elhijodelllanero.mx\\\/#website\"},\"primaryImageOfPage\":{\"@id\":\"https:\\\/\\\/elhijodelllanero.mx\\\/index.php\\\/2026\\\/04\\\/24\\\/apaseo-debe-pasar-de-la-seguridad-a-la-paz-jose-luis-oliveros\\\/#primaryimage\"},\"image\":{\"@id\":\"https:\\\/\\\/elhijodelllanero.mx\\\/index.php\\\/2026\\\/04\\\/24\\\/apaseo-debe-pasar-de-la-seguridad-a-la-paz-jose-luis-oliveros\\\/#primaryimage\"},\"thumbnailUrl\":\"https:\\\/\\\/i0.wp.com\\\/elhijodelllanero.mx\\\/wp-content\\\/uploads\\\/2026\\\/04\\\/IMG_9361.jpeg?fit=2048%2C1366&ssl=1\",\"datePublished\":\"2026-04-25T00:53:28+00:00\",\"author\":{\"@id\":\"https:\\\/\\\/elhijodelllanero.mx\\\/#\\\/schema\\\/person\\\/c7f8c86c55c1eab44ae2b93a9628245f\"},\"breadcrumb\":{\"@id\":\"https:\\\/\\\/elhijodelllanero.mx\\\/index.php\\\/2026\\\/04\\\/24\\\/apaseo-debe-pasar-de-la-seguridad-a-la-paz-jose-luis-oliveros\\\/#breadcrumb\"},\"inLanguage\":\"es\",\"potentialAction\":[{\"@type\":\"ReadAction\",\"target\":[\"https:\\\/\\\/elhijodelllanero.mx\\\/index.php\\\/2026\\\/04\\\/24\\\/apaseo-debe-pasar-de-la-seguridad-a-la-paz-jose-luis-oliveros\\\/\"]}]},{\"@type\":\"ImageObject\",\"inLanguage\":\"es\",\"@id\":\"https:\\\/\\\/elhijodelllanero.mx\\\/index.php\\\/2026\\\/04\\\/24\\\/apaseo-debe-pasar-de-la-seguridad-a-la-paz-jose-luis-oliveros\\\/#primaryimage\",\"url\":\"https:\\\/\\\/i0.wp.com\\\/elhijodelllanero.mx\\\/wp-content\\\/uploads\\\/2026\\\/04\\\/IMG_9361.jpeg?fit=2048%2C1366&ssl=1\",\"contentUrl\":\"https:\\\/\\\/i0.wp.com\\\/elhijodelllanero.mx\\\/wp-content\\\/uploads\\\/2026\\\/04\\\/IMG_9361.jpeg?fit=2048%2C1366&ssl=1\",\"width\":2048,\"height\":1366},{\"@type\":\"BreadcrumbList\",\"@id\":\"https:\\\/\\\/elhijodelllanero.mx\\\/index.php\\\/2026\\\/04\\\/24\\\/apaseo-debe-pasar-de-la-seguridad-a-la-paz-jose-luis-oliveros\\\/#breadcrumb\",\"itemListElement\":[{\"@type\":\"ListItem\",\"position\":1,\"name\":\"Portada\",\"item\":\"https:\\\/\\\/elhijodelllanero.mx\\\/\"},{\"@type\":\"ListItem\",\"position\":2,\"name\":\"Apaseo debe pasar de la seguridad a la paz: Jos\u00e9 Luis Oliveros.\"}]},{\"@type\":\"WebSite\",\"@id\":\"https:\\\/\\\/elhijodelllanero.mx\\\/#website\",\"url\":\"https:\\\/\\\/elhijodelllanero.mx\\\/\",\"name\":\"El Hijo del llanero solititito\",\"description\":\"\",\"potentialAction\":[{\"@type\":\"SearchAction\",\"target\":{\"@type\":\"EntryPoint\",\"urlTemplate\":\"https:\\\/\\\/elhijodelllanero.mx\\\/?s={search_term_string}\"},\"query-input\":{\"@type\":\"PropertyValueSpecification\",\"valueRequired\":true,\"valueName\":\"search_term_string\"}}],\"inLanguage\":\"es\"},{\"@type\":\"Person\",\"@id\":\"https:\\\/\\\/elhijodelllanero.mx\\\/#\\\/schema\\\/person\\\/c7f8c86c55c1eab44ae2b93a9628245f\",\"name\":\"Mar\u00eda de la Paz Rodarte Ram\u00edrez\",\"image\":{\"@type\":\"ImageObject\",\"inLanguage\":\"es\",\"@id\":\"https:\\\/\\\/secure.gravatar.com\\\/avatar\\\/1f38f8518b09a266af73da2bce78d69e7d1275299970134ed62f572e0487e1d0?s=96&d=mm&r=g\",\"url\":\"https:\\\/\\\/secure.gravatar.com\\\/avatar\\\/1f38f8518b09a266af73da2bce78d69e7d1275299970134ed62f572e0487e1d0?s=96&d=mm&r=g\",\"contentUrl\":\"https:\\\/\\\/secure.gravatar.com\\\/avatar\\\/1f38f8518b09a266af73da2bce78d69e7d1275299970134ed62f572e0487e1d0?s=96&d=mm&r=g\",\"caption\":\"Mar\u00eda de la Paz Rodarte Ram\u00edrez\"},\"sameAs\":[\"https:\\\/\\\/www.elhijodelllanero.mx\"],\"url\":\"https:\\\/\\\/elhijodelllanero.mx\\\/index.php\\\/author\\\/maricuas\\\/\"}]}<\/script>\n<!-- \/ Yoast SEO plugin. -->","yoast_head_json":{"title":"Apaseo debe pasar de la seguridad a la paz: Jos\u00e9 Luis Oliveros. - El Hijo del llanero solititito","robots":{"index":"index","follow":"follow","max-snippet":"max-snippet:-1","max-image-preview":"max-image-preview:large","max-video-preview":"max-video-preview:-1"},"canonical":"https:\/\/elhijodelllanero.mx\/index.php\/2026\/04\/24\/apaseo-debe-pasar-de-la-seguridad-a-la-paz-jose-luis-oliveros\/","og_locale":"es_ES","og_type":"article","og_title":"Apaseo debe pasar de la seguridad a la paz: Jos\u00e9 Luis Oliveros. - El Hijo del llanero solititito","og_description":"Apaseo el Grande, Gto. 24 de abril del 2026.- El alcalde Jos\u00e9 Luis Oliveros se\u00f1al\u00f3 que el municipio debe dar el siguiente paso: dejar de enfocarse \u00fanicamente en la seguridad para avanzar hacia una verdadera cultura de paz, donde la tranquilidad no dependa solo de patrullas y presencia policial. Destac\u00f3 que durante los \u00faltimos a\u00f1os [&hellip;]","og_url":"https:\/\/elhijodelllanero.mx\/index.php\/2026\/04\/24\/apaseo-debe-pasar-de-la-seguridad-a-la-paz-jose-luis-oliveros\/","og_site_name":"El Hijo del llanero solititito","article_published_time":"2026-04-25T00:53:28+00:00","og_image":[{"width":2048,"height":1366,"url":"https:\/\/elhijodelllanero.mx\/wp-content\/uploads\/2026\/04\/IMG_9361.jpeg","type":"image\/jpeg"}],"author":"Mar\u00eda de la Paz Rodarte Ram\u00edrez","twitter_card":"summary_large_image","twitter_misc":{"Escrito por":"Mar\u00eda de la Paz Rodarte Ram\u00edrez","Tiempo de lectura":"2 minutos"},"schema":{"@context":"https:\/\/schema.org","@graph":[{"@type":"Article","@id":"https:\/\/elhijodelllanero.mx\/index.php\/2026\/04\/24\/apaseo-debe-pasar-de-la-seguridad-a-la-paz-jose-luis-oliveros\/#article","isPartOf":{"@id":"https:\/\/elhijodelllanero.mx\/index.php\/2026\/04\/24\/apaseo-debe-pasar-de-la-seguridad-a-la-paz-jose-luis-oliveros\/"},"author":{"name":"Mar\u00eda de la Paz Rodarte Ram\u00edrez","@id":"https:\/\/elhijodelllanero.mx\/#\/schema\/person\/c7f8c86c55c1eab44ae2b93a9628245f"},"headline":"Apaseo debe pasar de la seguridad a la paz: Jos\u00e9 Luis Oliveros.","datePublished":"2026-04-25T00:53:28+00:00","mainEntityOfPage":{"@id":"https:\/\/elhijodelllanero.mx\/index.php\/2026\/04\/24\/apaseo-debe-pasar-de-la-seguridad-a-la-paz-jose-luis-oliveros\/"},"wordCount":208,"commentCount":0,"image":{"@id":"https:\/\/elhijodelllanero.mx\/index.php\/2026\/04\/24\/apaseo-debe-pasar-de-la-seguridad-a-la-paz-jose-luis-oliveros\/#primaryimage"},"thumbnailUrl":"https:\/\/i0.wp.com\/elhijodelllanero.mx\/wp-content\/uploads\/2026\/04\/IMG_9361.jpeg?fit=2048%2C1366&ssl=1","articleSection":["APASEO EL GRANDE","MUNICIPIOS"],"inLanguage":"es","potentialAction":[{"@type":"CommentAction","name":"Comment","target":["https:\/\/elhijodelllanero.mx\/index.php\/2026\/04\/24\/apaseo-debe-pasar-de-la-seguridad-a-la-paz-jose-luis-oliveros\/#respond"]}]},{"@type":"WebPage","@id":"https:\/\/elhijodelllanero.mx\/index.php\/2026\/04\/24\/apaseo-debe-pasar-de-la-seguridad-a-la-paz-jose-luis-oliveros\/","url":"https:\/\/elhijodelllanero.mx\/index.php\/2026\/04\/24\/apaseo-debe-pasar-de-la-seguridad-a-la-paz-jose-luis-oliveros\/","name":"Apaseo debe pasar de la seguridad a la paz: Jos\u00e9 Luis Oliveros. - El Hijo del llanero solititito","isPartOf":{"@id":"https:\/\/elhijodelllanero.mx\/#website"},"primaryImageOfPage":{"@id":"https:\/\/elhijodelllanero.mx\/index.php\/2026\/04\/24\/apaseo-debe-pasar-de-la-seguridad-a-la-paz-jose-luis-oliveros\/#primaryimage"},"image":{"@id":"https:\/\/elhijodelllanero.mx\/index.php\/2026\/04\/24\/apaseo-debe-pasar-de-la-seguridad-a-la-paz-jose-luis-oliveros\/#primaryimage"},"thumbnailUrl":"https:\/\/i0.wp.com\/elhijodelllanero.mx\/wp-content\/uploads\/2026\/04\/IMG_9361.jpeg?fit=2048%2C1366&ssl=1","datePublished":"2026-04-25T00:53:28+00:00","author":{"@id":"https:\/\/elhijodelllanero.mx\/#\/schema\/person\/c7f8c86c55c1eab44ae2b93a9628245f"},"breadcrumb":{"@id":"https:\/\/elhijodelllanero.mx\/index.php\/2026\/04\/24\/apaseo-debe-pasar-de-la-seguridad-a-la-paz-jose-luis-oliveros\/#breadcrumb"},"inLanguage":"es","potentialAction":[{"@type":"ReadAction","target":["https:\/\/elhijodelllanero.mx\/index.php\/2026\/04\/24\/apaseo-debe-pasar-de-la-seguridad-a-la-paz-jose-luis-oliveros\/"]}]},{"@type":"ImageObject","inLanguage":"es","@id":"https:\/\/elhijodelllanero.mx\/index.php\/2026\/04\/24\/apaseo-debe-pasar-de-la-seguridad-a-la-paz-jose-luis-oliveros\/#primaryimage","url":"https:\/\/i0.wp.com\/elhijodelllanero.mx\/wp-content\/uploads\/2026\/04\/IMG_9361.jpeg?fit=2048%2C1366&ssl=1","contentUrl":"https:\/\/i0.wp.com\/elhijodelllanero.mx\/wp-content\/uploads\/2026\/04\/IMG_9361.jpeg?fit=2048%2C1366&ssl=1","width":2048,"height":1366},{"@type":"BreadcrumbList","@id":"https:\/\/elhijodelllanero.mx\/index.php\/2026\/04\/24\/apaseo-debe-pasar-de-la-seguridad-a-la-paz-jose-luis-oliveros\/#breadcrumb","itemListElement":[{"@type":"ListItem","position":1,"name":"Portada","item":"https:\/\/elhijodelllanero.mx\/"},{"@type":"ListItem","position":2,"name":"Apaseo debe pasar de la seguridad a la paz: Jos\u00e9 Luis Oliveros."}]},{"@type":"WebSite","@id":"https:\/\/elhijodelllanero.mx\/#website","url":"https:\/\/elhijodelllanero.mx\/","name":"El Hijo del llanero solititito","description":"","potentialAction":[{"@type":"SearchAction","target":{"@type":"EntryPoint","urlTemplate":"https:\/\/elhijodelllanero.mx\/?s={search_term_string}"},"query-input":{"@type":"PropertyValueSpecification","valueRequired":true,"valueName":"search_term_string"}}],"inLanguage":"es"},{"@type":"Person","@id":"https:\/\/elhijodelllanero.mx\/#\/schema\/person\/c7f8c86c55c1eab44ae2b93a9628245f","name":"Mar\u00eda de la Paz Rodarte Ram\u00edrez","image":{"@type":"ImageObject","inLanguage":"es","@id":"https:\/\/secure.gravatar.com\/avatar\/1f38f8518b09a266af73da2bce78d69e7d1275299970134ed62f572e0487e1d0?s=96&d=mm&r=g","url":"https:\/\/secure.gravatar.com\/avatar\/1f38f8518b09a266af73da2bce78d69e7d1275299970134ed62f572e0487e1d0?s=96&d=mm&r=g","contentUrl":"https:\/\/secure.gravatar.com\/avatar\/1f38f8518b09a266af73da2bce78d69e7d1275299970134ed62f572e0487e1d0?s=96&d=mm&r=g","caption":"Mar\u00eda de la Paz Rodarte Ram\u00edrez"},"sameAs":["https:\/\/www.elhijodelllanero.mx"],"url":"https:\/\/elhijodelllanero.mx\/index.php\/author\/maricuas\/"}]}},"jetpack_featured_media_url":"https:\/\/i0.wp.com\/elhijodelllanero.mx\/wp-content\/uploads\/2026\/04\/IMG_9361.jpeg?fit=2048%2C1366&ssl=1","jetpack-related-posts":[],"jetpack_sharing_enabled":true,"_links":{"self":[{"href":"https:\/\/elhijodelllanero.mx\/index.php\/wp-json\/wp\/v2\/posts\/14123","targetHints":{"allow":["GET"]}}],"collection":[{"href":"https:\/\/elhijodelllanero.mx\/index.php\/wp-json\/wp\/v2\/posts"}],"about":[{"href":"https:\/\/elhijodelllanero.mx\/index.php\/wp-json\/wp\/v2\/types\/post"}],"author":[{"embeddable":true,"href":"https:\/\/elhijodelllanero.mx\/index.php\/wp-json\/wp\/v2\/users\/3"}],"replies":[{"embeddable":true,"href":"https:\/\/elhijodelllanero.mx\/index.php\/wp-json\/wp\/v2\/comments?post=14123"}],"version-history":[{"count":1,"href":"https:\/\/elhijodelllanero.mx\/index.php\/wp-json\/wp\/v2\/posts\/14123\/revisions"}],"predecessor-version":[{"id":14125,"href":"https:\/\/elhijodelllanero.mx\/index.php\/wp-json\/wp\/v2\/posts\/14123\/revisions\/14125"}],"wp:featuredmedia":[{"embeddable":true,"href":"https:\/\/elhijodelllanero.mx\/index.php\/wp-json\/wp\/v2\/media\/14124"}],"wp:attachment":[{"href":"https:\/\/elhijodelllanero.mx\/index.php\/wp-json\/wp\/v2\/media?parent=14123"}],"wp:term":[{"taxonomy":"category","embeddable":true,"href":"https:\/\/elhijodelllanero.mx\/index.php\/wp-json\/wp\/v2\/categories?post=14123"},{"taxonomy":"post_tag","embeddable":true,"href":"https:\/\/elhijodelllanero.mx\/index.php\/wp-json\/wp\/v2\/tags?post=14123"}],"curies":[{"name":"wp","href":"https:\/\/api.w.org\/{rel}","templated":true}]}}