{"id":14126,"date":"2026-04-24T19:09:06","date_gmt":"2026-04-25T01:09:06","guid":{"rendered":"https:\/\/elhijodelllanero.mx\/?p=14126"},"modified":"2026-04-24T19:09:06","modified_gmt":"2026-04-25T01:09:06","slug":"impulsan-el-campo-en-villagran-con-entrega-de-semilla-de-sorgo-para-mas-de-500-hectareas","status":"publish","type":"post","link":"https:\/\/elhijodelllanero.mx\/index.php\/2026\/04\/24\/impulsan-el-campo-en-villagran-con-entrega-de-semilla-de-sorgo-para-mas-de-500-hectareas\/","title":{"rendered":"Impulsan el campo en Villagr\u00e1n con entrega de semilla de sorgo para m\u00e1s de 500 hect\u00e1reas."},"content":{"rendered":"<p>Villagr\u00e1n, Gto. 24 de abril del 2026.-M\u00e1s de 160 productores del municipio de Villagr\u0301n recibieron semilla de sorgo certificada como parte de un programa de apoyo al campo que busca fortalecer la producci\u00f3n agr\u00edcola y mejorar las condiciones de trabajo en las comunidades rurales.<\/p>\n<p>La entrega beneficiar\u00e1 directamente a 161 agricultores y permitir\u00e1 sembrar m\u00e1s de 500 hect\u00e1reas durante el pr\u00f3ximo ciclo agr\u00edcola, con una inversi\u00f3n total superior a 1.3 millones de pesos, resultado de la suma de esfuerzos entre Gobierno del Estado, municipio y los propios productores.<\/p>\n<p>Durante el evento, la alcaldesa Cinthia Teniente Mendoza destac\u00f3 que desde inicios de 2026 se destin\u00f3 presupuesto espec\u00edfico para atender al campo, al reconocer que el sector agr\u00edcola sigue siendo una de las principales bases econ\u00f3micas del municipio.<\/p>\n<p>Se\u00f1al\u00f3 que el compromiso de su administraci\u00f3n es mantener el respaldo a las y los productores, no solo con la entrega de semilla, sino tambi\u00e9n con nuevos programas que respondan a sus necesidades reales.<\/p>\n<p>Entre ellos, adelant\u00f3 que ya se prepara un esquema similar para la entrega de fertilizante de sulfato de amonio granulado, tambi\u00e9n bajo un modelo de inversi\u00f3n tripartita.<\/p>\n<p>Por su parte, el senador Emmanuel Reyes Carmona resalt\u00f3 que este programa representa un paso importante, ya que permite que los propios productores participen en decisiones clave como la elecci\u00f3n de proveedores y la aplicaci\u00f3n de recursos, fortaleciendo la transparencia y el impacto de los apoyos.<\/p>\n<p>Autoridades estatales tambi\u00e9n reconocieron el trabajo del sector agr\u00edcola, se\u00f1alando que las y los productores son pieza fundamental para garantizar el alimento en los hogares y mantener activa la econom\u00eda local.<\/p>\n","protected":false},"excerpt":{"rendered":"<p>Villagr\u00e1n, Gto. 24 de abril del 2026.-M\u00e1s de 160 productores del municipio de Villagr\u0301n recibieron semilla de sorgo certificada como parte de un programa de apoyo al campo que busca fortalecer la producci\u00f3n agr\u00edcola y mejorar las condiciones de trabajo en las comunidades rurales. La entrega beneficiar\u00e1 directamente a 161 agricultores y permitir\u00e1 sembrar m\u00e1s [&hellip;]<\/p>\n","protected":false},"author":3,"featured_media":14127,"comment_status":"open","ping_status":"closed","sticky":false,"template":"","format":"standard","meta":{"_jetpack_newsletter_access":"","_jetpack_dont_email_post_to_subs":false,"_jetpack_newsletter_tier_id":0,"_jetpack_memberships_contains_paywalled_content":false,"_jetpack_memberships_contains_paid_content":false,"footnotes":""},"categories":[76,85],"tags":[],"class_list":{"0":"post-14126","1":"post","2":"type-post","3":"status-publish","4":"format-standard","5":"has-post-thumbnail","7":"category-municipios","8":"category-villagran"},"yoast_head":"<!-- This site is optimized with the Yoast SEO plugin v27.3 - https:\/\/yoast.com\/product\/yoast-seo-wordpress\/ -->\n<title>Impulsan el campo en Villagr\u00e1n con entrega de semilla de sorgo para m\u00e1s de 500 hect\u00e1reas. - El Hijo del llanero solititito<\/title>\n<meta name=\"robots\" content=\"index, follow, max-snippet:-1, max-image-preview:large, max-video-preview:-1\" \/>\n<link rel=\"canonical\" href=\"https:\/\/elhijodelllanero.mx\/index.php\/2026\/04\/24\/impulsan-el-campo-en-villagran-con-entrega-de-semilla-de-sorgo-para-mas-de-500-hectareas\/\" \/>\n<meta property=\"og:locale\" content=\"es_ES\" \/>\n<meta property=\"og:type\" content=\"article\" \/>\n<meta property=\"og:title\" content=\"Impulsan el campo en Villagr\u00e1n con entrega de semilla de sorgo para m\u00e1s de 500 hect\u00e1reas. - El Hijo del llanero solititito\" \/>\n<meta property=\"og:description\" content=\"Villagr\u00e1n, Gto. 24 de abril del 2026.-M\u00e1s de 160 productores del municipio de Villagr\u0301n recibieron semilla de sorgo certificada como parte de un programa de apoyo al campo que busca fortalecer la producci\u00f3n agr\u00edcola y mejorar las condiciones de trabajo en las comunidades rurales. La entrega beneficiar\u00e1 directamente a 161 agricultores y permitir\u00e1 sembrar m\u00e1s [&hellip;]\" \/>\n<meta property=\"og:url\" content=\"https:\/\/elhijodelllanero.mx\/index.php\/2026\/04\/24\/impulsan-el-campo-en-villagran-con-entrega-de-semilla-de-sorgo-para-mas-de-500-hectareas\/\" \/>\n<meta property=\"og:site_name\" content=\"El Hijo del llanero solititito\" \/>\n<meta property=\"article:published_time\" content=\"2026-04-25T01:09:06+00:00\" \/>\n<meta property=\"og:image\" content=\"https:\/\/elhijodelllanero.mx\/wp-content\/uploads\/2026\/04\/84178ba4-c8cf-43d1-b6d4-3fa121ee65de.jpeg\" \/>\n\t<meta property=\"og:image:width\" content=\"1600\" \/>\n\t<meta property=\"og:image:height\" content=\"1426\" \/>\n\t<meta property=\"og:image:type\" content=\"image\/jpeg\" \/>\n<meta name=\"author\" content=\"Mar\u00eda de la Paz Rodarte Ram\u00edrez\" \/>\n<meta name=\"twitter:card\" content=\"summary_large_image\" \/>\n<meta name=\"twitter:label1\" content=\"Escrito por\" \/>\n\t<meta name=\"twitter:data1\" content=\"Mar\u00eda de la Paz Rodarte Ram\u00edrez\" \/>\n\t<meta name=\"twitter:label2\" content=\"Tiempo de lectura\" \/>\n\t<meta name=\"twitter:data2\" content=\"2 minutos\" \/>\n<script type=\"application\/ld+json\" class=\"yoast-schema-graph\">{\"@context\":\"https:\\\/\\\/schema.org\",\"@graph\":[{\"@type\":\"Article\",\"@id\":\"https:\\\/\\\/elhijodelllanero.mx\\\/index.php\\\/2026\\\/04\\\/24\\\/impulsan-el-campo-en-villagran-con-entrega-de-semilla-de-sorgo-para-mas-de-500-hectareas\\\/#article\",\"isPartOf\":{\"@id\":\"https:\\\/\\\/elhijodelllanero.mx\\\/index.php\\\/2026\\\/04\\\/24\\\/impulsan-el-campo-en-villagran-con-entrega-de-semilla-de-sorgo-para-mas-de-500-hectareas\\\/\"},\"author\":{\"name\":\"Mar\u00eda de la Paz Rodarte Ram\u00edrez\",\"@id\":\"https:\\\/\\\/elhijodelllanero.mx\\\/#\\\/schema\\\/person\\\/c7f8c86c55c1eab44ae2b93a9628245f\"},\"headline\":\"Impulsan el campo en Villagr\u00e1n con entrega de semilla de sorgo para m\u00e1s de 500 hect\u00e1reas.\",\"datePublished\":\"2026-04-25T01:09:06+00:00\",\"mainEntityOfPage\":{\"@id\":\"https:\\\/\\\/elhijodelllanero.mx\\\/index.php\\\/2026\\\/04\\\/24\\\/impulsan-el-campo-en-villagran-con-entrega-de-semilla-de-sorgo-para-mas-de-500-hectareas\\\/\"},\"wordCount\":300,\"commentCount\":0,\"image\":{\"@id\":\"https:\\\/\\\/elhijodelllanero.mx\\\/index.php\\\/2026\\\/04\\\/24\\\/impulsan-el-campo-en-villagran-con-entrega-de-semilla-de-sorgo-para-mas-de-500-hectareas\\\/#primaryimage\"},\"thumbnailUrl\":\"https:\\\/\\\/i0.wp.com\\\/elhijodelllanero.mx\\\/wp-content\\\/uploads\\\/2026\\\/04\\\/84178ba4-c8cf-43d1-b6d4-3fa121ee65de.jpeg?fit=1600%2C1426&ssl=1\",\"articleSection\":[\"MUNICIPIOS\",\"Villagr\u00e1n\"],\"inLanguage\":\"es\",\"potentialAction\":[{\"@type\":\"CommentAction\",\"name\":\"Comment\",\"target\":[\"https:\\\/\\\/elhijodelllanero.mx\\\/index.php\\\/2026\\\/04\\\/24\\\/impulsan-el-campo-en-villagran-con-entrega-de-semilla-de-sorgo-para-mas-de-500-hectareas\\\/#respond\"]}]},{\"@type\":\"WebPage\",\"@id\":\"https:\\\/\\\/elhijodelllanero.mx\\\/index.php\\\/2026\\\/04\\\/24\\\/impulsan-el-campo-en-villagran-con-entrega-de-semilla-de-sorgo-para-mas-de-500-hectareas\\\/\",\"url\":\"https:\\\/\\\/elhijodelllanero.mx\\\/index.php\\\/2026\\\/04\\\/24\\\/impulsan-el-campo-en-villagran-con-entrega-de-semilla-de-sorgo-para-mas-de-500-hectareas\\\/\",\"name\":\"Impulsan el campo en Villagr\u00e1n con entrega de semilla de sorgo para m\u00e1s de 500 hect\u00e1reas. - El Hijo del llanero solititito\",\"isPartOf\":{\"@id\":\"https:\\\/\\\/elhijodelllanero.mx\\\/#website\"},\"primaryImageOfPage\":{\"@id\":\"https:\\\/\\\/elhijodelllanero.mx\\\/index.php\\\/2026\\\/04\\\/24\\\/impulsan-el-campo-en-villagran-con-entrega-de-semilla-de-sorgo-para-mas-de-500-hectareas\\\/#primaryimage\"},\"image\":{\"@id\":\"https:\\\/\\\/elhijodelllanero.mx\\\/index.php\\\/2026\\\/04\\\/24\\\/impulsan-el-campo-en-villagran-con-entrega-de-semilla-de-sorgo-para-mas-de-500-hectareas\\\/#primaryimage\"},\"thumbnailUrl\":\"https:\\\/\\\/i0.wp.com\\\/elhijodelllanero.mx\\\/wp-content\\\/uploads\\\/2026\\\/04\\\/84178ba4-c8cf-43d1-b6d4-3fa121ee65de.jpeg?fit=1600%2C1426&ssl=1\",\"datePublished\":\"2026-04-25T01:09:06+00:00\",\"author\":{\"@id\":\"https:\\\/\\\/elhijodelllanero.mx\\\/#\\\/schema\\\/person\\\/c7f8c86c55c1eab44ae2b93a9628245f\"},\"breadcrumb\":{\"@id\":\"https:\\\/\\\/elhijodelllanero.mx\\\/index.php\\\/2026\\\/04\\\/24\\\/impulsan-el-campo-en-villagran-con-entrega-de-semilla-de-sorgo-para-mas-de-500-hectareas\\\/#breadcrumb\"},\"inLanguage\":\"es\",\"potentialAction\":[{\"@type\":\"ReadAction\",\"target\":[\"https:\\\/\\\/elhijodelllanero.mx\\\/index.php\\\/2026\\\/04\\\/24\\\/impulsan-el-campo-en-villagran-con-entrega-de-semilla-de-sorgo-para-mas-de-500-hectareas\\\/\"]}]},{\"@type\":\"ImageObject\",\"inLanguage\":\"es\",\"@id\":\"https:\\\/\\\/elhijodelllanero.mx\\\/index.php\\\/2026\\\/04\\\/24\\\/impulsan-el-campo-en-villagran-con-entrega-de-semilla-de-sorgo-para-mas-de-500-hectareas\\\/#primaryimage\",\"url\":\"https:\\\/\\\/i0.wp.com\\\/elhijodelllanero.mx\\\/wp-content\\\/uploads\\\/2026\\\/04\\\/84178ba4-c8cf-43d1-b6d4-3fa121ee65de.jpeg?fit=1600%2C1426&ssl=1\",\"contentUrl\":\"https:\\\/\\\/i0.wp.com\\\/elhijodelllanero.mx\\\/wp-content\\\/uploads\\\/2026\\\/04\\\/84178ba4-c8cf-43d1-b6d4-3fa121ee65de.jpeg?fit=1600%2C1426&ssl=1\",\"width\":1600,\"height\":1426},{\"@type\":\"BreadcrumbList\",\"@id\":\"https:\\\/\\\/elhijodelllanero.mx\\\/index.php\\\/2026\\\/04\\\/24\\\/impulsan-el-campo-en-villagran-con-entrega-de-semilla-de-sorgo-para-mas-de-500-hectareas\\\/#breadcrumb\",\"itemListElement\":[{\"@type\":\"ListItem\",\"position\":1,\"name\":\"Portada\",\"item\":\"https:\\\/\\\/elhijodelllanero.mx\\\/\"},{\"@type\":\"ListItem\",\"position\":2,\"name\":\"Impulsan el campo en Villagr\u00e1n con entrega de semilla de sorgo para m\u00e1s de 500 hect\u00e1reas.\"}]},{\"@type\":\"WebSite\",\"@id\":\"https:\\\/\\\/elhijodelllanero.mx\\\/#website\",\"url\":\"https:\\\/\\\/elhijodelllanero.mx\\\/\",\"name\":\"El Hijo del llanero solititito\",\"description\":\"\",\"potentialAction\":[{\"@type\":\"SearchAction\",\"target\":{\"@type\":\"EntryPoint\",\"urlTemplate\":\"https:\\\/\\\/elhijodelllanero.mx\\\/?s={search_term_string}\"},\"query-input\":{\"@type\":\"PropertyValueSpecification\",\"valueRequired\":true,\"valueName\":\"search_term_string\"}}],\"inLanguage\":\"es\"},{\"@type\":\"Person\",\"@id\":\"https:\\\/\\\/elhijodelllanero.mx\\\/#\\\/schema\\\/person\\\/c7f8c86c55c1eab44ae2b93a9628245f\",\"name\":\"Mar\u00eda de la Paz Rodarte Ram\u00edrez\",\"image\":{\"@type\":\"ImageObject\",\"inLanguage\":\"es\",\"@id\":\"https:\\\/\\\/secure.gravatar.com\\\/avatar\\\/1f38f8518b09a266af73da2bce78d69e7d1275299970134ed62f572e0487e1d0?s=96&d=mm&r=g\",\"url\":\"https:\\\/\\\/secure.gravatar.com\\\/avatar\\\/1f38f8518b09a266af73da2bce78d69e7d1275299970134ed62f572e0487e1d0?s=96&d=mm&r=g\",\"contentUrl\":\"https:\\\/\\\/secure.gravatar.com\\\/avatar\\\/1f38f8518b09a266af73da2bce78d69e7d1275299970134ed62f572e0487e1d0?s=96&d=mm&r=g\",\"caption\":\"Mar\u00eda de la Paz Rodarte Ram\u00edrez\"},\"sameAs\":[\"https:\\\/\\\/www.elhijodelllanero.mx\"],\"url\":\"https:\\\/\\\/elhijodelllanero.mx\\\/index.php\\\/author\\\/maricuas\\\/\"}]}<\/script>\n<!-- \/ Yoast SEO plugin. -->","yoast_head_json":{"title":"Impulsan el campo en Villagr\u00e1n con entrega de semilla de sorgo para m\u00e1s de 500 hect\u00e1reas. - El Hijo del llanero solititito","robots":{"index":"index","follow":"follow","max-snippet":"max-snippet:-1","max-image-preview":"max-image-preview:large","max-video-preview":"max-video-preview:-1"},"canonical":"https:\/\/elhijodelllanero.mx\/index.php\/2026\/04\/24\/impulsan-el-campo-en-villagran-con-entrega-de-semilla-de-sorgo-para-mas-de-500-hectareas\/","og_locale":"es_ES","og_type":"article","og_title":"Impulsan el campo en Villagr\u00e1n con entrega de semilla de sorgo para m\u00e1s de 500 hect\u00e1reas. - El Hijo del llanero solititito","og_description":"Villagr\u00e1n, Gto. 24 de abril del 2026.-M\u00e1s de 160 productores del municipio de Villagr\u0301n recibieron semilla de sorgo certificada como parte de un programa de apoyo al campo que busca fortalecer la producci\u00f3n agr\u00edcola y mejorar las condiciones de trabajo en las comunidades rurales. La entrega beneficiar\u00e1 directamente a 161 agricultores y permitir\u00e1 sembrar m\u00e1s [&hellip;]","og_url":"https:\/\/elhijodelllanero.mx\/index.php\/2026\/04\/24\/impulsan-el-campo-en-villagran-con-entrega-de-semilla-de-sorgo-para-mas-de-500-hectareas\/","og_site_name":"El Hijo del llanero solititito","article_published_time":"2026-04-25T01:09:06+00:00","og_image":[{"width":1600,"height":1426,"url":"https:\/\/elhijodelllanero.mx\/wp-content\/uploads\/2026\/04\/84178ba4-c8cf-43d1-b6d4-3fa121ee65de.jpeg","type":"image\/jpeg"}],"author":"Mar\u00eda de la Paz Rodarte Ram\u00edrez","twitter_card":"summary_large_image","twitter_misc":{"Escrito por":"Mar\u00eda de la Paz Rodarte Ram\u00edrez","Tiempo de lectura":"2 minutos"},"schema":{"@context":"https:\/\/schema.org","@graph":[{"@type":"Article","@id":"https:\/\/elhijodelllanero.mx\/index.php\/2026\/04\/24\/impulsan-el-campo-en-villagran-con-entrega-de-semilla-de-sorgo-para-mas-de-500-hectareas\/#article","isPartOf":{"@id":"https:\/\/elhijodelllanero.mx\/index.php\/2026\/04\/24\/impulsan-el-campo-en-villagran-con-entrega-de-semilla-de-sorgo-para-mas-de-500-hectareas\/"},"author":{"name":"Mar\u00eda de la Paz Rodarte Ram\u00edrez","@id":"https:\/\/elhijodelllanero.mx\/#\/schema\/person\/c7f8c86c55c1eab44ae2b93a9628245f"},"headline":"Impulsan el campo en Villagr\u00e1n con entrega de semilla de sorgo para m\u00e1s de 500 hect\u00e1reas.","datePublished":"2026-04-25T01:09:06+00:00","mainEntityOfPage":{"@id":"https:\/\/elhijodelllanero.mx\/index.php\/2026\/04\/24\/impulsan-el-campo-en-villagran-con-entrega-de-semilla-de-sorgo-para-mas-de-500-hectareas\/"},"wordCount":300,"commentCount":0,"image":{"@id":"https:\/\/elhijodelllanero.mx\/index.php\/2026\/04\/24\/impulsan-el-campo-en-villagran-con-entrega-de-semilla-de-sorgo-para-mas-de-500-hectareas\/#primaryimage"},"thumbnailUrl":"https:\/\/i0.wp.com\/elhijodelllanero.mx\/wp-content\/uploads\/2026\/04\/84178ba4-c8cf-43d1-b6d4-3fa121ee65de.jpeg?fit=1600%2C1426&ssl=1","articleSection":["MUNICIPIOS","Villagr\u00e1n"],"inLanguage":"es","potentialAction":[{"@type":"CommentAction","name":"Comment","target":["https:\/\/elhijodelllanero.mx\/index.php\/2026\/04\/24\/impulsan-el-campo-en-villagran-con-entrega-de-semilla-de-sorgo-para-mas-de-500-hectareas\/#respond"]}]},{"@type":"WebPage","@id":"https:\/\/elhijodelllanero.mx\/index.php\/2026\/04\/24\/impulsan-el-campo-en-villagran-con-entrega-de-semilla-de-sorgo-para-mas-de-500-hectareas\/","url":"https:\/\/elhijodelllanero.mx\/index.php\/2026\/04\/24\/impulsan-el-campo-en-villagran-con-entrega-de-semilla-de-sorgo-para-mas-de-500-hectareas\/","name":"Impulsan el campo en Villagr\u00e1n con entrega de semilla de sorgo para m\u00e1s de 500 hect\u00e1reas. - El Hijo del llanero solititito","isPartOf":{"@id":"https:\/\/elhijodelllanero.mx\/#website"},"primaryImageOfPage":{"@id":"https:\/\/elhijodelllanero.mx\/index.php\/2026\/04\/24\/impulsan-el-campo-en-villagran-con-entrega-de-semilla-de-sorgo-para-mas-de-500-hectareas\/#primaryimage"},"image":{"@id":"https:\/\/elhijodelllanero.mx\/index.php\/2026\/04\/24\/impulsan-el-campo-en-villagran-con-entrega-de-semilla-de-sorgo-para-mas-de-500-hectareas\/#primaryimage"},"thumbnailUrl":"https:\/\/i0.wp.com\/elhijodelllanero.mx\/wp-content\/uploads\/2026\/04\/84178ba4-c8cf-43d1-b6d4-3fa121ee65de.jpeg?fit=1600%2C1426&ssl=1","datePublished":"2026-04-25T01:09:06+00:00","author":{"@id":"https:\/\/elhijodelllanero.mx\/#\/schema\/person\/c7f8c86c55c1eab44ae2b93a9628245f"},"breadcrumb":{"@id":"https:\/\/elhijodelllanero.mx\/index.php\/2026\/04\/24\/impulsan-el-campo-en-villagran-con-entrega-de-semilla-de-sorgo-para-mas-de-500-hectareas\/#breadcrumb"},"inLanguage":"es","potentialAction":[{"@type":"ReadAction","target":["https:\/\/elhijodelllanero.mx\/index.php\/2026\/04\/24\/impulsan-el-campo-en-villagran-con-entrega-de-semilla-de-sorgo-para-mas-de-500-hectareas\/"]}]},{"@type":"ImageObject","inLanguage":"es","@id":"https:\/\/elhijodelllanero.mx\/index.php\/2026\/04\/24\/impulsan-el-campo-en-villagran-con-entrega-de-semilla-de-sorgo-para-mas-de-500-hectareas\/#primaryimage","url":"https:\/\/i0.wp.com\/elhijodelllanero.mx\/wp-content\/uploads\/2026\/04\/84178ba4-c8cf-43d1-b6d4-3fa121ee65de.jpeg?fit=1600%2C1426&ssl=1","contentUrl":"https:\/\/i0.wp.com\/elhijodelllanero.mx\/wp-content\/uploads\/2026\/04\/84178ba4-c8cf-43d1-b6d4-3fa121ee65de.jpeg?fit=1600%2C1426&ssl=1","width":1600,"height":1426},{"@type":"BreadcrumbList","@id":"https:\/\/elhijodelllanero.mx\/index.php\/2026\/04\/24\/impulsan-el-campo-en-villagran-con-entrega-de-semilla-de-sorgo-para-mas-de-500-hectareas\/#breadcrumb","itemListElement":[{"@type":"ListItem","position":1,"name":"Portada","item":"https:\/\/elhijodelllanero.mx\/"},{"@type":"ListItem","position":2,"name":"Impulsan el campo en Villagr\u00e1n con entrega de semilla de sorgo para m\u00e1s de 500 hect\u00e1reas."}]},{"@type":"WebSite","@id":"https:\/\/elhijodelllanero.mx\/#website","url":"https:\/\/elhijodelllanero.mx\/","name":"El Hijo del llanero solititito","description":"","potentialAction":[{"@type":"SearchAction","target":{"@type":"EntryPoint","urlTemplate":"https:\/\/elhijodelllanero.mx\/?s={search_term_string}"},"query-input":{"@type":"PropertyValueSpecification","valueRequired":true,"valueName":"search_term_string"}}],"inLanguage":"es"},{"@type":"Person","@id":"https:\/\/elhijodelllanero.mx\/#\/schema\/person\/c7f8c86c55c1eab44ae2b93a9628245f","name":"Mar\u00eda de la Paz Rodarte Ram\u00edrez","image":{"@type":"ImageObject","inLanguage":"es","@id":"https:\/\/secure.gravatar.com\/avatar\/1f38f8518b09a266af73da2bce78d69e7d1275299970134ed62f572e0487e1d0?s=96&d=mm&r=g","url":"https:\/\/secure.gravatar.com\/avatar\/1f38f8518b09a266af73da2bce78d69e7d1275299970134ed62f572e0487e1d0?s=96&d=mm&r=g","contentUrl":"https:\/\/secure.gravatar.com\/avatar\/1f38f8518b09a266af73da2bce78d69e7d1275299970134ed62f572e0487e1d0?s=96&d=mm&r=g","caption":"Mar\u00eda de la Paz Rodarte Ram\u00edrez"},"sameAs":["https:\/\/www.elhijodelllanero.mx"],"url":"https:\/\/elhijodelllanero.mx\/index.php\/author\/maricuas\/"}]}},"jetpack_featured_media_url":"https:\/\/i0.wp.com\/elhijodelllanero.mx\/wp-content\/uploads\/2026\/04\/84178ba4-c8cf-43d1-b6d4-3fa121ee65de.jpeg?fit=1600%2C1426&ssl=1","jetpack-related-posts":[],"jetpack_sharing_enabled":true,"_links":{"self":[{"href":"https:\/\/elhijodelllanero.mx\/index.php\/wp-json\/wp\/v2\/posts\/14126","targetHints":{"allow":["GET"]}}],"collection":[{"href":"https:\/\/elhijodelllanero.mx\/index.php\/wp-json\/wp\/v2\/posts"}],"about":[{"href":"https:\/\/elhijodelllanero.mx\/index.php\/wp-json\/wp\/v2\/types\/post"}],"author":[{"embeddable":true,"href":"https:\/\/elhijodelllanero.mx\/index.php\/wp-json\/wp\/v2\/users\/3"}],"replies":[{"embeddable":true,"href":"https:\/\/elhijodelllanero.mx\/index.php\/wp-json\/wp\/v2\/comments?post=14126"}],"version-history":[{"count":1,"href":"https:\/\/elhijodelllanero.mx\/index.php\/wp-json\/wp\/v2\/posts\/14126\/revisions"}],"predecessor-version":[{"id":14128,"href":"https:\/\/elhijodelllanero.mx\/index.php\/wp-json\/wp\/v2\/posts\/14126\/revisions\/14128"}],"wp:featuredmedia":[{"embeddable":true,"href":"https:\/\/elhijodelllanero.mx\/index.php\/wp-json\/wp\/v2\/media\/14127"}],"wp:attachment":[{"href":"https:\/\/elhijodelllanero.mx\/index.php\/wp-json\/wp\/v2\/media?parent=14126"}],"wp:term":[{"taxonomy":"category","embeddable":true,"href":"https:\/\/elhijodelllanero.mx\/index.php\/wp-json\/wp\/v2\/categories?post=14126"},{"taxonomy":"post_tag","embeddable":true,"href":"https:\/\/elhijodelllanero.mx\/index.php\/wp-json\/wp\/v2\/tags?post=14126"}],"curies":[{"name":"wp","href":"https:\/\/api.w.org\/{rel}","templated":true}]}}