{"id":14132,"date":"2026-04-25T07:55:44","date_gmt":"2026-04-25T13:55:44","guid":{"rendered":"https:\/\/elhijodelllanero.mx\/?p=14132"},"modified":"2026-04-25T07:55:44","modified_gmt":"2026-04-25T13:55:44","slug":"arranca-hoy-la-semana-nacional-de-vacunacion-aplicaran-vacunas-gratis-en-ocho-municipios-de-la-region","status":"publish","type":"post","link":"https:\/\/elhijodelllanero.mx\/index.php\/2026\/04\/25\/arranca-hoy-la-semana-nacional-de-vacunacion-aplicaran-vacunas-gratis-en-ocho-municipios-de-la-region\/","title":{"rendered":"\u00a1Arranca hoy la Semana Nacional de Vacunaci\u00f3n! Aplicar\u00e1n vacunas gratis en ocho municipios de la regi\u00f3n."},"content":{"rendered":"<p>Celaya, Gto., 25 de abril de 2026.- Este viernes 25 de abril dio inicio la Semana Nacional de Vacunaci\u00f3n 2026 bajo el lema \u201cVacunar es amar\u201d, una jornada intensiva que se llevar\u00e1 a cabo hasta el pr\u00f3ximo 2 de mayo con la aplicaci\u00f3n gratuita de 14 diferentes vacunas en ocho municipios de la regi\u00f3n.<\/p>\n<p>Juan Jes\u00fas Mart\u00ednez Garc\u00eda, jefe de la Jurisdicci\u00f3n Sanitaria III, inform\u00f3 que participar\u00e1n los municipios de Apaseo el Alto, Apaseo el Grande, Celaya, Comonfort, Cortazar, Juventino Rosas, Tarimoro y Villagr\u00e1n, donde adem\u00e1s se ofrecer\u00e1 vitamina A para ni\u00f1as y ni\u00f1os de 6 meses a menores de 5 a\u00f1os, as\u00ed como albendazol como tratamiento antiparasitario. Porque claro, adem\u00e1s de sobrevivir al tr\u00e1fico y los recibos, tambi\u00e9n hay que sobrevivir a los par\u00e1sitos.<\/p>\n<p>Entre las novedades de esta campa\u00f1a destaca la incorporaci\u00f3n de la vacuna contra el virus sincitial respiratorio, dirigida a mujeres embarazadas entre las semanas 32 y 36 de gestaci\u00f3n, con el objetivo de proteger a los beb\u00e9s durante sus primeros seis meses de vida contra enfermedades respiratorias graves.<\/p>\n<p>Tambi\u00e9n se suma la vacuna contra la hepatitis A para ni\u00f1as y ni\u00f1os de 18 meses de edad.<\/p>\n<p>Las vacunas estar\u00e1n disponibles en todos los Centros de Salud de la Gente, adem\u00e1s de m\u00f3dulos semifijos instalados en distintos puntos de cada municipio.<\/p>\n<p>En Celaya, hoy viernes 25 y ma\u00f1ana s\u00e1bado 26 de abril habr\u00e1 atenci\u00f3n en un m\u00f3dulo ubicado afuera de la tienda Del Sol, en horario de 9:00 de la ma\u00f1ana a 3:30 de la tarde.<\/p>\n<p>En Apaseo el Alto, este 25 de abril el m\u00f3dulo estar\u00e1 en el Jard\u00edn Alameda de 8:30 a 14:30 horas, y el 26 de abril en el Jard\u00edn Cuauht\u00e9moc en el mismo horario.<\/p>\n<p>En Apaseo el Grande, la jornada ser\u00e1 el 26 de abril en el Jard\u00edn Principal.<\/p>\n<p>En Comonfort, el m\u00f3dulo estar\u00e1 en la zona artesanal el 26 de abril de 9:00 a 14:00 horas.<\/p>\n<p>En Cortazar, se instalar\u00e1 en el tianguis dominical de 9:00 a 14:30 horas.<\/p>\n<p>En Juventino Rosas, hoy s\u00e1bado 25 ser\u00e1 en el fraccionamiento Comontuoso y el domingo 26 en el fraccionamiento Catania.<\/p>\n<p>En Tarimoro, el domingo 26 de abril estar\u00e1 en el Jard\u00edn Principal de 9:00 a 14:00 horas.<\/p>\n<p>En Villagr\u00e1n, hoy 25 de abril estar\u00e1 en el CECyTE Sarabia de 9:00 a 13:00 horas; el domingo 26 en el templo de la Inmaculada Concepci\u00f3n y el lunes 27 en el Jard\u00edn Principal.<\/p>\n<p>Las autoridades de salud hicieron el llamado a la poblaci\u00f3n para acudir con su Cartilla Nacional de Salud y aprovechar esta campa\u00f1a para iniciar o completar su esquema de vacunaci\u00f3n. Porque prevenir sigue siendo bastante m\u00e1s barato que enfermarse.<\/p>\n","protected":false},"excerpt":{"rendered":"<p>Celaya, Gto., 25 de abril de 2026.- Este viernes 25 de abril dio inicio la Semana Nacional de Vacunaci\u00f3n 2026 bajo el lema \u201cVacunar es amar\u201d, una jornada intensiva que se llevar\u00e1 a cabo hasta el pr\u00f3ximo 2 de mayo con la aplicaci\u00f3n gratuita de 14 diferentes vacunas en ocho municipios de la regi\u00f3n. Juan [&hellip;]<\/p>\n","protected":false},"author":3,"featured_media":14133,"comment_status":"open","ping_status":"closed","sticky":false,"template":"","format":"standard","meta":{"_jetpack_newsletter_access":"","_jetpack_dont_email_post_to_subs":false,"_jetpack_newsletter_tier_id":0,"_jetpack_memberships_contains_paywalled_content":false,"_jetpack_memberships_contains_paid_content":false,"footnotes":""},"categories":[74],"tags":[],"class_list":{"0":"post-14132","1":"post","2":"type-post","3":"status-publish","4":"format-standard","5":"has-post-thumbnail","7":"category-celaya"},"yoast_head":"<!-- This site is optimized with the Yoast SEO plugin v27.3 - https:\/\/yoast.com\/product\/yoast-seo-wordpress\/ -->\n<title>\u00a1Arranca hoy la Semana Nacional de Vacunaci\u00f3n! Aplicar\u00e1n vacunas gratis en ocho municipios de la regi\u00f3n. - El Hijo del llanero solititito<\/title>\n<meta name=\"robots\" content=\"index, follow, max-snippet:-1, max-image-preview:large, max-video-preview:-1\" \/>\n<link rel=\"canonical\" href=\"https:\/\/elhijodelllanero.mx\/index.php\/2026\/04\/25\/arranca-hoy-la-semana-nacional-de-vacunacion-aplicaran-vacunas-gratis-en-ocho-municipios-de-la-region\/\" \/>\n<meta property=\"og:locale\" content=\"es_ES\" \/>\n<meta property=\"og:type\" content=\"article\" \/>\n<meta property=\"og:title\" content=\"\u00a1Arranca hoy la Semana Nacional de Vacunaci\u00f3n! Aplicar\u00e1n vacunas gratis en ocho municipios de la regi\u00f3n. - El Hijo del llanero solititito\" \/>\n<meta property=\"og:description\" content=\"Celaya, Gto., 25 de abril de 2026.- Este viernes 25 de abril dio inicio la Semana Nacional de Vacunaci\u00f3n 2026 bajo el lema \u201cVacunar es amar\u201d, una jornada intensiva que se llevar\u00e1 a cabo hasta el pr\u00f3ximo 2 de mayo con la aplicaci\u00f3n gratuita de 14 diferentes vacunas en ocho municipios de la regi\u00f3n. Juan [&hellip;]\" \/>\n<meta property=\"og:url\" content=\"https:\/\/elhijodelllanero.mx\/index.php\/2026\/04\/25\/arranca-hoy-la-semana-nacional-de-vacunacion-aplicaran-vacunas-gratis-en-ocho-municipios-de-la-region\/\" \/>\n<meta property=\"og:site_name\" content=\"El Hijo del llanero solititito\" \/>\n<meta property=\"article:published_time\" content=\"2026-04-25T13:55:44+00:00\" \/>\n<meta property=\"og:image\" content=\"https:\/\/elhijodelllanero.mx\/wp-content\/uploads\/2026\/04\/91da046a-631a-450e-ae45-4c9adc475bf0.jpeg\" \/>\n\t<meta property=\"og:image:width\" content=\"1280\" \/>\n\t<meta property=\"og:image:height\" content=\"960\" \/>\n\t<meta property=\"og:image:type\" content=\"image\/jpeg\" \/>\n<meta name=\"author\" content=\"Mar\u00eda de la Paz Rodarte Ram\u00edrez\" \/>\n<meta name=\"twitter:card\" content=\"summary_large_image\" \/>\n<meta name=\"twitter:label1\" content=\"Escrito por\" \/>\n\t<meta name=\"twitter:data1\" content=\"Mar\u00eda de la Paz Rodarte Ram\u00edrez\" \/>\n\t<meta name=\"twitter:label2\" content=\"Tiempo de lectura\" \/>\n\t<meta name=\"twitter:data2\" content=\"3 minutos\" \/>\n<script type=\"application\/ld+json\" class=\"yoast-schema-graph\">{\"@context\":\"https:\\\/\\\/schema.org\",\"@graph\":[{\"@type\":\"Article\",\"@id\":\"https:\\\/\\\/elhijodelllanero.mx\\\/index.php\\\/2026\\\/04\\\/25\\\/arranca-hoy-la-semana-nacional-de-vacunacion-aplicaran-vacunas-gratis-en-ocho-municipios-de-la-region\\\/#article\",\"isPartOf\":{\"@id\":\"https:\\\/\\\/elhijodelllanero.mx\\\/index.php\\\/2026\\\/04\\\/25\\\/arranca-hoy-la-semana-nacional-de-vacunacion-aplicaran-vacunas-gratis-en-ocho-municipios-de-la-region\\\/\"},\"author\":{\"name\":\"Mar\u00eda de la Paz Rodarte Ram\u00edrez\",\"@id\":\"https:\\\/\\\/elhijodelllanero.mx\\\/#\\\/schema\\\/person\\\/c7f8c86c55c1eab44ae2b93a9628245f\"},\"headline\":\"\u00a1Arranca hoy la Semana Nacional de Vacunaci\u00f3n! Aplicar\u00e1n vacunas gratis en ocho municipios de la regi\u00f3n.\",\"datePublished\":\"2026-04-25T13:55:44+00:00\",\"mainEntityOfPage\":{\"@id\":\"https:\\\/\\\/elhijodelllanero.mx\\\/index.php\\\/2026\\\/04\\\/25\\\/arranca-hoy-la-semana-nacional-de-vacunacion-aplicaran-vacunas-gratis-en-ocho-municipios-de-la-region\\\/\"},\"wordCount\":471,\"commentCount\":0,\"image\":{\"@id\":\"https:\\\/\\\/elhijodelllanero.mx\\\/index.php\\\/2026\\\/04\\\/25\\\/arranca-hoy-la-semana-nacional-de-vacunacion-aplicaran-vacunas-gratis-en-ocho-municipios-de-la-region\\\/#primaryimage\"},\"thumbnailUrl\":\"https:\\\/\\\/i0.wp.com\\\/elhijodelllanero.mx\\\/wp-content\\\/uploads\\\/2026\\\/04\\\/91da046a-631a-450e-ae45-4c9adc475bf0.jpeg?fit=1280%2C960&ssl=1\",\"articleSection\":[\"CELAYA\"],\"inLanguage\":\"es\",\"potentialAction\":[{\"@type\":\"CommentAction\",\"name\":\"Comment\",\"target\":[\"https:\\\/\\\/elhijodelllanero.mx\\\/index.php\\\/2026\\\/04\\\/25\\\/arranca-hoy-la-semana-nacional-de-vacunacion-aplicaran-vacunas-gratis-en-ocho-municipios-de-la-region\\\/#respond\"]}]},{\"@type\":\"WebPage\",\"@id\":\"https:\\\/\\\/elhijodelllanero.mx\\\/index.php\\\/2026\\\/04\\\/25\\\/arranca-hoy-la-semana-nacional-de-vacunacion-aplicaran-vacunas-gratis-en-ocho-municipios-de-la-region\\\/\",\"url\":\"https:\\\/\\\/elhijodelllanero.mx\\\/index.php\\\/2026\\\/04\\\/25\\\/arranca-hoy-la-semana-nacional-de-vacunacion-aplicaran-vacunas-gratis-en-ocho-municipios-de-la-region\\\/\",\"name\":\"\u00a1Arranca hoy la Semana Nacional de Vacunaci\u00f3n! Aplicar\u00e1n vacunas gratis en ocho municipios de la regi\u00f3n. - El Hijo del llanero solititito\",\"isPartOf\":{\"@id\":\"https:\\\/\\\/elhijodelllanero.mx\\\/#website\"},\"primaryImageOfPage\":{\"@id\":\"https:\\\/\\\/elhijodelllanero.mx\\\/index.php\\\/2026\\\/04\\\/25\\\/arranca-hoy-la-semana-nacional-de-vacunacion-aplicaran-vacunas-gratis-en-ocho-municipios-de-la-region\\\/#primaryimage\"},\"image\":{\"@id\":\"https:\\\/\\\/elhijodelllanero.mx\\\/index.php\\\/2026\\\/04\\\/25\\\/arranca-hoy-la-semana-nacional-de-vacunacion-aplicaran-vacunas-gratis-en-ocho-municipios-de-la-region\\\/#primaryimage\"},\"thumbnailUrl\":\"https:\\\/\\\/i0.wp.com\\\/elhijodelllanero.mx\\\/wp-content\\\/uploads\\\/2026\\\/04\\\/91da046a-631a-450e-ae45-4c9adc475bf0.jpeg?fit=1280%2C960&ssl=1\",\"datePublished\":\"2026-04-25T13:55:44+00:00\",\"author\":{\"@id\":\"https:\\\/\\\/elhijodelllanero.mx\\\/#\\\/schema\\\/person\\\/c7f8c86c55c1eab44ae2b93a9628245f\"},\"breadcrumb\":{\"@id\":\"https:\\\/\\\/elhijodelllanero.mx\\\/index.php\\\/2026\\\/04\\\/25\\\/arranca-hoy-la-semana-nacional-de-vacunacion-aplicaran-vacunas-gratis-en-ocho-municipios-de-la-region\\\/#breadcrumb\"},\"inLanguage\":\"es\",\"potentialAction\":[{\"@type\":\"ReadAction\",\"target\":[\"https:\\\/\\\/elhijodelllanero.mx\\\/index.php\\\/2026\\\/04\\\/25\\\/arranca-hoy-la-semana-nacional-de-vacunacion-aplicaran-vacunas-gratis-en-ocho-municipios-de-la-region\\\/\"]}]},{\"@type\":\"ImageObject\",\"inLanguage\":\"es\",\"@id\":\"https:\\\/\\\/elhijodelllanero.mx\\\/index.php\\\/2026\\\/04\\\/25\\\/arranca-hoy-la-semana-nacional-de-vacunacion-aplicaran-vacunas-gratis-en-ocho-municipios-de-la-region\\\/#primaryimage\",\"url\":\"https:\\\/\\\/i0.wp.com\\\/elhijodelllanero.mx\\\/wp-content\\\/uploads\\\/2026\\\/04\\\/91da046a-631a-450e-ae45-4c9adc475bf0.jpeg?fit=1280%2C960&ssl=1\",\"contentUrl\":\"https:\\\/\\\/i0.wp.com\\\/elhijodelllanero.mx\\\/wp-content\\\/uploads\\\/2026\\\/04\\\/91da046a-631a-450e-ae45-4c9adc475bf0.jpeg?fit=1280%2C960&ssl=1\",\"width\":1280,\"height\":960},{\"@type\":\"BreadcrumbList\",\"@id\":\"https:\\\/\\\/elhijodelllanero.mx\\\/index.php\\\/2026\\\/04\\\/25\\\/arranca-hoy-la-semana-nacional-de-vacunacion-aplicaran-vacunas-gratis-en-ocho-municipios-de-la-region\\\/#breadcrumb\",\"itemListElement\":[{\"@type\":\"ListItem\",\"position\":1,\"name\":\"Portada\",\"item\":\"https:\\\/\\\/elhijodelllanero.mx\\\/\"},{\"@type\":\"ListItem\",\"position\":2,\"name\":\"\u00a1Arranca hoy la Semana Nacional de Vacunaci\u00f3n! Aplicar\u00e1n vacunas gratis en ocho municipios de la regi\u00f3n.\"}]},{\"@type\":\"WebSite\",\"@id\":\"https:\\\/\\\/elhijodelllanero.mx\\\/#website\",\"url\":\"https:\\\/\\\/elhijodelllanero.mx\\\/\",\"name\":\"El Hijo del llanero solititito\",\"description\":\"\",\"potentialAction\":[{\"@type\":\"SearchAction\",\"target\":{\"@type\":\"EntryPoint\",\"urlTemplate\":\"https:\\\/\\\/elhijodelllanero.mx\\\/?s={search_term_string}\"},\"query-input\":{\"@type\":\"PropertyValueSpecification\",\"valueRequired\":true,\"valueName\":\"search_term_string\"}}],\"inLanguage\":\"es\"},{\"@type\":\"Person\",\"@id\":\"https:\\\/\\\/elhijodelllanero.mx\\\/#\\\/schema\\\/person\\\/c7f8c86c55c1eab44ae2b93a9628245f\",\"name\":\"Mar\u00eda de la Paz Rodarte Ram\u00edrez\",\"image\":{\"@type\":\"ImageObject\",\"inLanguage\":\"es\",\"@id\":\"https:\\\/\\\/secure.gravatar.com\\\/avatar\\\/1f38f8518b09a266af73da2bce78d69e7d1275299970134ed62f572e0487e1d0?s=96&d=mm&r=g\",\"url\":\"https:\\\/\\\/secure.gravatar.com\\\/avatar\\\/1f38f8518b09a266af73da2bce78d69e7d1275299970134ed62f572e0487e1d0?s=96&d=mm&r=g\",\"contentUrl\":\"https:\\\/\\\/secure.gravatar.com\\\/avatar\\\/1f38f8518b09a266af73da2bce78d69e7d1275299970134ed62f572e0487e1d0?s=96&d=mm&r=g\",\"caption\":\"Mar\u00eda de la Paz Rodarte Ram\u00edrez\"},\"sameAs\":[\"https:\\\/\\\/www.elhijodelllanero.mx\"],\"url\":\"https:\\\/\\\/elhijodelllanero.mx\\\/index.php\\\/author\\\/maricuas\\\/\"}]}<\/script>\n<!-- \/ Yoast SEO plugin. -->","yoast_head_json":{"title":"\u00a1Arranca hoy la Semana Nacional de Vacunaci\u00f3n! Aplicar\u00e1n vacunas gratis en ocho municipios de la regi\u00f3n. - El Hijo del llanero solititito","robots":{"index":"index","follow":"follow","max-snippet":"max-snippet:-1","max-image-preview":"max-image-preview:large","max-video-preview":"max-video-preview:-1"},"canonical":"https:\/\/elhijodelllanero.mx\/index.php\/2026\/04\/25\/arranca-hoy-la-semana-nacional-de-vacunacion-aplicaran-vacunas-gratis-en-ocho-municipios-de-la-region\/","og_locale":"es_ES","og_type":"article","og_title":"\u00a1Arranca hoy la Semana Nacional de Vacunaci\u00f3n! Aplicar\u00e1n vacunas gratis en ocho municipios de la regi\u00f3n. - El Hijo del llanero solititito","og_description":"Celaya, Gto., 25 de abril de 2026.- Este viernes 25 de abril dio inicio la Semana Nacional de Vacunaci\u00f3n 2026 bajo el lema \u201cVacunar es amar\u201d, una jornada intensiva que se llevar\u00e1 a cabo hasta el pr\u00f3ximo 2 de mayo con la aplicaci\u00f3n gratuita de 14 diferentes vacunas en ocho municipios de la regi\u00f3n. Juan [&hellip;]","og_url":"https:\/\/elhijodelllanero.mx\/index.php\/2026\/04\/25\/arranca-hoy-la-semana-nacional-de-vacunacion-aplicaran-vacunas-gratis-en-ocho-municipios-de-la-region\/","og_site_name":"El Hijo del llanero solititito","article_published_time":"2026-04-25T13:55:44+00:00","og_image":[{"width":1280,"height":960,"url":"https:\/\/elhijodelllanero.mx\/wp-content\/uploads\/2026\/04\/91da046a-631a-450e-ae45-4c9adc475bf0.jpeg","type":"image\/jpeg"}],"author":"Mar\u00eda de la Paz Rodarte Ram\u00edrez","twitter_card":"summary_large_image","twitter_misc":{"Escrito por":"Mar\u00eda de la Paz Rodarte Ram\u00edrez","Tiempo de lectura":"3 minutos"},"schema":{"@context":"https:\/\/schema.org","@graph":[{"@type":"Article","@id":"https:\/\/elhijodelllanero.mx\/index.php\/2026\/04\/25\/arranca-hoy-la-semana-nacional-de-vacunacion-aplicaran-vacunas-gratis-en-ocho-municipios-de-la-region\/#article","isPartOf":{"@id":"https:\/\/elhijodelllanero.mx\/index.php\/2026\/04\/25\/arranca-hoy-la-semana-nacional-de-vacunacion-aplicaran-vacunas-gratis-en-ocho-municipios-de-la-region\/"},"author":{"name":"Mar\u00eda de la Paz Rodarte Ram\u00edrez","@id":"https:\/\/elhijodelllanero.mx\/#\/schema\/person\/c7f8c86c55c1eab44ae2b93a9628245f"},"headline":"\u00a1Arranca hoy la Semana Nacional de Vacunaci\u00f3n! Aplicar\u00e1n vacunas gratis en ocho municipios de la regi\u00f3n.","datePublished":"2026-04-25T13:55:44+00:00","mainEntityOfPage":{"@id":"https:\/\/elhijodelllanero.mx\/index.php\/2026\/04\/25\/arranca-hoy-la-semana-nacional-de-vacunacion-aplicaran-vacunas-gratis-en-ocho-municipios-de-la-region\/"},"wordCount":471,"commentCount":0,"image":{"@id":"https:\/\/elhijodelllanero.mx\/index.php\/2026\/04\/25\/arranca-hoy-la-semana-nacional-de-vacunacion-aplicaran-vacunas-gratis-en-ocho-municipios-de-la-region\/#primaryimage"},"thumbnailUrl":"https:\/\/i0.wp.com\/elhijodelllanero.mx\/wp-content\/uploads\/2026\/04\/91da046a-631a-450e-ae45-4c9adc475bf0.jpeg?fit=1280%2C960&ssl=1","articleSection":["CELAYA"],"inLanguage":"es","potentialAction":[{"@type":"CommentAction","name":"Comment","target":["https:\/\/elhijodelllanero.mx\/index.php\/2026\/04\/25\/arranca-hoy-la-semana-nacional-de-vacunacion-aplicaran-vacunas-gratis-en-ocho-municipios-de-la-region\/#respond"]}]},{"@type":"WebPage","@id":"https:\/\/elhijodelllanero.mx\/index.php\/2026\/04\/25\/arranca-hoy-la-semana-nacional-de-vacunacion-aplicaran-vacunas-gratis-en-ocho-municipios-de-la-region\/","url":"https:\/\/elhijodelllanero.mx\/index.php\/2026\/04\/25\/arranca-hoy-la-semana-nacional-de-vacunacion-aplicaran-vacunas-gratis-en-ocho-municipios-de-la-region\/","name":"\u00a1Arranca hoy la Semana Nacional de Vacunaci\u00f3n! Aplicar\u00e1n vacunas gratis en ocho municipios de la regi\u00f3n. - El Hijo del llanero solititito","isPartOf":{"@id":"https:\/\/elhijodelllanero.mx\/#website"},"primaryImageOfPage":{"@id":"https:\/\/elhijodelllanero.mx\/index.php\/2026\/04\/25\/arranca-hoy-la-semana-nacional-de-vacunacion-aplicaran-vacunas-gratis-en-ocho-municipios-de-la-region\/#primaryimage"},"image":{"@id":"https:\/\/elhijodelllanero.mx\/index.php\/2026\/04\/25\/arranca-hoy-la-semana-nacional-de-vacunacion-aplicaran-vacunas-gratis-en-ocho-municipios-de-la-region\/#primaryimage"},"thumbnailUrl":"https:\/\/i0.wp.com\/elhijodelllanero.mx\/wp-content\/uploads\/2026\/04\/91da046a-631a-450e-ae45-4c9adc475bf0.jpeg?fit=1280%2C960&ssl=1","datePublished":"2026-04-25T13:55:44+00:00","author":{"@id":"https:\/\/elhijodelllanero.mx\/#\/schema\/person\/c7f8c86c55c1eab44ae2b93a9628245f"},"breadcrumb":{"@id":"https:\/\/elhijodelllanero.mx\/index.php\/2026\/04\/25\/arranca-hoy-la-semana-nacional-de-vacunacion-aplicaran-vacunas-gratis-en-ocho-municipios-de-la-region\/#breadcrumb"},"inLanguage":"es","potentialAction":[{"@type":"ReadAction","target":["https:\/\/elhijodelllanero.mx\/index.php\/2026\/04\/25\/arranca-hoy-la-semana-nacional-de-vacunacion-aplicaran-vacunas-gratis-en-ocho-municipios-de-la-region\/"]}]},{"@type":"ImageObject","inLanguage":"es","@id":"https:\/\/elhijodelllanero.mx\/index.php\/2026\/04\/25\/arranca-hoy-la-semana-nacional-de-vacunacion-aplicaran-vacunas-gratis-en-ocho-municipios-de-la-region\/#primaryimage","url":"https:\/\/i0.wp.com\/elhijodelllanero.mx\/wp-content\/uploads\/2026\/04\/91da046a-631a-450e-ae45-4c9adc475bf0.jpeg?fit=1280%2C960&ssl=1","contentUrl":"https:\/\/i0.wp.com\/elhijodelllanero.mx\/wp-content\/uploads\/2026\/04\/91da046a-631a-450e-ae45-4c9adc475bf0.jpeg?fit=1280%2C960&ssl=1","width":1280,"height":960},{"@type":"BreadcrumbList","@id":"https:\/\/elhijodelllanero.mx\/index.php\/2026\/04\/25\/arranca-hoy-la-semana-nacional-de-vacunacion-aplicaran-vacunas-gratis-en-ocho-municipios-de-la-region\/#breadcrumb","itemListElement":[{"@type":"ListItem","position":1,"name":"Portada","item":"https:\/\/elhijodelllanero.mx\/"},{"@type":"ListItem","position":2,"name":"\u00a1Arranca hoy la Semana Nacional de Vacunaci\u00f3n! Aplicar\u00e1n vacunas gratis en ocho municipios de la regi\u00f3n."}]},{"@type":"WebSite","@id":"https:\/\/elhijodelllanero.mx\/#website","url":"https:\/\/elhijodelllanero.mx\/","name":"El Hijo del llanero solititito","description":"","potentialAction":[{"@type":"SearchAction","target":{"@type":"EntryPoint","urlTemplate":"https:\/\/elhijodelllanero.mx\/?s={search_term_string}"},"query-input":{"@type":"PropertyValueSpecification","valueRequired":true,"valueName":"search_term_string"}}],"inLanguage":"es"},{"@type":"Person","@id":"https:\/\/elhijodelllanero.mx\/#\/schema\/person\/c7f8c86c55c1eab44ae2b93a9628245f","name":"Mar\u00eda de la Paz Rodarte Ram\u00edrez","image":{"@type":"ImageObject","inLanguage":"es","@id":"https:\/\/secure.gravatar.com\/avatar\/1f38f8518b09a266af73da2bce78d69e7d1275299970134ed62f572e0487e1d0?s=96&d=mm&r=g","url":"https:\/\/secure.gravatar.com\/avatar\/1f38f8518b09a266af73da2bce78d69e7d1275299970134ed62f572e0487e1d0?s=96&d=mm&r=g","contentUrl":"https:\/\/secure.gravatar.com\/avatar\/1f38f8518b09a266af73da2bce78d69e7d1275299970134ed62f572e0487e1d0?s=96&d=mm&r=g","caption":"Mar\u00eda de la Paz Rodarte Ram\u00edrez"},"sameAs":["https:\/\/www.elhijodelllanero.mx"],"url":"https:\/\/elhijodelllanero.mx\/index.php\/author\/maricuas\/"}]}},"jetpack_featured_media_url":"https:\/\/i0.wp.com\/elhijodelllanero.mx\/wp-content\/uploads\/2026\/04\/91da046a-631a-450e-ae45-4c9adc475bf0.jpeg?fit=1280%2C960&ssl=1","jetpack-related-posts":[],"jetpack_sharing_enabled":true,"_links":{"self":[{"href":"https:\/\/elhijodelllanero.mx\/index.php\/wp-json\/wp\/v2\/posts\/14132","targetHints":{"allow":["GET"]}}],"collection":[{"href":"https:\/\/elhijodelllanero.mx\/index.php\/wp-json\/wp\/v2\/posts"}],"about":[{"href":"https:\/\/elhijodelllanero.mx\/index.php\/wp-json\/wp\/v2\/types\/post"}],"author":[{"embeddable":true,"href":"https:\/\/elhijodelllanero.mx\/index.php\/wp-json\/wp\/v2\/users\/3"}],"replies":[{"embeddable":true,"href":"https:\/\/elhijodelllanero.mx\/index.php\/wp-json\/wp\/v2\/comments?post=14132"}],"version-history":[{"count":1,"href":"https:\/\/elhijodelllanero.mx\/index.php\/wp-json\/wp\/v2\/posts\/14132\/revisions"}],"predecessor-version":[{"id":14134,"href":"https:\/\/elhijodelllanero.mx\/index.php\/wp-json\/wp\/v2\/posts\/14132\/revisions\/14134"}],"wp:featuredmedia":[{"embeddable":true,"href":"https:\/\/elhijodelllanero.mx\/index.php\/wp-json\/wp\/v2\/media\/14133"}],"wp:attachment":[{"href":"https:\/\/elhijodelllanero.mx\/index.php\/wp-json\/wp\/v2\/media?parent=14132"}],"wp:term":[{"taxonomy":"category","embeddable":true,"href":"https:\/\/elhijodelllanero.mx\/index.php\/wp-json\/wp\/v2\/categories?post=14132"},{"taxonomy":"post_tag","embeddable":true,"href":"https:\/\/elhijodelllanero.mx\/index.php\/wp-json\/wp\/v2\/tags?post=14132"}],"curies":[{"name":"wp","href":"https:\/\/api.w.org\/{rel}","templated":true}]}}