{"id":14138,"date":"2026-04-26T07:16:25","date_gmt":"2026-04-26T13:16:25","guid":{"rendered":"https:\/\/elhijodelllanero.mx\/?p=14138"},"modified":"2026-04-26T07:16:25","modified_gmt":"2026-04-26T13:16:25","slug":"mas-de-4-mil-ninas-y-ninos-disfrutaron-del-festival-espacial-en-apaseo-el-grande","status":"publish","type":"post","link":"https:\/\/elhijodelllanero.mx\/index.php\/2026\/04\/26\/mas-de-4-mil-ninas-y-ninos-disfrutaron-del-festival-espacial-en-apaseo-el-grande\/","title":{"rendered":"M\u00e1s de 4 mil ni\u00f1as y ni\u00f1os disfrutaron del \u201cFestival Espacial\u201d en Apaseo el Grande."},"content":{"rendered":"<p>Apaseo el Grande, Gto. 26 de abril de 2026.- Entre juegos mec\u00e1nicos, inflables, pintacaritas y mucha diversi\u00f3n, m\u00e1s de 4 mil 700 apaseenses celebraron el D\u00eda del Ni\u00f1o en el \u201cFestival Espacial\u201d, organizado por el Gobierno Municipal a trav\u00e9s del DIF Municipal.<\/p>\n<p>La Unidad Deportiva Centenario de la Constituci\u00f3n se convirti\u00f3 en una aut\u00e9ntica aventura gal\u00e1ctica, donde las familias disfrutaron de actividades tem\u00e1ticas como la \u201cMisi\u00f3n \u00c1rea 51\u201d, adem\u00e1s de sorpresas y din\u00e1micas pensadas especialmente para las y los peque\u00f1os.<\/p>\n<p>Durante el arranque del festival, el alcalde Jos\u00e9 Luis \u201cChelis\u201d Oliveros convivi\u00f3 con ni\u00f1as y ni\u00f1os, se tom\u00f3 fotograf\u00edas con los asistentes y destac\u00f3 la importancia de compartir esta fecha en familia.<\/p>\n<p>Por su parte, la presidenta del Patronato del DIF Municipal, F\u00e1tima Hern\u00e1ndez Rivera, se\u00f1al\u00f3 que este evento fue preparado con cari\u00f1o para regalar momentos de alegr\u00eda a la ni\u00f1ez apaseense.<\/p>\n<p>El inicio oficial estuvo marcado por una emotiva cuenta regresiva y el grito de \u201c\u00a1Feliz D\u00eda del Ni\u00f1o!\u201d, en un ambiente lleno de entusiasmo y convivencia familiar.<\/p>\n<p>Adem\u00e1s, Protecci\u00f3n Civil emiti\u00f3 recomendaciones para que las familias disfrutaran de manera segura, como mantenerse hidratados, usar bloqueador solar y llevar gorra ante las altas temperaturas.<\/p>\n","protected":false},"excerpt":{"rendered":"<p>Apaseo el Grande, Gto. 26 de abril de 2026.- Entre juegos mec\u00e1nicos, inflables, pintacaritas y mucha diversi\u00f3n, m\u00e1s de 4 mil 700 apaseenses celebraron el D\u00eda del Ni\u00f1o en el \u201cFestival Espacial\u201d, organizado por el Gobierno Municipal a trav\u00e9s del DIF Municipal. La Unidad Deportiva Centenario de la Constituci\u00f3n se convirti\u00f3 en una aut\u00e9ntica aventura [&hellip;]<\/p>\n","protected":false},"author":3,"featured_media":14139,"comment_status":"open","ping_status":"closed","sticky":false,"template":"","format":"standard","meta":{"_jetpack_newsletter_access":"","_jetpack_dont_email_post_to_subs":false,"_jetpack_newsletter_tier_id":0,"_jetpack_memberships_contains_paywalled_content":false,"_jetpack_memberships_contains_paid_content":false,"footnotes":""},"categories":[78,76],"tags":[],"class_list":{"0":"post-14138","1":"post","2":"type-post","3":"status-publish","4":"format-standard","5":"has-post-thumbnail","7":"category-apaseo-el-grande","8":"category-municipios"},"yoast_head":"<!-- This site is optimized with the Yoast SEO plugin v27.3 - https:\/\/yoast.com\/product\/yoast-seo-wordpress\/ -->\n<title>M\u00e1s de 4 mil ni\u00f1as y ni\u00f1os disfrutaron del \u201cFestival Espacial\u201d en Apaseo el Grande. - El Hijo del llanero solititito<\/title>\n<meta name=\"robots\" content=\"index, follow, max-snippet:-1, max-image-preview:large, max-video-preview:-1\" \/>\n<link rel=\"canonical\" href=\"https:\/\/elhijodelllanero.mx\/index.php\/2026\/04\/26\/mas-de-4-mil-ninas-y-ninos-disfrutaron-del-festival-espacial-en-apaseo-el-grande\/\" \/>\n<meta property=\"og:locale\" content=\"es_ES\" \/>\n<meta property=\"og:type\" content=\"article\" \/>\n<meta property=\"og:title\" content=\"M\u00e1s de 4 mil ni\u00f1as y ni\u00f1os disfrutaron del \u201cFestival Espacial\u201d en Apaseo el Grande. - El Hijo del llanero solititito\" \/>\n<meta property=\"og:description\" content=\"Apaseo el Grande, Gto. 26 de abril de 2026.- Entre juegos mec\u00e1nicos, inflables, pintacaritas y mucha diversi\u00f3n, m\u00e1s de 4 mil 700 apaseenses celebraron el D\u00eda del Ni\u00f1o en el \u201cFestival Espacial\u201d, organizado por el Gobierno Municipal a trav\u00e9s del DIF Municipal. La Unidad Deportiva Centenario de la Constituci\u00f3n se convirti\u00f3 en una aut\u00e9ntica aventura [&hellip;]\" \/>\n<meta property=\"og:url\" content=\"https:\/\/elhijodelllanero.mx\/index.php\/2026\/04\/26\/mas-de-4-mil-ninas-y-ninos-disfrutaron-del-festival-espacial-en-apaseo-el-grande\/\" \/>\n<meta property=\"og:site_name\" content=\"El Hijo del llanero solititito\" \/>\n<meta property=\"article:published_time\" content=\"2026-04-26T13:16:25+00:00\" \/>\n<meta property=\"og:image\" content=\"https:\/\/elhijodelllanero.mx\/wp-content\/uploads\/2026\/04\/eac35cd7-23eb-4b60-b15a-6cce125d6e98.jpeg\" \/>\n\t<meta property=\"og:image:width\" content=\"1600\" \/>\n\t<meta property=\"og:image:height\" content=\"1200\" \/>\n\t<meta property=\"og:image:type\" content=\"image\/jpeg\" \/>\n<meta name=\"author\" content=\"Mar\u00eda de la Paz Rodarte Ram\u00edrez\" \/>\n<meta name=\"twitter:card\" content=\"summary_large_image\" \/>\n<meta name=\"twitter:label1\" content=\"Escrito por\" \/>\n\t<meta name=\"twitter:data1\" content=\"Mar\u00eda de la Paz Rodarte Ram\u00edrez\" \/>\n\t<meta name=\"twitter:label2\" content=\"Tiempo de lectura\" \/>\n\t<meta name=\"twitter:data2\" content=\"2 minutos\" \/>\n<script type=\"application\/ld+json\" class=\"yoast-schema-graph\">{\"@context\":\"https:\\\/\\\/schema.org\",\"@graph\":[{\"@type\":\"Article\",\"@id\":\"https:\\\/\\\/elhijodelllanero.mx\\\/index.php\\\/2026\\\/04\\\/26\\\/mas-de-4-mil-ninas-y-ninos-disfrutaron-del-festival-espacial-en-apaseo-el-grande\\\/#article\",\"isPartOf\":{\"@id\":\"https:\\\/\\\/elhijodelllanero.mx\\\/index.php\\\/2026\\\/04\\\/26\\\/mas-de-4-mil-ninas-y-ninos-disfrutaron-del-festival-espacial-en-apaseo-el-grande\\\/\"},\"author\":{\"name\":\"Mar\u00eda de la Paz Rodarte Ram\u00edrez\",\"@id\":\"https:\\\/\\\/elhijodelllanero.mx\\\/#\\\/schema\\\/person\\\/c7f8c86c55c1eab44ae2b93a9628245f\"},\"headline\":\"M\u00e1s de 4 mil ni\u00f1as y ni\u00f1os disfrutaron del \u201cFestival Espacial\u201d en Apaseo el Grande.\",\"datePublished\":\"2026-04-26T13:16:25+00:00\",\"mainEntityOfPage\":{\"@id\":\"https:\\\/\\\/elhijodelllanero.mx\\\/index.php\\\/2026\\\/04\\\/26\\\/mas-de-4-mil-ninas-y-ninos-disfrutaron-del-festival-espacial-en-apaseo-el-grande\\\/\"},\"wordCount\":235,\"commentCount\":0,\"image\":{\"@id\":\"https:\\\/\\\/elhijodelllanero.mx\\\/index.php\\\/2026\\\/04\\\/26\\\/mas-de-4-mil-ninas-y-ninos-disfrutaron-del-festival-espacial-en-apaseo-el-grande\\\/#primaryimage\"},\"thumbnailUrl\":\"https:\\\/\\\/i0.wp.com\\\/elhijodelllanero.mx\\\/wp-content\\\/uploads\\\/2026\\\/04\\\/eac35cd7-23eb-4b60-b15a-6cce125d6e98.jpeg?fit=1600%2C1200&ssl=1\",\"articleSection\":[\"APASEO EL GRANDE\",\"MUNICIPIOS\"],\"inLanguage\":\"es\",\"potentialAction\":[{\"@type\":\"CommentAction\",\"name\":\"Comment\",\"target\":[\"https:\\\/\\\/elhijodelllanero.mx\\\/index.php\\\/2026\\\/04\\\/26\\\/mas-de-4-mil-ninas-y-ninos-disfrutaron-del-festival-espacial-en-apaseo-el-grande\\\/#respond\"]}]},{\"@type\":\"WebPage\",\"@id\":\"https:\\\/\\\/elhijodelllanero.mx\\\/index.php\\\/2026\\\/04\\\/26\\\/mas-de-4-mil-ninas-y-ninos-disfrutaron-del-festival-espacial-en-apaseo-el-grande\\\/\",\"url\":\"https:\\\/\\\/elhijodelllanero.mx\\\/index.php\\\/2026\\\/04\\\/26\\\/mas-de-4-mil-ninas-y-ninos-disfrutaron-del-festival-espacial-en-apaseo-el-grande\\\/\",\"name\":\"M\u00e1s de 4 mil ni\u00f1as y ni\u00f1os disfrutaron del \u201cFestival Espacial\u201d en Apaseo el Grande. - El Hijo del llanero solititito\",\"isPartOf\":{\"@id\":\"https:\\\/\\\/elhijodelllanero.mx\\\/#website\"},\"primaryImageOfPage\":{\"@id\":\"https:\\\/\\\/elhijodelllanero.mx\\\/index.php\\\/2026\\\/04\\\/26\\\/mas-de-4-mil-ninas-y-ninos-disfrutaron-del-festival-espacial-en-apaseo-el-grande\\\/#primaryimage\"},\"image\":{\"@id\":\"https:\\\/\\\/elhijodelllanero.mx\\\/index.php\\\/2026\\\/04\\\/26\\\/mas-de-4-mil-ninas-y-ninos-disfrutaron-del-festival-espacial-en-apaseo-el-grande\\\/#primaryimage\"},\"thumbnailUrl\":\"https:\\\/\\\/i0.wp.com\\\/elhijodelllanero.mx\\\/wp-content\\\/uploads\\\/2026\\\/04\\\/eac35cd7-23eb-4b60-b15a-6cce125d6e98.jpeg?fit=1600%2C1200&ssl=1\",\"datePublished\":\"2026-04-26T13:16:25+00:00\",\"author\":{\"@id\":\"https:\\\/\\\/elhijodelllanero.mx\\\/#\\\/schema\\\/person\\\/c7f8c86c55c1eab44ae2b93a9628245f\"},\"breadcrumb\":{\"@id\":\"https:\\\/\\\/elhijodelllanero.mx\\\/index.php\\\/2026\\\/04\\\/26\\\/mas-de-4-mil-ninas-y-ninos-disfrutaron-del-festival-espacial-en-apaseo-el-grande\\\/#breadcrumb\"},\"inLanguage\":\"es\",\"potentialAction\":[{\"@type\":\"ReadAction\",\"target\":[\"https:\\\/\\\/elhijodelllanero.mx\\\/index.php\\\/2026\\\/04\\\/26\\\/mas-de-4-mil-ninas-y-ninos-disfrutaron-del-festival-espacial-en-apaseo-el-grande\\\/\"]}]},{\"@type\":\"ImageObject\",\"inLanguage\":\"es\",\"@id\":\"https:\\\/\\\/elhijodelllanero.mx\\\/index.php\\\/2026\\\/04\\\/26\\\/mas-de-4-mil-ninas-y-ninos-disfrutaron-del-festival-espacial-en-apaseo-el-grande\\\/#primaryimage\",\"url\":\"https:\\\/\\\/i0.wp.com\\\/elhijodelllanero.mx\\\/wp-content\\\/uploads\\\/2026\\\/04\\\/eac35cd7-23eb-4b60-b15a-6cce125d6e98.jpeg?fit=1600%2C1200&ssl=1\",\"contentUrl\":\"https:\\\/\\\/i0.wp.com\\\/elhijodelllanero.mx\\\/wp-content\\\/uploads\\\/2026\\\/04\\\/eac35cd7-23eb-4b60-b15a-6cce125d6e98.jpeg?fit=1600%2C1200&ssl=1\",\"width\":1600,\"height\":1200},{\"@type\":\"BreadcrumbList\",\"@id\":\"https:\\\/\\\/elhijodelllanero.mx\\\/index.php\\\/2026\\\/04\\\/26\\\/mas-de-4-mil-ninas-y-ninos-disfrutaron-del-festival-espacial-en-apaseo-el-grande\\\/#breadcrumb\",\"itemListElement\":[{\"@type\":\"ListItem\",\"position\":1,\"name\":\"Portada\",\"item\":\"https:\\\/\\\/elhijodelllanero.mx\\\/\"},{\"@type\":\"ListItem\",\"position\":2,\"name\":\"M\u00e1s de 4 mil ni\u00f1as y ni\u00f1os disfrutaron del \u201cFestival Espacial\u201d en Apaseo el Grande.\"}]},{\"@type\":\"WebSite\",\"@id\":\"https:\\\/\\\/elhijodelllanero.mx\\\/#website\",\"url\":\"https:\\\/\\\/elhijodelllanero.mx\\\/\",\"name\":\"El Hijo del llanero solititito\",\"description\":\"\",\"potentialAction\":[{\"@type\":\"SearchAction\",\"target\":{\"@type\":\"EntryPoint\",\"urlTemplate\":\"https:\\\/\\\/elhijodelllanero.mx\\\/?s={search_term_string}\"},\"query-input\":{\"@type\":\"PropertyValueSpecification\",\"valueRequired\":true,\"valueName\":\"search_term_string\"}}],\"inLanguage\":\"es\"},{\"@type\":\"Person\",\"@id\":\"https:\\\/\\\/elhijodelllanero.mx\\\/#\\\/schema\\\/person\\\/c7f8c86c55c1eab44ae2b93a9628245f\",\"name\":\"Mar\u00eda de la Paz Rodarte Ram\u00edrez\",\"image\":{\"@type\":\"ImageObject\",\"inLanguage\":\"es\",\"@id\":\"https:\\\/\\\/secure.gravatar.com\\\/avatar\\\/1f38f8518b09a266af73da2bce78d69e7d1275299970134ed62f572e0487e1d0?s=96&d=mm&r=g\",\"url\":\"https:\\\/\\\/secure.gravatar.com\\\/avatar\\\/1f38f8518b09a266af73da2bce78d69e7d1275299970134ed62f572e0487e1d0?s=96&d=mm&r=g\",\"contentUrl\":\"https:\\\/\\\/secure.gravatar.com\\\/avatar\\\/1f38f8518b09a266af73da2bce78d69e7d1275299970134ed62f572e0487e1d0?s=96&d=mm&r=g\",\"caption\":\"Mar\u00eda de la Paz Rodarte Ram\u00edrez\"},\"sameAs\":[\"https:\\\/\\\/www.elhijodelllanero.mx\"],\"url\":\"https:\\\/\\\/elhijodelllanero.mx\\\/index.php\\\/author\\\/maricuas\\\/\"}]}<\/script>\n<!-- \/ Yoast SEO plugin. -->","yoast_head_json":{"title":"M\u00e1s de 4 mil ni\u00f1as y ni\u00f1os disfrutaron del \u201cFestival Espacial\u201d en Apaseo el Grande. - El Hijo del llanero solititito","robots":{"index":"index","follow":"follow","max-snippet":"max-snippet:-1","max-image-preview":"max-image-preview:large","max-video-preview":"max-video-preview:-1"},"canonical":"https:\/\/elhijodelllanero.mx\/index.php\/2026\/04\/26\/mas-de-4-mil-ninas-y-ninos-disfrutaron-del-festival-espacial-en-apaseo-el-grande\/","og_locale":"es_ES","og_type":"article","og_title":"M\u00e1s de 4 mil ni\u00f1as y ni\u00f1os disfrutaron del \u201cFestival Espacial\u201d en Apaseo el Grande. - El Hijo del llanero solititito","og_description":"Apaseo el Grande, Gto. 26 de abril de 2026.- Entre juegos mec\u00e1nicos, inflables, pintacaritas y mucha diversi\u00f3n, m\u00e1s de 4 mil 700 apaseenses celebraron el D\u00eda del Ni\u00f1o en el \u201cFestival Espacial\u201d, organizado por el Gobierno Municipal a trav\u00e9s del DIF Municipal. La Unidad Deportiva Centenario de la Constituci\u00f3n se convirti\u00f3 en una aut\u00e9ntica aventura [&hellip;]","og_url":"https:\/\/elhijodelllanero.mx\/index.php\/2026\/04\/26\/mas-de-4-mil-ninas-y-ninos-disfrutaron-del-festival-espacial-en-apaseo-el-grande\/","og_site_name":"El Hijo del llanero solititito","article_published_time":"2026-04-26T13:16:25+00:00","og_image":[{"width":1600,"height":1200,"url":"https:\/\/elhijodelllanero.mx\/wp-content\/uploads\/2026\/04\/eac35cd7-23eb-4b60-b15a-6cce125d6e98.jpeg","type":"image\/jpeg"}],"author":"Mar\u00eda de la Paz Rodarte Ram\u00edrez","twitter_card":"summary_large_image","twitter_misc":{"Escrito por":"Mar\u00eda de la Paz Rodarte Ram\u00edrez","Tiempo de lectura":"2 minutos"},"schema":{"@context":"https:\/\/schema.org","@graph":[{"@type":"Article","@id":"https:\/\/elhijodelllanero.mx\/index.php\/2026\/04\/26\/mas-de-4-mil-ninas-y-ninos-disfrutaron-del-festival-espacial-en-apaseo-el-grande\/#article","isPartOf":{"@id":"https:\/\/elhijodelllanero.mx\/index.php\/2026\/04\/26\/mas-de-4-mil-ninas-y-ninos-disfrutaron-del-festival-espacial-en-apaseo-el-grande\/"},"author":{"name":"Mar\u00eda de la Paz Rodarte Ram\u00edrez","@id":"https:\/\/elhijodelllanero.mx\/#\/schema\/person\/c7f8c86c55c1eab44ae2b93a9628245f"},"headline":"M\u00e1s de 4 mil ni\u00f1as y ni\u00f1os disfrutaron del \u201cFestival Espacial\u201d en Apaseo el Grande.","datePublished":"2026-04-26T13:16:25+00:00","mainEntityOfPage":{"@id":"https:\/\/elhijodelllanero.mx\/index.php\/2026\/04\/26\/mas-de-4-mil-ninas-y-ninos-disfrutaron-del-festival-espacial-en-apaseo-el-grande\/"},"wordCount":235,"commentCount":0,"image":{"@id":"https:\/\/elhijodelllanero.mx\/index.php\/2026\/04\/26\/mas-de-4-mil-ninas-y-ninos-disfrutaron-del-festival-espacial-en-apaseo-el-grande\/#primaryimage"},"thumbnailUrl":"https:\/\/i0.wp.com\/elhijodelllanero.mx\/wp-content\/uploads\/2026\/04\/eac35cd7-23eb-4b60-b15a-6cce125d6e98.jpeg?fit=1600%2C1200&ssl=1","articleSection":["APASEO EL GRANDE","MUNICIPIOS"],"inLanguage":"es","potentialAction":[{"@type":"CommentAction","name":"Comment","target":["https:\/\/elhijodelllanero.mx\/index.php\/2026\/04\/26\/mas-de-4-mil-ninas-y-ninos-disfrutaron-del-festival-espacial-en-apaseo-el-grande\/#respond"]}]},{"@type":"WebPage","@id":"https:\/\/elhijodelllanero.mx\/index.php\/2026\/04\/26\/mas-de-4-mil-ninas-y-ninos-disfrutaron-del-festival-espacial-en-apaseo-el-grande\/","url":"https:\/\/elhijodelllanero.mx\/index.php\/2026\/04\/26\/mas-de-4-mil-ninas-y-ninos-disfrutaron-del-festival-espacial-en-apaseo-el-grande\/","name":"M\u00e1s de 4 mil ni\u00f1as y ni\u00f1os disfrutaron del \u201cFestival Espacial\u201d en Apaseo el Grande. - El Hijo del llanero solititito","isPartOf":{"@id":"https:\/\/elhijodelllanero.mx\/#website"},"primaryImageOfPage":{"@id":"https:\/\/elhijodelllanero.mx\/index.php\/2026\/04\/26\/mas-de-4-mil-ninas-y-ninos-disfrutaron-del-festival-espacial-en-apaseo-el-grande\/#primaryimage"},"image":{"@id":"https:\/\/elhijodelllanero.mx\/index.php\/2026\/04\/26\/mas-de-4-mil-ninas-y-ninos-disfrutaron-del-festival-espacial-en-apaseo-el-grande\/#primaryimage"},"thumbnailUrl":"https:\/\/i0.wp.com\/elhijodelllanero.mx\/wp-content\/uploads\/2026\/04\/eac35cd7-23eb-4b60-b15a-6cce125d6e98.jpeg?fit=1600%2C1200&ssl=1","datePublished":"2026-04-26T13:16:25+00:00","author":{"@id":"https:\/\/elhijodelllanero.mx\/#\/schema\/person\/c7f8c86c55c1eab44ae2b93a9628245f"},"breadcrumb":{"@id":"https:\/\/elhijodelllanero.mx\/index.php\/2026\/04\/26\/mas-de-4-mil-ninas-y-ninos-disfrutaron-del-festival-espacial-en-apaseo-el-grande\/#breadcrumb"},"inLanguage":"es","potentialAction":[{"@type":"ReadAction","target":["https:\/\/elhijodelllanero.mx\/index.php\/2026\/04\/26\/mas-de-4-mil-ninas-y-ninos-disfrutaron-del-festival-espacial-en-apaseo-el-grande\/"]}]},{"@type":"ImageObject","inLanguage":"es","@id":"https:\/\/elhijodelllanero.mx\/index.php\/2026\/04\/26\/mas-de-4-mil-ninas-y-ninos-disfrutaron-del-festival-espacial-en-apaseo-el-grande\/#primaryimage","url":"https:\/\/i0.wp.com\/elhijodelllanero.mx\/wp-content\/uploads\/2026\/04\/eac35cd7-23eb-4b60-b15a-6cce125d6e98.jpeg?fit=1600%2C1200&ssl=1","contentUrl":"https:\/\/i0.wp.com\/elhijodelllanero.mx\/wp-content\/uploads\/2026\/04\/eac35cd7-23eb-4b60-b15a-6cce125d6e98.jpeg?fit=1600%2C1200&ssl=1","width":1600,"height":1200},{"@type":"BreadcrumbList","@id":"https:\/\/elhijodelllanero.mx\/index.php\/2026\/04\/26\/mas-de-4-mil-ninas-y-ninos-disfrutaron-del-festival-espacial-en-apaseo-el-grande\/#breadcrumb","itemListElement":[{"@type":"ListItem","position":1,"name":"Portada","item":"https:\/\/elhijodelllanero.mx\/"},{"@type":"ListItem","position":2,"name":"M\u00e1s de 4 mil ni\u00f1as y ni\u00f1os disfrutaron del \u201cFestival Espacial\u201d en Apaseo el Grande."}]},{"@type":"WebSite","@id":"https:\/\/elhijodelllanero.mx\/#website","url":"https:\/\/elhijodelllanero.mx\/","name":"El Hijo del llanero solititito","description":"","potentialAction":[{"@type":"SearchAction","target":{"@type":"EntryPoint","urlTemplate":"https:\/\/elhijodelllanero.mx\/?s={search_term_string}"},"query-input":{"@type":"PropertyValueSpecification","valueRequired":true,"valueName":"search_term_string"}}],"inLanguage":"es"},{"@type":"Person","@id":"https:\/\/elhijodelllanero.mx\/#\/schema\/person\/c7f8c86c55c1eab44ae2b93a9628245f","name":"Mar\u00eda de la Paz Rodarte Ram\u00edrez","image":{"@type":"ImageObject","inLanguage":"es","@id":"https:\/\/secure.gravatar.com\/avatar\/1f38f8518b09a266af73da2bce78d69e7d1275299970134ed62f572e0487e1d0?s=96&d=mm&r=g","url":"https:\/\/secure.gravatar.com\/avatar\/1f38f8518b09a266af73da2bce78d69e7d1275299970134ed62f572e0487e1d0?s=96&d=mm&r=g","contentUrl":"https:\/\/secure.gravatar.com\/avatar\/1f38f8518b09a266af73da2bce78d69e7d1275299970134ed62f572e0487e1d0?s=96&d=mm&r=g","caption":"Mar\u00eda de la Paz Rodarte Ram\u00edrez"},"sameAs":["https:\/\/www.elhijodelllanero.mx"],"url":"https:\/\/elhijodelllanero.mx\/index.php\/author\/maricuas\/"}]}},"jetpack_featured_media_url":"https:\/\/i0.wp.com\/elhijodelllanero.mx\/wp-content\/uploads\/2026\/04\/eac35cd7-23eb-4b60-b15a-6cce125d6e98.jpeg?fit=1600%2C1200&ssl=1","jetpack-related-posts":[],"jetpack_sharing_enabled":true,"_links":{"self":[{"href":"https:\/\/elhijodelllanero.mx\/index.php\/wp-json\/wp\/v2\/posts\/14138","targetHints":{"allow":["GET"]}}],"collection":[{"href":"https:\/\/elhijodelllanero.mx\/index.php\/wp-json\/wp\/v2\/posts"}],"about":[{"href":"https:\/\/elhijodelllanero.mx\/index.php\/wp-json\/wp\/v2\/types\/post"}],"author":[{"embeddable":true,"href":"https:\/\/elhijodelllanero.mx\/index.php\/wp-json\/wp\/v2\/users\/3"}],"replies":[{"embeddable":true,"href":"https:\/\/elhijodelllanero.mx\/index.php\/wp-json\/wp\/v2\/comments?post=14138"}],"version-history":[{"count":1,"href":"https:\/\/elhijodelllanero.mx\/index.php\/wp-json\/wp\/v2\/posts\/14138\/revisions"}],"predecessor-version":[{"id":14140,"href":"https:\/\/elhijodelllanero.mx\/index.php\/wp-json\/wp\/v2\/posts\/14138\/revisions\/14140"}],"wp:featuredmedia":[{"embeddable":true,"href":"https:\/\/elhijodelllanero.mx\/index.php\/wp-json\/wp\/v2\/media\/14139"}],"wp:attachment":[{"href":"https:\/\/elhijodelllanero.mx\/index.php\/wp-json\/wp\/v2\/media?parent=14138"}],"wp:term":[{"taxonomy":"category","embeddable":true,"href":"https:\/\/elhijodelllanero.mx\/index.php\/wp-json\/wp\/v2\/categories?post=14138"},{"taxonomy":"post_tag","embeddable":true,"href":"https:\/\/elhijodelllanero.mx\/index.php\/wp-json\/wp\/v2\/tags?post=14138"}],"curies":[{"name":"wp","href":"https:\/\/api.w.org\/{rel}","templated":true}]}}