{"id":14142,"date":"2026-04-26T07:22:15","date_gmt":"2026-04-26T13:22:15","guid":{"rendered":"https:\/\/elhijodelllanero.mx\/?p=14142"},"modified":"2026-04-26T07:22:15","modified_gmt":"2026-04-26T13:22:15","slug":"aprueban-mas-apoyo-para-el-campo-en-celaya-destinaran-casi-1-5-millones-de-pesos","status":"publish","type":"post","link":"https:\/\/elhijodelllanero.mx\/index.php\/2026\/04\/26\/aprueban-mas-apoyo-para-el-campo-en-celaya-destinaran-casi-1-5-millones-de-pesos\/","title":{"rendered":"Aprueban m\u00e1s apoyo para el campo en Celaya; destinar\u00e1n casi 1.5 millones de pesos."},"content":{"rendered":"<p>Celaya, Gto. 26 de abril de 2026.- Con la intenci\u00f3n de fortalecer la producci\u00f3n agr\u00edcola y brindar mejores herramientas a las y los productores del municipio, el Ayuntamiento de Celaya aprob\u00f3 una inversi\u00f3n cercana al mill\u00f3n y medio de pesos para programas enfocados al desarrollo del campo.<\/p>\n<p>Durante la sesi\u00f3n de Ayuntamiento de este viernes, se dio luz verde a los programas \u201cReconversi\u00f3n Productiva por el Bienestar Rural\u201d e \u201cInsumos Agr\u00edcolas por la Esperanza en el Campo\u201d, que buscan mejorar la productividad y apoyar directamente a quienes trabajan la tierra.<\/p>\n<p>Uno de los programas contempla una inversi\u00f3n de 800 mil pesos para impulsar la siembra de garbanzo, promoviendo cultivos m\u00e1s rentables y sostenibles que permitan una mejor alimentaci\u00f3n y mayor aprovechamiento del campo.<\/p>\n<p>Adem\u00e1s, se aprobaron 693 mil pesos para la entrega de insumos agr\u00edcolas destinados a fortalecer la producci\u00f3n de granos, con el objetivo de mejorar la seguridad alimentaria y generar mayor desarrollo econ\u00f3mico en las comunidades rurales.<\/p>\n<p>Autoridades municipales se\u00f1alaron que estos apoyos buscan dar un respiro al sector agr\u00edcola, que enfrenta retos importantes en costos de producci\u00f3n y condiciones clim\u00e1ticas.<\/p>\n<p>Los lineamientos y requisitos de ambos programas estar\u00e1n disponibles pr\u00f3ximamente en la p\u00e1gina oficial del municipio de Celaya.<\/p>\n","protected":false},"excerpt":{"rendered":"<p>Celaya, Gto. 26 de abril de 2026.- Con la intenci\u00f3n de fortalecer la producci\u00f3n agr\u00edcola y brindar mejores herramientas a las y los productores del municipio, el Ayuntamiento de Celaya aprob\u00f3 una inversi\u00f3n cercana al mill\u00f3n y medio de pesos para programas enfocados al desarrollo del campo. Durante la sesi\u00f3n de Ayuntamiento de este viernes, [&hellip;]<\/p>\n","protected":false},"author":3,"featured_media":14143,"comment_status":"open","ping_status":"closed","sticky":false,"template":"","format":"standard","meta":{"_jetpack_newsletter_access":"","_jetpack_dont_email_post_to_subs":false,"_jetpack_newsletter_tier_id":0,"_jetpack_memberships_contains_paywalled_content":false,"_jetpack_memberships_contains_paid_content":false,"footnotes":""},"categories":[74],"tags":[],"class_list":{"0":"post-14142","1":"post","2":"type-post","3":"status-publish","4":"format-standard","5":"has-post-thumbnail","7":"category-celaya"},"yoast_head":"<!-- This site is optimized with the Yoast SEO plugin v27.3 - https:\/\/yoast.com\/product\/yoast-seo-wordpress\/ -->\n<title>Aprueban m\u00e1s apoyo para el campo en Celaya; destinar\u00e1n casi 1.5 millones de pesos. - El Hijo del llanero solititito<\/title>\n<meta name=\"robots\" content=\"index, follow, max-snippet:-1, max-image-preview:large, max-video-preview:-1\" \/>\n<link rel=\"canonical\" href=\"https:\/\/elhijodelllanero.mx\/index.php\/2026\/04\/26\/aprueban-mas-apoyo-para-el-campo-en-celaya-destinaran-casi-1-5-millones-de-pesos\/\" \/>\n<meta property=\"og:locale\" content=\"es_ES\" \/>\n<meta property=\"og:type\" content=\"article\" \/>\n<meta property=\"og:title\" content=\"Aprueban m\u00e1s apoyo para el campo en Celaya; destinar\u00e1n casi 1.5 millones de pesos. - El Hijo del llanero solititito\" \/>\n<meta property=\"og:description\" content=\"Celaya, Gto. 26 de abril de 2026.- Con la intenci\u00f3n de fortalecer la producci\u00f3n agr\u00edcola y brindar mejores herramientas a las y los productores del municipio, el Ayuntamiento de Celaya aprob\u00f3 una inversi\u00f3n cercana al mill\u00f3n y medio de pesos para programas enfocados al desarrollo del campo. Durante la sesi\u00f3n de Ayuntamiento de este viernes, [&hellip;]\" \/>\n<meta property=\"og:url\" content=\"https:\/\/elhijodelllanero.mx\/index.php\/2026\/04\/26\/aprueban-mas-apoyo-para-el-campo-en-celaya-destinaran-casi-1-5-millones-de-pesos\/\" \/>\n<meta property=\"og:site_name\" content=\"El Hijo del llanero solititito\" \/>\n<meta property=\"article:published_time\" content=\"2026-04-26T13:22:15+00:00\" \/>\n<meta property=\"og:image\" content=\"https:\/\/elhijodelllanero.mx\/wp-content\/uploads\/2026\/04\/IMG_9419.jpeg\" \/>\n\t<meta property=\"og:image:width\" content=\"1290\" \/>\n\t<meta property=\"og:image:height\" content=\"692\" \/>\n\t<meta property=\"og:image:type\" content=\"image\/jpeg\" \/>\n<meta name=\"author\" content=\"Mar\u00eda de la Paz Rodarte Ram\u00edrez\" \/>\n<meta name=\"twitter:card\" content=\"summary_large_image\" \/>\n<meta name=\"twitter:label1\" content=\"Escrito por\" \/>\n\t<meta name=\"twitter:data1\" content=\"Mar\u00eda de la Paz Rodarte Ram\u00edrez\" \/>\n\t<meta name=\"twitter:label2\" content=\"Tiempo de lectura\" \/>\n\t<meta name=\"twitter:data2\" content=\"2 minutos\" \/>\n<script type=\"application\/ld+json\" class=\"yoast-schema-graph\">{\"@context\":\"https:\\\/\\\/schema.org\",\"@graph\":[{\"@type\":\"Article\",\"@id\":\"https:\\\/\\\/elhijodelllanero.mx\\\/index.php\\\/2026\\\/04\\\/26\\\/aprueban-mas-apoyo-para-el-campo-en-celaya-destinaran-casi-1-5-millones-de-pesos\\\/#article\",\"isPartOf\":{\"@id\":\"https:\\\/\\\/elhijodelllanero.mx\\\/index.php\\\/2026\\\/04\\\/26\\\/aprueban-mas-apoyo-para-el-campo-en-celaya-destinaran-casi-1-5-millones-de-pesos\\\/\"},\"author\":{\"name\":\"Mar\u00eda de la Paz Rodarte Ram\u00edrez\",\"@id\":\"https:\\\/\\\/elhijodelllanero.mx\\\/#\\\/schema\\\/person\\\/c7f8c86c55c1eab44ae2b93a9628245f\"},\"headline\":\"Aprueban m\u00e1s apoyo para el campo en Celaya; destinar\u00e1n casi 1.5 millones de pesos.\",\"datePublished\":\"2026-04-26T13:22:15+00:00\",\"mainEntityOfPage\":{\"@id\":\"https:\\\/\\\/elhijodelllanero.mx\\\/index.php\\\/2026\\\/04\\\/26\\\/aprueban-mas-apoyo-para-el-campo-en-celaya-destinaran-casi-1-5-millones-de-pesos\\\/\"},\"wordCount\":235,\"commentCount\":0,\"image\":{\"@id\":\"https:\\\/\\\/elhijodelllanero.mx\\\/index.php\\\/2026\\\/04\\\/26\\\/aprueban-mas-apoyo-para-el-campo-en-celaya-destinaran-casi-1-5-millones-de-pesos\\\/#primaryimage\"},\"thumbnailUrl\":\"https:\\\/\\\/i0.wp.com\\\/elhijodelllanero.mx\\\/wp-content\\\/uploads\\\/2026\\\/04\\\/IMG_9419.jpeg?fit=1290%2C692&ssl=1\",\"articleSection\":[\"CELAYA\"],\"inLanguage\":\"es\",\"potentialAction\":[{\"@type\":\"CommentAction\",\"name\":\"Comment\",\"target\":[\"https:\\\/\\\/elhijodelllanero.mx\\\/index.php\\\/2026\\\/04\\\/26\\\/aprueban-mas-apoyo-para-el-campo-en-celaya-destinaran-casi-1-5-millones-de-pesos\\\/#respond\"]}]},{\"@type\":\"WebPage\",\"@id\":\"https:\\\/\\\/elhijodelllanero.mx\\\/index.php\\\/2026\\\/04\\\/26\\\/aprueban-mas-apoyo-para-el-campo-en-celaya-destinaran-casi-1-5-millones-de-pesos\\\/\",\"url\":\"https:\\\/\\\/elhijodelllanero.mx\\\/index.php\\\/2026\\\/04\\\/26\\\/aprueban-mas-apoyo-para-el-campo-en-celaya-destinaran-casi-1-5-millones-de-pesos\\\/\",\"name\":\"Aprueban m\u00e1s apoyo para el campo en Celaya; destinar\u00e1n casi 1.5 millones de pesos. - El Hijo del llanero solititito\",\"isPartOf\":{\"@id\":\"https:\\\/\\\/elhijodelllanero.mx\\\/#website\"},\"primaryImageOfPage\":{\"@id\":\"https:\\\/\\\/elhijodelllanero.mx\\\/index.php\\\/2026\\\/04\\\/26\\\/aprueban-mas-apoyo-para-el-campo-en-celaya-destinaran-casi-1-5-millones-de-pesos\\\/#primaryimage\"},\"image\":{\"@id\":\"https:\\\/\\\/elhijodelllanero.mx\\\/index.php\\\/2026\\\/04\\\/26\\\/aprueban-mas-apoyo-para-el-campo-en-celaya-destinaran-casi-1-5-millones-de-pesos\\\/#primaryimage\"},\"thumbnailUrl\":\"https:\\\/\\\/i0.wp.com\\\/elhijodelllanero.mx\\\/wp-content\\\/uploads\\\/2026\\\/04\\\/IMG_9419.jpeg?fit=1290%2C692&ssl=1\",\"datePublished\":\"2026-04-26T13:22:15+00:00\",\"author\":{\"@id\":\"https:\\\/\\\/elhijodelllanero.mx\\\/#\\\/schema\\\/person\\\/c7f8c86c55c1eab44ae2b93a9628245f\"},\"breadcrumb\":{\"@id\":\"https:\\\/\\\/elhijodelllanero.mx\\\/index.php\\\/2026\\\/04\\\/26\\\/aprueban-mas-apoyo-para-el-campo-en-celaya-destinaran-casi-1-5-millones-de-pesos\\\/#breadcrumb\"},\"inLanguage\":\"es\",\"potentialAction\":[{\"@type\":\"ReadAction\",\"target\":[\"https:\\\/\\\/elhijodelllanero.mx\\\/index.php\\\/2026\\\/04\\\/26\\\/aprueban-mas-apoyo-para-el-campo-en-celaya-destinaran-casi-1-5-millones-de-pesos\\\/\"]}]},{\"@type\":\"ImageObject\",\"inLanguage\":\"es\",\"@id\":\"https:\\\/\\\/elhijodelllanero.mx\\\/index.php\\\/2026\\\/04\\\/26\\\/aprueban-mas-apoyo-para-el-campo-en-celaya-destinaran-casi-1-5-millones-de-pesos\\\/#primaryimage\",\"url\":\"https:\\\/\\\/i0.wp.com\\\/elhijodelllanero.mx\\\/wp-content\\\/uploads\\\/2026\\\/04\\\/IMG_9419.jpeg?fit=1290%2C692&ssl=1\",\"contentUrl\":\"https:\\\/\\\/i0.wp.com\\\/elhijodelllanero.mx\\\/wp-content\\\/uploads\\\/2026\\\/04\\\/IMG_9419.jpeg?fit=1290%2C692&ssl=1\",\"width\":1290,\"height\":692,\"caption\":\"Screenshot\"},{\"@type\":\"BreadcrumbList\",\"@id\":\"https:\\\/\\\/elhijodelllanero.mx\\\/index.php\\\/2026\\\/04\\\/26\\\/aprueban-mas-apoyo-para-el-campo-en-celaya-destinaran-casi-1-5-millones-de-pesos\\\/#breadcrumb\",\"itemListElement\":[{\"@type\":\"ListItem\",\"position\":1,\"name\":\"Portada\",\"item\":\"https:\\\/\\\/elhijodelllanero.mx\\\/\"},{\"@type\":\"ListItem\",\"position\":2,\"name\":\"Aprueban m\u00e1s apoyo para el campo en Celaya; destinar\u00e1n casi 1.5 millones de pesos.\"}]},{\"@type\":\"WebSite\",\"@id\":\"https:\\\/\\\/elhijodelllanero.mx\\\/#website\",\"url\":\"https:\\\/\\\/elhijodelllanero.mx\\\/\",\"name\":\"El Hijo del llanero solititito\",\"description\":\"\",\"potentialAction\":[{\"@type\":\"SearchAction\",\"target\":{\"@type\":\"EntryPoint\",\"urlTemplate\":\"https:\\\/\\\/elhijodelllanero.mx\\\/?s={search_term_string}\"},\"query-input\":{\"@type\":\"PropertyValueSpecification\",\"valueRequired\":true,\"valueName\":\"search_term_string\"}}],\"inLanguage\":\"es\"},{\"@type\":\"Person\",\"@id\":\"https:\\\/\\\/elhijodelllanero.mx\\\/#\\\/schema\\\/person\\\/c7f8c86c55c1eab44ae2b93a9628245f\",\"name\":\"Mar\u00eda de la Paz Rodarte Ram\u00edrez\",\"image\":{\"@type\":\"ImageObject\",\"inLanguage\":\"es\",\"@id\":\"https:\\\/\\\/secure.gravatar.com\\\/avatar\\\/1f38f8518b09a266af73da2bce78d69e7d1275299970134ed62f572e0487e1d0?s=96&d=mm&r=g\",\"url\":\"https:\\\/\\\/secure.gravatar.com\\\/avatar\\\/1f38f8518b09a266af73da2bce78d69e7d1275299970134ed62f572e0487e1d0?s=96&d=mm&r=g\",\"contentUrl\":\"https:\\\/\\\/secure.gravatar.com\\\/avatar\\\/1f38f8518b09a266af73da2bce78d69e7d1275299970134ed62f572e0487e1d0?s=96&d=mm&r=g\",\"caption\":\"Mar\u00eda de la Paz Rodarte Ram\u00edrez\"},\"sameAs\":[\"https:\\\/\\\/www.elhijodelllanero.mx\"],\"url\":\"https:\\\/\\\/elhijodelllanero.mx\\\/index.php\\\/author\\\/maricuas\\\/\"}]}<\/script>\n<!-- \/ Yoast SEO plugin. -->","yoast_head_json":{"title":"Aprueban m\u00e1s apoyo para el campo en Celaya; destinar\u00e1n casi 1.5 millones de pesos. - El Hijo del llanero solititito","robots":{"index":"index","follow":"follow","max-snippet":"max-snippet:-1","max-image-preview":"max-image-preview:large","max-video-preview":"max-video-preview:-1"},"canonical":"https:\/\/elhijodelllanero.mx\/index.php\/2026\/04\/26\/aprueban-mas-apoyo-para-el-campo-en-celaya-destinaran-casi-1-5-millones-de-pesos\/","og_locale":"es_ES","og_type":"article","og_title":"Aprueban m\u00e1s apoyo para el campo en Celaya; destinar\u00e1n casi 1.5 millones de pesos. - El Hijo del llanero solititito","og_description":"Celaya, Gto. 26 de abril de 2026.- Con la intenci\u00f3n de fortalecer la producci\u00f3n agr\u00edcola y brindar mejores herramientas a las y los productores del municipio, el Ayuntamiento de Celaya aprob\u00f3 una inversi\u00f3n cercana al mill\u00f3n y medio de pesos para programas enfocados al desarrollo del campo. Durante la sesi\u00f3n de Ayuntamiento de este viernes, [&hellip;]","og_url":"https:\/\/elhijodelllanero.mx\/index.php\/2026\/04\/26\/aprueban-mas-apoyo-para-el-campo-en-celaya-destinaran-casi-1-5-millones-de-pesos\/","og_site_name":"El Hijo del llanero solititito","article_published_time":"2026-04-26T13:22:15+00:00","og_image":[{"width":1290,"height":692,"url":"https:\/\/elhijodelllanero.mx\/wp-content\/uploads\/2026\/04\/IMG_9419.jpeg","type":"image\/jpeg"}],"author":"Mar\u00eda de la Paz Rodarte Ram\u00edrez","twitter_card":"summary_large_image","twitter_misc":{"Escrito por":"Mar\u00eda de la Paz Rodarte Ram\u00edrez","Tiempo de lectura":"2 minutos"},"schema":{"@context":"https:\/\/schema.org","@graph":[{"@type":"Article","@id":"https:\/\/elhijodelllanero.mx\/index.php\/2026\/04\/26\/aprueban-mas-apoyo-para-el-campo-en-celaya-destinaran-casi-1-5-millones-de-pesos\/#article","isPartOf":{"@id":"https:\/\/elhijodelllanero.mx\/index.php\/2026\/04\/26\/aprueban-mas-apoyo-para-el-campo-en-celaya-destinaran-casi-1-5-millones-de-pesos\/"},"author":{"name":"Mar\u00eda de la Paz Rodarte Ram\u00edrez","@id":"https:\/\/elhijodelllanero.mx\/#\/schema\/person\/c7f8c86c55c1eab44ae2b93a9628245f"},"headline":"Aprueban m\u00e1s apoyo para el campo en Celaya; destinar\u00e1n casi 1.5 millones de pesos.","datePublished":"2026-04-26T13:22:15+00:00","mainEntityOfPage":{"@id":"https:\/\/elhijodelllanero.mx\/index.php\/2026\/04\/26\/aprueban-mas-apoyo-para-el-campo-en-celaya-destinaran-casi-1-5-millones-de-pesos\/"},"wordCount":235,"commentCount":0,"image":{"@id":"https:\/\/elhijodelllanero.mx\/index.php\/2026\/04\/26\/aprueban-mas-apoyo-para-el-campo-en-celaya-destinaran-casi-1-5-millones-de-pesos\/#primaryimage"},"thumbnailUrl":"https:\/\/i0.wp.com\/elhijodelllanero.mx\/wp-content\/uploads\/2026\/04\/IMG_9419.jpeg?fit=1290%2C692&ssl=1","articleSection":["CELAYA"],"inLanguage":"es","potentialAction":[{"@type":"CommentAction","name":"Comment","target":["https:\/\/elhijodelllanero.mx\/index.php\/2026\/04\/26\/aprueban-mas-apoyo-para-el-campo-en-celaya-destinaran-casi-1-5-millones-de-pesos\/#respond"]}]},{"@type":"WebPage","@id":"https:\/\/elhijodelllanero.mx\/index.php\/2026\/04\/26\/aprueban-mas-apoyo-para-el-campo-en-celaya-destinaran-casi-1-5-millones-de-pesos\/","url":"https:\/\/elhijodelllanero.mx\/index.php\/2026\/04\/26\/aprueban-mas-apoyo-para-el-campo-en-celaya-destinaran-casi-1-5-millones-de-pesos\/","name":"Aprueban m\u00e1s apoyo para el campo en Celaya; destinar\u00e1n casi 1.5 millones de pesos. - El Hijo del llanero solititito","isPartOf":{"@id":"https:\/\/elhijodelllanero.mx\/#website"},"primaryImageOfPage":{"@id":"https:\/\/elhijodelllanero.mx\/index.php\/2026\/04\/26\/aprueban-mas-apoyo-para-el-campo-en-celaya-destinaran-casi-1-5-millones-de-pesos\/#primaryimage"},"image":{"@id":"https:\/\/elhijodelllanero.mx\/index.php\/2026\/04\/26\/aprueban-mas-apoyo-para-el-campo-en-celaya-destinaran-casi-1-5-millones-de-pesos\/#primaryimage"},"thumbnailUrl":"https:\/\/i0.wp.com\/elhijodelllanero.mx\/wp-content\/uploads\/2026\/04\/IMG_9419.jpeg?fit=1290%2C692&ssl=1","datePublished":"2026-04-26T13:22:15+00:00","author":{"@id":"https:\/\/elhijodelllanero.mx\/#\/schema\/person\/c7f8c86c55c1eab44ae2b93a9628245f"},"breadcrumb":{"@id":"https:\/\/elhijodelllanero.mx\/index.php\/2026\/04\/26\/aprueban-mas-apoyo-para-el-campo-en-celaya-destinaran-casi-1-5-millones-de-pesos\/#breadcrumb"},"inLanguage":"es","potentialAction":[{"@type":"ReadAction","target":["https:\/\/elhijodelllanero.mx\/index.php\/2026\/04\/26\/aprueban-mas-apoyo-para-el-campo-en-celaya-destinaran-casi-1-5-millones-de-pesos\/"]}]},{"@type":"ImageObject","inLanguage":"es","@id":"https:\/\/elhijodelllanero.mx\/index.php\/2026\/04\/26\/aprueban-mas-apoyo-para-el-campo-en-celaya-destinaran-casi-1-5-millones-de-pesos\/#primaryimage","url":"https:\/\/i0.wp.com\/elhijodelllanero.mx\/wp-content\/uploads\/2026\/04\/IMG_9419.jpeg?fit=1290%2C692&ssl=1","contentUrl":"https:\/\/i0.wp.com\/elhijodelllanero.mx\/wp-content\/uploads\/2026\/04\/IMG_9419.jpeg?fit=1290%2C692&ssl=1","width":1290,"height":692,"caption":"Screenshot"},{"@type":"BreadcrumbList","@id":"https:\/\/elhijodelllanero.mx\/index.php\/2026\/04\/26\/aprueban-mas-apoyo-para-el-campo-en-celaya-destinaran-casi-1-5-millones-de-pesos\/#breadcrumb","itemListElement":[{"@type":"ListItem","position":1,"name":"Portada","item":"https:\/\/elhijodelllanero.mx\/"},{"@type":"ListItem","position":2,"name":"Aprueban m\u00e1s apoyo para el campo en Celaya; destinar\u00e1n casi 1.5 millones de pesos."}]},{"@type":"WebSite","@id":"https:\/\/elhijodelllanero.mx\/#website","url":"https:\/\/elhijodelllanero.mx\/","name":"El Hijo del llanero solititito","description":"","potentialAction":[{"@type":"SearchAction","target":{"@type":"EntryPoint","urlTemplate":"https:\/\/elhijodelllanero.mx\/?s={search_term_string}"},"query-input":{"@type":"PropertyValueSpecification","valueRequired":true,"valueName":"search_term_string"}}],"inLanguage":"es"},{"@type":"Person","@id":"https:\/\/elhijodelllanero.mx\/#\/schema\/person\/c7f8c86c55c1eab44ae2b93a9628245f","name":"Mar\u00eda de la Paz Rodarte Ram\u00edrez","image":{"@type":"ImageObject","inLanguage":"es","@id":"https:\/\/secure.gravatar.com\/avatar\/1f38f8518b09a266af73da2bce78d69e7d1275299970134ed62f572e0487e1d0?s=96&d=mm&r=g","url":"https:\/\/secure.gravatar.com\/avatar\/1f38f8518b09a266af73da2bce78d69e7d1275299970134ed62f572e0487e1d0?s=96&d=mm&r=g","contentUrl":"https:\/\/secure.gravatar.com\/avatar\/1f38f8518b09a266af73da2bce78d69e7d1275299970134ed62f572e0487e1d0?s=96&d=mm&r=g","caption":"Mar\u00eda de la Paz Rodarte Ram\u00edrez"},"sameAs":["https:\/\/www.elhijodelllanero.mx"],"url":"https:\/\/elhijodelllanero.mx\/index.php\/author\/maricuas\/"}]}},"jetpack_featured_media_url":"https:\/\/i0.wp.com\/elhijodelllanero.mx\/wp-content\/uploads\/2026\/04\/IMG_9419.jpeg?fit=1290%2C692&ssl=1","jetpack-related-posts":[],"jetpack_sharing_enabled":true,"_links":{"self":[{"href":"https:\/\/elhijodelllanero.mx\/index.php\/wp-json\/wp\/v2\/posts\/14142","targetHints":{"allow":["GET"]}}],"collection":[{"href":"https:\/\/elhijodelllanero.mx\/index.php\/wp-json\/wp\/v2\/posts"}],"about":[{"href":"https:\/\/elhijodelllanero.mx\/index.php\/wp-json\/wp\/v2\/types\/post"}],"author":[{"embeddable":true,"href":"https:\/\/elhijodelllanero.mx\/index.php\/wp-json\/wp\/v2\/users\/3"}],"replies":[{"embeddable":true,"href":"https:\/\/elhijodelllanero.mx\/index.php\/wp-json\/wp\/v2\/comments?post=14142"}],"version-history":[{"count":1,"href":"https:\/\/elhijodelllanero.mx\/index.php\/wp-json\/wp\/v2\/posts\/14142\/revisions"}],"predecessor-version":[{"id":14144,"href":"https:\/\/elhijodelllanero.mx\/index.php\/wp-json\/wp\/v2\/posts\/14142\/revisions\/14144"}],"wp:featuredmedia":[{"embeddable":true,"href":"https:\/\/elhijodelllanero.mx\/index.php\/wp-json\/wp\/v2\/media\/14143"}],"wp:attachment":[{"href":"https:\/\/elhijodelllanero.mx\/index.php\/wp-json\/wp\/v2\/media?parent=14142"}],"wp:term":[{"taxonomy":"category","embeddable":true,"href":"https:\/\/elhijodelllanero.mx\/index.php\/wp-json\/wp\/v2\/categories?post=14142"},{"taxonomy":"post_tag","embeddable":true,"href":"https:\/\/elhijodelllanero.mx\/index.php\/wp-json\/wp\/v2\/tags?post=14142"}],"curies":[{"name":"wp","href":"https:\/\/api.w.org\/{rel}","templated":true}]}}