{"id":14147,"date":"2026-04-26T07:34:32","date_gmt":"2026-04-26T13:34:32","guid":{"rendered":"https:\/\/elhijodelllanero.mx\/?p=14147"},"modified":"2026-04-26T07:34:32","modified_gmt":"2026-04-26T13:34:32","slug":"cortazar-alista-su-primera-gran-carrera-atletica-habra-bolsa-de-mas-de-20-mil-pesos","status":"publish","type":"post","link":"https:\/\/elhijodelllanero.mx\/index.php\/2026\/04\/26\/cortazar-alista-su-primera-gran-carrera-atletica-habra-bolsa-de-mas-de-20-mil-pesos\/","title":{"rendered":"Cortazar alista su primera gran carrera atl\u00e9tica; habr\u00e1 bolsa de m\u00e1s de 20 mil pesos."},"content":{"rendered":"<p>Cortazar, Gto. 26 de abril de 2026.- Como parte de los festejos por la fundaci\u00f3n del municipio, el pr\u00f3ximo 3 de mayo se llevar\u00e1 a cabo la primera carrera atl\u00e9tica de 5 y 10 kil\u00f3metros en Cortazar, donde adem\u00e1s de promover el deporte, se repartir\u00e1 una bolsa superior a los 20 mil pesos entre las distintas categor\u00edas participantes.<\/p>\n<p>Miguel \u00c1lvarez Granados, director de DIMUDE, inform\u00f3 que en la distancia de 10 kil\u00f3metros se contar\u00e1 con las categor\u00edas libre y master, mientras que en los 5 kil\u00f3metros habr\u00e1 categor\u00eda juvenil y una especial para personas con discapacidad, la cual ser\u00e1 completamente gratuita.<\/p>\n<p>La salida ser\u00e1 desde el Centro Cultural y la meta estar\u00e1 ubicada en la Deportiva Norte, con recorridos distintos seg\u00fan la distancia elegida.<\/p>\n<p>El costo de inscripci\u00f3n ser\u00e1 de 150 pesos para adultos y 75 pesos para j\u00f3venes, e incluye playera conmemorativa, medalla y n\u00famero de participante.<\/p>\n<p>Las inscripciones ya est\u00e1n abiertas en las deportivas Norte y Sur, frente a Presidencia Municipal, as\u00ed como en l\u00ednea a trav\u00e9s de la p\u00e1gina oficial de la Direcci\u00f3n Municipal del Deporte.<\/p>\n<p>Autoridades invitaron a la ciudadan\u00eda a sumarse a esta actividad deportiva que busca fomentar la convivencia, la inclusi\u00f3n y el impulso al deporte local.<\/p>\n","protected":false},"excerpt":{"rendered":"<p>Cortazar, Gto. 26 de abril de 2026.- Como parte de los festejos por la fundaci\u00f3n del municipio, el pr\u00f3ximo 3 de mayo se llevar\u00e1 a cabo la primera carrera atl\u00e9tica de 5 y 10 kil\u00f3metros en Cortazar, donde adem\u00e1s de promover el deporte, se repartir\u00e1 una bolsa superior a los 20 mil pesos entre las [&hellip;]<\/p>\n","protected":false},"author":3,"featured_media":14148,"comment_status":"open","ping_status":"closed","sticky":false,"template":"","format":"standard","meta":{"_jetpack_newsletter_access":"","_jetpack_dont_email_post_to_subs":false,"_jetpack_newsletter_tier_id":0,"_jetpack_memberships_contains_paywalled_content":false,"_jetpack_memberships_contains_paid_content":false,"footnotes":""},"categories":[77,40,76],"tags":[],"class_list":{"0":"post-14147","1":"post","2":"type-post","3":"status-publish","4":"format-standard","5":"has-post-thumbnail","7":"category-cortazar","8":"category-deportes","9":"category-municipios"},"yoast_head":"<!-- This site is optimized with the Yoast SEO plugin v27.3 - https:\/\/yoast.com\/product\/yoast-seo-wordpress\/ -->\n<title>Cortazar alista su primera gran carrera atl\u00e9tica; habr\u00e1 bolsa de m\u00e1s de 20 mil pesos. - El Hijo del llanero solititito<\/title>\n<meta name=\"robots\" content=\"index, follow, max-snippet:-1, max-image-preview:large, max-video-preview:-1\" \/>\n<link rel=\"canonical\" href=\"https:\/\/elhijodelllanero.mx\/index.php\/2026\/04\/26\/cortazar-alista-su-primera-gran-carrera-atletica-habra-bolsa-de-mas-de-20-mil-pesos\/\" \/>\n<meta property=\"og:locale\" content=\"es_ES\" \/>\n<meta property=\"og:type\" content=\"article\" \/>\n<meta property=\"og:title\" content=\"Cortazar alista su primera gran carrera atl\u00e9tica; habr\u00e1 bolsa de m\u00e1s de 20 mil pesos. - El Hijo del llanero solititito\" \/>\n<meta property=\"og:description\" content=\"Cortazar, Gto. 26 de abril de 2026.- Como parte de los festejos por la fundaci\u00f3n del municipio, el pr\u00f3ximo 3 de mayo se llevar\u00e1 a cabo la primera carrera atl\u00e9tica de 5 y 10 kil\u00f3metros en Cortazar, donde adem\u00e1s de promover el deporte, se repartir\u00e1 una bolsa superior a los 20 mil pesos entre las [&hellip;]\" \/>\n<meta property=\"og:url\" content=\"https:\/\/elhijodelllanero.mx\/index.php\/2026\/04\/26\/cortazar-alista-su-primera-gran-carrera-atletica-habra-bolsa-de-mas-de-20-mil-pesos\/\" \/>\n<meta property=\"og:site_name\" content=\"El Hijo del llanero solititito\" \/>\n<meta property=\"article:published_time\" content=\"2026-04-26T13:34:32+00:00\" \/>\n<meta property=\"og:image\" content=\"https:\/\/elhijodelllanero.mx\/wp-content\/uploads\/2026\/04\/IMG_9420.jpeg\" \/>\n\t<meta property=\"og:image:width\" content=\"1325\" \/>\n\t<meta property=\"og:image:height\" content=\"2048\" \/>\n\t<meta property=\"og:image:type\" content=\"image\/jpeg\" \/>\n<meta name=\"author\" content=\"Mar\u00eda de la Paz Rodarte Ram\u00edrez\" \/>\n<meta name=\"twitter:card\" content=\"summary_large_image\" \/>\n<meta name=\"twitter:label1\" content=\"Escrito por\" \/>\n\t<meta name=\"twitter:data1\" content=\"Mar\u00eda de la Paz Rodarte Ram\u00edrez\" \/>\n\t<meta name=\"twitter:label2\" content=\"Tiempo de lectura\" \/>\n\t<meta name=\"twitter:data2\" content=\"2 minutos\" \/>\n<script type=\"application\/ld+json\" class=\"yoast-schema-graph\">{\"@context\":\"https:\\\/\\\/schema.org\",\"@graph\":[{\"@type\":\"Article\",\"@id\":\"https:\\\/\\\/elhijodelllanero.mx\\\/index.php\\\/2026\\\/04\\\/26\\\/cortazar-alista-su-primera-gran-carrera-atletica-habra-bolsa-de-mas-de-20-mil-pesos\\\/#article\",\"isPartOf\":{\"@id\":\"https:\\\/\\\/elhijodelllanero.mx\\\/index.php\\\/2026\\\/04\\\/26\\\/cortazar-alista-su-primera-gran-carrera-atletica-habra-bolsa-de-mas-de-20-mil-pesos\\\/\"},\"author\":{\"name\":\"Mar\u00eda de la Paz Rodarte Ram\u00edrez\",\"@id\":\"https:\\\/\\\/elhijodelllanero.mx\\\/#\\\/schema\\\/person\\\/c7f8c86c55c1eab44ae2b93a9628245f\"},\"headline\":\"Cortazar alista su primera gran carrera atl\u00e9tica; habr\u00e1 bolsa de m\u00e1s de 20 mil pesos.\",\"datePublished\":\"2026-04-26T13:34:32+00:00\",\"mainEntityOfPage\":{\"@id\":\"https:\\\/\\\/elhijodelllanero.mx\\\/index.php\\\/2026\\\/04\\\/26\\\/cortazar-alista-su-primera-gran-carrera-atletica-habra-bolsa-de-mas-de-20-mil-pesos\\\/\"},\"wordCount\":231,\"commentCount\":0,\"image\":{\"@id\":\"https:\\\/\\\/elhijodelllanero.mx\\\/index.php\\\/2026\\\/04\\\/26\\\/cortazar-alista-su-primera-gran-carrera-atletica-habra-bolsa-de-mas-de-20-mil-pesos\\\/#primaryimage\"},\"thumbnailUrl\":\"https:\\\/\\\/i0.wp.com\\\/elhijodelllanero.mx\\\/wp-content\\\/uploads\\\/2026\\\/04\\\/IMG_9420.jpeg?fit=1325%2C2048&ssl=1\",\"articleSection\":[\"CORTAZAR\",\"DEPORTES\",\"MUNICIPIOS\"],\"inLanguage\":\"es\",\"potentialAction\":[{\"@type\":\"CommentAction\",\"name\":\"Comment\",\"target\":[\"https:\\\/\\\/elhijodelllanero.mx\\\/index.php\\\/2026\\\/04\\\/26\\\/cortazar-alista-su-primera-gran-carrera-atletica-habra-bolsa-de-mas-de-20-mil-pesos\\\/#respond\"]}]},{\"@type\":\"WebPage\",\"@id\":\"https:\\\/\\\/elhijodelllanero.mx\\\/index.php\\\/2026\\\/04\\\/26\\\/cortazar-alista-su-primera-gran-carrera-atletica-habra-bolsa-de-mas-de-20-mil-pesos\\\/\",\"url\":\"https:\\\/\\\/elhijodelllanero.mx\\\/index.php\\\/2026\\\/04\\\/26\\\/cortazar-alista-su-primera-gran-carrera-atletica-habra-bolsa-de-mas-de-20-mil-pesos\\\/\",\"name\":\"Cortazar alista su primera gran carrera atl\u00e9tica; habr\u00e1 bolsa de m\u00e1s de 20 mil pesos. - El Hijo del llanero solititito\",\"isPartOf\":{\"@id\":\"https:\\\/\\\/elhijodelllanero.mx\\\/#website\"},\"primaryImageOfPage\":{\"@id\":\"https:\\\/\\\/elhijodelllanero.mx\\\/index.php\\\/2026\\\/04\\\/26\\\/cortazar-alista-su-primera-gran-carrera-atletica-habra-bolsa-de-mas-de-20-mil-pesos\\\/#primaryimage\"},\"image\":{\"@id\":\"https:\\\/\\\/elhijodelllanero.mx\\\/index.php\\\/2026\\\/04\\\/26\\\/cortazar-alista-su-primera-gran-carrera-atletica-habra-bolsa-de-mas-de-20-mil-pesos\\\/#primaryimage\"},\"thumbnailUrl\":\"https:\\\/\\\/i0.wp.com\\\/elhijodelllanero.mx\\\/wp-content\\\/uploads\\\/2026\\\/04\\\/IMG_9420.jpeg?fit=1325%2C2048&ssl=1\",\"datePublished\":\"2026-04-26T13:34:32+00:00\",\"author\":{\"@id\":\"https:\\\/\\\/elhijodelllanero.mx\\\/#\\\/schema\\\/person\\\/c7f8c86c55c1eab44ae2b93a9628245f\"},\"breadcrumb\":{\"@id\":\"https:\\\/\\\/elhijodelllanero.mx\\\/index.php\\\/2026\\\/04\\\/26\\\/cortazar-alista-su-primera-gran-carrera-atletica-habra-bolsa-de-mas-de-20-mil-pesos\\\/#breadcrumb\"},\"inLanguage\":\"es\",\"potentialAction\":[{\"@type\":\"ReadAction\",\"target\":[\"https:\\\/\\\/elhijodelllanero.mx\\\/index.php\\\/2026\\\/04\\\/26\\\/cortazar-alista-su-primera-gran-carrera-atletica-habra-bolsa-de-mas-de-20-mil-pesos\\\/\"]}]},{\"@type\":\"ImageObject\",\"inLanguage\":\"es\",\"@id\":\"https:\\\/\\\/elhijodelllanero.mx\\\/index.php\\\/2026\\\/04\\\/26\\\/cortazar-alista-su-primera-gran-carrera-atletica-habra-bolsa-de-mas-de-20-mil-pesos\\\/#primaryimage\",\"url\":\"https:\\\/\\\/i0.wp.com\\\/elhijodelllanero.mx\\\/wp-content\\\/uploads\\\/2026\\\/04\\\/IMG_9420.jpeg?fit=1325%2C2048&ssl=1\",\"contentUrl\":\"https:\\\/\\\/i0.wp.com\\\/elhijodelllanero.mx\\\/wp-content\\\/uploads\\\/2026\\\/04\\\/IMG_9420.jpeg?fit=1325%2C2048&ssl=1\",\"width\":1325,\"height\":2048},{\"@type\":\"BreadcrumbList\",\"@id\":\"https:\\\/\\\/elhijodelllanero.mx\\\/index.php\\\/2026\\\/04\\\/26\\\/cortazar-alista-su-primera-gran-carrera-atletica-habra-bolsa-de-mas-de-20-mil-pesos\\\/#breadcrumb\",\"itemListElement\":[{\"@type\":\"ListItem\",\"position\":1,\"name\":\"Portada\",\"item\":\"https:\\\/\\\/elhijodelllanero.mx\\\/\"},{\"@type\":\"ListItem\",\"position\":2,\"name\":\"Cortazar alista su primera gran carrera atl\u00e9tica; habr\u00e1 bolsa de m\u00e1s de 20 mil pesos.\"}]},{\"@type\":\"WebSite\",\"@id\":\"https:\\\/\\\/elhijodelllanero.mx\\\/#website\",\"url\":\"https:\\\/\\\/elhijodelllanero.mx\\\/\",\"name\":\"El Hijo del llanero solititito\",\"description\":\"\",\"potentialAction\":[{\"@type\":\"SearchAction\",\"target\":{\"@type\":\"EntryPoint\",\"urlTemplate\":\"https:\\\/\\\/elhijodelllanero.mx\\\/?s={search_term_string}\"},\"query-input\":{\"@type\":\"PropertyValueSpecification\",\"valueRequired\":true,\"valueName\":\"search_term_string\"}}],\"inLanguage\":\"es\"},{\"@type\":\"Person\",\"@id\":\"https:\\\/\\\/elhijodelllanero.mx\\\/#\\\/schema\\\/person\\\/c7f8c86c55c1eab44ae2b93a9628245f\",\"name\":\"Mar\u00eda de la Paz Rodarte Ram\u00edrez\",\"image\":{\"@type\":\"ImageObject\",\"inLanguage\":\"es\",\"@id\":\"https:\\\/\\\/secure.gravatar.com\\\/avatar\\\/1f38f8518b09a266af73da2bce78d69e7d1275299970134ed62f572e0487e1d0?s=96&d=mm&r=g\",\"url\":\"https:\\\/\\\/secure.gravatar.com\\\/avatar\\\/1f38f8518b09a266af73da2bce78d69e7d1275299970134ed62f572e0487e1d0?s=96&d=mm&r=g\",\"contentUrl\":\"https:\\\/\\\/secure.gravatar.com\\\/avatar\\\/1f38f8518b09a266af73da2bce78d69e7d1275299970134ed62f572e0487e1d0?s=96&d=mm&r=g\",\"caption\":\"Mar\u00eda de la Paz Rodarte Ram\u00edrez\"},\"sameAs\":[\"https:\\\/\\\/www.elhijodelllanero.mx\"],\"url\":\"https:\\\/\\\/elhijodelllanero.mx\\\/index.php\\\/author\\\/maricuas\\\/\"}]}<\/script>\n<!-- \/ Yoast SEO plugin. -->","yoast_head_json":{"title":"Cortazar alista su primera gran carrera atl\u00e9tica; habr\u00e1 bolsa de m\u00e1s de 20 mil pesos. - El Hijo del llanero solititito","robots":{"index":"index","follow":"follow","max-snippet":"max-snippet:-1","max-image-preview":"max-image-preview:large","max-video-preview":"max-video-preview:-1"},"canonical":"https:\/\/elhijodelllanero.mx\/index.php\/2026\/04\/26\/cortazar-alista-su-primera-gran-carrera-atletica-habra-bolsa-de-mas-de-20-mil-pesos\/","og_locale":"es_ES","og_type":"article","og_title":"Cortazar alista su primera gran carrera atl\u00e9tica; habr\u00e1 bolsa de m\u00e1s de 20 mil pesos. - El Hijo del llanero solititito","og_description":"Cortazar, Gto. 26 de abril de 2026.- Como parte de los festejos por la fundaci\u00f3n del municipio, el pr\u00f3ximo 3 de mayo se llevar\u00e1 a cabo la primera carrera atl\u00e9tica de 5 y 10 kil\u00f3metros en Cortazar, donde adem\u00e1s de promover el deporte, se repartir\u00e1 una bolsa superior a los 20 mil pesos entre las [&hellip;]","og_url":"https:\/\/elhijodelllanero.mx\/index.php\/2026\/04\/26\/cortazar-alista-su-primera-gran-carrera-atletica-habra-bolsa-de-mas-de-20-mil-pesos\/","og_site_name":"El Hijo del llanero solititito","article_published_time":"2026-04-26T13:34:32+00:00","og_image":[{"width":1325,"height":2048,"url":"https:\/\/elhijodelllanero.mx\/wp-content\/uploads\/2026\/04\/IMG_9420.jpeg","type":"image\/jpeg"}],"author":"Mar\u00eda de la Paz Rodarte Ram\u00edrez","twitter_card":"summary_large_image","twitter_misc":{"Escrito por":"Mar\u00eda de la Paz Rodarte Ram\u00edrez","Tiempo de lectura":"2 minutos"},"schema":{"@context":"https:\/\/schema.org","@graph":[{"@type":"Article","@id":"https:\/\/elhijodelllanero.mx\/index.php\/2026\/04\/26\/cortazar-alista-su-primera-gran-carrera-atletica-habra-bolsa-de-mas-de-20-mil-pesos\/#article","isPartOf":{"@id":"https:\/\/elhijodelllanero.mx\/index.php\/2026\/04\/26\/cortazar-alista-su-primera-gran-carrera-atletica-habra-bolsa-de-mas-de-20-mil-pesos\/"},"author":{"name":"Mar\u00eda de la Paz Rodarte Ram\u00edrez","@id":"https:\/\/elhijodelllanero.mx\/#\/schema\/person\/c7f8c86c55c1eab44ae2b93a9628245f"},"headline":"Cortazar alista su primera gran carrera atl\u00e9tica; habr\u00e1 bolsa de m\u00e1s de 20 mil pesos.","datePublished":"2026-04-26T13:34:32+00:00","mainEntityOfPage":{"@id":"https:\/\/elhijodelllanero.mx\/index.php\/2026\/04\/26\/cortazar-alista-su-primera-gran-carrera-atletica-habra-bolsa-de-mas-de-20-mil-pesos\/"},"wordCount":231,"commentCount":0,"image":{"@id":"https:\/\/elhijodelllanero.mx\/index.php\/2026\/04\/26\/cortazar-alista-su-primera-gran-carrera-atletica-habra-bolsa-de-mas-de-20-mil-pesos\/#primaryimage"},"thumbnailUrl":"https:\/\/i0.wp.com\/elhijodelllanero.mx\/wp-content\/uploads\/2026\/04\/IMG_9420.jpeg?fit=1325%2C2048&ssl=1","articleSection":["CORTAZAR","DEPORTES","MUNICIPIOS"],"inLanguage":"es","potentialAction":[{"@type":"CommentAction","name":"Comment","target":["https:\/\/elhijodelllanero.mx\/index.php\/2026\/04\/26\/cortazar-alista-su-primera-gran-carrera-atletica-habra-bolsa-de-mas-de-20-mil-pesos\/#respond"]}]},{"@type":"WebPage","@id":"https:\/\/elhijodelllanero.mx\/index.php\/2026\/04\/26\/cortazar-alista-su-primera-gran-carrera-atletica-habra-bolsa-de-mas-de-20-mil-pesos\/","url":"https:\/\/elhijodelllanero.mx\/index.php\/2026\/04\/26\/cortazar-alista-su-primera-gran-carrera-atletica-habra-bolsa-de-mas-de-20-mil-pesos\/","name":"Cortazar alista su primera gran carrera atl\u00e9tica; habr\u00e1 bolsa de m\u00e1s de 20 mil pesos. - El Hijo del llanero solititito","isPartOf":{"@id":"https:\/\/elhijodelllanero.mx\/#website"},"primaryImageOfPage":{"@id":"https:\/\/elhijodelllanero.mx\/index.php\/2026\/04\/26\/cortazar-alista-su-primera-gran-carrera-atletica-habra-bolsa-de-mas-de-20-mil-pesos\/#primaryimage"},"image":{"@id":"https:\/\/elhijodelllanero.mx\/index.php\/2026\/04\/26\/cortazar-alista-su-primera-gran-carrera-atletica-habra-bolsa-de-mas-de-20-mil-pesos\/#primaryimage"},"thumbnailUrl":"https:\/\/i0.wp.com\/elhijodelllanero.mx\/wp-content\/uploads\/2026\/04\/IMG_9420.jpeg?fit=1325%2C2048&ssl=1","datePublished":"2026-04-26T13:34:32+00:00","author":{"@id":"https:\/\/elhijodelllanero.mx\/#\/schema\/person\/c7f8c86c55c1eab44ae2b93a9628245f"},"breadcrumb":{"@id":"https:\/\/elhijodelllanero.mx\/index.php\/2026\/04\/26\/cortazar-alista-su-primera-gran-carrera-atletica-habra-bolsa-de-mas-de-20-mil-pesos\/#breadcrumb"},"inLanguage":"es","potentialAction":[{"@type":"ReadAction","target":["https:\/\/elhijodelllanero.mx\/index.php\/2026\/04\/26\/cortazar-alista-su-primera-gran-carrera-atletica-habra-bolsa-de-mas-de-20-mil-pesos\/"]}]},{"@type":"ImageObject","inLanguage":"es","@id":"https:\/\/elhijodelllanero.mx\/index.php\/2026\/04\/26\/cortazar-alista-su-primera-gran-carrera-atletica-habra-bolsa-de-mas-de-20-mil-pesos\/#primaryimage","url":"https:\/\/i0.wp.com\/elhijodelllanero.mx\/wp-content\/uploads\/2026\/04\/IMG_9420.jpeg?fit=1325%2C2048&ssl=1","contentUrl":"https:\/\/i0.wp.com\/elhijodelllanero.mx\/wp-content\/uploads\/2026\/04\/IMG_9420.jpeg?fit=1325%2C2048&ssl=1","width":1325,"height":2048},{"@type":"BreadcrumbList","@id":"https:\/\/elhijodelllanero.mx\/index.php\/2026\/04\/26\/cortazar-alista-su-primera-gran-carrera-atletica-habra-bolsa-de-mas-de-20-mil-pesos\/#breadcrumb","itemListElement":[{"@type":"ListItem","position":1,"name":"Portada","item":"https:\/\/elhijodelllanero.mx\/"},{"@type":"ListItem","position":2,"name":"Cortazar alista su primera gran carrera atl\u00e9tica; habr\u00e1 bolsa de m\u00e1s de 20 mil pesos."}]},{"@type":"WebSite","@id":"https:\/\/elhijodelllanero.mx\/#website","url":"https:\/\/elhijodelllanero.mx\/","name":"El Hijo del llanero solititito","description":"","potentialAction":[{"@type":"SearchAction","target":{"@type":"EntryPoint","urlTemplate":"https:\/\/elhijodelllanero.mx\/?s={search_term_string}"},"query-input":{"@type":"PropertyValueSpecification","valueRequired":true,"valueName":"search_term_string"}}],"inLanguage":"es"},{"@type":"Person","@id":"https:\/\/elhijodelllanero.mx\/#\/schema\/person\/c7f8c86c55c1eab44ae2b93a9628245f","name":"Mar\u00eda de la Paz Rodarte Ram\u00edrez","image":{"@type":"ImageObject","inLanguage":"es","@id":"https:\/\/secure.gravatar.com\/avatar\/1f38f8518b09a266af73da2bce78d69e7d1275299970134ed62f572e0487e1d0?s=96&d=mm&r=g","url":"https:\/\/secure.gravatar.com\/avatar\/1f38f8518b09a266af73da2bce78d69e7d1275299970134ed62f572e0487e1d0?s=96&d=mm&r=g","contentUrl":"https:\/\/secure.gravatar.com\/avatar\/1f38f8518b09a266af73da2bce78d69e7d1275299970134ed62f572e0487e1d0?s=96&d=mm&r=g","caption":"Mar\u00eda de la Paz Rodarte Ram\u00edrez"},"sameAs":["https:\/\/www.elhijodelllanero.mx"],"url":"https:\/\/elhijodelllanero.mx\/index.php\/author\/maricuas\/"}]}},"jetpack_featured_media_url":"https:\/\/i0.wp.com\/elhijodelllanero.mx\/wp-content\/uploads\/2026\/04\/IMG_9420.jpeg?fit=1325%2C2048&ssl=1","jetpack-related-posts":[],"jetpack_sharing_enabled":true,"_links":{"self":[{"href":"https:\/\/elhijodelllanero.mx\/index.php\/wp-json\/wp\/v2\/posts\/14147","targetHints":{"allow":["GET"]}}],"collection":[{"href":"https:\/\/elhijodelllanero.mx\/index.php\/wp-json\/wp\/v2\/posts"}],"about":[{"href":"https:\/\/elhijodelllanero.mx\/index.php\/wp-json\/wp\/v2\/types\/post"}],"author":[{"embeddable":true,"href":"https:\/\/elhijodelllanero.mx\/index.php\/wp-json\/wp\/v2\/users\/3"}],"replies":[{"embeddable":true,"href":"https:\/\/elhijodelllanero.mx\/index.php\/wp-json\/wp\/v2\/comments?post=14147"}],"version-history":[{"count":1,"href":"https:\/\/elhijodelllanero.mx\/index.php\/wp-json\/wp\/v2\/posts\/14147\/revisions"}],"predecessor-version":[{"id":14149,"href":"https:\/\/elhijodelllanero.mx\/index.php\/wp-json\/wp\/v2\/posts\/14147\/revisions\/14149"}],"wp:featuredmedia":[{"embeddable":true,"href":"https:\/\/elhijodelllanero.mx\/index.php\/wp-json\/wp\/v2\/media\/14148"}],"wp:attachment":[{"href":"https:\/\/elhijodelllanero.mx\/index.php\/wp-json\/wp\/v2\/media?parent=14147"}],"wp:term":[{"taxonomy":"category","embeddable":true,"href":"https:\/\/elhijodelllanero.mx\/index.php\/wp-json\/wp\/v2\/categories?post=14147"},{"taxonomy":"post_tag","embeddable":true,"href":"https:\/\/elhijodelllanero.mx\/index.php\/wp-json\/wp\/v2\/tags?post=14147"}],"curies":[{"name":"wp","href":"https:\/\/api.w.org\/{rel}","templated":true}]}}