{"id":14151,"date":"2026-04-26T15:00:56","date_gmt":"2026-04-26T21:00:56","guid":{"rendered":"https:\/\/elhijodelllanero.mx\/?p=14151"},"modified":"2026-04-26T15:00:56","modified_gmt":"2026-04-26T21:00:56","slug":"ahora-si-estacionarse-en-celaya-tendra-precio-actualizado","status":"publish","type":"post","link":"https:\/\/elhijodelllanero.mx\/index.php\/2026\/04\/26\/ahora-si-estacionarse-en-celaya-tendra-precio-actualizado\/","title":{"rendered":"Ahora s\u00ed, estacionarse en Celaya tendr\u00e1 precio \u201cactualizado\u201d"},"content":{"rendered":"<p>Celaya, Gto. 26 de abril de 2026.- Porque al parecer encontrar lugar no era suficiente reto, ahora tambi\u00e9n habr\u00e1 nuevas tarifas en los estacionamientos p\u00fablicos y plazas comerciales de Celaya, luego de que el Ayuntamiento aprobara la actualizaci\u00f3n de costos seg\u00fan la categor\u00eda de cada espacio.<\/p>\n<p>Los estacionamientos categor\u00eda \u201cA\u201d, es decir, los m\u00e1s \u201cpremium\u201d, cobrar\u00e1n 25 pesos por hora y 12 pesos por cada fracci\u00f3n de 30 minutos. Los de categor\u00eda \u201cB\u201d tendr\u00e1n un costo de 20 pesos por hora y 10 pesos por media hora, mientras que los de categor\u00eda \u201cC\u201d, los m\u00e1s accesibles, manejar\u00e1n tarifas de 13 pesos por hora y 6 pesos por fracci\u00f3n.<\/p>\n<p>En plazas comerciales, al menos queda el peque\u00f1o consuelo de que la primera hora seguir\u00e1 siendo gratuita. Despu\u00e9s de eso, la tarifa ser\u00e1 de 8 pesos por hora o fracci\u00f3n para categor\u00eda \u201cA\u201d y 6 pesos para categor\u00eda \u201cB\u201d.<\/p>\n<p>La clasificaci\u00f3n depender\u00e1 de las condiciones, servicios e infraestructura de cada estacionamiento, porque claramente no todos los lugares donde dejas el carro merecen cobrar igual.<\/p>\n","protected":false},"excerpt":{"rendered":"<p>Celaya, Gto. 26 de abril de 2026.- Porque al parecer encontrar lugar no era suficiente reto, ahora tambi\u00e9n habr\u00e1 nuevas tarifas en los estacionamientos p\u00fablicos y plazas comerciales de Celaya, luego de que el Ayuntamiento aprobara la actualizaci\u00f3n de costos seg\u00fan la categor\u00eda de cada espacio. Los estacionamientos categor\u00eda \u201cA\u201d, es decir, los m\u00e1s \u201cpremium\u201d, [&hellip;]<\/p>\n","protected":false},"author":3,"featured_media":14152,"comment_status":"open","ping_status":"closed","sticky":false,"template":"","format":"standard","meta":{"_jetpack_newsletter_access":"","_jetpack_dont_email_post_to_subs":false,"_jetpack_newsletter_tier_id":0,"_jetpack_memberships_contains_paywalled_content":false,"_jetpack_memberships_contains_paid_content":false,"footnotes":""},"categories":[74],"tags":[],"class_list":{"0":"post-14151","1":"post","2":"type-post","3":"status-publish","4":"format-standard","5":"has-post-thumbnail","7":"category-celaya"},"yoast_head":"<!-- This site is optimized with the Yoast SEO plugin v27.3 - https:\/\/yoast.com\/product\/yoast-seo-wordpress\/ -->\n<title>Ahora s\u00ed, estacionarse en Celaya tendr\u00e1 precio \u201cactualizado\u201d - El Hijo del llanero solititito<\/title>\n<meta name=\"robots\" content=\"index, follow, max-snippet:-1, max-image-preview:large, max-video-preview:-1\" \/>\n<link rel=\"canonical\" href=\"https:\/\/elhijodelllanero.mx\/index.php\/2026\/04\/26\/ahora-si-estacionarse-en-celaya-tendra-precio-actualizado\/\" \/>\n<meta property=\"og:locale\" content=\"es_ES\" \/>\n<meta property=\"og:type\" content=\"article\" \/>\n<meta property=\"og:title\" content=\"Ahora s\u00ed, estacionarse en Celaya tendr\u00e1 precio \u201cactualizado\u201d - El Hijo del llanero solititito\" \/>\n<meta property=\"og:description\" content=\"Celaya, Gto. 26 de abril de 2026.- Porque al parecer encontrar lugar no era suficiente reto, ahora tambi\u00e9n habr\u00e1 nuevas tarifas en los estacionamientos p\u00fablicos y plazas comerciales de Celaya, luego de que el Ayuntamiento aprobara la actualizaci\u00f3n de costos seg\u00fan la categor\u00eda de cada espacio. Los estacionamientos categor\u00eda \u201cA\u201d, es decir, los m\u00e1s \u201cpremium\u201d, [&hellip;]\" \/>\n<meta property=\"og:url\" content=\"https:\/\/elhijodelllanero.mx\/index.php\/2026\/04\/26\/ahora-si-estacionarse-en-celaya-tendra-precio-actualizado\/\" \/>\n<meta property=\"og:site_name\" content=\"El Hijo del llanero solititito\" \/>\n<meta property=\"article:published_time\" content=\"2026-04-26T21:00:56+00:00\" \/>\n<meta property=\"og:image\" content=\"https:\/\/elhijodelllanero.mx\/wp-content\/uploads\/2026\/04\/IMG_9424.jpeg\" \/>\n\t<meta property=\"og:image:width\" content=\"1007\" \/>\n\t<meta property=\"og:image:height\" content=\"520\" \/>\n\t<meta property=\"og:image:type\" content=\"image\/jpeg\" \/>\n<meta name=\"author\" content=\"Mar\u00eda de la Paz Rodarte Ram\u00edrez\" \/>\n<meta name=\"twitter:card\" content=\"summary_large_image\" \/>\n<meta name=\"twitter:label1\" content=\"Escrito por\" \/>\n\t<meta name=\"twitter:data1\" content=\"Mar\u00eda de la Paz Rodarte Ram\u00edrez\" \/>\n\t<meta name=\"twitter:label2\" content=\"Tiempo de lectura\" \/>\n\t<meta name=\"twitter:data2\" content=\"1 minuto\" \/>\n<script type=\"application\/ld+json\" class=\"yoast-schema-graph\">{\"@context\":\"https:\\\/\\\/schema.org\",\"@graph\":[{\"@type\":\"Article\",\"@id\":\"https:\\\/\\\/elhijodelllanero.mx\\\/index.php\\\/2026\\\/04\\\/26\\\/ahora-si-estacionarse-en-celaya-tendra-precio-actualizado\\\/#article\",\"isPartOf\":{\"@id\":\"https:\\\/\\\/elhijodelllanero.mx\\\/index.php\\\/2026\\\/04\\\/26\\\/ahora-si-estacionarse-en-celaya-tendra-precio-actualizado\\\/\"},\"author\":{\"name\":\"Mar\u00eda de la Paz Rodarte Ram\u00edrez\",\"@id\":\"https:\\\/\\\/elhijodelllanero.mx\\\/#\\\/schema\\\/person\\\/c7f8c86c55c1eab44ae2b93a9628245f\"},\"headline\":\"Ahora s\u00ed, estacionarse en Celaya tendr\u00e1 precio \u201cactualizado\u201d\",\"datePublished\":\"2026-04-26T21:00:56+00:00\",\"mainEntityOfPage\":{\"@id\":\"https:\\\/\\\/elhijodelllanero.mx\\\/index.php\\\/2026\\\/04\\\/26\\\/ahora-si-estacionarse-en-celaya-tendra-precio-actualizado\\\/\"},\"wordCount\":191,\"commentCount\":0,\"image\":{\"@id\":\"https:\\\/\\\/elhijodelllanero.mx\\\/index.php\\\/2026\\\/04\\\/26\\\/ahora-si-estacionarse-en-celaya-tendra-precio-actualizado\\\/#primaryimage\"},\"thumbnailUrl\":\"https:\\\/\\\/i0.wp.com\\\/elhijodelllanero.mx\\\/wp-content\\\/uploads\\\/2026\\\/04\\\/IMG_9424.jpeg?fit=1007%2C520&ssl=1\",\"articleSection\":[\"CELAYA\"],\"inLanguage\":\"es\",\"potentialAction\":[{\"@type\":\"CommentAction\",\"name\":\"Comment\",\"target\":[\"https:\\\/\\\/elhijodelllanero.mx\\\/index.php\\\/2026\\\/04\\\/26\\\/ahora-si-estacionarse-en-celaya-tendra-precio-actualizado\\\/#respond\"]}]},{\"@type\":\"WebPage\",\"@id\":\"https:\\\/\\\/elhijodelllanero.mx\\\/index.php\\\/2026\\\/04\\\/26\\\/ahora-si-estacionarse-en-celaya-tendra-precio-actualizado\\\/\",\"url\":\"https:\\\/\\\/elhijodelllanero.mx\\\/index.php\\\/2026\\\/04\\\/26\\\/ahora-si-estacionarse-en-celaya-tendra-precio-actualizado\\\/\",\"name\":\"Ahora s\u00ed, estacionarse en Celaya tendr\u00e1 precio \u201cactualizado\u201d - El Hijo del llanero solititito\",\"isPartOf\":{\"@id\":\"https:\\\/\\\/elhijodelllanero.mx\\\/#website\"},\"primaryImageOfPage\":{\"@id\":\"https:\\\/\\\/elhijodelllanero.mx\\\/index.php\\\/2026\\\/04\\\/26\\\/ahora-si-estacionarse-en-celaya-tendra-precio-actualizado\\\/#primaryimage\"},\"image\":{\"@id\":\"https:\\\/\\\/elhijodelllanero.mx\\\/index.php\\\/2026\\\/04\\\/26\\\/ahora-si-estacionarse-en-celaya-tendra-precio-actualizado\\\/#primaryimage\"},\"thumbnailUrl\":\"https:\\\/\\\/i0.wp.com\\\/elhijodelllanero.mx\\\/wp-content\\\/uploads\\\/2026\\\/04\\\/IMG_9424.jpeg?fit=1007%2C520&ssl=1\",\"datePublished\":\"2026-04-26T21:00:56+00:00\",\"author\":{\"@id\":\"https:\\\/\\\/elhijodelllanero.mx\\\/#\\\/schema\\\/person\\\/c7f8c86c55c1eab44ae2b93a9628245f\"},\"breadcrumb\":{\"@id\":\"https:\\\/\\\/elhijodelllanero.mx\\\/index.php\\\/2026\\\/04\\\/26\\\/ahora-si-estacionarse-en-celaya-tendra-precio-actualizado\\\/#breadcrumb\"},\"inLanguage\":\"es\",\"potentialAction\":[{\"@type\":\"ReadAction\",\"target\":[\"https:\\\/\\\/elhijodelllanero.mx\\\/index.php\\\/2026\\\/04\\\/26\\\/ahora-si-estacionarse-en-celaya-tendra-precio-actualizado\\\/\"]}]},{\"@type\":\"ImageObject\",\"inLanguage\":\"es\",\"@id\":\"https:\\\/\\\/elhijodelllanero.mx\\\/index.php\\\/2026\\\/04\\\/26\\\/ahora-si-estacionarse-en-celaya-tendra-precio-actualizado\\\/#primaryimage\",\"url\":\"https:\\\/\\\/i0.wp.com\\\/elhijodelllanero.mx\\\/wp-content\\\/uploads\\\/2026\\\/04\\\/IMG_9424.jpeg?fit=1007%2C520&ssl=1\",\"contentUrl\":\"https:\\\/\\\/i0.wp.com\\\/elhijodelllanero.mx\\\/wp-content\\\/uploads\\\/2026\\\/04\\\/IMG_9424.jpeg?fit=1007%2C520&ssl=1\",\"width\":1007,\"height\":520,\"caption\":\"Screenshot\"},{\"@type\":\"BreadcrumbList\",\"@id\":\"https:\\\/\\\/elhijodelllanero.mx\\\/index.php\\\/2026\\\/04\\\/26\\\/ahora-si-estacionarse-en-celaya-tendra-precio-actualizado\\\/#breadcrumb\",\"itemListElement\":[{\"@type\":\"ListItem\",\"position\":1,\"name\":\"Portada\",\"item\":\"https:\\\/\\\/elhijodelllanero.mx\\\/\"},{\"@type\":\"ListItem\",\"position\":2,\"name\":\"Ahora s\u00ed, estacionarse en Celaya tendr\u00e1 precio \u201cactualizado\u201d\"}]},{\"@type\":\"WebSite\",\"@id\":\"https:\\\/\\\/elhijodelllanero.mx\\\/#website\",\"url\":\"https:\\\/\\\/elhijodelllanero.mx\\\/\",\"name\":\"El Hijo del llanero solititito\",\"description\":\"\",\"potentialAction\":[{\"@type\":\"SearchAction\",\"target\":{\"@type\":\"EntryPoint\",\"urlTemplate\":\"https:\\\/\\\/elhijodelllanero.mx\\\/?s={search_term_string}\"},\"query-input\":{\"@type\":\"PropertyValueSpecification\",\"valueRequired\":true,\"valueName\":\"search_term_string\"}}],\"inLanguage\":\"es\"},{\"@type\":\"Person\",\"@id\":\"https:\\\/\\\/elhijodelllanero.mx\\\/#\\\/schema\\\/person\\\/c7f8c86c55c1eab44ae2b93a9628245f\",\"name\":\"Mar\u00eda de la Paz Rodarte Ram\u00edrez\",\"image\":{\"@type\":\"ImageObject\",\"inLanguage\":\"es\",\"@id\":\"https:\\\/\\\/secure.gravatar.com\\\/avatar\\\/1f38f8518b09a266af73da2bce78d69e7d1275299970134ed62f572e0487e1d0?s=96&d=mm&r=g\",\"url\":\"https:\\\/\\\/secure.gravatar.com\\\/avatar\\\/1f38f8518b09a266af73da2bce78d69e7d1275299970134ed62f572e0487e1d0?s=96&d=mm&r=g\",\"contentUrl\":\"https:\\\/\\\/secure.gravatar.com\\\/avatar\\\/1f38f8518b09a266af73da2bce78d69e7d1275299970134ed62f572e0487e1d0?s=96&d=mm&r=g\",\"caption\":\"Mar\u00eda de la Paz Rodarte Ram\u00edrez\"},\"sameAs\":[\"https:\\\/\\\/www.elhijodelllanero.mx\"],\"url\":\"https:\\\/\\\/elhijodelllanero.mx\\\/index.php\\\/author\\\/maricuas\\\/\"}]}<\/script>\n<!-- \/ Yoast SEO plugin. -->","yoast_head_json":{"title":"Ahora s\u00ed, estacionarse en Celaya tendr\u00e1 precio \u201cactualizado\u201d - El Hijo del llanero solititito","robots":{"index":"index","follow":"follow","max-snippet":"max-snippet:-1","max-image-preview":"max-image-preview:large","max-video-preview":"max-video-preview:-1"},"canonical":"https:\/\/elhijodelllanero.mx\/index.php\/2026\/04\/26\/ahora-si-estacionarse-en-celaya-tendra-precio-actualizado\/","og_locale":"es_ES","og_type":"article","og_title":"Ahora s\u00ed, estacionarse en Celaya tendr\u00e1 precio \u201cactualizado\u201d - El Hijo del llanero solititito","og_description":"Celaya, Gto. 26 de abril de 2026.- Porque al parecer encontrar lugar no era suficiente reto, ahora tambi\u00e9n habr\u00e1 nuevas tarifas en los estacionamientos p\u00fablicos y plazas comerciales de Celaya, luego de que el Ayuntamiento aprobara la actualizaci\u00f3n de costos seg\u00fan la categor\u00eda de cada espacio. Los estacionamientos categor\u00eda \u201cA\u201d, es decir, los m\u00e1s \u201cpremium\u201d, [&hellip;]","og_url":"https:\/\/elhijodelllanero.mx\/index.php\/2026\/04\/26\/ahora-si-estacionarse-en-celaya-tendra-precio-actualizado\/","og_site_name":"El Hijo del llanero solititito","article_published_time":"2026-04-26T21:00:56+00:00","og_image":[{"width":1007,"height":520,"url":"https:\/\/elhijodelllanero.mx\/wp-content\/uploads\/2026\/04\/IMG_9424.jpeg","type":"image\/jpeg"}],"author":"Mar\u00eda de la Paz Rodarte Ram\u00edrez","twitter_card":"summary_large_image","twitter_misc":{"Escrito por":"Mar\u00eda de la Paz Rodarte Ram\u00edrez","Tiempo de lectura":"1 minuto"},"schema":{"@context":"https:\/\/schema.org","@graph":[{"@type":"Article","@id":"https:\/\/elhijodelllanero.mx\/index.php\/2026\/04\/26\/ahora-si-estacionarse-en-celaya-tendra-precio-actualizado\/#article","isPartOf":{"@id":"https:\/\/elhijodelllanero.mx\/index.php\/2026\/04\/26\/ahora-si-estacionarse-en-celaya-tendra-precio-actualizado\/"},"author":{"name":"Mar\u00eda de la Paz Rodarte Ram\u00edrez","@id":"https:\/\/elhijodelllanero.mx\/#\/schema\/person\/c7f8c86c55c1eab44ae2b93a9628245f"},"headline":"Ahora s\u00ed, estacionarse en Celaya tendr\u00e1 precio \u201cactualizado\u201d","datePublished":"2026-04-26T21:00:56+00:00","mainEntityOfPage":{"@id":"https:\/\/elhijodelllanero.mx\/index.php\/2026\/04\/26\/ahora-si-estacionarse-en-celaya-tendra-precio-actualizado\/"},"wordCount":191,"commentCount":0,"image":{"@id":"https:\/\/elhijodelllanero.mx\/index.php\/2026\/04\/26\/ahora-si-estacionarse-en-celaya-tendra-precio-actualizado\/#primaryimage"},"thumbnailUrl":"https:\/\/i0.wp.com\/elhijodelllanero.mx\/wp-content\/uploads\/2026\/04\/IMG_9424.jpeg?fit=1007%2C520&ssl=1","articleSection":["CELAYA"],"inLanguage":"es","potentialAction":[{"@type":"CommentAction","name":"Comment","target":["https:\/\/elhijodelllanero.mx\/index.php\/2026\/04\/26\/ahora-si-estacionarse-en-celaya-tendra-precio-actualizado\/#respond"]}]},{"@type":"WebPage","@id":"https:\/\/elhijodelllanero.mx\/index.php\/2026\/04\/26\/ahora-si-estacionarse-en-celaya-tendra-precio-actualizado\/","url":"https:\/\/elhijodelllanero.mx\/index.php\/2026\/04\/26\/ahora-si-estacionarse-en-celaya-tendra-precio-actualizado\/","name":"Ahora s\u00ed, estacionarse en Celaya tendr\u00e1 precio \u201cactualizado\u201d - El Hijo del llanero solititito","isPartOf":{"@id":"https:\/\/elhijodelllanero.mx\/#website"},"primaryImageOfPage":{"@id":"https:\/\/elhijodelllanero.mx\/index.php\/2026\/04\/26\/ahora-si-estacionarse-en-celaya-tendra-precio-actualizado\/#primaryimage"},"image":{"@id":"https:\/\/elhijodelllanero.mx\/index.php\/2026\/04\/26\/ahora-si-estacionarse-en-celaya-tendra-precio-actualizado\/#primaryimage"},"thumbnailUrl":"https:\/\/i0.wp.com\/elhijodelllanero.mx\/wp-content\/uploads\/2026\/04\/IMG_9424.jpeg?fit=1007%2C520&ssl=1","datePublished":"2026-04-26T21:00:56+00:00","author":{"@id":"https:\/\/elhijodelllanero.mx\/#\/schema\/person\/c7f8c86c55c1eab44ae2b93a9628245f"},"breadcrumb":{"@id":"https:\/\/elhijodelllanero.mx\/index.php\/2026\/04\/26\/ahora-si-estacionarse-en-celaya-tendra-precio-actualizado\/#breadcrumb"},"inLanguage":"es","potentialAction":[{"@type":"ReadAction","target":["https:\/\/elhijodelllanero.mx\/index.php\/2026\/04\/26\/ahora-si-estacionarse-en-celaya-tendra-precio-actualizado\/"]}]},{"@type":"ImageObject","inLanguage":"es","@id":"https:\/\/elhijodelllanero.mx\/index.php\/2026\/04\/26\/ahora-si-estacionarse-en-celaya-tendra-precio-actualizado\/#primaryimage","url":"https:\/\/i0.wp.com\/elhijodelllanero.mx\/wp-content\/uploads\/2026\/04\/IMG_9424.jpeg?fit=1007%2C520&ssl=1","contentUrl":"https:\/\/i0.wp.com\/elhijodelllanero.mx\/wp-content\/uploads\/2026\/04\/IMG_9424.jpeg?fit=1007%2C520&ssl=1","width":1007,"height":520,"caption":"Screenshot"},{"@type":"BreadcrumbList","@id":"https:\/\/elhijodelllanero.mx\/index.php\/2026\/04\/26\/ahora-si-estacionarse-en-celaya-tendra-precio-actualizado\/#breadcrumb","itemListElement":[{"@type":"ListItem","position":1,"name":"Portada","item":"https:\/\/elhijodelllanero.mx\/"},{"@type":"ListItem","position":2,"name":"Ahora s\u00ed, estacionarse en Celaya tendr\u00e1 precio \u201cactualizado\u201d"}]},{"@type":"WebSite","@id":"https:\/\/elhijodelllanero.mx\/#website","url":"https:\/\/elhijodelllanero.mx\/","name":"El Hijo del llanero solititito","description":"","potentialAction":[{"@type":"SearchAction","target":{"@type":"EntryPoint","urlTemplate":"https:\/\/elhijodelllanero.mx\/?s={search_term_string}"},"query-input":{"@type":"PropertyValueSpecification","valueRequired":true,"valueName":"search_term_string"}}],"inLanguage":"es"},{"@type":"Person","@id":"https:\/\/elhijodelllanero.mx\/#\/schema\/person\/c7f8c86c55c1eab44ae2b93a9628245f","name":"Mar\u00eda de la Paz Rodarte Ram\u00edrez","image":{"@type":"ImageObject","inLanguage":"es","@id":"https:\/\/secure.gravatar.com\/avatar\/1f38f8518b09a266af73da2bce78d69e7d1275299970134ed62f572e0487e1d0?s=96&d=mm&r=g","url":"https:\/\/secure.gravatar.com\/avatar\/1f38f8518b09a266af73da2bce78d69e7d1275299970134ed62f572e0487e1d0?s=96&d=mm&r=g","contentUrl":"https:\/\/secure.gravatar.com\/avatar\/1f38f8518b09a266af73da2bce78d69e7d1275299970134ed62f572e0487e1d0?s=96&d=mm&r=g","caption":"Mar\u00eda de la Paz Rodarte Ram\u00edrez"},"sameAs":["https:\/\/www.elhijodelllanero.mx"],"url":"https:\/\/elhijodelllanero.mx\/index.php\/author\/maricuas\/"}]}},"jetpack_featured_media_url":"https:\/\/i0.wp.com\/elhijodelllanero.mx\/wp-content\/uploads\/2026\/04\/IMG_9424.jpeg?fit=1007%2C520&ssl=1","jetpack-related-posts":[],"jetpack_sharing_enabled":true,"_links":{"self":[{"href":"https:\/\/elhijodelllanero.mx\/index.php\/wp-json\/wp\/v2\/posts\/14151","targetHints":{"allow":["GET"]}}],"collection":[{"href":"https:\/\/elhijodelllanero.mx\/index.php\/wp-json\/wp\/v2\/posts"}],"about":[{"href":"https:\/\/elhijodelllanero.mx\/index.php\/wp-json\/wp\/v2\/types\/post"}],"author":[{"embeddable":true,"href":"https:\/\/elhijodelllanero.mx\/index.php\/wp-json\/wp\/v2\/users\/3"}],"replies":[{"embeddable":true,"href":"https:\/\/elhijodelllanero.mx\/index.php\/wp-json\/wp\/v2\/comments?post=14151"}],"version-history":[{"count":1,"href":"https:\/\/elhijodelllanero.mx\/index.php\/wp-json\/wp\/v2\/posts\/14151\/revisions"}],"predecessor-version":[{"id":14153,"href":"https:\/\/elhijodelllanero.mx\/index.php\/wp-json\/wp\/v2\/posts\/14151\/revisions\/14153"}],"wp:featuredmedia":[{"embeddable":true,"href":"https:\/\/elhijodelllanero.mx\/index.php\/wp-json\/wp\/v2\/media\/14152"}],"wp:attachment":[{"href":"https:\/\/elhijodelllanero.mx\/index.php\/wp-json\/wp\/v2\/media?parent=14151"}],"wp:term":[{"taxonomy":"category","embeddable":true,"href":"https:\/\/elhijodelllanero.mx\/index.php\/wp-json\/wp\/v2\/categories?post=14151"},{"taxonomy":"post_tag","embeddable":true,"href":"https:\/\/elhijodelllanero.mx\/index.php\/wp-json\/wp\/v2\/tags?post=14151"}],"curies":[{"name":"wp","href":"https:\/\/api.w.org\/{rel}","templated":true}]}}