{"id":14154,"date":"2026-04-26T15:04:13","date_gmt":"2026-04-26T21:04:13","guid":{"rendered":"https:\/\/elhijodelllanero.mx\/?p=14154"},"modified":"2026-04-26T15:04:13","modified_gmt":"2026-04-26T21:04:13","slug":"mas-de-600-reportes-por-violencia-de-genero-atendio-la-policia-de-genero-en-solo-un-mes","status":"publish","type":"post","link":"https:\/\/elhijodelllanero.mx\/index.php\/2026\/04\/26\/mas-de-600-reportes-por-violencia-de-genero-atendio-la-policia-de-genero-en-solo-un-mes\/","title":{"rendered":"M\u00e1s de 600 reportes por violencia de g\u00e9nero atendi\u00f3 la Polic\u00eda de G\u00e9nero en solo un mes."},"content":{"rendered":"<p>Celaya, Gto. 26 de abril de 2026.- Durante marzo, la Polic\u00eda de G\u00e9nero atendi\u00f3 un total de 639 reportes relacionados con casos de violencia de g\u00e9nero, de los cuales 46 personas fueron trasladadas a la Fiscal\u00eda para que pudieran presentar su denuncia formal.<\/p>\n<p>El director de Polic\u00eda Municipal, Rafael Cajero, inform\u00f3 que adem\u00e1s se realizaron canalizaciones a distintas dependencias para dar seguimiento y acompa\u00f1amiento a las v\u00edctimas.<\/p>\n<p>\u201cTambi\u00e9n se atendi\u00f3 la canalizaci\u00f3n a diferentes dependencias como que es la procuradur\u00eda auxiliar que depende del DIF fueron 17 personas, al fortalecimiento que tambi\u00e9n que depende del DIG fueron 9 personas y Insmujeres 14 personas que fueron trasladadas con esas dependencias para poder darles el seguimiento adecuado, dos personas que fueron trasladadas al hospital por alg\u00fan tema de lesi\u00f3n, acompa\u00f1amiento con su red de apoyo familiar fueron 14 personas que se llev\u00f3 a cabo esta actividad cuando la polic\u00eda de g\u00e9nero tuvo el acercamiento, remisi\u00f3n ordinaria en el mes de marzo fueron 14 personas y en el mes de marzo fueron cuatro personas que fueron puestas en posici\u00f3n de la fiscal\u00eda para poder determinar su situaci\u00f3n jur\u00eddica\u201d.<\/p>\n<p>Explic\u00f3 que estas acciones forman parte de una estrategia integral de prevenci\u00f3n, atenci\u00f3n y seguimiento de casos, buscando que las personas afectadas reciban apoyo oportuno y acompa\u00f1amiento institucional.<\/p>\n<p>Cajero tambi\u00e9n se\u00f1al\u00f3 que en muchos reportes, cuando los elementos llegan al lugar, la persona agresora ya no se encuentra presente.<\/p>\n<p>\u201cLa polic\u00eda de g\u00e9nero est\u00e1 conformada no solamente por la unidad muy cerrada sino tambi\u00e9n en los diferentes grupos de la polic\u00eda municipal existe personal capacitado para poder atender esos reportes entonces tratamos de que todo el personal este capacitado para esas atenciones, es en espec\u00edfico solamente de estas personas atendidas si son por la polic\u00eda de g\u00e9nero todos los d\u00edas hay diferentes atenciones para la ciudadan\u00eda\u201d.<\/p>\n","protected":false},"excerpt":{"rendered":"<p>Celaya, Gto. 26 de abril de 2026.- Durante marzo, la Polic\u00eda de G\u00e9nero atendi\u00f3 un total de 639 reportes relacionados con casos de violencia de g\u00e9nero, de los cuales 46 personas fueron trasladadas a la Fiscal\u00eda para que pudieran presentar su denuncia formal. El director de Polic\u00eda Municipal, Rafael Cajero, inform\u00f3 que adem\u00e1s se realizaron [&hellip;]<\/p>\n","protected":false},"author":3,"featured_media":14155,"comment_status":"open","ping_status":"closed","sticky":false,"template":"","format":"standard","meta":{"_jetpack_newsletter_access":"","_jetpack_dont_email_post_to_subs":false,"_jetpack_newsletter_tier_id":0,"_jetpack_memberships_contains_paywalled_content":false,"_jetpack_memberships_contains_paid_content":false,"footnotes":""},"categories":[74,82],"tags":[],"class_list":{"0":"post-14154","1":"post","2":"type-post","3":"status-publish","4":"format-standard","5":"has-post-thumbnail","7":"category-celaya","8":"category-policiaco"},"yoast_head":"<!-- This site is optimized with the Yoast SEO plugin v27.3 - https:\/\/yoast.com\/product\/yoast-seo-wordpress\/ -->\n<title>M\u00e1s de 600 reportes por violencia de g\u00e9nero atendi\u00f3 la Polic\u00eda de G\u00e9nero en solo un mes. - El Hijo del llanero solititito<\/title>\n<meta name=\"robots\" content=\"index, follow, max-snippet:-1, max-image-preview:large, max-video-preview:-1\" \/>\n<link rel=\"canonical\" href=\"https:\/\/elhijodelllanero.mx\/index.php\/2026\/04\/26\/mas-de-600-reportes-por-violencia-de-genero-atendio-la-policia-de-genero-en-solo-un-mes\/\" \/>\n<meta property=\"og:locale\" content=\"es_ES\" \/>\n<meta property=\"og:type\" content=\"article\" \/>\n<meta property=\"og:title\" content=\"M\u00e1s de 600 reportes por violencia de g\u00e9nero atendi\u00f3 la Polic\u00eda de G\u00e9nero en solo un mes. - El Hijo del llanero solititito\" \/>\n<meta property=\"og:description\" content=\"Celaya, Gto. 26 de abril de 2026.- Durante marzo, la Polic\u00eda de G\u00e9nero atendi\u00f3 un total de 639 reportes relacionados con casos de violencia de g\u00e9nero, de los cuales 46 personas fueron trasladadas a la Fiscal\u00eda para que pudieran presentar su denuncia formal. El director de Polic\u00eda Municipal, Rafael Cajero, inform\u00f3 que adem\u00e1s se realizaron [&hellip;]\" \/>\n<meta property=\"og:url\" content=\"https:\/\/elhijodelllanero.mx\/index.php\/2026\/04\/26\/mas-de-600-reportes-por-violencia-de-genero-atendio-la-policia-de-genero-en-solo-un-mes\/\" \/>\n<meta property=\"og:site_name\" content=\"El Hijo del llanero solititito\" \/>\n<meta property=\"article:published_time\" content=\"2026-04-26T21:04:13+00:00\" \/>\n<meta property=\"og:image\" content=\"https:\/\/elhijodelllanero.mx\/wp-content\/uploads\/2026\/04\/6d911792-2234-4e45-8ff9-8976ec01d059.jpeg\" \/>\n\t<meta property=\"og:image:width\" content=\"919\" \/>\n\t<meta property=\"og:image:height\" content=\"706\" \/>\n\t<meta property=\"og:image:type\" content=\"image\/jpeg\" \/>\n<meta name=\"author\" content=\"Mar\u00eda de la Paz Rodarte Ram\u00edrez\" \/>\n<meta name=\"twitter:card\" content=\"summary_large_image\" \/>\n<meta name=\"twitter:label1\" content=\"Escrito por\" \/>\n\t<meta name=\"twitter:data1\" content=\"Mar\u00eda de la Paz Rodarte Ram\u00edrez\" \/>\n\t<meta name=\"twitter:label2\" content=\"Tiempo de lectura\" \/>\n\t<meta name=\"twitter:data2\" content=\"2 minutos\" \/>\n<script type=\"application\/ld+json\" class=\"yoast-schema-graph\">{\"@context\":\"https:\\\/\\\/schema.org\",\"@graph\":[{\"@type\":\"Article\",\"@id\":\"https:\\\/\\\/elhijodelllanero.mx\\\/index.php\\\/2026\\\/04\\\/26\\\/mas-de-600-reportes-por-violencia-de-genero-atendio-la-policia-de-genero-en-solo-un-mes\\\/#article\",\"isPartOf\":{\"@id\":\"https:\\\/\\\/elhijodelllanero.mx\\\/index.php\\\/2026\\\/04\\\/26\\\/mas-de-600-reportes-por-violencia-de-genero-atendio-la-policia-de-genero-en-solo-un-mes\\\/\"},\"author\":{\"name\":\"Mar\u00eda de la Paz Rodarte Ram\u00edrez\",\"@id\":\"https:\\\/\\\/elhijodelllanero.mx\\\/#\\\/schema\\\/person\\\/c7f8c86c55c1eab44ae2b93a9628245f\"},\"headline\":\"M\u00e1s de 600 reportes por violencia de g\u00e9nero atendi\u00f3 la Polic\u00eda de G\u00e9nero en solo un mes.\",\"datePublished\":\"2026-04-26T21:04:13+00:00\",\"mainEntityOfPage\":{\"@id\":\"https:\\\/\\\/elhijodelllanero.mx\\\/index.php\\\/2026\\\/04\\\/26\\\/mas-de-600-reportes-por-violencia-de-genero-atendio-la-policia-de-genero-en-solo-un-mes\\\/\"},\"wordCount\":349,\"commentCount\":0,\"image\":{\"@id\":\"https:\\\/\\\/elhijodelllanero.mx\\\/index.php\\\/2026\\\/04\\\/26\\\/mas-de-600-reportes-por-violencia-de-genero-atendio-la-policia-de-genero-en-solo-un-mes\\\/#primaryimage\"},\"thumbnailUrl\":\"https:\\\/\\\/i0.wp.com\\\/elhijodelllanero.mx\\\/wp-content\\\/uploads\\\/2026\\\/04\\\/6d911792-2234-4e45-8ff9-8976ec01d059.jpeg?fit=919%2C706&ssl=1\",\"articleSection\":[\"CELAYA\",\"POLICIACO\"],\"inLanguage\":\"es\",\"potentialAction\":[{\"@type\":\"CommentAction\",\"name\":\"Comment\",\"target\":[\"https:\\\/\\\/elhijodelllanero.mx\\\/index.php\\\/2026\\\/04\\\/26\\\/mas-de-600-reportes-por-violencia-de-genero-atendio-la-policia-de-genero-en-solo-un-mes\\\/#respond\"]}]},{\"@type\":\"WebPage\",\"@id\":\"https:\\\/\\\/elhijodelllanero.mx\\\/index.php\\\/2026\\\/04\\\/26\\\/mas-de-600-reportes-por-violencia-de-genero-atendio-la-policia-de-genero-en-solo-un-mes\\\/\",\"url\":\"https:\\\/\\\/elhijodelllanero.mx\\\/index.php\\\/2026\\\/04\\\/26\\\/mas-de-600-reportes-por-violencia-de-genero-atendio-la-policia-de-genero-en-solo-un-mes\\\/\",\"name\":\"M\u00e1s de 600 reportes por violencia de g\u00e9nero atendi\u00f3 la Polic\u00eda de G\u00e9nero en solo un mes. - El Hijo del llanero solititito\",\"isPartOf\":{\"@id\":\"https:\\\/\\\/elhijodelllanero.mx\\\/#website\"},\"primaryImageOfPage\":{\"@id\":\"https:\\\/\\\/elhijodelllanero.mx\\\/index.php\\\/2026\\\/04\\\/26\\\/mas-de-600-reportes-por-violencia-de-genero-atendio-la-policia-de-genero-en-solo-un-mes\\\/#primaryimage\"},\"image\":{\"@id\":\"https:\\\/\\\/elhijodelllanero.mx\\\/index.php\\\/2026\\\/04\\\/26\\\/mas-de-600-reportes-por-violencia-de-genero-atendio-la-policia-de-genero-en-solo-un-mes\\\/#primaryimage\"},\"thumbnailUrl\":\"https:\\\/\\\/i0.wp.com\\\/elhijodelllanero.mx\\\/wp-content\\\/uploads\\\/2026\\\/04\\\/6d911792-2234-4e45-8ff9-8976ec01d059.jpeg?fit=919%2C706&ssl=1\",\"datePublished\":\"2026-04-26T21:04:13+00:00\",\"author\":{\"@id\":\"https:\\\/\\\/elhijodelllanero.mx\\\/#\\\/schema\\\/person\\\/c7f8c86c55c1eab44ae2b93a9628245f\"},\"breadcrumb\":{\"@id\":\"https:\\\/\\\/elhijodelllanero.mx\\\/index.php\\\/2026\\\/04\\\/26\\\/mas-de-600-reportes-por-violencia-de-genero-atendio-la-policia-de-genero-en-solo-un-mes\\\/#breadcrumb\"},\"inLanguage\":\"es\",\"potentialAction\":[{\"@type\":\"ReadAction\",\"target\":[\"https:\\\/\\\/elhijodelllanero.mx\\\/index.php\\\/2026\\\/04\\\/26\\\/mas-de-600-reportes-por-violencia-de-genero-atendio-la-policia-de-genero-en-solo-un-mes\\\/\"]}]},{\"@type\":\"ImageObject\",\"inLanguage\":\"es\",\"@id\":\"https:\\\/\\\/elhijodelllanero.mx\\\/index.php\\\/2026\\\/04\\\/26\\\/mas-de-600-reportes-por-violencia-de-genero-atendio-la-policia-de-genero-en-solo-un-mes\\\/#primaryimage\",\"url\":\"https:\\\/\\\/i0.wp.com\\\/elhijodelllanero.mx\\\/wp-content\\\/uploads\\\/2026\\\/04\\\/6d911792-2234-4e45-8ff9-8976ec01d059.jpeg?fit=919%2C706&ssl=1\",\"contentUrl\":\"https:\\\/\\\/i0.wp.com\\\/elhijodelllanero.mx\\\/wp-content\\\/uploads\\\/2026\\\/04\\\/6d911792-2234-4e45-8ff9-8976ec01d059.jpeg?fit=919%2C706&ssl=1\",\"width\":919,\"height\":706},{\"@type\":\"BreadcrumbList\",\"@id\":\"https:\\\/\\\/elhijodelllanero.mx\\\/index.php\\\/2026\\\/04\\\/26\\\/mas-de-600-reportes-por-violencia-de-genero-atendio-la-policia-de-genero-en-solo-un-mes\\\/#breadcrumb\",\"itemListElement\":[{\"@type\":\"ListItem\",\"position\":1,\"name\":\"Portada\",\"item\":\"https:\\\/\\\/elhijodelllanero.mx\\\/\"},{\"@type\":\"ListItem\",\"position\":2,\"name\":\"M\u00e1s de 600 reportes por violencia de g\u00e9nero atendi\u00f3 la Polic\u00eda de G\u00e9nero en solo un mes.\"}]},{\"@type\":\"WebSite\",\"@id\":\"https:\\\/\\\/elhijodelllanero.mx\\\/#website\",\"url\":\"https:\\\/\\\/elhijodelllanero.mx\\\/\",\"name\":\"El Hijo del llanero solititito\",\"description\":\"\",\"potentialAction\":[{\"@type\":\"SearchAction\",\"target\":{\"@type\":\"EntryPoint\",\"urlTemplate\":\"https:\\\/\\\/elhijodelllanero.mx\\\/?s={search_term_string}\"},\"query-input\":{\"@type\":\"PropertyValueSpecification\",\"valueRequired\":true,\"valueName\":\"search_term_string\"}}],\"inLanguage\":\"es\"},{\"@type\":\"Person\",\"@id\":\"https:\\\/\\\/elhijodelllanero.mx\\\/#\\\/schema\\\/person\\\/c7f8c86c55c1eab44ae2b93a9628245f\",\"name\":\"Mar\u00eda de la Paz Rodarte Ram\u00edrez\",\"image\":{\"@type\":\"ImageObject\",\"inLanguage\":\"es\",\"@id\":\"https:\\\/\\\/secure.gravatar.com\\\/avatar\\\/1f38f8518b09a266af73da2bce78d69e7d1275299970134ed62f572e0487e1d0?s=96&d=mm&r=g\",\"url\":\"https:\\\/\\\/secure.gravatar.com\\\/avatar\\\/1f38f8518b09a266af73da2bce78d69e7d1275299970134ed62f572e0487e1d0?s=96&d=mm&r=g\",\"contentUrl\":\"https:\\\/\\\/secure.gravatar.com\\\/avatar\\\/1f38f8518b09a266af73da2bce78d69e7d1275299970134ed62f572e0487e1d0?s=96&d=mm&r=g\",\"caption\":\"Mar\u00eda de la Paz Rodarte Ram\u00edrez\"},\"sameAs\":[\"https:\\\/\\\/www.elhijodelllanero.mx\"],\"url\":\"https:\\\/\\\/elhijodelllanero.mx\\\/index.php\\\/author\\\/maricuas\\\/\"}]}<\/script>\n<!-- \/ Yoast SEO plugin. -->","yoast_head_json":{"title":"M\u00e1s de 600 reportes por violencia de g\u00e9nero atendi\u00f3 la Polic\u00eda de G\u00e9nero en solo un mes. - El Hijo del llanero solititito","robots":{"index":"index","follow":"follow","max-snippet":"max-snippet:-1","max-image-preview":"max-image-preview:large","max-video-preview":"max-video-preview:-1"},"canonical":"https:\/\/elhijodelllanero.mx\/index.php\/2026\/04\/26\/mas-de-600-reportes-por-violencia-de-genero-atendio-la-policia-de-genero-en-solo-un-mes\/","og_locale":"es_ES","og_type":"article","og_title":"M\u00e1s de 600 reportes por violencia de g\u00e9nero atendi\u00f3 la Polic\u00eda de G\u00e9nero en solo un mes. - El Hijo del llanero solititito","og_description":"Celaya, Gto. 26 de abril de 2026.- Durante marzo, la Polic\u00eda de G\u00e9nero atendi\u00f3 un total de 639 reportes relacionados con casos de violencia de g\u00e9nero, de los cuales 46 personas fueron trasladadas a la Fiscal\u00eda para que pudieran presentar su denuncia formal. El director de Polic\u00eda Municipal, Rafael Cajero, inform\u00f3 que adem\u00e1s se realizaron [&hellip;]","og_url":"https:\/\/elhijodelllanero.mx\/index.php\/2026\/04\/26\/mas-de-600-reportes-por-violencia-de-genero-atendio-la-policia-de-genero-en-solo-un-mes\/","og_site_name":"El Hijo del llanero solititito","article_published_time":"2026-04-26T21:04:13+00:00","og_image":[{"width":919,"height":706,"url":"https:\/\/elhijodelllanero.mx\/wp-content\/uploads\/2026\/04\/6d911792-2234-4e45-8ff9-8976ec01d059.jpeg","type":"image\/jpeg"}],"author":"Mar\u00eda de la Paz Rodarte Ram\u00edrez","twitter_card":"summary_large_image","twitter_misc":{"Escrito por":"Mar\u00eda de la Paz Rodarte Ram\u00edrez","Tiempo de lectura":"2 minutos"},"schema":{"@context":"https:\/\/schema.org","@graph":[{"@type":"Article","@id":"https:\/\/elhijodelllanero.mx\/index.php\/2026\/04\/26\/mas-de-600-reportes-por-violencia-de-genero-atendio-la-policia-de-genero-en-solo-un-mes\/#article","isPartOf":{"@id":"https:\/\/elhijodelllanero.mx\/index.php\/2026\/04\/26\/mas-de-600-reportes-por-violencia-de-genero-atendio-la-policia-de-genero-en-solo-un-mes\/"},"author":{"name":"Mar\u00eda de la Paz Rodarte Ram\u00edrez","@id":"https:\/\/elhijodelllanero.mx\/#\/schema\/person\/c7f8c86c55c1eab44ae2b93a9628245f"},"headline":"M\u00e1s de 600 reportes por violencia de g\u00e9nero atendi\u00f3 la Polic\u00eda de G\u00e9nero en solo un mes.","datePublished":"2026-04-26T21:04:13+00:00","mainEntityOfPage":{"@id":"https:\/\/elhijodelllanero.mx\/index.php\/2026\/04\/26\/mas-de-600-reportes-por-violencia-de-genero-atendio-la-policia-de-genero-en-solo-un-mes\/"},"wordCount":349,"commentCount":0,"image":{"@id":"https:\/\/elhijodelllanero.mx\/index.php\/2026\/04\/26\/mas-de-600-reportes-por-violencia-de-genero-atendio-la-policia-de-genero-en-solo-un-mes\/#primaryimage"},"thumbnailUrl":"https:\/\/i0.wp.com\/elhijodelllanero.mx\/wp-content\/uploads\/2026\/04\/6d911792-2234-4e45-8ff9-8976ec01d059.jpeg?fit=919%2C706&ssl=1","articleSection":["CELAYA","POLICIACO"],"inLanguage":"es","potentialAction":[{"@type":"CommentAction","name":"Comment","target":["https:\/\/elhijodelllanero.mx\/index.php\/2026\/04\/26\/mas-de-600-reportes-por-violencia-de-genero-atendio-la-policia-de-genero-en-solo-un-mes\/#respond"]}]},{"@type":"WebPage","@id":"https:\/\/elhijodelllanero.mx\/index.php\/2026\/04\/26\/mas-de-600-reportes-por-violencia-de-genero-atendio-la-policia-de-genero-en-solo-un-mes\/","url":"https:\/\/elhijodelllanero.mx\/index.php\/2026\/04\/26\/mas-de-600-reportes-por-violencia-de-genero-atendio-la-policia-de-genero-en-solo-un-mes\/","name":"M\u00e1s de 600 reportes por violencia de g\u00e9nero atendi\u00f3 la Polic\u00eda de G\u00e9nero en solo un mes. - El Hijo del llanero solititito","isPartOf":{"@id":"https:\/\/elhijodelllanero.mx\/#website"},"primaryImageOfPage":{"@id":"https:\/\/elhijodelllanero.mx\/index.php\/2026\/04\/26\/mas-de-600-reportes-por-violencia-de-genero-atendio-la-policia-de-genero-en-solo-un-mes\/#primaryimage"},"image":{"@id":"https:\/\/elhijodelllanero.mx\/index.php\/2026\/04\/26\/mas-de-600-reportes-por-violencia-de-genero-atendio-la-policia-de-genero-en-solo-un-mes\/#primaryimage"},"thumbnailUrl":"https:\/\/i0.wp.com\/elhijodelllanero.mx\/wp-content\/uploads\/2026\/04\/6d911792-2234-4e45-8ff9-8976ec01d059.jpeg?fit=919%2C706&ssl=1","datePublished":"2026-04-26T21:04:13+00:00","author":{"@id":"https:\/\/elhijodelllanero.mx\/#\/schema\/person\/c7f8c86c55c1eab44ae2b93a9628245f"},"breadcrumb":{"@id":"https:\/\/elhijodelllanero.mx\/index.php\/2026\/04\/26\/mas-de-600-reportes-por-violencia-de-genero-atendio-la-policia-de-genero-en-solo-un-mes\/#breadcrumb"},"inLanguage":"es","potentialAction":[{"@type":"ReadAction","target":["https:\/\/elhijodelllanero.mx\/index.php\/2026\/04\/26\/mas-de-600-reportes-por-violencia-de-genero-atendio-la-policia-de-genero-en-solo-un-mes\/"]}]},{"@type":"ImageObject","inLanguage":"es","@id":"https:\/\/elhijodelllanero.mx\/index.php\/2026\/04\/26\/mas-de-600-reportes-por-violencia-de-genero-atendio-la-policia-de-genero-en-solo-un-mes\/#primaryimage","url":"https:\/\/i0.wp.com\/elhijodelllanero.mx\/wp-content\/uploads\/2026\/04\/6d911792-2234-4e45-8ff9-8976ec01d059.jpeg?fit=919%2C706&ssl=1","contentUrl":"https:\/\/i0.wp.com\/elhijodelllanero.mx\/wp-content\/uploads\/2026\/04\/6d911792-2234-4e45-8ff9-8976ec01d059.jpeg?fit=919%2C706&ssl=1","width":919,"height":706},{"@type":"BreadcrumbList","@id":"https:\/\/elhijodelllanero.mx\/index.php\/2026\/04\/26\/mas-de-600-reportes-por-violencia-de-genero-atendio-la-policia-de-genero-en-solo-un-mes\/#breadcrumb","itemListElement":[{"@type":"ListItem","position":1,"name":"Portada","item":"https:\/\/elhijodelllanero.mx\/"},{"@type":"ListItem","position":2,"name":"M\u00e1s de 600 reportes por violencia de g\u00e9nero atendi\u00f3 la Polic\u00eda de G\u00e9nero en solo un mes."}]},{"@type":"WebSite","@id":"https:\/\/elhijodelllanero.mx\/#website","url":"https:\/\/elhijodelllanero.mx\/","name":"El Hijo del llanero solititito","description":"","potentialAction":[{"@type":"SearchAction","target":{"@type":"EntryPoint","urlTemplate":"https:\/\/elhijodelllanero.mx\/?s={search_term_string}"},"query-input":{"@type":"PropertyValueSpecification","valueRequired":true,"valueName":"search_term_string"}}],"inLanguage":"es"},{"@type":"Person","@id":"https:\/\/elhijodelllanero.mx\/#\/schema\/person\/c7f8c86c55c1eab44ae2b93a9628245f","name":"Mar\u00eda de la Paz Rodarte Ram\u00edrez","image":{"@type":"ImageObject","inLanguage":"es","@id":"https:\/\/secure.gravatar.com\/avatar\/1f38f8518b09a266af73da2bce78d69e7d1275299970134ed62f572e0487e1d0?s=96&d=mm&r=g","url":"https:\/\/secure.gravatar.com\/avatar\/1f38f8518b09a266af73da2bce78d69e7d1275299970134ed62f572e0487e1d0?s=96&d=mm&r=g","contentUrl":"https:\/\/secure.gravatar.com\/avatar\/1f38f8518b09a266af73da2bce78d69e7d1275299970134ed62f572e0487e1d0?s=96&d=mm&r=g","caption":"Mar\u00eda de la Paz Rodarte Ram\u00edrez"},"sameAs":["https:\/\/www.elhijodelllanero.mx"],"url":"https:\/\/elhijodelllanero.mx\/index.php\/author\/maricuas\/"}]}},"jetpack_featured_media_url":"https:\/\/i0.wp.com\/elhijodelllanero.mx\/wp-content\/uploads\/2026\/04\/6d911792-2234-4e45-8ff9-8976ec01d059.jpeg?fit=919%2C706&ssl=1","jetpack-related-posts":[],"jetpack_sharing_enabled":true,"_links":{"self":[{"href":"https:\/\/elhijodelllanero.mx\/index.php\/wp-json\/wp\/v2\/posts\/14154","targetHints":{"allow":["GET"]}}],"collection":[{"href":"https:\/\/elhijodelllanero.mx\/index.php\/wp-json\/wp\/v2\/posts"}],"about":[{"href":"https:\/\/elhijodelllanero.mx\/index.php\/wp-json\/wp\/v2\/types\/post"}],"author":[{"embeddable":true,"href":"https:\/\/elhijodelllanero.mx\/index.php\/wp-json\/wp\/v2\/users\/3"}],"replies":[{"embeddable":true,"href":"https:\/\/elhijodelllanero.mx\/index.php\/wp-json\/wp\/v2\/comments?post=14154"}],"version-history":[{"count":1,"href":"https:\/\/elhijodelllanero.mx\/index.php\/wp-json\/wp\/v2\/posts\/14154\/revisions"}],"predecessor-version":[{"id":14156,"href":"https:\/\/elhijodelllanero.mx\/index.php\/wp-json\/wp\/v2\/posts\/14154\/revisions\/14156"}],"wp:featuredmedia":[{"embeddable":true,"href":"https:\/\/elhijodelllanero.mx\/index.php\/wp-json\/wp\/v2\/media\/14155"}],"wp:attachment":[{"href":"https:\/\/elhijodelllanero.mx\/index.php\/wp-json\/wp\/v2\/media?parent=14154"}],"wp:term":[{"taxonomy":"category","embeddable":true,"href":"https:\/\/elhijodelllanero.mx\/index.php\/wp-json\/wp\/v2\/categories?post=14154"},{"taxonomy":"post_tag","embeddable":true,"href":"https:\/\/elhijodelllanero.mx\/index.php\/wp-json\/wp\/v2\/tags?post=14154"}],"curies":[{"name":"wp","href":"https:\/\/api.w.org\/{rel}","templated":true}]}}