{"id":14157,"date":"2026-04-26T21:12:58","date_gmt":"2026-04-27T03:12:58","guid":{"rendered":"https:\/\/elhijodelllanero.mx\/?p=14157"},"modified":"2026-04-26T21:12:58","modified_gmt":"2026-04-27T03:12:58","slug":"balacera-en-la-colonia-18-de-diciembre-deja-un-policia-grave-y-tres-detenidos","status":"publish","type":"post","link":"https:\/\/elhijodelllanero.mx\/index.php\/2026\/04\/26\/balacera-en-la-colonia-18-de-diciembre-deja-un-policia-grave-y-tres-detenidos\/","title":{"rendered":"Balacera en la colonia 18 de Diciembre deja un polic\u00eda grave y tres detenidos."},"content":{"rendered":"<p>Apaseo el Alto, Gto. 26 de abril del 2026.-La tarde de este domingo, alrededor de las 6:00, se registr\u00f3 un enfrentamiento armado entre elementos de Seguridad P\u00fablica Municipal y presuntos delincuentes en la colonia 18 de Diciembre, en la cabecera municipal.<\/p>\n<p>De acuerdo con la informaci\u00f3n preliminar, los polic\u00edas realizaban recorridos de prevenci\u00f3n y vigilancia cuando escucharon detonaciones de arma de fuego en la zona. Al acercarse para inspeccionar, ubicaron una camioneta Honda CRV blanca, de modelo reciente, cuyos ocupantes habr\u00edan abierto fuego contra los oficiales al notar la presencia de las patrullas. Porque claramente huir en silencio era demasiado sofisticado.<\/p>\n<p>Tras la agresi\u00f3n, se activ\u00f3 un operativo de respuesta inmediata que permiti\u00f3 la detenci\u00f3n de tres hombres, adem\u00e1s del aseguramiento de armas largas y de la unidad en la que viajaban, misma que contaba con reporte de robo.<\/p>\n<p>Durante el enfrentamiento, un elemento de la Polic\u00eda Municipal result\u00f3 gravemente lesionado, mientras que un civil sufri\u00f3 una herida de bala en el hombro.<\/p>\n<p>Las autoridades mantienen presencia en la zona con un despliegue operativo para reforzar la seguridad y continuar con las investigaciones correspondientes.<\/p>\n<p>El Gobierno Municipal pidi\u00f3 a la ciudadan\u00eda conservar la calma y mantenerse informada \u00fanicamente a trav\u00e9s de canales oficiales.<\/p>\n","protected":false},"excerpt":{"rendered":"<p>Apaseo el Alto, Gto. 26 de abril del 2026.-La tarde de este domingo, alrededor de las 6:00, se registr\u00f3 un enfrentamiento armado entre elementos de Seguridad P\u00fablica Municipal y presuntos delincuentes en la colonia 18 de Diciembre, en la cabecera municipal. De acuerdo con la informaci\u00f3n preliminar, los polic\u00edas realizaban recorridos de prevenci\u00f3n y vigilancia [&hellip;]<\/p>\n","protected":false},"author":3,"featured_media":14158,"comment_status":"open","ping_status":"closed","sticky":false,"template":"","format":"standard","meta":{"_jetpack_newsletter_access":"","_jetpack_dont_email_post_to_subs":false,"_jetpack_newsletter_tier_id":0,"_jetpack_memberships_contains_paywalled_content":false,"_jetpack_memberships_contains_paid_content":false,"footnotes":""},"categories":[79,76],"tags":[],"class_list":{"0":"post-14157","1":"post","2":"type-post","3":"status-publish","4":"format-standard","5":"has-post-thumbnail","7":"category-apaseo-el-alto","8":"category-municipios"},"yoast_head":"<!-- This site is optimized with the Yoast SEO plugin v27.3 - https:\/\/yoast.com\/product\/yoast-seo-wordpress\/ -->\n<title>Balacera en la colonia 18 de Diciembre deja un polic\u00eda grave y tres detenidos. - El Hijo del llanero solititito<\/title>\n<meta name=\"robots\" content=\"index, follow, max-snippet:-1, max-image-preview:large, max-video-preview:-1\" \/>\n<link rel=\"canonical\" href=\"https:\/\/elhijodelllanero.mx\/index.php\/2026\/04\/26\/balacera-en-la-colonia-18-de-diciembre-deja-un-policia-grave-y-tres-detenidos\/\" \/>\n<meta property=\"og:locale\" content=\"es_ES\" \/>\n<meta property=\"og:type\" content=\"article\" \/>\n<meta property=\"og:title\" content=\"Balacera en la colonia 18 de Diciembre deja un polic\u00eda grave y tres detenidos. - El Hijo del llanero solititito\" \/>\n<meta property=\"og:description\" content=\"Apaseo el Alto, Gto. 26 de abril del 2026.-La tarde de este domingo, alrededor de las 6:00, se registr\u00f3 un enfrentamiento armado entre elementos de Seguridad P\u00fablica Municipal y presuntos delincuentes en la colonia 18 de Diciembre, en la cabecera municipal. De acuerdo con la informaci\u00f3n preliminar, los polic\u00edas realizaban recorridos de prevenci\u00f3n y vigilancia [&hellip;]\" \/>\n<meta property=\"og:url\" content=\"https:\/\/elhijodelllanero.mx\/index.php\/2026\/04\/26\/balacera-en-la-colonia-18-de-diciembre-deja-un-policia-grave-y-tres-detenidos\/\" \/>\n<meta property=\"og:site_name\" content=\"El Hijo del llanero solititito\" \/>\n<meta property=\"article:published_time\" content=\"2026-04-27T03:12:58+00:00\" \/>\n<meta property=\"og:image\" content=\"https:\/\/elhijodelllanero.mx\/wp-content\/uploads\/2026\/04\/39fcd81a-8a28-49b4-9f18-c2de40b42035.jpeg\" \/>\n\t<meta property=\"og:image:width\" content=\"512\" \/>\n\t<meta property=\"og:image:height\" content=\"691\" \/>\n\t<meta property=\"og:image:type\" content=\"image\/jpeg\" \/>\n<meta name=\"author\" content=\"Mar\u00eda de la Paz Rodarte Ram\u00edrez\" \/>\n<meta name=\"twitter:card\" content=\"summary_large_image\" \/>\n<meta name=\"twitter:label1\" content=\"Escrito por\" \/>\n\t<meta name=\"twitter:data1\" content=\"Mar\u00eda de la Paz Rodarte Ram\u00edrez\" \/>\n\t<meta name=\"twitter:label2\" content=\"Tiempo de lectura\" \/>\n\t<meta name=\"twitter:data2\" content=\"2 minutos\" \/>\n<script type=\"application\/ld+json\" class=\"yoast-schema-graph\">{\"@context\":\"https:\\\/\\\/schema.org\",\"@graph\":[{\"@type\":\"Article\",\"@id\":\"https:\\\/\\\/elhijodelllanero.mx\\\/index.php\\\/2026\\\/04\\\/26\\\/balacera-en-la-colonia-18-de-diciembre-deja-un-policia-grave-y-tres-detenidos\\\/#article\",\"isPartOf\":{\"@id\":\"https:\\\/\\\/elhijodelllanero.mx\\\/index.php\\\/2026\\\/04\\\/26\\\/balacera-en-la-colonia-18-de-diciembre-deja-un-policia-grave-y-tres-detenidos\\\/\"},\"author\":{\"name\":\"Mar\u00eda de la Paz Rodarte Ram\u00edrez\",\"@id\":\"https:\\\/\\\/elhijodelllanero.mx\\\/#\\\/schema\\\/person\\\/c7f8c86c55c1eab44ae2b93a9628245f\"},\"headline\":\"Balacera en la colonia 18 de Diciembre deja un polic\u00eda grave y tres detenidos.\",\"datePublished\":\"2026-04-27T03:12:58+00:00\",\"mainEntityOfPage\":{\"@id\":\"https:\\\/\\\/elhijodelllanero.mx\\\/index.php\\\/2026\\\/04\\\/26\\\/balacera-en-la-colonia-18-de-diciembre-deja-un-policia-grave-y-tres-detenidos\\\/\"},\"wordCount\":225,\"commentCount\":0,\"image\":{\"@id\":\"https:\\\/\\\/elhijodelllanero.mx\\\/index.php\\\/2026\\\/04\\\/26\\\/balacera-en-la-colonia-18-de-diciembre-deja-un-policia-grave-y-tres-detenidos\\\/#primaryimage\"},\"thumbnailUrl\":\"https:\\\/\\\/i0.wp.com\\\/elhijodelllanero.mx\\\/wp-content\\\/uploads\\\/2026\\\/04\\\/39fcd81a-8a28-49b4-9f18-c2de40b42035.jpeg?fit=512%2C691&ssl=1\",\"articleSection\":[\"APASEO EL ALTO\",\"MUNICIPIOS\"],\"inLanguage\":\"es\",\"potentialAction\":[{\"@type\":\"CommentAction\",\"name\":\"Comment\",\"target\":[\"https:\\\/\\\/elhijodelllanero.mx\\\/index.php\\\/2026\\\/04\\\/26\\\/balacera-en-la-colonia-18-de-diciembre-deja-un-policia-grave-y-tres-detenidos\\\/#respond\"]}]},{\"@type\":\"WebPage\",\"@id\":\"https:\\\/\\\/elhijodelllanero.mx\\\/index.php\\\/2026\\\/04\\\/26\\\/balacera-en-la-colonia-18-de-diciembre-deja-un-policia-grave-y-tres-detenidos\\\/\",\"url\":\"https:\\\/\\\/elhijodelllanero.mx\\\/index.php\\\/2026\\\/04\\\/26\\\/balacera-en-la-colonia-18-de-diciembre-deja-un-policia-grave-y-tres-detenidos\\\/\",\"name\":\"Balacera en la colonia 18 de Diciembre deja un polic\u00eda grave y tres detenidos. - El Hijo del llanero solititito\",\"isPartOf\":{\"@id\":\"https:\\\/\\\/elhijodelllanero.mx\\\/#website\"},\"primaryImageOfPage\":{\"@id\":\"https:\\\/\\\/elhijodelllanero.mx\\\/index.php\\\/2026\\\/04\\\/26\\\/balacera-en-la-colonia-18-de-diciembre-deja-un-policia-grave-y-tres-detenidos\\\/#primaryimage\"},\"image\":{\"@id\":\"https:\\\/\\\/elhijodelllanero.mx\\\/index.php\\\/2026\\\/04\\\/26\\\/balacera-en-la-colonia-18-de-diciembre-deja-un-policia-grave-y-tres-detenidos\\\/#primaryimage\"},\"thumbnailUrl\":\"https:\\\/\\\/i0.wp.com\\\/elhijodelllanero.mx\\\/wp-content\\\/uploads\\\/2026\\\/04\\\/39fcd81a-8a28-49b4-9f18-c2de40b42035.jpeg?fit=512%2C691&ssl=1\",\"datePublished\":\"2026-04-27T03:12:58+00:00\",\"author\":{\"@id\":\"https:\\\/\\\/elhijodelllanero.mx\\\/#\\\/schema\\\/person\\\/c7f8c86c55c1eab44ae2b93a9628245f\"},\"breadcrumb\":{\"@id\":\"https:\\\/\\\/elhijodelllanero.mx\\\/index.php\\\/2026\\\/04\\\/26\\\/balacera-en-la-colonia-18-de-diciembre-deja-un-policia-grave-y-tres-detenidos\\\/#breadcrumb\"},\"inLanguage\":\"es\",\"potentialAction\":[{\"@type\":\"ReadAction\",\"target\":[\"https:\\\/\\\/elhijodelllanero.mx\\\/index.php\\\/2026\\\/04\\\/26\\\/balacera-en-la-colonia-18-de-diciembre-deja-un-policia-grave-y-tres-detenidos\\\/\"]}]},{\"@type\":\"ImageObject\",\"inLanguage\":\"es\",\"@id\":\"https:\\\/\\\/elhijodelllanero.mx\\\/index.php\\\/2026\\\/04\\\/26\\\/balacera-en-la-colonia-18-de-diciembre-deja-un-policia-grave-y-tres-detenidos\\\/#primaryimage\",\"url\":\"https:\\\/\\\/i0.wp.com\\\/elhijodelllanero.mx\\\/wp-content\\\/uploads\\\/2026\\\/04\\\/39fcd81a-8a28-49b4-9f18-c2de40b42035.jpeg?fit=512%2C691&ssl=1\",\"contentUrl\":\"https:\\\/\\\/i0.wp.com\\\/elhijodelllanero.mx\\\/wp-content\\\/uploads\\\/2026\\\/04\\\/39fcd81a-8a28-49b4-9f18-c2de40b42035.jpeg?fit=512%2C691&ssl=1\",\"width\":512,\"height\":691},{\"@type\":\"BreadcrumbList\",\"@id\":\"https:\\\/\\\/elhijodelllanero.mx\\\/index.php\\\/2026\\\/04\\\/26\\\/balacera-en-la-colonia-18-de-diciembre-deja-un-policia-grave-y-tres-detenidos\\\/#breadcrumb\",\"itemListElement\":[{\"@type\":\"ListItem\",\"position\":1,\"name\":\"Portada\",\"item\":\"https:\\\/\\\/elhijodelllanero.mx\\\/\"},{\"@type\":\"ListItem\",\"position\":2,\"name\":\"Balacera en la colonia 18 de Diciembre deja un polic\u00eda grave y tres detenidos.\"}]},{\"@type\":\"WebSite\",\"@id\":\"https:\\\/\\\/elhijodelllanero.mx\\\/#website\",\"url\":\"https:\\\/\\\/elhijodelllanero.mx\\\/\",\"name\":\"El Hijo del llanero solititito\",\"description\":\"\",\"potentialAction\":[{\"@type\":\"SearchAction\",\"target\":{\"@type\":\"EntryPoint\",\"urlTemplate\":\"https:\\\/\\\/elhijodelllanero.mx\\\/?s={search_term_string}\"},\"query-input\":{\"@type\":\"PropertyValueSpecification\",\"valueRequired\":true,\"valueName\":\"search_term_string\"}}],\"inLanguage\":\"es\"},{\"@type\":\"Person\",\"@id\":\"https:\\\/\\\/elhijodelllanero.mx\\\/#\\\/schema\\\/person\\\/c7f8c86c55c1eab44ae2b93a9628245f\",\"name\":\"Mar\u00eda de la Paz Rodarte Ram\u00edrez\",\"image\":{\"@type\":\"ImageObject\",\"inLanguage\":\"es\",\"@id\":\"https:\\\/\\\/secure.gravatar.com\\\/avatar\\\/1f38f8518b09a266af73da2bce78d69e7d1275299970134ed62f572e0487e1d0?s=96&d=mm&r=g\",\"url\":\"https:\\\/\\\/secure.gravatar.com\\\/avatar\\\/1f38f8518b09a266af73da2bce78d69e7d1275299970134ed62f572e0487e1d0?s=96&d=mm&r=g\",\"contentUrl\":\"https:\\\/\\\/secure.gravatar.com\\\/avatar\\\/1f38f8518b09a266af73da2bce78d69e7d1275299970134ed62f572e0487e1d0?s=96&d=mm&r=g\",\"caption\":\"Mar\u00eda de la Paz Rodarte Ram\u00edrez\"},\"sameAs\":[\"https:\\\/\\\/www.elhijodelllanero.mx\"],\"url\":\"https:\\\/\\\/elhijodelllanero.mx\\\/index.php\\\/author\\\/maricuas\\\/\"}]}<\/script>\n<!-- \/ Yoast SEO plugin. -->","yoast_head_json":{"title":"Balacera en la colonia 18 de Diciembre deja un polic\u00eda grave y tres detenidos. - El Hijo del llanero solititito","robots":{"index":"index","follow":"follow","max-snippet":"max-snippet:-1","max-image-preview":"max-image-preview:large","max-video-preview":"max-video-preview:-1"},"canonical":"https:\/\/elhijodelllanero.mx\/index.php\/2026\/04\/26\/balacera-en-la-colonia-18-de-diciembre-deja-un-policia-grave-y-tres-detenidos\/","og_locale":"es_ES","og_type":"article","og_title":"Balacera en la colonia 18 de Diciembre deja un polic\u00eda grave y tres detenidos. - El Hijo del llanero solititito","og_description":"Apaseo el Alto, Gto. 26 de abril del 2026.-La tarde de este domingo, alrededor de las 6:00, se registr\u00f3 un enfrentamiento armado entre elementos de Seguridad P\u00fablica Municipal y presuntos delincuentes en la colonia 18 de Diciembre, en la cabecera municipal. De acuerdo con la informaci\u00f3n preliminar, los polic\u00edas realizaban recorridos de prevenci\u00f3n y vigilancia [&hellip;]","og_url":"https:\/\/elhijodelllanero.mx\/index.php\/2026\/04\/26\/balacera-en-la-colonia-18-de-diciembre-deja-un-policia-grave-y-tres-detenidos\/","og_site_name":"El Hijo del llanero solititito","article_published_time":"2026-04-27T03:12:58+00:00","og_image":[{"width":512,"height":691,"url":"https:\/\/elhijodelllanero.mx\/wp-content\/uploads\/2026\/04\/39fcd81a-8a28-49b4-9f18-c2de40b42035.jpeg","type":"image\/jpeg"}],"author":"Mar\u00eda de la Paz Rodarte Ram\u00edrez","twitter_card":"summary_large_image","twitter_misc":{"Escrito por":"Mar\u00eda de la Paz Rodarte Ram\u00edrez","Tiempo de lectura":"2 minutos"},"schema":{"@context":"https:\/\/schema.org","@graph":[{"@type":"Article","@id":"https:\/\/elhijodelllanero.mx\/index.php\/2026\/04\/26\/balacera-en-la-colonia-18-de-diciembre-deja-un-policia-grave-y-tres-detenidos\/#article","isPartOf":{"@id":"https:\/\/elhijodelllanero.mx\/index.php\/2026\/04\/26\/balacera-en-la-colonia-18-de-diciembre-deja-un-policia-grave-y-tres-detenidos\/"},"author":{"name":"Mar\u00eda de la Paz Rodarte Ram\u00edrez","@id":"https:\/\/elhijodelllanero.mx\/#\/schema\/person\/c7f8c86c55c1eab44ae2b93a9628245f"},"headline":"Balacera en la colonia 18 de Diciembre deja un polic\u00eda grave y tres detenidos.","datePublished":"2026-04-27T03:12:58+00:00","mainEntityOfPage":{"@id":"https:\/\/elhijodelllanero.mx\/index.php\/2026\/04\/26\/balacera-en-la-colonia-18-de-diciembre-deja-un-policia-grave-y-tres-detenidos\/"},"wordCount":225,"commentCount":0,"image":{"@id":"https:\/\/elhijodelllanero.mx\/index.php\/2026\/04\/26\/balacera-en-la-colonia-18-de-diciembre-deja-un-policia-grave-y-tres-detenidos\/#primaryimage"},"thumbnailUrl":"https:\/\/i0.wp.com\/elhijodelllanero.mx\/wp-content\/uploads\/2026\/04\/39fcd81a-8a28-49b4-9f18-c2de40b42035.jpeg?fit=512%2C691&ssl=1","articleSection":["APASEO EL ALTO","MUNICIPIOS"],"inLanguage":"es","potentialAction":[{"@type":"CommentAction","name":"Comment","target":["https:\/\/elhijodelllanero.mx\/index.php\/2026\/04\/26\/balacera-en-la-colonia-18-de-diciembre-deja-un-policia-grave-y-tres-detenidos\/#respond"]}]},{"@type":"WebPage","@id":"https:\/\/elhijodelllanero.mx\/index.php\/2026\/04\/26\/balacera-en-la-colonia-18-de-diciembre-deja-un-policia-grave-y-tres-detenidos\/","url":"https:\/\/elhijodelllanero.mx\/index.php\/2026\/04\/26\/balacera-en-la-colonia-18-de-diciembre-deja-un-policia-grave-y-tres-detenidos\/","name":"Balacera en la colonia 18 de Diciembre deja un polic\u00eda grave y tres detenidos. - El Hijo del llanero solititito","isPartOf":{"@id":"https:\/\/elhijodelllanero.mx\/#website"},"primaryImageOfPage":{"@id":"https:\/\/elhijodelllanero.mx\/index.php\/2026\/04\/26\/balacera-en-la-colonia-18-de-diciembre-deja-un-policia-grave-y-tres-detenidos\/#primaryimage"},"image":{"@id":"https:\/\/elhijodelllanero.mx\/index.php\/2026\/04\/26\/balacera-en-la-colonia-18-de-diciembre-deja-un-policia-grave-y-tres-detenidos\/#primaryimage"},"thumbnailUrl":"https:\/\/i0.wp.com\/elhijodelllanero.mx\/wp-content\/uploads\/2026\/04\/39fcd81a-8a28-49b4-9f18-c2de40b42035.jpeg?fit=512%2C691&ssl=1","datePublished":"2026-04-27T03:12:58+00:00","author":{"@id":"https:\/\/elhijodelllanero.mx\/#\/schema\/person\/c7f8c86c55c1eab44ae2b93a9628245f"},"breadcrumb":{"@id":"https:\/\/elhijodelllanero.mx\/index.php\/2026\/04\/26\/balacera-en-la-colonia-18-de-diciembre-deja-un-policia-grave-y-tres-detenidos\/#breadcrumb"},"inLanguage":"es","potentialAction":[{"@type":"ReadAction","target":["https:\/\/elhijodelllanero.mx\/index.php\/2026\/04\/26\/balacera-en-la-colonia-18-de-diciembre-deja-un-policia-grave-y-tres-detenidos\/"]}]},{"@type":"ImageObject","inLanguage":"es","@id":"https:\/\/elhijodelllanero.mx\/index.php\/2026\/04\/26\/balacera-en-la-colonia-18-de-diciembre-deja-un-policia-grave-y-tres-detenidos\/#primaryimage","url":"https:\/\/i0.wp.com\/elhijodelllanero.mx\/wp-content\/uploads\/2026\/04\/39fcd81a-8a28-49b4-9f18-c2de40b42035.jpeg?fit=512%2C691&ssl=1","contentUrl":"https:\/\/i0.wp.com\/elhijodelllanero.mx\/wp-content\/uploads\/2026\/04\/39fcd81a-8a28-49b4-9f18-c2de40b42035.jpeg?fit=512%2C691&ssl=1","width":512,"height":691},{"@type":"BreadcrumbList","@id":"https:\/\/elhijodelllanero.mx\/index.php\/2026\/04\/26\/balacera-en-la-colonia-18-de-diciembre-deja-un-policia-grave-y-tres-detenidos\/#breadcrumb","itemListElement":[{"@type":"ListItem","position":1,"name":"Portada","item":"https:\/\/elhijodelllanero.mx\/"},{"@type":"ListItem","position":2,"name":"Balacera en la colonia 18 de Diciembre deja un polic\u00eda grave y tres detenidos."}]},{"@type":"WebSite","@id":"https:\/\/elhijodelllanero.mx\/#website","url":"https:\/\/elhijodelllanero.mx\/","name":"El Hijo del llanero solititito","description":"","potentialAction":[{"@type":"SearchAction","target":{"@type":"EntryPoint","urlTemplate":"https:\/\/elhijodelllanero.mx\/?s={search_term_string}"},"query-input":{"@type":"PropertyValueSpecification","valueRequired":true,"valueName":"search_term_string"}}],"inLanguage":"es"},{"@type":"Person","@id":"https:\/\/elhijodelllanero.mx\/#\/schema\/person\/c7f8c86c55c1eab44ae2b93a9628245f","name":"Mar\u00eda de la Paz Rodarte Ram\u00edrez","image":{"@type":"ImageObject","inLanguage":"es","@id":"https:\/\/secure.gravatar.com\/avatar\/1f38f8518b09a266af73da2bce78d69e7d1275299970134ed62f572e0487e1d0?s=96&d=mm&r=g","url":"https:\/\/secure.gravatar.com\/avatar\/1f38f8518b09a266af73da2bce78d69e7d1275299970134ed62f572e0487e1d0?s=96&d=mm&r=g","contentUrl":"https:\/\/secure.gravatar.com\/avatar\/1f38f8518b09a266af73da2bce78d69e7d1275299970134ed62f572e0487e1d0?s=96&d=mm&r=g","caption":"Mar\u00eda de la Paz Rodarte Ram\u00edrez"},"sameAs":["https:\/\/www.elhijodelllanero.mx"],"url":"https:\/\/elhijodelllanero.mx\/index.php\/author\/maricuas\/"}]}},"jetpack_featured_media_url":"https:\/\/i0.wp.com\/elhijodelllanero.mx\/wp-content\/uploads\/2026\/04\/39fcd81a-8a28-49b4-9f18-c2de40b42035.jpeg?fit=512%2C691&ssl=1","jetpack-related-posts":[],"jetpack_sharing_enabled":true,"_links":{"self":[{"href":"https:\/\/elhijodelllanero.mx\/index.php\/wp-json\/wp\/v2\/posts\/14157","targetHints":{"allow":["GET"]}}],"collection":[{"href":"https:\/\/elhijodelllanero.mx\/index.php\/wp-json\/wp\/v2\/posts"}],"about":[{"href":"https:\/\/elhijodelllanero.mx\/index.php\/wp-json\/wp\/v2\/types\/post"}],"author":[{"embeddable":true,"href":"https:\/\/elhijodelllanero.mx\/index.php\/wp-json\/wp\/v2\/users\/3"}],"replies":[{"embeddable":true,"href":"https:\/\/elhijodelllanero.mx\/index.php\/wp-json\/wp\/v2\/comments?post=14157"}],"version-history":[{"count":1,"href":"https:\/\/elhijodelllanero.mx\/index.php\/wp-json\/wp\/v2\/posts\/14157\/revisions"}],"predecessor-version":[{"id":14159,"href":"https:\/\/elhijodelllanero.mx\/index.php\/wp-json\/wp\/v2\/posts\/14157\/revisions\/14159"}],"wp:featuredmedia":[{"embeddable":true,"href":"https:\/\/elhijodelllanero.mx\/index.php\/wp-json\/wp\/v2\/media\/14158"}],"wp:attachment":[{"href":"https:\/\/elhijodelllanero.mx\/index.php\/wp-json\/wp\/v2\/media?parent=14157"}],"wp:term":[{"taxonomy":"category","embeddable":true,"href":"https:\/\/elhijodelllanero.mx\/index.php\/wp-json\/wp\/v2\/categories?post=14157"},{"taxonomy":"post_tag","embeddable":true,"href":"https:\/\/elhijodelllanero.mx\/index.php\/wp-json\/wp\/v2\/tags?post=14157"}],"curies":[{"name":"wp","href":"https:\/\/api.w.org\/{rel}","templated":true}]}}