{"id":14161,"date":"2026-04-27T11:19:44","date_gmt":"2026-04-27T17:19:44","guid":{"rendered":"https:\/\/elhijodelllanero.mx\/?p=14161"},"modified":"2026-04-27T11:19:44","modified_gmt":"2026-04-27T17:19:44","slug":"todo-es-culpa-de-la-oposicion-dice-alcalde-tras-destrozos-en-presidencia","status":"publish","type":"post","link":"https:\/\/elhijodelllanero.mx\/index.php\/2026\/04\/27\/todo-es-culpa-de-la-oposicion-dice-alcalde-tras-destrozos-en-presidencia\/","title":{"rendered":"\u201cTodo es culpa de la oposici\u00f3n\u201d, dice alcalde tras destrozos en Presidencia."},"content":{"rendered":"<p>Celaya, Gto. 27 de abril del 2026.-Luego de que un hombre destrozara la fuente del patio de la Presidencia Municipal de Celaya, el alcalde Juan Miguel Ram\u00edrez S\u00e1nchez asegur\u00f3 que detr\u00e1s del ambiente de confrontaci\u00f3n est\u00e1n los partidos de oposici\u00f3n\u2026 y hasta algunos medios de comunicaci\u00f3n.<\/p>\n<p>Aunque el responsable fue detenido en el lugar, el presidente municipal consider\u00f3 que este tipo de hechos no son casualidad y responsabiliz\u00f3 a PRI, PAN, Movimiento Ciudadano y a ciertos espacios informativos de generar tensi\u00f3n pol\u00edtica en el municipio.<br \/>\nSeg\u00fan explic\u00f3, Celaya se ha convertido en un \u201cbasti\u00f3n\u201d que todos quieren recuperar, por lo que advirti\u00f3 que estos actos podr\u00edan volverse m\u00e1s frecuentes.<br \/>\nTambi\u00e9n afirm\u00f3 que su gobierno ya est\u00e1 preparado para cr\u00edticas, ataques medi\u00e1ticos y actos vand\u00e1licos, porque, al parecer, romper una fuente tambi\u00e9n entra en la estrategia pol\u00edtica nacional. Porque claro, nada grita conspiraci\u00f3n como un marro y una fuente en Presidencia.<\/p>\n","protected":false},"excerpt":{"rendered":"<p>Celaya, Gto. 27 de abril del 2026.-Luego de que un hombre destrozara la fuente del patio de la Presidencia Municipal de Celaya, el alcalde Juan Miguel Ram\u00edrez S\u00e1nchez asegur\u00f3 que detr\u00e1s del ambiente de confrontaci\u00f3n est\u00e1n los partidos de oposici\u00f3n\u2026 y hasta algunos medios de comunicaci\u00f3n. Aunque el responsable fue detenido en el lugar, el [&hellip;]<\/p>\n","protected":false},"author":3,"featured_media":14162,"comment_status":"open","ping_status":"closed","sticky":false,"template":"","format":"standard","meta":{"_jetpack_newsletter_access":"","_jetpack_dont_email_post_to_subs":false,"_jetpack_newsletter_tier_id":0,"_jetpack_memberships_contains_paywalled_content":false,"_jetpack_memberships_contains_paid_content":false,"footnotes":""},"categories":[74],"tags":[],"class_list":{"0":"post-14161","1":"post","2":"type-post","3":"status-publish","4":"format-standard","5":"has-post-thumbnail","7":"category-celaya"},"yoast_head":"<!-- This site is optimized with the Yoast SEO plugin v27.3 - https:\/\/yoast.com\/product\/yoast-seo-wordpress\/ -->\n<title>\u201cTodo es culpa de la oposici\u00f3n\u201d, dice alcalde tras destrozos en Presidencia. - El Hijo del llanero solititito<\/title>\n<meta name=\"robots\" content=\"index, follow, max-snippet:-1, max-image-preview:large, max-video-preview:-1\" \/>\n<link rel=\"canonical\" href=\"https:\/\/elhijodelllanero.mx\/index.php\/2026\/04\/27\/todo-es-culpa-de-la-oposicion-dice-alcalde-tras-destrozos-en-presidencia\/\" \/>\n<meta property=\"og:locale\" content=\"es_ES\" \/>\n<meta property=\"og:type\" content=\"article\" \/>\n<meta property=\"og:title\" content=\"\u201cTodo es culpa de la oposici\u00f3n\u201d, dice alcalde tras destrozos en Presidencia. - El Hijo del llanero solititito\" \/>\n<meta property=\"og:description\" content=\"Celaya, Gto. 27 de abril del 2026.-Luego de que un hombre destrozara la fuente del patio de la Presidencia Municipal de Celaya, el alcalde Juan Miguel Ram\u00edrez S\u00e1nchez asegur\u00f3 que detr\u00e1s del ambiente de confrontaci\u00f3n est\u00e1n los partidos de oposici\u00f3n\u2026 y hasta algunos medios de comunicaci\u00f3n. Aunque el responsable fue detenido en el lugar, el [&hellip;]\" \/>\n<meta property=\"og:url\" content=\"https:\/\/elhijodelllanero.mx\/index.php\/2026\/04\/27\/todo-es-culpa-de-la-oposicion-dice-alcalde-tras-destrozos-en-presidencia\/\" \/>\n<meta property=\"og:site_name\" content=\"El Hijo del llanero solititito\" \/>\n<meta property=\"article:published_time\" content=\"2026-04-27T17:19:44+00:00\" \/>\n<meta property=\"og:image\" content=\"https:\/\/elhijodelllanero.mx\/wp-content\/uploads\/2026\/04\/cba76d52-ec29-4953-9247-3dbf3716d0d8.jpeg\" \/>\n\t<meta property=\"og:image:width\" content=\"1600\" \/>\n\t<meta property=\"og:image:height\" content=\"1200\" \/>\n\t<meta property=\"og:image:type\" content=\"image\/jpeg\" \/>\n<meta name=\"author\" content=\"Mar\u00eda de la Paz Rodarte Ram\u00edrez\" \/>\n<meta name=\"twitter:card\" content=\"summary_large_image\" \/>\n<meta name=\"twitter:label1\" content=\"Escrito por\" \/>\n\t<meta name=\"twitter:data1\" content=\"Mar\u00eda de la Paz Rodarte Ram\u00edrez\" \/>\n\t<meta name=\"twitter:label2\" content=\"Tiempo de lectura\" \/>\n\t<meta name=\"twitter:data2\" content=\"1 minuto\" \/>\n<script type=\"application\/ld+json\" class=\"yoast-schema-graph\">{\"@context\":\"https:\\\/\\\/schema.org\",\"@graph\":[{\"@type\":\"Article\",\"@id\":\"https:\\\/\\\/elhijodelllanero.mx\\\/index.php\\\/2026\\\/04\\\/27\\\/todo-es-culpa-de-la-oposicion-dice-alcalde-tras-destrozos-en-presidencia\\\/#article\",\"isPartOf\":{\"@id\":\"https:\\\/\\\/elhijodelllanero.mx\\\/index.php\\\/2026\\\/04\\\/27\\\/todo-es-culpa-de-la-oposicion-dice-alcalde-tras-destrozos-en-presidencia\\\/\"},\"author\":{\"name\":\"Mar\u00eda de la Paz Rodarte Ram\u00edrez\",\"@id\":\"https:\\\/\\\/elhijodelllanero.mx\\\/#\\\/schema\\\/person\\\/c7f8c86c55c1eab44ae2b93a9628245f\"},\"headline\":\"\u201cTodo es culpa de la oposici\u00f3n\u201d, dice alcalde tras destrozos en Presidencia.\",\"datePublished\":\"2026-04-27T17:19:44+00:00\",\"mainEntityOfPage\":{\"@id\":\"https:\\\/\\\/elhijodelllanero.mx\\\/index.php\\\/2026\\\/04\\\/27\\\/todo-es-culpa-de-la-oposicion-dice-alcalde-tras-destrozos-en-presidencia\\\/\"},\"wordCount\":182,\"commentCount\":0,\"image\":{\"@id\":\"https:\\\/\\\/elhijodelllanero.mx\\\/index.php\\\/2026\\\/04\\\/27\\\/todo-es-culpa-de-la-oposicion-dice-alcalde-tras-destrozos-en-presidencia\\\/#primaryimage\"},\"thumbnailUrl\":\"https:\\\/\\\/i0.wp.com\\\/elhijodelllanero.mx\\\/wp-content\\\/uploads\\\/2026\\\/04\\\/cba76d52-ec29-4953-9247-3dbf3716d0d8.jpeg?fit=1600%2C1200&ssl=1\",\"articleSection\":[\"CELAYA\"],\"inLanguage\":\"es\",\"potentialAction\":[{\"@type\":\"CommentAction\",\"name\":\"Comment\",\"target\":[\"https:\\\/\\\/elhijodelllanero.mx\\\/index.php\\\/2026\\\/04\\\/27\\\/todo-es-culpa-de-la-oposicion-dice-alcalde-tras-destrozos-en-presidencia\\\/#respond\"]}]},{\"@type\":\"WebPage\",\"@id\":\"https:\\\/\\\/elhijodelllanero.mx\\\/index.php\\\/2026\\\/04\\\/27\\\/todo-es-culpa-de-la-oposicion-dice-alcalde-tras-destrozos-en-presidencia\\\/\",\"url\":\"https:\\\/\\\/elhijodelllanero.mx\\\/index.php\\\/2026\\\/04\\\/27\\\/todo-es-culpa-de-la-oposicion-dice-alcalde-tras-destrozos-en-presidencia\\\/\",\"name\":\"\u201cTodo es culpa de la oposici\u00f3n\u201d, dice alcalde tras destrozos en Presidencia. - El Hijo del llanero solititito\",\"isPartOf\":{\"@id\":\"https:\\\/\\\/elhijodelllanero.mx\\\/#website\"},\"primaryImageOfPage\":{\"@id\":\"https:\\\/\\\/elhijodelllanero.mx\\\/index.php\\\/2026\\\/04\\\/27\\\/todo-es-culpa-de-la-oposicion-dice-alcalde-tras-destrozos-en-presidencia\\\/#primaryimage\"},\"image\":{\"@id\":\"https:\\\/\\\/elhijodelllanero.mx\\\/index.php\\\/2026\\\/04\\\/27\\\/todo-es-culpa-de-la-oposicion-dice-alcalde-tras-destrozos-en-presidencia\\\/#primaryimage\"},\"thumbnailUrl\":\"https:\\\/\\\/i0.wp.com\\\/elhijodelllanero.mx\\\/wp-content\\\/uploads\\\/2026\\\/04\\\/cba76d52-ec29-4953-9247-3dbf3716d0d8.jpeg?fit=1600%2C1200&ssl=1\",\"datePublished\":\"2026-04-27T17:19:44+00:00\",\"author\":{\"@id\":\"https:\\\/\\\/elhijodelllanero.mx\\\/#\\\/schema\\\/person\\\/c7f8c86c55c1eab44ae2b93a9628245f\"},\"breadcrumb\":{\"@id\":\"https:\\\/\\\/elhijodelllanero.mx\\\/index.php\\\/2026\\\/04\\\/27\\\/todo-es-culpa-de-la-oposicion-dice-alcalde-tras-destrozos-en-presidencia\\\/#breadcrumb\"},\"inLanguage\":\"es\",\"potentialAction\":[{\"@type\":\"ReadAction\",\"target\":[\"https:\\\/\\\/elhijodelllanero.mx\\\/index.php\\\/2026\\\/04\\\/27\\\/todo-es-culpa-de-la-oposicion-dice-alcalde-tras-destrozos-en-presidencia\\\/\"]}]},{\"@type\":\"ImageObject\",\"inLanguage\":\"es\",\"@id\":\"https:\\\/\\\/elhijodelllanero.mx\\\/index.php\\\/2026\\\/04\\\/27\\\/todo-es-culpa-de-la-oposicion-dice-alcalde-tras-destrozos-en-presidencia\\\/#primaryimage\",\"url\":\"https:\\\/\\\/i0.wp.com\\\/elhijodelllanero.mx\\\/wp-content\\\/uploads\\\/2026\\\/04\\\/cba76d52-ec29-4953-9247-3dbf3716d0d8.jpeg?fit=1600%2C1200&ssl=1\",\"contentUrl\":\"https:\\\/\\\/i0.wp.com\\\/elhijodelllanero.mx\\\/wp-content\\\/uploads\\\/2026\\\/04\\\/cba76d52-ec29-4953-9247-3dbf3716d0d8.jpeg?fit=1600%2C1200&ssl=1\",\"width\":1600,\"height\":1200},{\"@type\":\"BreadcrumbList\",\"@id\":\"https:\\\/\\\/elhijodelllanero.mx\\\/index.php\\\/2026\\\/04\\\/27\\\/todo-es-culpa-de-la-oposicion-dice-alcalde-tras-destrozos-en-presidencia\\\/#breadcrumb\",\"itemListElement\":[{\"@type\":\"ListItem\",\"position\":1,\"name\":\"Portada\",\"item\":\"https:\\\/\\\/elhijodelllanero.mx\\\/\"},{\"@type\":\"ListItem\",\"position\":2,\"name\":\"\u201cTodo es culpa de la oposici\u00f3n\u201d, dice alcalde tras destrozos en Presidencia.\"}]},{\"@type\":\"WebSite\",\"@id\":\"https:\\\/\\\/elhijodelllanero.mx\\\/#website\",\"url\":\"https:\\\/\\\/elhijodelllanero.mx\\\/\",\"name\":\"El Hijo del llanero solititito\",\"description\":\"\",\"potentialAction\":[{\"@type\":\"SearchAction\",\"target\":{\"@type\":\"EntryPoint\",\"urlTemplate\":\"https:\\\/\\\/elhijodelllanero.mx\\\/?s={search_term_string}\"},\"query-input\":{\"@type\":\"PropertyValueSpecification\",\"valueRequired\":true,\"valueName\":\"search_term_string\"}}],\"inLanguage\":\"es\"},{\"@type\":\"Person\",\"@id\":\"https:\\\/\\\/elhijodelllanero.mx\\\/#\\\/schema\\\/person\\\/c7f8c86c55c1eab44ae2b93a9628245f\",\"name\":\"Mar\u00eda de la Paz Rodarte Ram\u00edrez\",\"image\":{\"@type\":\"ImageObject\",\"inLanguage\":\"es\",\"@id\":\"https:\\\/\\\/secure.gravatar.com\\\/avatar\\\/1f38f8518b09a266af73da2bce78d69e7d1275299970134ed62f572e0487e1d0?s=96&d=mm&r=g\",\"url\":\"https:\\\/\\\/secure.gravatar.com\\\/avatar\\\/1f38f8518b09a266af73da2bce78d69e7d1275299970134ed62f572e0487e1d0?s=96&d=mm&r=g\",\"contentUrl\":\"https:\\\/\\\/secure.gravatar.com\\\/avatar\\\/1f38f8518b09a266af73da2bce78d69e7d1275299970134ed62f572e0487e1d0?s=96&d=mm&r=g\",\"caption\":\"Mar\u00eda de la Paz Rodarte Ram\u00edrez\"},\"sameAs\":[\"https:\\\/\\\/www.elhijodelllanero.mx\"],\"url\":\"https:\\\/\\\/elhijodelllanero.mx\\\/index.php\\\/author\\\/maricuas\\\/\"}]}<\/script>\n<!-- \/ Yoast SEO plugin. -->","yoast_head_json":{"title":"\u201cTodo es culpa de la oposici\u00f3n\u201d, dice alcalde tras destrozos en Presidencia. - El Hijo del llanero solititito","robots":{"index":"index","follow":"follow","max-snippet":"max-snippet:-1","max-image-preview":"max-image-preview:large","max-video-preview":"max-video-preview:-1"},"canonical":"https:\/\/elhijodelllanero.mx\/index.php\/2026\/04\/27\/todo-es-culpa-de-la-oposicion-dice-alcalde-tras-destrozos-en-presidencia\/","og_locale":"es_ES","og_type":"article","og_title":"\u201cTodo es culpa de la oposici\u00f3n\u201d, dice alcalde tras destrozos en Presidencia. - El Hijo del llanero solititito","og_description":"Celaya, Gto. 27 de abril del 2026.-Luego de que un hombre destrozara la fuente del patio de la Presidencia Municipal de Celaya, el alcalde Juan Miguel Ram\u00edrez S\u00e1nchez asegur\u00f3 que detr\u00e1s del ambiente de confrontaci\u00f3n est\u00e1n los partidos de oposici\u00f3n\u2026 y hasta algunos medios de comunicaci\u00f3n. Aunque el responsable fue detenido en el lugar, el [&hellip;]","og_url":"https:\/\/elhijodelllanero.mx\/index.php\/2026\/04\/27\/todo-es-culpa-de-la-oposicion-dice-alcalde-tras-destrozos-en-presidencia\/","og_site_name":"El Hijo del llanero solititito","article_published_time":"2026-04-27T17:19:44+00:00","og_image":[{"width":1600,"height":1200,"url":"https:\/\/elhijodelllanero.mx\/wp-content\/uploads\/2026\/04\/cba76d52-ec29-4953-9247-3dbf3716d0d8.jpeg","type":"image\/jpeg"}],"author":"Mar\u00eda de la Paz Rodarte Ram\u00edrez","twitter_card":"summary_large_image","twitter_misc":{"Escrito por":"Mar\u00eda de la Paz Rodarte Ram\u00edrez","Tiempo de lectura":"1 minuto"},"schema":{"@context":"https:\/\/schema.org","@graph":[{"@type":"Article","@id":"https:\/\/elhijodelllanero.mx\/index.php\/2026\/04\/27\/todo-es-culpa-de-la-oposicion-dice-alcalde-tras-destrozos-en-presidencia\/#article","isPartOf":{"@id":"https:\/\/elhijodelllanero.mx\/index.php\/2026\/04\/27\/todo-es-culpa-de-la-oposicion-dice-alcalde-tras-destrozos-en-presidencia\/"},"author":{"name":"Mar\u00eda de la Paz Rodarte Ram\u00edrez","@id":"https:\/\/elhijodelllanero.mx\/#\/schema\/person\/c7f8c86c55c1eab44ae2b93a9628245f"},"headline":"\u201cTodo es culpa de la oposici\u00f3n\u201d, dice alcalde tras destrozos en Presidencia.","datePublished":"2026-04-27T17:19:44+00:00","mainEntityOfPage":{"@id":"https:\/\/elhijodelllanero.mx\/index.php\/2026\/04\/27\/todo-es-culpa-de-la-oposicion-dice-alcalde-tras-destrozos-en-presidencia\/"},"wordCount":182,"commentCount":0,"image":{"@id":"https:\/\/elhijodelllanero.mx\/index.php\/2026\/04\/27\/todo-es-culpa-de-la-oposicion-dice-alcalde-tras-destrozos-en-presidencia\/#primaryimage"},"thumbnailUrl":"https:\/\/i0.wp.com\/elhijodelllanero.mx\/wp-content\/uploads\/2026\/04\/cba76d52-ec29-4953-9247-3dbf3716d0d8.jpeg?fit=1600%2C1200&ssl=1","articleSection":["CELAYA"],"inLanguage":"es","potentialAction":[{"@type":"CommentAction","name":"Comment","target":["https:\/\/elhijodelllanero.mx\/index.php\/2026\/04\/27\/todo-es-culpa-de-la-oposicion-dice-alcalde-tras-destrozos-en-presidencia\/#respond"]}]},{"@type":"WebPage","@id":"https:\/\/elhijodelllanero.mx\/index.php\/2026\/04\/27\/todo-es-culpa-de-la-oposicion-dice-alcalde-tras-destrozos-en-presidencia\/","url":"https:\/\/elhijodelllanero.mx\/index.php\/2026\/04\/27\/todo-es-culpa-de-la-oposicion-dice-alcalde-tras-destrozos-en-presidencia\/","name":"\u201cTodo es culpa de la oposici\u00f3n\u201d, dice alcalde tras destrozos en Presidencia. - El Hijo del llanero solititito","isPartOf":{"@id":"https:\/\/elhijodelllanero.mx\/#website"},"primaryImageOfPage":{"@id":"https:\/\/elhijodelllanero.mx\/index.php\/2026\/04\/27\/todo-es-culpa-de-la-oposicion-dice-alcalde-tras-destrozos-en-presidencia\/#primaryimage"},"image":{"@id":"https:\/\/elhijodelllanero.mx\/index.php\/2026\/04\/27\/todo-es-culpa-de-la-oposicion-dice-alcalde-tras-destrozos-en-presidencia\/#primaryimage"},"thumbnailUrl":"https:\/\/i0.wp.com\/elhijodelllanero.mx\/wp-content\/uploads\/2026\/04\/cba76d52-ec29-4953-9247-3dbf3716d0d8.jpeg?fit=1600%2C1200&ssl=1","datePublished":"2026-04-27T17:19:44+00:00","author":{"@id":"https:\/\/elhijodelllanero.mx\/#\/schema\/person\/c7f8c86c55c1eab44ae2b93a9628245f"},"breadcrumb":{"@id":"https:\/\/elhijodelllanero.mx\/index.php\/2026\/04\/27\/todo-es-culpa-de-la-oposicion-dice-alcalde-tras-destrozos-en-presidencia\/#breadcrumb"},"inLanguage":"es","potentialAction":[{"@type":"ReadAction","target":["https:\/\/elhijodelllanero.mx\/index.php\/2026\/04\/27\/todo-es-culpa-de-la-oposicion-dice-alcalde-tras-destrozos-en-presidencia\/"]}]},{"@type":"ImageObject","inLanguage":"es","@id":"https:\/\/elhijodelllanero.mx\/index.php\/2026\/04\/27\/todo-es-culpa-de-la-oposicion-dice-alcalde-tras-destrozos-en-presidencia\/#primaryimage","url":"https:\/\/i0.wp.com\/elhijodelllanero.mx\/wp-content\/uploads\/2026\/04\/cba76d52-ec29-4953-9247-3dbf3716d0d8.jpeg?fit=1600%2C1200&ssl=1","contentUrl":"https:\/\/i0.wp.com\/elhijodelllanero.mx\/wp-content\/uploads\/2026\/04\/cba76d52-ec29-4953-9247-3dbf3716d0d8.jpeg?fit=1600%2C1200&ssl=1","width":1600,"height":1200},{"@type":"BreadcrumbList","@id":"https:\/\/elhijodelllanero.mx\/index.php\/2026\/04\/27\/todo-es-culpa-de-la-oposicion-dice-alcalde-tras-destrozos-en-presidencia\/#breadcrumb","itemListElement":[{"@type":"ListItem","position":1,"name":"Portada","item":"https:\/\/elhijodelllanero.mx\/"},{"@type":"ListItem","position":2,"name":"\u201cTodo es culpa de la oposici\u00f3n\u201d, dice alcalde tras destrozos en Presidencia."}]},{"@type":"WebSite","@id":"https:\/\/elhijodelllanero.mx\/#website","url":"https:\/\/elhijodelllanero.mx\/","name":"El Hijo del llanero solititito","description":"","potentialAction":[{"@type":"SearchAction","target":{"@type":"EntryPoint","urlTemplate":"https:\/\/elhijodelllanero.mx\/?s={search_term_string}"},"query-input":{"@type":"PropertyValueSpecification","valueRequired":true,"valueName":"search_term_string"}}],"inLanguage":"es"},{"@type":"Person","@id":"https:\/\/elhijodelllanero.mx\/#\/schema\/person\/c7f8c86c55c1eab44ae2b93a9628245f","name":"Mar\u00eda de la Paz Rodarte Ram\u00edrez","image":{"@type":"ImageObject","inLanguage":"es","@id":"https:\/\/secure.gravatar.com\/avatar\/1f38f8518b09a266af73da2bce78d69e7d1275299970134ed62f572e0487e1d0?s=96&d=mm&r=g","url":"https:\/\/secure.gravatar.com\/avatar\/1f38f8518b09a266af73da2bce78d69e7d1275299970134ed62f572e0487e1d0?s=96&d=mm&r=g","contentUrl":"https:\/\/secure.gravatar.com\/avatar\/1f38f8518b09a266af73da2bce78d69e7d1275299970134ed62f572e0487e1d0?s=96&d=mm&r=g","caption":"Mar\u00eda de la Paz Rodarte Ram\u00edrez"},"sameAs":["https:\/\/www.elhijodelllanero.mx"],"url":"https:\/\/elhijodelllanero.mx\/index.php\/author\/maricuas\/"}]}},"jetpack_featured_media_url":"https:\/\/i0.wp.com\/elhijodelllanero.mx\/wp-content\/uploads\/2026\/04\/cba76d52-ec29-4953-9247-3dbf3716d0d8.jpeg?fit=1600%2C1200&ssl=1","jetpack-related-posts":[],"jetpack_sharing_enabled":true,"_links":{"self":[{"href":"https:\/\/elhijodelllanero.mx\/index.php\/wp-json\/wp\/v2\/posts\/14161","targetHints":{"allow":["GET"]}}],"collection":[{"href":"https:\/\/elhijodelllanero.mx\/index.php\/wp-json\/wp\/v2\/posts"}],"about":[{"href":"https:\/\/elhijodelllanero.mx\/index.php\/wp-json\/wp\/v2\/types\/post"}],"author":[{"embeddable":true,"href":"https:\/\/elhijodelllanero.mx\/index.php\/wp-json\/wp\/v2\/users\/3"}],"replies":[{"embeddable":true,"href":"https:\/\/elhijodelllanero.mx\/index.php\/wp-json\/wp\/v2\/comments?post=14161"}],"version-history":[{"count":1,"href":"https:\/\/elhijodelllanero.mx\/index.php\/wp-json\/wp\/v2\/posts\/14161\/revisions"}],"predecessor-version":[{"id":14163,"href":"https:\/\/elhijodelllanero.mx\/index.php\/wp-json\/wp\/v2\/posts\/14161\/revisions\/14163"}],"wp:featuredmedia":[{"embeddable":true,"href":"https:\/\/elhijodelllanero.mx\/index.php\/wp-json\/wp\/v2\/media\/14162"}],"wp:attachment":[{"href":"https:\/\/elhijodelllanero.mx\/index.php\/wp-json\/wp\/v2\/media?parent=14161"}],"wp:term":[{"taxonomy":"category","embeddable":true,"href":"https:\/\/elhijodelllanero.mx\/index.php\/wp-json\/wp\/v2\/categories?post=14161"},{"taxonomy":"post_tag","embeddable":true,"href":"https:\/\/elhijodelllanero.mx\/index.php\/wp-json\/wp\/v2\/tags?post=14161"}],"curies":[{"name":"wp","href":"https:\/\/api.w.org\/{rel}","templated":true}]}}