{"id":14164,"date":"2026-04-27T12:59:40","date_gmt":"2026-04-27T18:59:40","guid":{"rendered":"https:\/\/elhijodelllanero.mx\/?p=14164"},"modified":"2026-04-27T15:57:32","modified_gmt":"2026-04-27T21:57:32","slug":"primero-cuiden-la-fuente-y-luego-busquen-villanos-pan-responde-al-alcalde","status":"publish","type":"post","link":"https:\/\/elhijodelllanero.mx\/index.php\/2026\/04\/27\/primero-cuiden-la-fuente-y-luego-busquen-villanos-pan-responde-al-alcalde\/","title":{"rendered":"\u201cPrimero cuiden la fuente y luego busquen villanos\u201d: PAN responde al alcalde."},"content":{"rendered":"<p>Celaya, Gto. 27 de abril de 2026.- Despu\u00e9s de que el alcalde Juan Miguel Ram\u00edrez S\u00e1nchez se\u00f1alara a la oposici\u00f3n, a algunos medios de comunicaci\u00f3n y pr\u00e1cticamente a medio mundo por los da\u00f1os a la fuente de Presidencia Municipal, desde el PAN le recordaron un peque\u00f1o detalle: primero hab\u00eda que cuidar la fuente.<\/p>\n<p>Sergio Ruiz, presidente del PAN en Celaya, asegur\u00f3 que el edil est\u00e1 m\u00e1s ocupado repartiendo culpas que explicando c\u00f3mo un hombre pudo entrar tranquilamente, acomodar su escena de demolici\u00f3n y destrozar parte del patrimonio hist\u00f3rico en plena Presidencia.<\/p>\n<p>Para el panista, el tema no deber\u00eda ser qui\u00e9n es el villano de la novela pol\u00edtica de la semana, sino por qu\u00e9 fallaron los protocolos de seguridad en un edificio p\u00fablico que deber\u00eda estar resguardado.<\/p>\n<p>Tambi\u00e9n se\u00f1al\u00f3 que la fuente da\u00f1ada no es cualquier adorno de patio, sino parte importante del patrimonio hist\u00f3rico de los celayenses, por lo que minimizar el tema para convertirlo en pleito pol\u00edtico resulta, dijo, bastante irresponsable.<\/p>\n<p>Sobre las acusaciones hacia medios de comunicaci\u00f3n, sostuvo que informar, cuestionar y exhibir errores de gobierno no convierte a nadie en desestabilizador, aunque al parecer al alcalde no le agrada mucho eso de las preguntas inc\u00f3modas.<\/p>\n<p>A\u00f1adi\u00f3 que culpar a la oposici\u00f3n y a la prensa refleja m\u00e1s una falta de autocr\u00edtica que una estrategia seria de gobierno, y advirti\u00f3 que la ciudadan\u00eda no quiere discursos de confrontaci\u00f3n ni cap\u00edtulos nuevos de drama pol\u00edtico, sino resultados.<\/p>\n<p>Porque al final, dijo, si alguien entra con marro, pone cinta de precauci\u00f3n y destruye una fuente hist\u00f3rica dentro de Presidencia\u2026 quiz\u00e1 el problema no era precisamente una rueda de prensa.<\/p>\n","protected":false},"excerpt":{"rendered":"<p>Celaya, Gto. 27 de abril de 2026.- Despu\u00e9s de que el alcalde Juan Miguel Ram\u00edrez S\u00e1nchez se\u00f1alara a la oposici\u00f3n, a algunos medios de comunicaci\u00f3n y pr\u00e1cticamente a medio mundo por los da\u00f1os a la fuente de Presidencia Municipal, desde el PAN le recordaron un peque\u00f1o detalle: primero hab\u00eda que cuidar la fuente. Sergio Ruiz, [&hellip;]<\/p>\n","protected":false},"author":3,"featured_media":14165,"comment_status":"open","ping_status":"closed","sticky":false,"template":"","format":"standard","meta":{"_jetpack_newsletter_access":"","_jetpack_dont_email_post_to_subs":false,"_jetpack_newsletter_tier_id":0,"_jetpack_memberships_contains_paywalled_content":false,"_jetpack_memberships_contains_paid_content":false,"footnotes":""},"categories":[74],"tags":[],"class_list":{"0":"post-14164","1":"post","2":"type-post","3":"status-publish","4":"format-standard","5":"has-post-thumbnail","7":"category-celaya"},"yoast_head":"<!-- This site is optimized with the Yoast SEO plugin v27.3 - https:\/\/yoast.com\/product\/yoast-seo-wordpress\/ -->\n<title>\u201cPrimero cuiden la fuente y luego busquen villanos\u201d: PAN responde al alcalde. - El Hijo del llanero solititito<\/title>\n<meta name=\"robots\" content=\"index, follow, max-snippet:-1, max-image-preview:large, max-video-preview:-1\" \/>\n<link rel=\"canonical\" href=\"https:\/\/elhijodelllanero.mx\/index.php\/2026\/04\/27\/primero-cuiden-la-fuente-y-luego-busquen-villanos-pan-responde-al-alcalde\/\" \/>\n<meta property=\"og:locale\" content=\"es_ES\" \/>\n<meta property=\"og:type\" content=\"article\" \/>\n<meta property=\"og:title\" content=\"\u201cPrimero cuiden la fuente y luego busquen villanos\u201d: PAN responde al alcalde. - El Hijo del llanero solititito\" \/>\n<meta property=\"og:description\" content=\"Celaya, Gto. 27 de abril de 2026.- Despu\u00e9s de que el alcalde Juan Miguel Ram\u00edrez S\u00e1nchez se\u00f1alara a la oposici\u00f3n, a algunos medios de comunicaci\u00f3n y pr\u00e1cticamente a medio mundo por los da\u00f1os a la fuente de Presidencia Municipal, desde el PAN le recordaron un peque\u00f1o detalle: primero hab\u00eda que cuidar la fuente. Sergio Ruiz, [&hellip;]\" \/>\n<meta property=\"og:url\" content=\"https:\/\/elhijodelllanero.mx\/index.php\/2026\/04\/27\/primero-cuiden-la-fuente-y-luego-busquen-villanos-pan-responde-al-alcalde\/\" \/>\n<meta property=\"og:site_name\" content=\"El Hijo del llanero solititito\" \/>\n<meta property=\"article:published_time\" content=\"2026-04-27T18:59:40+00:00\" \/>\n<meta property=\"article:modified_time\" content=\"2026-04-27T21:57:32+00:00\" \/>\n<meta property=\"og:image\" content=\"https:\/\/elhijodelllanero.mx\/wp-content\/uploads\/2026\/04\/546be69a-96b8-4ef5-92eb-3ba8113cb0c7.jpeg\" \/>\n\t<meta property=\"og:image:width\" content=\"1600\" \/>\n\t<meta property=\"og:image:height\" content=\"1200\" \/>\n\t<meta property=\"og:image:type\" content=\"image\/jpeg\" \/>\n<meta name=\"author\" content=\"Mar\u00eda de la Paz Rodarte Ram\u00edrez\" \/>\n<meta name=\"twitter:card\" content=\"summary_large_image\" \/>\n<meta name=\"twitter:label1\" content=\"Escrito por\" \/>\n\t<meta name=\"twitter:data1\" content=\"Mar\u00eda de la Paz Rodarte Ram\u00edrez\" \/>\n\t<meta name=\"twitter:label2\" content=\"Tiempo de lectura\" \/>\n\t<meta name=\"twitter:data2\" content=\"2 minutos\" \/>\n<script type=\"application\/ld+json\" class=\"yoast-schema-graph\">{\"@context\":\"https:\\\/\\\/schema.org\",\"@graph\":[{\"@type\":\"Article\",\"@id\":\"https:\\\/\\\/elhijodelllanero.mx\\\/index.php\\\/2026\\\/04\\\/27\\\/primero-cuiden-la-fuente-y-luego-busquen-villanos-pan-responde-al-alcalde\\\/#article\",\"isPartOf\":{\"@id\":\"https:\\\/\\\/elhijodelllanero.mx\\\/index.php\\\/2026\\\/04\\\/27\\\/primero-cuiden-la-fuente-y-luego-busquen-villanos-pan-responde-al-alcalde\\\/\"},\"author\":{\"name\":\"Mar\u00eda de la Paz Rodarte Ram\u00edrez\",\"@id\":\"https:\\\/\\\/elhijodelllanero.mx\\\/#\\\/schema\\\/person\\\/c7f8c86c55c1eab44ae2b93a9628245f\"},\"headline\":\"\u201cPrimero cuiden la fuente y luego busquen villanos\u201d: PAN responde al alcalde.\",\"datePublished\":\"2026-04-27T18:59:40+00:00\",\"dateModified\":\"2026-04-27T21:57:32+00:00\",\"mainEntityOfPage\":{\"@id\":\"https:\\\/\\\/elhijodelllanero.mx\\\/index.php\\\/2026\\\/04\\\/27\\\/primero-cuiden-la-fuente-y-luego-busquen-villanos-pan-responde-al-alcalde\\\/\"},\"wordCount\":316,\"commentCount\":0,\"image\":{\"@id\":\"https:\\\/\\\/elhijodelllanero.mx\\\/index.php\\\/2026\\\/04\\\/27\\\/primero-cuiden-la-fuente-y-luego-busquen-villanos-pan-responde-al-alcalde\\\/#primaryimage\"},\"thumbnailUrl\":\"https:\\\/\\\/i0.wp.com\\\/elhijodelllanero.mx\\\/wp-content\\\/uploads\\\/2026\\\/04\\\/546be69a-96b8-4ef5-92eb-3ba8113cb0c7.jpeg?fit=1600%2C1200&ssl=1\",\"articleSection\":[\"CELAYA\"],\"inLanguage\":\"es\",\"potentialAction\":[{\"@type\":\"CommentAction\",\"name\":\"Comment\",\"target\":[\"https:\\\/\\\/elhijodelllanero.mx\\\/index.php\\\/2026\\\/04\\\/27\\\/primero-cuiden-la-fuente-y-luego-busquen-villanos-pan-responde-al-alcalde\\\/#respond\"]}]},{\"@type\":\"WebPage\",\"@id\":\"https:\\\/\\\/elhijodelllanero.mx\\\/index.php\\\/2026\\\/04\\\/27\\\/primero-cuiden-la-fuente-y-luego-busquen-villanos-pan-responde-al-alcalde\\\/\",\"url\":\"https:\\\/\\\/elhijodelllanero.mx\\\/index.php\\\/2026\\\/04\\\/27\\\/primero-cuiden-la-fuente-y-luego-busquen-villanos-pan-responde-al-alcalde\\\/\",\"name\":\"\u201cPrimero cuiden la fuente y luego busquen villanos\u201d: PAN responde al alcalde. - El Hijo del llanero solititito\",\"isPartOf\":{\"@id\":\"https:\\\/\\\/elhijodelllanero.mx\\\/#website\"},\"primaryImageOfPage\":{\"@id\":\"https:\\\/\\\/elhijodelllanero.mx\\\/index.php\\\/2026\\\/04\\\/27\\\/primero-cuiden-la-fuente-y-luego-busquen-villanos-pan-responde-al-alcalde\\\/#primaryimage\"},\"image\":{\"@id\":\"https:\\\/\\\/elhijodelllanero.mx\\\/index.php\\\/2026\\\/04\\\/27\\\/primero-cuiden-la-fuente-y-luego-busquen-villanos-pan-responde-al-alcalde\\\/#primaryimage\"},\"thumbnailUrl\":\"https:\\\/\\\/i0.wp.com\\\/elhijodelllanero.mx\\\/wp-content\\\/uploads\\\/2026\\\/04\\\/546be69a-96b8-4ef5-92eb-3ba8113cb0c7.jpeg?fit=1600%2C1200&ssl=1\",\"datePublished\":\"2026-04-27T18:59:40+00:00\",\"dateModified\":\"2026-04-27T21:57:32+00:00\",\"author\":{\"@id\":\"https:\\\/\\\/elhijodelllanero.mx\\\/#\\\/schema\\\/person\\\/c7f8c86c55c1eab44ae2b93a9628245f\"},\"breadcrumb\":{\"@id\":\"https:\\\/\\\/elhijodelllanero.mx\\\/index.php\\\/2026\\\/04\\\/27\\\/primero-cuiden-la-fuente-y-luego-busquen-villanos-pan-responde-al-alcalde\\\/#breadcrumb\"},\"inLanguage\":\"es\",\"potentialAction\":[{\"@type\":\"ReadAction\",\"target\":[\"https:\\\/\\\/elhijodelllanero.mx\\\/index.php\\\/2026\\\/04\\\/27\\\/primero-cuiden-la-fuente-y-luego-busquen-villanos-pan-responde-al-alcalde\\\/\"]}]},{\"@type\":\"ImageObject\",\"inLanguage\":\"es\",\"@id\":\"https:\\\/\\\/elhijodelllanero.mx\\\/index.php\\\/2026\\\/04\\\/27\\\/primero-cuiden-la-fuente-y-luego-busquen-villanos-pan-responde-al-alcalde\\\/#primaryimage\",\"url\":\"https:\\\/\\\/i0.wp.com\\\/elhijodelllanero.mx\\\/wp-content\\\/uploads\\\/2026\\\/04\\\/546be69a-96b8-4ef5-92eb-3ba8113cb0c7.jpeg?fit=1600%2C1200&ssl=1\",\"contentUrl\":\"https:\\\/\\\/i0.wp.com\\\/elhijodelllanero.mx\\\/wp-content\\\/uploads\\\/2026\\\/04\\\/546be69a-96b8-4ef5-92eb-3ba8113cb0c7.jpeg?fit=1600%2C1200&ssl=1\",\"width\":1600,\"height\":1200},{\"@type\":\"BreadcrumbList\",\"@id\":\"https:\\\/\\\/elhijodelllanero.mx\\\/index.php\\\/2026\\\/04\\\/27\\\/primero-cuiden-la-fuente-y-luego-busquen-villanos-pan-responde-al-alcalde\\\/#breadcrumb\",\"itemListElement\":[{\"@type\":\"ListItem\",\"position\":1,\"name\":\"Portada\",\"item\":\"https:\\\/\\\/elhijodelllanero.mx\\\/\"},{\"@type\":\"ListItem\",\"position\":2,\"name\":\"\u201cPrimero cuiden la fuente y luego busquen villanos\u201d: PAN responde al alcalde.\"}]},{\"@type\":\"WebSite\",\"@id\":\"https:\\\/\\\/elhijodelllanero.mx\\\/#website\",\"url\":\"https:\\\/\\\/elhijodelllanero.mx\\\/\",\"name\":\"El Hijo del llanero solititito\",\"description\":\"\",\"potentialAction\":[{\"@type\":\"SearchAction\",\"target\":{\"@type\":\"EntryPoint\",\"urlTemplate\":\"https:\\\/\\\/elhijodelllanero.mx\\\/?s={search_term_string}\"},\"query-input\":{\"@type\":\"PropertyValueSpecification\",\"valueRequired\":true,\"valueName\":\"search_term_string\"}}],\"inLanguage\":\"es\"},{\"@type\":\"Person\",\"@id\":\"https:\\\/\\\/elhijodelllanero.mx\\\/#\\\/schema\\\/person\\\/c7f8c86c55c1eab44ae2b93a9628245f\",\"name\":\"Mar\u00eda de la Paz Rodarte Ram\u00edrez\",\"image\":{\"@type\":\"ImageObject\",\"inLanguage\":\"es\",\"@id\":\"https:\\\/\\\/secure.gravatar.com\\\/avatar\\\/1f38f8518b09a266af73da2bce78d69e7d1275299970134ed62f572e0487e1d0?s=96&d=mm&r=g\",\"url\":\"https:\\\/\\\/secure.gravatar.com\\\/avatar\\\/1f38f8518b09a266af73da2bce78d69e7d1275299970134ed62f572e0487e1d0?s=96&d=mm&r=g\",\"contentUrl\":\"https:\\\/\\\/secure.gravatar.com\\\/avatar\\\/1f38f8518b09a266af73da2bce78d69e7d1275299970134ed62f572e0487e1d0?s=96&d=mm&r=g\",\"caption\":\"Mar\u00eda de la Paz Rodarte Ram\u00edrez\"},\"sameAs\":[\"https:\\\/\\\/www.elhijodelllanero.mx\"],\"url\":\"https:\\\/\\\/elhijodelllanero.mx\\\/index.php\\\/author\\\/maricuas\\\/\"}]}<\/script>\n<!-- \/ Yoast SEO plugin. -->","yoast_head_json":{"title":"\u201cPrimero cuiden la fuente y luego busquen villanos\u201d: PAN responde al alcalde. - El Hijo del llanero solititito","robots":{"index":"index","follow":"follow","max-snippet":"max-snippet:-1","max-image-preview":"max-image-preview:large","max-video-preview":"max-video-preview:-1"},"canonical":"https:\/\/elhijodelllanero.mx\/index.php\/2026\/04\/27\/primero-cuiden-la-fuente-y-luego-busquen-villanos-pan-responde-al-alcalde\/","og_locale":"es_ES","og_type":"article","og_title":"\u201cPrimero cuiden la fuente y luego busquen villanos\u201d: PAN responde al alcalde. - El Hijo del llanero solititito","og_description":"Celaya, Gto. 27 de abril de 2026.- Despu\u00e9s de que el alcalde Juan Miguel Ram\u00edrez S\u00e1nchez se\u00f1alara a la oposici\u00f3n, a algunos medios de comunicaci\u00f3n y pr\u00e1cticamente a medio mundo por los da\u00f1os a la fuente de Presidencia Municipal, desde el PAN le recordaron un peque\u00f1o detalle: primero hab\u00eda que cuidar la fuente. Sergio Ruiz, [&hellip;]","og_url":"https:\/\/elhijodelllanero.mx\/index.php\/2026\/04\/27\/primero-cuiden-la-fuente-y-luego-busquen-villanos-pan-responde-al-alcalde\/","og_site_name":"El Hijo del llanero solititito","article_published_time":"2026-04-27T18:59:40+00:00","article_modified_time":"2026-04-27T21:57:32+00:00","og_image":[{"width":1600,"height":1200,"url":"https:\/\/elhijodelllanero.mx\/wp-content\/uploads\/2026\/04\/546be69a-96b8-4ef5-92eb-3ba8113cb0c7.jpeg","type":"image\/jpeg"}],"author":"Mar\u00eda de la Paz Rodarte Ram\u00edrez","twitter_card":"summary_large_image","twitter_misc":{"Escrito por":"Mar\u00eda de la Paz Rodarte Ram\u00edrez","Tiempo de lectura":"2 minutos"},"schema":{"@context":"https:\/\/schema.org","@graph":[{"@type":"Article","@id":"https:\/\/elhijodelllanero.mx\/index.php\/2026\/04\/27\/primero-cuiden-la-fuente-y-luego-busquen-villanos-pan-responde-al-alcalde\/#article","isPartOf":{"@id":"https:\/\/elhijodelllanero.mx\/index.php\/2026\/04\/27\/primero-cuiden-la-fuente-y-luego-busquen-villanos-pan-responde-al-alcalde\/"},"author":{"name":"Mar\u00eda de la Paz Rodarte Ram\u00edrez","@id":"https:\/\/elhijodelllanero.mx\/#\/schema\/person\/c7f8c86c55c1eab44ae2b93a9628245f"},"headline":"\u201cPrimero cuiden la fuente y luego busquen villanos\u201d: PAN responde al alcalde.","datePublished":"2026-04-27T18:59:40+00:00","dateModified":"2026-04-27T21:57:32+00:00","mainEntityOfPage":{"@id":"https:\/\/elhijodelllanero.mx\/index.php\/2026\/04\/27\/primero-cuiden-la-fuente-y-luego-busquen-villanos-pan-responde-al-alcalde\/"},"wordCount":316,"commentCount":0,"image":{"@id":"https:\/\/elhijodelllanero.mx\/index.php\/2026\/04\/27\/primero-cuiden-la-fuente-y-luego-busquen-villanos-pan-responde-al-alcalde\/#primaryimage"},"thumbnailUrl":"https:\/\/i0.wp.com\/elhijodelllanero.mx\/wp-content\/uploads\/2026\/04\/546be69a-96b8-4ef5-92eb-3ba8113cb0c7.jpeg?fit=1600%2C1200&ssl=1","articleSection":["CELAYA"],"inLanguage":"es","potentialAction":[{"@type":"CommentAction","name":"Comment","target":["https:\/\/elhijodelllanero.mx\/index.php\/2026\/04\/27\/primero-cuiden-la-fuente-y-luego-busquen-villanos-pan-responde-al-alcalde\/#respond"]}]},{"@type":"WebPage","@id":"https:\/\/elhijodelllanero.mx\/index.php\/2026\/04\/27\/primero-cuiden-la-fuente-y-luego-busquen-villanos-pan-responde-al-alcalde\/","url":"https:\/\/elhijodelllanero.mx\/index.php\/2026\/04\/27\/primero-cuiden-la-fuente-y-luego-busquen-villanos-pan-responde-al-alcalde\/","name":"\u201cPrimero cuiden la fuente y luego busquen villanos\u201d: PAN responde al alcalde. - El Hijo del llanero solititito","isPartOf":{"@id":"https:\/\/elhijodelllanero.mx\/#website"},"primaryImageOfPage":{"@id":"https:\/\/elhijodelllanero.mx\/index.php\/2026\/04\/27\/primero-cuiden-la-fuente-y-luego-busquen-villanos-pan-responde-al-alcalde\/#primaryimage"},"image":{"@id":"https:\/\/elhijodelllanero.mx\/index.php\/2026\/04\/27\/primero-cuiden-la-fuente-y-luego-busquen-villanos-pan-responde-al-alcalde\/#primaryimage"},"thumbnailUrl":"https:\/\/i0.wp.com\/elhijodelllanero.mx\/wp-content\/uploads\/2026\/04\/546be69a-96b8-4ef5-92eb-3ba8113cb0c7.jpeg?fit=1600%2C1200&ssl=1","datePublished":"2026-04-27T18:59:40+00:00","dateModified":"2026-04-27T21:57:32+00:00","author":{"@id":"https:\/\/elhijodelllanero.mx\/#\/schema\/person\/c7f8c86c55c1eab44ae2b93a9628245f"},"breadcrumb":{"@id":"https:\/\/elhijodelllanero.mx\/index.php\/2026\/04\/27\/primero-cuiden-la-fuente-y-luego-busquen-villanos-pan-responde-al-alcalde\/#breadcrumb"},"inLanguage":"es","potentialAction":[{"@type":"ReadAction","target":["https:\/\/elhijodelllanero.mx\/index.php\/2026\/04\/27\/primero-cuiden-la-fuente-y-luego-busquen-villanos-pan-responde-al-alcalde\/"]}]},{"@type":"ImageObject","inLanguage":"es","@id":"https:\/\/elhijodelllanero.mx\/index.php\/2026\/04\/27\/primero-cuiden-la-fuente-y-luego-busquen-villanos-pan-responde-al-alcalde\/#primaryimage","url":"https:\/\/i0.wp.com\/elhijodelllanero.mx\/wp-content\/uploads\/2026\/04\/546be69a-96b8-4ef5-92eb-3ba8113cb0c7.jpeg?fit=1600%2C1200&ssl=1","contentUrl":"https:\/\/i0.wp.com\/elhijodelllanero.mx\/wp-content\/uploads\/2026\/04\/546be69a-96b8-4ef5-92eb-3ba8113cb0c7.jpeg?fit=1600%2C1200&ssl=1","width":1600,"height":1200},{"@type":"BreadcrumbList","@id":"https:\/\/elhijodelllanero.mx\/index.php\/2026\/04\/27\/primero-cuiden-la-fuente-y-luego-busquen-villanos-pan-responde-al-alcalde\/#breadcrumb","itemListElement":[{"@type":"ListItem","position":1,"name":"Portada","item":"https:\/\/elhijodelllanero.mx\/"},{"@type":"ListItem","position":2,"name":"\u201cPrimero cuiden la fuente y luego busquen villanos\u201d: PAN responde al alcalde."}]},{"@type":"WebSite","@id":"https:\/\/elhijodelllanero.mx\/#website","url":"https:\/\/elhijodelllanero.mx\/","name":"El Hijo del llanero solititito","description":"","potentialAction":[{"@type":"SearchAction","target":{"@type":"EntryPoint","urlTemplate":"https:\/\/elhijodelllanero.mx\/?s={search_term_string}"},"query-input":{"@type":"PropertyValueSpecification","valueRequired":true,"valueName":"search_term_string"}}],"inLanguage":"es"},{"@type":"Person","@id":"https:\/\/elhijodelllanero.mx\/#\/schema\/person\/c7f8c86c55c1eab44ae2b93a9628245f","name":"Mar\u00eda de la Paz Rodarte Ram\u00edrez","image":{"@type":"ImageObject","inLanguage":"es","@id":"https:\/\/secure.gravatar.com\/avatar\/1f38f8518b09a266af73da2bce78d69e7d1275299970134ed62f572e0487e1d0?s=96&d=mm&r=g","url":"https:\/\/secure.gravatar.com\/avatar\/1f38f8518b09a266af73da2bce78d69e7d1275299970134ed62f572e0487e1d0?s=96&d=mm&r=g","contentUrl":"https:\/\/secure.gravatar.com\/avatar\/1f38f8518b09a266af73da2bce78d69e7d1275299970134ed62f572e0487e1d0?s=96&d=mm&r=g","caption":"Mar\u00eda de la Paz Rodarte Ram\u00edrez"},"sameAs":["https:\/\/www.elhijodelllanero.mx"],"url":"https:\/\/elhijodelllanero.mx\/index.php\/author\/maricuas\/"}]}},"jetpack_featured_media_url":"https:\/\/i0.wp.com\/elhijodelllanero.mx\/wp-content\/uploads\/2026\/04\/546be69a-96b8-4ef5-92eb-3ba8113cb0c7.jpeg?fit=1600%2C1200&ssl=1","jetpack-related-posts":[],"jetpack_sharing_enabled":true,"_links":{"self":[{"href":"https:\/\/elhijodelllanero.mx\/index.php\/wp-json\/wp\/v2\/posts\/14164","targetHints":{"allow":["GET"]}}],"collection":[{"href":"https:\/\/elhijodelllanero.mx\/index.php\/wp-json\/wp\/v2\/posts"}],"about":[{"href":"https:\/\/elhijodelllanero.mx\/index.php\/wp-json\/wp\/v2\/types\/post"}],"author":[{"embeddable":true,"href":"https:\/\/elhijodelllanero.mx\/index.php\/wp-json\/wp\/v2\/users\/3"}],"replies":[{"embeddable":true,"href":"https:\/\/elhijodelllanero.mx\/index.php\/wp-json\/wp\/v2\/comments?post=14164"}],"version-history":[{"count":2,"href":"https:\/\/elhijodelllanero.mx\/index.php\/wp-json\/wp\/v2\/posts\/14164\/revisions"}],"predecessor-version":[{"id":14180,"href":"https:\/\/elhijodelllanero.mx\/index.php\/wp-json\/wp\/v2\/posts\/14164\/revisions\/14180"}],"wp:featuredmedia":[{"embeddable":true,"href":"https:\/\/elhijodelllanero.mx\/index.php\/wp-json\/wp\/v2\/media\/14165"}],"wp:attachment":[{"href":"https:\/\/elhijodelllanero.mx\/index.php\/wp-json\/wp\/v2\/media?parent=14164"}],"wp:term":[{"taxonomy":"category","embeddable":true,"href":"https:\/\/elhijodelllanero.mx\/index.php\/wp-json\/wp\/v2\/categories?post=14164"},{"taxonomy":"post_tag","embeddable":true,"href":"https:\/\/elhijodelllanero.mx\/index.php\/wp-json\/wp\/v2\/tags?post=14164"}],"curies":[{"name":"wp","href":"https:\/\/api.w.org\/{rel}","templated":true}]}}