{"id":14168,"date":"2026-04-27T13:10:39","date_gmt":"2026-04-27T19:10:39","guid":{"rendered":"https:\/\/elhijodelllanero.mx\/?p=14168"},"modified":"2026-04-27T13:10:39","modified_gmt":"2026-04-27T19:10:39","slug":"esperanzarte-llega-al-50-celaya-abre-mas-centros-culturales","status":"publish","type":"post","link":"https:\/\/elhijodelllanero.mx\/index.php\/2026\/04\/27\/esperanzarte-llega-al-50-celaya-abre-mas-centros-culturales\/","title":{"rendered":"EsperanzArte llega al 50: Celaya abre m\u00e1s centros culturales."},"content":{"rendered":"<p>Celaya, Gto. 27 de abril del 2026.- El programa EsperanzArte contin\u00faa avanzando y esta semana alcanzar\u00e1 la mitad de su meta con la apertura de los centros culturales n\u00famero 49 y 50, como parte del compromiso del alcalde Juan Miguel Ram\u00edrez S\u00e1nchez de crear 100 espacios durante su administraci\u00f3n.<\/p>\n<p>Los nuevos centros estar\u00e1n ubicados en el Templo de San Judas Tadeo, en la colonia Las Delicias, y en la Concha Ac\u00fastica de la colonia Jardines, donde se ofrecer\u00e1n talleres art\u00edsticos gratuitos para ni\u00f1as, ni\u00f1os, j\u00f3venes y adultos.<\/p>\n<p>La directora del Instituto Municipal de Arte y Cultura, Aleida Ocampo, inform\u00f3 que a un a\u00f1o del arranque del programa ya se han habilitado 48 espacios comunitarios, donde actualmente se imparten 209 talleres de pintura, m\u00fasica, danza, cartoner\u00eda y otras disciplinas art\u00edsticas.<\/p>\n<p>Adem\u00e1s, detall\u00f3 que 87 docentes han atendido a m\u00e1s de 4 mil 180 personas de manera gratuita, con el objetivo de fortalecer el tejido social y recuperar espacios p\u00fablicos a trav\u00e9s del arte y la cultura.<\/p>\n<p>La inauguraci\u00f3n del centro n\u00famero 49 ser\u00e1 este martes 28 de abril a las 11 de la ma\u00f1ana en la colonia Las Delicias, mientras que el n\u00famero 50 abrir\u00e1 el mi\u00e9rcoles 29 de abril a las 5 de la tarde en la colonia Jardines, con una presentaci\u00f3n musical de Olimpia Joya y Ferzerpa.<\/p>\n<p>El alcalde destac\u00f3 que este programa tambi\u00e9n ha contribuido a mejorar la seguridad, impulsar la econom\u00eda local y fortalecer la convivencia familiar en distintas colonias del municipio.<\/p>\n","protected":false},"excerpt":{"rendered":"<p>Celaya, Gto. 27 de abril del 2026.- El programa EsperanzArte contin\u00faa avanzando y esta semana alcanzar\u00e1 la mitad de su meta con la apertura de los centros culturales n\u00famero 49 y 50, como parte del compromiso del alcalde Juan Miguel Ram\u00edrez S\u00e1nchez de crear 100 espacios durante su administraci\u00f3n. Los nuevos centros estar\u00e1n ubicados en [&hellip;]<\/p>\n","protected":false},"author":3,"featured_media":0,"comment_status":"open","ping_status":"closed","sticky":false,"template":"","format":"standard","meta":{"_jetpack_newsletter_access":"","_jetpack_dont_email_post_to_subs":false,"_jetpack_newsletter_tier_id":0,"_jetpack_memberships_contains_paywalled_content":false,"_jetpack_memberships_contains_paid_content":false,"footnotes":""},"categories":[74],"tags":[],"class_list":{"0":"post-14168","1":"post","2":"type-post","3":"status-publish","4":"format-standard","6":"category-celaya"},"yoast_head":"<!-- This site is optimized with the Yoast SEO plugin v27.3 - https:\/\/yoast.com\/product\/yoast-seo-wordpress\/ -->\n<title>EsperanzArte llega al 50: Celaya abre m\u00e1s centros culturales. - El Hijo del llanero solititito<\/title>\n<meta name=\"robots\" content=\"index, follow, max-snippet:-1, max-image-preview:large, max-video-preview:-1\" \/>\n<link rel=\"canonical\" href=\"https:\/\/elhijodelllanero.mx\/index.php\/2026\/04\/27\/esperanzarte-llega-al-50-celaya-abre-mas-centros-culturales\/\" \/>\n<meta property=\"og:locale\" content=\"es_ES\" \/>\n<meta property=\"og:type\" content=\"article\" \/>\n<meta property=\"og:title\" content=\"EsperanzArte llega al 50: Celaya abre m\u00e1s centros culturales. - El Hijo del llanero solititito\" \/>\n<meta property=\"og:description\" content=\"Celaya, Gto. 27 de abril del 2026.- El programa EsperanzArte contin\u00faa avanzando y esta semana alcanzar\u00e1 la mitad de su meta con la apertura de los centros culturales n\u00famero 49 y 50, como parte del compromiso del alcalde Juan Miguel Ram\u00edrez S\u00e1nchez de crear 100 espacios durante su administraci\u00f3n. Los nuevos centros estar\u00e1n ubicados en [&hellip;]\" \/>\n<meta property=\"og:url\" content=\"https:\/\/elhijodelllanero.mx\/index.php\/2026\/04\/27\/esperanzarte-llega-al-50-celaya-abre-mas-centros-culturales\/\" \/>\n<meta property=\"og:site_name\" content=\"El Hijo del llanero solititito\" \/>\n<meta property=\"article:published_time\" content=\"2026-04-27T19:10:39+00:00\" \/>\n<meta name=\"author\" content=\"Mar\u00eda de la Paz Rodarte Ram\u00edrez\" \/>\n<meta name=\"twitter:card\" content=\"summary_large_image\" \/>\n<meta name=\"twitter:label1\" content=\"Escrito por\" \/>\n\t<meta name=\"twitter:data1\" content=\"Mar\u00eda de la Paz Rodarte Ram\u00edrez\" \/>\n\t<meta name=\"twitter:label2\" content=\"Tiempo de lectura\" \/>\n\t<meta name=\"twitter:data2\" content=\"2 minutos\" \/>\n<script type=\"application\/ld+json\" class=\"yoast-schema-graph\">{\"@context\":\"https:\\\/\\\/schema.org\",\"@graph\":[{\"@type\":\"Article\",\"@id\":\"https:\\\/\\\/elhijodelllanero.mx\\\/index.php\\\/2026\\\/04\\\/27\\\/esperanzarte-llega-al-50-celaya-abre-mas-centros-culturales\\\/#article\",\"isPartOf\":{\"@id\":\"https:\\\/\\\/elhijodelllanero.mx\\\/index.php\\\/2026\\\/04\\\/27\\\/esperanzarte-llega-al-50-celaya-abre-mas-centros-culturales\\\/\"},\"author\":{\"name\":\"Mar\u00eda de la Paz Rodarte Ram\u00edrez\",\"@id\":\"https:\\\/\\\/elhijodelllanero.mx\\\/#\\\/schema\\\/person\\\/c7f8c86c55c1eab44ae2b93a9628245f\"},\"headline\":\"EsperanzArte llega al 50: Celaya abre m\u00e1s centros culturales.\",\"datePublished\":\"2026-04-27T19:10:39+00:00\",\"mainEntityOfPage\":{\"@id\":\"https:\\\/\\\/elhijodelllanero.mx\\\/index.php\\\/2026\\\/04\\\/27\\\/esperanzarte-llega-al-50-celaya-abre-mas-centros-culturales\\\/\"},\"wordCount\":267,\"commentCount\":0,\"articleSection\":[\"CELAYA\"],\"inLanguage\":\"es\",\"potentialAction\":[{\"@type\":\"CommentAction\",\"name\":\"Comment\",\"target\":[\"https:\\\/\\\/elhijodelllanero.mx\\\/index.php\\\/2026\\\/04\\\/27\\\/esperanzarte-llega-al-50-celaya-abre-mas-centros-culturales\\\/#respond\"]}]},{\"@type\":\"WebPage\",\"@id\":\"https:\\\/\\\/elhijodelllanero.mx\\\/index.php\\\/2026\\\/04\\\/27\\\/esperanzarte-llega-al-50-celaya-abre-mas-centros-culturales\\\/\",\"url\":\"https:\\\/\\\/elhijodelllanero.mx\\\/index.php\\\/2026\\\/04\\\/27\\\/esperanzarte-llega-al-50-celaya-abre-mas-centros-culturales\\\/\",\"name\":\"EsperanzArte llega al 50: Celaya abre m\u00e1s centros culturales. - El Hijo del llanero solititito\",\"isPartOf\":{\"@id\":\"https:\\\/\\\/elhijodelllanero.mx\\\/#website\"},\"datePublished\":\"2026-04-27T19:10:39+00:00\",\"author\":{\"@id\":\"https:\\\/\\\/elhijodelllanero.mx\\\/#\\\/schema\\\/person\\\/c7f8c86c55c1eab44ae2b93a9628245f\"},\"breadcrumb\":{\"@id\":\"https:\\\/\\\/elhijodelllanero.mx\\\/index.php\\\/2026\\\/04\\\/27\\\/esperanzarte-llega-al-50-celaya-abre-mas-centros-culturales\\\/#breadcrumb\"},\"inLanguage\":\"es\",\"potentialAction\":[{\"@type\":\"ReadAction\",\"target\":[\"https:\\\/\\\/elhijodelllanero.mx\\\/index.php\\\/2026\\\/04\\\/27\\\/esperanzarte-llega-al-50-celaya-abre-mas-centros-culturales\\\/\"]}]},{\"@type\":\"BreadcrumbList\",\"@id\":\"https:\\\/\\\/elhijodelllanero.mx\\\/index.php\\\/2026\\\/04\\\/27\\\/esperanzarte-llega-al-50-celaya-abre-mas-centros-culturales\\\/#breadcrumb\",\"itemListElement\":[{\"@type\":\"ListItem\",\"position\":1,\"name\":\"Portada\",\"item\":\"https:\\\/\\\/elhijodelllanero.mx\\\/\"},{\"@type\":\"ListItem\",\"position\":2,\"name\":\"EsperanzArte llega al 50: Celaya abre m\u00e1s centros culturales.\"}]},{\"@type\":\"WebSite\",\"@id\":\"https:\\\/\\\/elhijodelllanero.mx\\\/#website\",\"url\":\"https:\\\/\\\/elhijodelllanero.mx\\\/\",\"name\":\"El Hijo del llanero solititito\",\"description\":\"\",\"potentialAction\":[{\"@type\":\"SearchAction\",\"target\":{\"@type\":\"EntryPoint\",\"urlTemplate\":\"https:\\\/\\\/elhijodelllanero.mx\\\/?s={search_term_string}\"},\"query-input\":{\"@type\":\"PropertyValueSpecification\",\"valueRequired\":true,\"valueName\":\"search_term_string\"}}],\"inLanguage\":\"es\"},{\"@type\":\"Person\",\"@id\":\"https:\\\/\\\/elhijodelllanero.mx\\\/#\\\/schema\\\/person\\\/c7f8c86c55c1eab44ae2b93a9628245f\",\"name\":\"Mar\u00eda de la Paz Rodarte Ram\u00edrez\",\"image\":{\"@type\":\"ImageObject\",\"inLanguage\":\"es\",\"@id\":\"https:\\\/\\\/secure.gravatar.com\\\/avatar\\\/1f38f8518b09a266af73da2bce78d69e7d1275299970134ed62f572e0487e1d0?s=96&d=mm&r=g\",\"url\":\"https:\\\/\\\/secure.gravatar.com\\\/avatar\\\/1f38f8518b09a266af73da2bce78d69e7d1275299970134ed62f572e0487e1d0?s=96&d=mm&r=g\",\"contentUrl\":\"https:\\\/\\\/secure.gravatar.com\\\/avatar\\\/1f38f8518b09a266af73da2bce78d69e7d1275299970134ed62f572e0487e1d0?s=96&d=mm&r=g\",\"caption\":\"Mar\u00eda de la Paz Rodarte Ram\u00edrez\"},\"sameAs\":[\"https:\\\/\\\/www.elhijodelllanero.mx\"],\"url\":\"https:\\\/\\\/elhijodelllanero.mx\\\/index.php\\\/author\\\/maricuas\\\/\"}]}<\/script>\n<!-- \/ Yoast SEO plugin. -->","yoast_head_json":{"title":"EsperanzArte llega al 50: Celaya abre m\u00e1s centros culturales. - El Hijo del llanero solititito","robots":{"index":"index","follow":"follow","max-snippet":"max-snippet:-1","max-image-preview":"max-image-preview:large","max-video-preview":"max-video-preview:-1"},"canonical":"https:\/\/elhijodelllanero.mx\/index.php\/2026\/04\/27\/esperanzarte-llega-al-50-celaya-abre-mas-centros-culturales\/","og_locale":"es_ES","og_type":"article","og_title":"EsperanzArte llega al 50: Celaya abre m\u00e1s centros culturales. - El Hijo del llanero solititito","og_description":"Celaya, Gto. 27 de abril del 2026.- El programa EsperanzArte contin\u00faa avanzando y esta semana alcanzar\u00e1 la mitad de su meta con la apertura de los centros culturales n\u00famero 49 y 50, como parte del compromiso del alcalde Juan Miguel Ram\u00edrez S\u00e1nchez de crear 100 espacios durante su administraci\u00f3n. Los nuevos centros estar\u00e1n ubicados en [&hellip;]","og_url":"https:\/\/elhijodelllanero.mx\/index.php\/2026\/04\/27\/esperanzarte-llega-al-50-celaya-abre-mas-centros-culturales\/","og_site_name":"El Hijo del llanero solititito","article_published_time":"2026-04-27T19:10:39+00:00","author":"Mar\u00eda de la Paz Rodarte Ram\u00edrez","twitter_card":"summary_large_image","twitter_misc":{"Escrito por":"Mar\u00eda de la Paz Rodarte Ram\u00edrez","Tiempo de lectura":"2 minutos"},"schema":{"@context":"https:\/\/schema.org","@graph":[{"@type":"Article","@id":"https:\/\/elhijodelllanero.mx\/index.php\/2026\/04\/27\/esperanzarte-llega-al-50-celaya-abre-mas-centros-culturales\/#article","isPartOf":{"@id":"https:\/\/elhijodelllanero.mx\/index.php\/2026\/04\/27\/esperanzarte-llega-al-50-celaya-abre-mas-centros-culturales\/"},"author":{"name":"Mar\u00eda de la Paz Rodarte Ram\u00edrez","@id":"https:\/\/elhijodelllanero.mx\/#\/schema\/person\/c7f8c86c55c1eab44ae2b93a9628245f"},"headline":"EsperanzArte llega al 50: Celaya abre m\u00e1s centros culturales.","datePublished":"2026-04-27T19:10:39+00:00","mainEntityOfPage":{"@id":"https:\/\/elhijodelllanero.mx\/index.php\/2026\/04\/27\/esperanzarte-llega-al-50-celaya-abre-mas-centros-culturales\/"},"wordCount":267,"commentCount":0,"articleSection":["CELAYA"],"inLanguage":"es","potentialAction":[{"@type":"CommentAction","name":"Comment","target":["https:\/\/elhijodelllanero.mx\/index.php\/2026\/04\/27\/esperanzarte-llega-al-50-celaya-abre-mas-centros-culturales\/#respond"]}]},{"@type":"WebPage","@id":"https:\/\/elhijodelllanero.mx\/index.php\/2026\/04\/27\/esperanzarte-llega-al-50-celaya-abre-mas-centros-culturales\/","url":"https:\/\/elhijodelllanero.mx\/index.php\/2026\/04\/27\/esperanzarte-llega-al-50-celaya-abre-mas-centros-culturales\/","name":"EsperanzArte llega al 50: Celaya abre m\u00e1s centros culturales. - El Hijo del llanero solititito","isPartOf":{"@id":"https:\/\/elhijodelllanero.mx\/#website"},"datePublished":"2026-04-27T19:10:39+00:00","author":{"@id":"https:\/\/elhijodelllanero.mx\/#\/schema\/person\/c7f8c86c55c1eab44ae2b93a9628245f"},"breadcrumb":{"@id":"https:\/\/elhijodelllanero.mx\/index.php\/2026\/04\/27\/esperanzarte-llega-al-50-celaya-abre-mas-centros-culturales\/#breadcrumb"},"inLanguage":"es","potentialAction":[{"@type":"ReadAction","target":["https:\/\/elhijodelllanero.mx\/index.php\/2026\/04\/27\/esperanzarte-llega-al-50-celaya-abre-mas-centros-culturales\/"]}]},{"@type":"BreadcrumbList","@id":"https:\/\/elhijodelllanero.mx\/index.php\/2026\/04\/27\/esperanzarte-llega-al-50-celaya-abre-mas-centros-culturales\/#breadcrumb","itemListElement":[{"@type":"ListItem","position":1,"name":"Portada","item":"https:\/\/elhijodelllanero.mx\/"},{"@type":"ListItem","position":2,"name":"EsperanzArte llega al 50: Celaya abre m\u00e1s centros culturales."}]},{"@type":"WebSite","@id":"https:\/\/elhijodelllanero.mx\/#website","url":"https:\/\/elhijodelllanero.mx\/","name":"El Hijo del llanero solititito","description":"","potentialAction":[{"@type":"SearchAction","target":{"@type":"EntryPoint","urlTemplate":"https:\/\/elhijodelllanero.mx\/?s={search_term_string}"},"query-input":{"@type":"PropertyValueSpecification","valueRequired":true,"valueName":"search_term_string"}}],"inLanguage":"es"},{"@type":"Person","@id":"https:\/\/elhijodelllanero.mx\/#\/schema\/person\/c7f8c86c55c1eab44ae2b93a9628245f","name":"Mar\u00eda de la Paz Rodarte Ram\u00edrez","image":{"@type":"ImageObject","inLanguage":"es","@id":"https:\/\/secure.gravatar.com\/avatar\/1f38f8518b09a266af73da2bce78d69e7d1275299970134ed62f572e0487e1d0?s=96&d=mm&r=g","url":"https:\/\/secure.gravatar.com\/avatar\/1f38f8518b09a266af73da2bce78d69e7d1275299970134ed62f572e0487e1d0?s=96&d=mm&r=g","contentUrl":"https:\/\/secure.gravatar.com\/avatar\/1f38f8518b09a266af73da2bce78d69e7d1275299970134ed62f572e0487e1d0?s=96&d=mm&r=g","caption":"Mar\u00eda de la Paz Rodarte Ram\u00edrez"},"sameAs":["https:\/\/www.elhijodelllanero.mx"],"url":"https:\/\/elhijodelllanero.mx\/index.php\/author\/maricuas\/"}]}},"jetpack_featured_media_url":"","jetpack-related-posts":[],"jetpack_sharing_enabled":true,"_links":{"self":[{"href":"https:\/\/elhijodelllanero.mx\/index.php\/wp-json\/wp\/v2\/posts\/14168","targetHints":{"allow":["GET"]}}],"collection":[{"href":"https:\/\/elhijodelllanero.mx\/index.php\/wp-json\/wp\/v2\/posts"}],"about":[{"href":"https:\/\/elhijodelllanero.mx\/index.php\/wp-json\/wp\/v2\/types\/post"}],"author":[{"embeddable":true,"href":"https:\/\/elhijodelllanero.mx\/index.php\/wp-json\/wp\/v2\/users\/3"}],"replies":[{"embeddable":true,"href":"https:\/\/elhijodelllanero.mx\/index.php\/wp-json\/wp\/v2\/comments?post=14168"}],"version-history":[{"count":1,"href":"https:\/\/elhijodelllanero.mx\/index.php\/wp-json\/wp\/v2\/posts\/14168\/revisions"}],"predecessor-version":[{"id":14170,"href":"https:\/\/elhijodelllanero.mx\/index.php\/wp-json\/wp\/v2\/posts\/14168\/revisions\/14170"}],"wp:attachment":[{"href":"https:\/\/elhijodelllanero.mx\/index.php\/wp-json\/wp\/v2\/media?parent=14168"}],"wp:term":[{"taxonomy":"category","embeddable":true,"href":"https:\/\/elhijodelllanero.mx\/index.php\/wp-json\/wp\/v2\/categories?post=14168"},{"taxonomy":"post_tag","embeddable":true,"href":"https:\/\/elhijodelllanero.mx\/index.php\/wp-json\/wp\/v2\/tags?post=14168"}],"curies":[{"name":"wp","href":"https:\/\/api.w.org\/{rel}","templated":true}]}}