{"id":14171,"date":"2026-04-27T13:15:52","date_gmt":"2026-04-27T19:15:52","guid":{"rendered":"https:\/\/elhijodelllanero.mx\/?p=14171"},"modified":"2026-04-27T13:15:52","modified_gmt":"2026-04-27T19:15:52","slug":"sonara-tu-celular-apaseo-se-prepara-para-el-simulacro-nacional-2026","status":"publish","type":"post","link":"https:\/\/elhijodelllanero.mx\/index.php\/2026\/04\/27\/sonara-tu-celular-apaseo-se-prepara-para-el-simulacro-nacional-2026\/","title":{"rendered":"Sonar\u00e1 tu celular: Apaseo se prepara para el Simulacro Nacional 2026."},"content":{"rendered":"<p>Apaseo el Grande, Gto. 27 de abril del 2026.- El pr\u00f3ximo 6 de mayo a las 11:00 de la ma\u00f1ana, el municipio de Apaseo el Grande participar\u00e1 en el Primer Simulacro Nacional 2026, un ejercicio que busca fortalecer la cultura de la prevenci\u00f3n y mejorar la respuesta ante situaciones de emergencia.<\/p>\n<p>Como parte de esta actividad, la poblaci\u00f3n podr\u00e1 recibir una alerta directamente en sus tel\u00e9fonos celulares, siempre que los dispositivos est\u00e9n encendidos, tengan cobertura de red 2G, 3G, 4G o 5G y cuenten con su sistema operativo actualizado.<\/p>\n<p>Autoridades aclararon que este mensaje no tendr\u00e1 ning\u00fan costo y no ser\u00e1 necesario contar con saldo ni datos m\u00f3viles para recibir la notificaci\u00f3n.<\/p>\n<p>En este simulacro tambi\u00e9n participar\u00e1n elementos de Protecci\u00f3n Civil y la Coordinaci\u00f3n de Bomberos, quienes trabajar\u00e1n de manera conjunta para reforzar las acciones de prevenci\u00f3n y respuesta.<\/p>\n<p>El coordinador de Protecci\u00f3n Civil, Marco Antonio Villa Corral, destac\u00f3 que este ejercicio permite a las familias identificar riesgos y practicar c\u00f3mo actuar correctamente durante una emergencia.<\/p>\n<p>Por su parte, Jes\u00fas Leonel Eduardo Santos Cervantes se\u00f1al\u00f3 que la coordinaci\u00f3n entre corporaciones y la participaci\u00f3n ciudadana son fundamentales para responder de forma efectiva ante cualquier contingencia.<\/p>\n<p>Las autoridades recomendaron a la poblaci\u00f3n contar con un plan familiar de protecci\u00f3n civil y registrar inmuebles mediante el c\u00f3digo QR o formulario disponible, con el objetivo de ampliar la cobertura del simulacro y mejorar su efectividad.<\/p>\n","protected":false},"excerpt":{"rendered":"<p>Apaseo el Grande, Gto. 27 de abril del 2026.- El pr\u00f3ximo 6 de mayo a las 11:00 de la ma\u00f1ana, el municipio de Apaseo el Grande participar\u00e1 en el Primer Simulacro Nacional 2026, un ejercicio que busca fortalecer la cultura de la prevenci\u00f3n y mejorar la respuesta ante situaciones de emergencia. Como parte de esta [&hellip;]<\/p>\n","protected":false},"author":3,"featured_media":14172,"comment_status":"open","ping_status":"closed","sticky":false,"template":"","format":"standard","meta":{"_jetpack_newsletter_access":"","_jetpack_dont_email_post_to_subs":false,"_jetpack_newsletter_tier_id":0,"_jetpack_memberships_contains_paywalled_content":false,"_jetpack_memberships_contains_paid_content":false,"footnotes":""},"categories":[78,76],"tags":[],"class_list":{"0":"post-14171","1":"post","2":"type-post","3":"status-publish","4":"format-standard","5":"has-post-thumbnail","7":"category-apaseo-el-grande","8":"category-municipios"},"yoast_head":"<!-- This site is optimized with the Yoast SEO plugin v27.3 - https:\/\/yoast.com\/product\/yoast-seo-wordpress\/ -->\n<title>Sonar\u00e1 tu celular: Apaseo se prepara para el Simulacro Nacional 2026. - El Hijo del llanero solititito<\/title>\n<meta name=\"robots\" content=\"index, follow, max-snippet:-1, max-image-preview:large, max-video-preview:-1\" \/>\n<link rel=\"canonical\" href=\"https:\/\/elhijodelllanero.mx\/index.php\/2026\/04\/27\/sonara-tu-celular-apaseo-se-prepara-para-el-simulacro-nacional-2026\/\" \/>\n<meta property=\"og:locale\" content=\"es_ES\" \/>\n<meta property=\"og:type\" content=\"article\" \/>\n<meta property=\"og:title\" content=\"Sonar\u00e1 tu celular: Apaseo se prepara para el Simulacro Nacional 2026. - El Hijo del llanero solititito\" \/>\n<meta property=\"og:description\" content=\"Apaseo el Grande, Gto. 27 de abril del 2026.- El pr\u00f3ximo 6 de mayo a las 11:00 de la ma\u00f1ana, el municipio de Apaseo el Grande participar\u00e1 en el Primer Simulacro Nacional 2026, un ejercicio que busca fortalecer la cultura de la prevenci\u00f3n y mejorar la respuesta ante situaciones de emergencia. Como parte de esta [&hellip;]\" \/>\n<meta property=\"og:url\" content=\"https:\/\/elhijodelllanero.mx\/index.php\/2026\/04\/27\/sonara-tu-celular-apaseo-se-prepara-para-el-simulacro-nacional-2026\/\" \/>\n<meta property=\"og:site_name\" content=\"El Hijo del llanero solititito\" \/>\n<meta property=\"article:published_time\" content=\"2026-04-27T19:15:52+00:00\" \/>\n<meta property=\"og:image\" content=\"https:\/\/elhijodelllanero.mx\/wp-content\/uploads\/2026\/04\/ba31cd48-bdfd-4ff3-ac82-a5e548acd7f0.jpeg\" \/>\n\t<meta property=\"og:image:width\" content=\"1600\" \/>\n\t<meta property=\"og:image:height\" content=\"1066\" \/>\n\t<meta property=\"og:image:type\" content=\"image\/jpeg\" \/>\n<meta name=\"author\" content=\"Mar\u00eda de la Paz Rodarte Ram\u00edrez\" \/>\n<meta name=\"twitter:card\" content=\"summary_large_image\" \/>\n<meta name=\"twitter:label1\" content=\"Escrito por\" \/>\n\t<meta name=\"twitter:data1\" content=\"Mar\u00eda de la Paz Rodarte Ram\u00edrez\" \/>\n\t<meta name=\"twitter:label2\" content=\"Tiempo de lectura\" \/>\n\t<meta name=\"twitter:data2\" content=\"2 minutos\" \/>\n<script type=\"application\/ld+json\" class=\"yoast-schema-graph\">{\"@context\":\"https:\\\/\\\/schema.org\",\"@graph\":[{\"@type\":\"Article\",\"@id\":\"https:\\\/\\\/elhijodelllanero.mx\\\/index.php\\\/2026\\\/04\\\/27\\\/sonara-tu-celular-apaseo-se-prepara-para-el-simulacro-nacional-2026\\\/#article\",\"isPartOf\":{\"@id\":\"https:\\\/\\\/elhijodelllanero.mx\\\/index.php\\\/2026\\\/04\\\/27\\\/sonara-tu-celular-apaseo-se-prepara-para-el-simulacro-nacional-2026\\\/\"},\"author\":{\"name\":\"Mar\u00eda de la Paz Rodarte Ram\u00edrez\",\"@id\":\"https:\\\/\\\/elhijodelllanero.mx\\\/#\\\/schema\\\/person\\\/c7f8c86c55c1eab44ae2b93a9628245f\"},\"headline\":\"Sonar\u00e1 tu celular: Apaseo se prepara para el Simulacro Nacional 2026.\",\"datePublished\":\"2026-04-27T19:15:52+00:00\",\"mainEntityOfPage\":{\"@id\":\"https:\\\/\\\/elhijodelllanero.mx\\\/index.php\\\/2026\\\/04\\\/27\\\/sonara-tu-celular-apaseo-se-prepara-para-el-simulacro-nacional-2026\\\/\"},\"wordCount\":261,\"commentCount\":0,\"image\":{\"@id\":\"https:\\\/\\\/elhijodelllanero.mx\\\/index.php\\\/2026\\\/04\\\/27\\\/sonara-tu-celular-apaseo-se-prepara-para-el-simulacro-nacional-2026\\\/#primaryimage\"},\"thumbnailUrl\":\"https:\\\/\\\/i0.wp.com\\\/elhijodelllanero.mx\\\/wp-content\\\/uploads\\\/2026\\\/04\\\/ba31cd48-bdfd-4ff3-ac82-a5e548acd7f0.jpeg?fit=1600%2C1066&ssl=1\",\"articleSection\":[\"APASEO EL GRANDE\",\"MUNICIPIOS\"],\"inLanguage\":\"es\",\"potentialAction\":[{\"@type\":\"CommentAction\",\"name\":\"Comment\",\"target\":[\"https:\\\/\\\/elhijodelllanero.mx\\\/index.php\\\/2026\\\/04\\\/27\\\/sonara-tu-celular-apaseo-se-prepara-para-el-simulacro-nacional-2026\\\/#respond\"]}]},{\"@type\":\"WebPage\",\"@id\":\"https:\\\/\\\/elhijodelllanero.mx\\\/index.php\\\/2026\\\/04\\\/27\\\/sonara-tu-celular-apaseo-se-prepara-para-el-simulacro-nacional-2026\\\/\",\"url\":\"https:\\\/\\\/elhijodelllanero.mx\\\/index.php\\\/2026\\\/04\\\/27\\\/sonara-tu-celular-apaseo-se-prepara-para-el-simulacro-nacional-2026\\\/\",\"name\":\"Sonar\u00e1 tu celular: Apaseo se prepara para el Simulacro Nacional 2026. - El Hijo del llanero solititito\",\"isPartOf\":{\"@id\":\"https:\\\/\\\/elhijodelllanero.mx\\\/#website\"},\"primaryImageOfPage\":{\"@id\":\"https:\\\/\\\/elhijodelllanero.mx\\\/index.php\\\/2026\\\/04\\\/27\\\/sonara-tu-celular-apaseo-se-prepara-para-el-simulacro-nacional-2026\\\/#primaryimage\"},\"image\":{\"@id\":\"https:\\\/\\\/elhijodelllanero.mx\\\/index.php\\\/2026\\\/04\\\/27\\\/sonara-tu-celular-apaseo-se-prepara-para-el-simulacro-nacional-2026\\\/#primaryimage\"},\"thumbnailUrl\":\"https:\\\/\\\/i0.wp.com\\\/elhijodelllanero.mx\\\/wp-content\\\/uploads\\\/2026\\\/04\\\/ba31cd48-bdfd-4ff3-ac82-a5e548acd7f0.jpeg?fit=1600%2C1066&ssl=1\",\"datePublished\":\"2026-04-27T19:15:52+00:00\",\"author\":{\"@id\":\"https:\\\/\\\/elhijodelllanero.mx\\\/#\\\/schema\\\/person\\\/c7f8c86c55c1eab44ae2b93a9628245f\"},\"breadcrumb\":{\"@id\":\"https:\\\/\\\/elhijodelllanero.mx\\\/index.php\\\/2026\\\/04\\\/27\\\/sonara-tu-celular-apaseo-se-prepara-para-el-simulacro-nacional-2026\\\/#breadcrumb\"},\"inLanguage\":\"es\",\"potentialAction\":[{\"@type\":\"ReadAction\",\"target\":[\"https:\\\/\\\/elhijodelllanero.mx\\\/index.php\\\/2026\\\/04\\\/27\\\/sonara-tu-celular-apaseo-se-prepara-para-el-simulacro-nacional-2026\\\/\"]}]},{\"@type\":\"ImageObject\",\"inLanguage\":\"es\",\"@id\":\"https:\\\/\\\/elhijodelllanero.mx\\\/index.php\\\/2026\\\/04\\\/27\\\/sonara-tu-celular-apaseo-se-prepara-para-el-simulacro-nacional-2026\\\/#primaryimage\",\"url\":\"https:\\\/\\\/i0.wp.com\\\/elhijodelllanero.mx\\\/wp-content\\\/uploads\\\/2026\\\/04\\\/ba31cd48-bdfd-4ff3-ac82-a5e548acd7f0.jpeg?fit=1600%2C1066&ssl=1\",\"contentUrl\":\"https:\\\/\\\/i0.wp.com\\\/elhijodelllanero.mx\\\/wp-content\\\/uploads\\\/2026\\\/04\\\/ba31cd48-bdfd-4ff3-ac82-a5e548acd7f0.jpeg?fit=1600%2C1066&ssl=1\",\"width\":1600,\"height\":1066},{\"@type\":\"BreadcrumbList\",\"@id\":\"https:\\\/\\\/elhijodelllanero.mx\\\/index.php\\\/2026\\\/04\\\/27\\\/sonara-tu-celular-apaseo-se-prepara-para-el-simulacro-nacional-2026\\\/#breadcrumb\",\"itemListElement\":[{\"@type\":\"ListItem\",\"position\":1,\"name\":\"Portada\",\"item\":\"https:\\\/\\\/elhijodelllanero.mx\\\/\"},{\"@type\":\"ListItem\",\"position\":2,\"name\":\"Sonar\u00e1 tu celular: Apaseo se prepara para el Simulacro Nacional 2026.\"}]},{\"@type\":\"WebSite\",\"@id\":\"https:\\\/\\\/elhijodelllanero.mx\\\/#website\",\"url\":\"https:\\\/\\\/elhijodelllanero.mx\\\/\",\"name\":\"El Hijo del llanero solititito\",\"description\":\"\",\"potentialAction\":[{\"@type\":\"SearchAction\",\"target\":{\"@type\":\"EntryPoint\",\"urlTemplate\":\"https:\\\/\\\/elhijodelllanero.mx\\\/?s={search_term_string}\"},\"query-input\":{\"@type\":\"PropertyValueSpecification\",\"valueRequired\":true,\"valueName\":\"search_term_string\"}}],\"inLanguage\":\"es\"},{\"@type\":\"Person\",\"@id\":\"https:\\\/\\\/elhijodelllanero.mx\\\/#\\\/schema\\\/person\\\/c7f8c86c55c1eab44ae2b93a9628245f\",\"name\":\"Mar\u00eda de la Paz Rodarte Ram\u00edrez\",\"image\":{\"@type\":\"ImageObject\",\"inLanguage\":\"es\",\"@id\":\"https:\\\/\\\/secure.gravatar.com\\\/avatar\\\/1f38f8518b09a266af73da2bce78d69e7d1275299970134ed62f572e0487e1d0?s=96&d=mm&r=g\",\"url\":\"https:\\\/\\\/secure.gravatar.com\\\/avatar\\\/1f38f8518b09a266af73da2bce78d69e7d1275299970134ed62f572e0487e1d0?s=96&d=mm&r=g\",\"contentUrl\":\"https:\\\/\\\/secure.gravatar.com\\\/avatar\\\/1f38f8518b09a266af73da2bce78d69e7d1275299970134ed62f572e0487e1d0?s=96&d=mm&r=g\",\"caption\":\"Mar\u00eda de la Paz Rodarte Ram\u00edrez\"},\"sameAs\":[\"https:\\\/\\\/www.elhijodelllanero.mx\"],\"url\":\"https:\\\/\\\/elhijodelllanero.mx\\\/index.php\\\/author\\\/maricuas\\\/\"}]}<\/script>\n<!-- \/ Yoast SEO plugin. -->","yoast_head_json":{"title":"Sonar\u00e1 tu celular: Apaseo se prepara para el Simulacro Nacional 2026. - El Hijo del llanero solititito","robots":{"index":"index","follow":"follow","max-snippet":"max-snippet:-1","max-image-preview":"max-image-preview:large","max-video-preview":"max-video-preview:-1"},"canonical":"https:\/\/elhijodelllanero.mx\/index.php\/2026\/04\/27\/sonara-tu-celular-apaseo-se-prepara-para-el-simulacro-nacional-2026\/","og_locale":"es_ES","og_type":"article","og_title":"Sonar\u00e1 tu celular: Apaseo se prepara para el Simulacro Nacional 2026. - El Hijo del llanero solititito","og_description":"Apaseo el Grande, Gto. 27 de abril del 2026.- El pr\u00f3ximo 6 de mayo a las 11:00 de la ma\u00f1ana, el municipio de Apaseo el Grande participar\u00e1 en el Primer Simulacro Nacional 2026, un ejercicio que busca fortalecer la cultura de la prevenci\u00f3n y mejorar la respuesta ante situaciones de emergencia. Como parte de esta [&hellip;]","og_url":"https:\/\/elhijodelllanero.mx\/index.php\/2026\/04\/27\/sonara-tu-celular-apaseo-se-prepara-para-el-simulacro-nacional-2026\/","og_site_name":"El Hijo del llanero solititito","article_published_time":"2026-04-27T19:15:52+00:00","og_image":[{"width":1600,"height":1066,"url":"https:\/\/elhijodelllanero.mx\/wp-content\/uploads\/2026\/04\/ba31cd48-bdfd-4ff3-ac82-a5e548acd7f0.jpeg","type":"image\/jpeg"}],"author":"Mar\u00eda de la Paz Rodarte Ram\u00edrez","twitter_card":"summary_large_image","twitter_misc":{"Escrito por":"Mar\u00eda de la Paz Rodarte Ram\u00edrez","Tiempo de lectura":"2 minutos"},"schema":{"@context":"https:\/\/schema.org","@graph":[{"@type":"Article","@id":"https:\/\/elhijodelllanero.mx\/index.php\/2026\/04\/27\/sonara-tu-celular-apaseo-se-prepara-para-el-simulacro-nacional-2026\/#article","isPartOf":{"@id":"https:\/\/elhijodelllanero.mx\/index.php\/2026\/04\/27\/sonara-tu-celular-apaseo-se-prepara-para-el-simulacro-nacional-2026\/"},"author":{"name":"Mar\u00eda de la Paz Rodarte Ram\u00edrez","@id":"https:\/\/elhijodelllanero.mx\/#\/schema\/person\/c7f8c86c55c1eab44ae2b93a9628245f"},"headline":"Sonar\u00e1 tu celular: Apaseo se prepara para el Simulacro Nacional 2026.","datePublished":"2026-04-27T19:15:52+00:00","mainEntityOfPage":{"@id":"https:\/\/elhijodelllanero.mx\/index.php\/2026\/04\/27\/sonara-tu-celular-apaseo-se-prepara-para-el-simulacro-nacional-2026\/"},"wordCount":261,"commentCount":0,"image":{"@id":"https:\/\/elhijodelllanero.mx\/index.php\/2026\/04\/27\/sonara-tu-celular-apaseo-se-prepara-para-el-simulacro-nacional-2026\/#primaryimage"},"thumbnailUrl":"https:\/\/i0.wp.com\/elhijodelllanero.mx\/wp-content\/uploads\/2026\/04\/ba31cd48-bdfd-4ff3-ac82-a5e548acd7f0.jpeg?fit=1600%2C1066&ssl=1","articleSection":["APASEO EL GRANDE","MUNICIPIOS"],"inLanguage":"es","potentialAction":[{"@type":"CommentAction","name":"Comment","target":["https:\/\/elhijodelllanero.mx\/index.php\/2026\/04\/27\/sonara-tu-celular-apaseo-se-prepara-para-el-simulacro-nacional-2026\/#respond"]}]},{"@type":"WebPage","@id":"https:\/\/elhijodelllanero.mx\/index.php\/2026\/04\/27\/sonara-tu-celular-apaseo-se-prepara-para-el-simulacro-nacional-2026\/","url":"https:\/\/elhijodelllanero.mx\/index.php\/2026\/04\/27\/sonara-tu-celular-apaseo-se-prepara-para-el-simulacro-nacional-2026\/","name":"Sonar\u00e1 tu celular: Apaseo se prepara para el Simulacro Nacional 2026. - El Hijo del llanero solititito","isPartOf":{"@id":"https:\/\/elhijodelllanero.mx\/#website"},"primaryImageOfPage":{"@id":"https:\/\/elhijodelllanero.mx\/index.php\/2026\/04\/27\/sonara-tu-celular-apaseo-se-prepara-para-el-simulacro-nacional-2026\/#primaryimage"},"image":{"@id":"https:\/\/elhijodelllanero.mx\/index.php\/2026\/04\/27\/sonara-tu-celular-apaseo-se-prepara-para-el-simulacro-nacional-2026\/#primaryimage"},"thumbnailUrl":"https:\/\/i0.wp.com\/elhijodelllanero.mx\/wp-content\/uploads\/2026\/04\/ba31cd48-bdfd-4ff3-ac82-a5e548acd7f0.jpeg?fit=1600%2C1066&ssl=1","datePublished":"2026-04-27T19:15:52+00:00","author":{"@id":"https:\/\/elhijodelllanero.mx\/#\/schema\/person\/c7f8c86c55c1eab44ae2b93a9628245f"},"breadcrumb":{"@id":"https:\/\/elhijodelllanero.mx\/index.php\/2026\/04\/27\/sonara-tu-celular-apaseo-se-prepara-para-el-simulacro-nacional-2026\/#breadcrumb"},"inLanguage":"es","potentialAction":[{"@type":"ReadAction","target":["https:\/\/elhijodelllanero.mx\/index.php\/2026\/04\/27\/sonara-tu-celular-apaseo-se-prepara-para-el-simulacro-nacional-2026\/"]}]},{"@type":"ImageObject","inLanguage":"es","@id":"https:\/\/elhijodelllanero.mx\/index.php\/2026\/04\/27\/sonara-tu-celular-apaseo-se-prepara-para-el-simulacro-nacional-2026\/#primaryimage","url":"https:\/\/i0.wp.com\/elhijodelllanero.mx\/wp-content\/uploads\/2026\/04\/ba31cd48-bdfd-4ff3-ac82-a5e548acd7f0.jpeg?fit=1600%2C1066&ssl=1","contentUrl":"https:\/\/i0.wp.com\/elhijodelllanero.mx\/wp-content\/uploads\/2026\/04\/ba31cd48-bdfd-4ff3-ac82-a5e548acd7f0.jpeg?fit=1600%2C1066&ssl=1","width":1600,"height":1066},{"@type":"BreadcrumbList","@id":"https:\/\/elhijodelllanero.mx\/index.php\/2026\/04\/27\/sonara-tu-celular-apaseo-se-prepara-para-el-simulacro-nacional-2026\/#breadcrumb","itemListElement":[{"@type":"ListItem","position":1,"name":"Portada","item":"https:\/\/elhijodelllanero.mx\/"},{"@type":"ListItem","position":2,"name":"Sonar\u00e1 tu celular: Apaseo se prepara para el Simulacro Nacional 2026."}]},{"@type":"WebSite","@id":"https:\/\/elhijodelllanero.mx\/#website","url":"https:\/\/elhijodelllanero.mx\/","name":"El Hijo del llanero solititito","description":"","potentialAction":[{"@type":"SearchAction","target":{"@type":"EntryPoint","urlTemplate":"https:\/\/elhijodelllanero.mx\/?s={search_term_string}"},"query-input":{"@type":"PropertyValueSpecification","valueRequired":true,"valueName":"search_term_string"}}],"inLanguage":"es"},{"@type":"Person","@id":"https:\/\/elhijodelllanero.mx\/#\/schema\/person\/c7f8c86c55c1eab44ae2b93a9628245f","name":"Mar\u00eda de la Paz Rodarte Ram\u00edrez","image":{"@type":"ImageObject","inLanguage":"es","@id":"https:\/\/secure.gravatar.com\/avatar\/1f38f8518b09a266af73da2bce78d69e7d1275299970134ed62f572e0487e1d0?s=96&d=mm&r=g","url":"https:\/\/secure.gravatar.com\/avatar\/1f38f8518b09a266af73da2bce78d69e7d1275299970134ed62f572e0487e1d0?s=96&d=mm&r=g","contentUrl":"https:\/\/secure.gravatar.com\/avatar\/1f38f8518b09a266af73da2bce78d69e7d1275299970134ed62f572e0487e1d0?s=96&d=mm&r=g","caption":"Mar\u00eda de la Paz Rodarte Ram\u00edrez"},"sameAs":["https:\/\/www.elhijodelllanero.mx"],"url":"https:\/\/elhijodelllanero.mx\/index.php\/author\/maricuas\/"}]}},"jetpack_featured_media_url":"https:\/\/i0.wp.com\/elhijodelllanero.mx\/wp-content\/uploads\/2026\/04\/ba31cd48-bdfd-4ff3-ac82-a5e548acd7f0.jpeg?fit=1600%2C1066&ssl=1","jetpack-related-posts":[],"jetpack_sharing_enabled":true,"_links":{"self":[{"href":"https:\/\/elhijodelllanero.mx\/index.php\/wp-json\/wp\/v2\/posts\/14171","targetHints":{"allow":["GET"]}}],"collection":[{"href":"https:\/\/elhijodelllanero.mx\/index.php\/wp-json\/wp\/v2\/posts"}],"about":[{"href":"https:\/\/elhijodelllanero.mx\/index.php\/wp-json\/wp\/v2\/types\/post"}],"author":[{"embeddable":true,"href":"https:\/\/elhijodelllanero.mx\/index.php\/wp-json\/wp\/v2\/users\/3"}],"replies":[{"embeddable":true,"href":"https:\/\/elhijodelllanero.mx\/index.php\/wp-json\/wp\/v2\/comments?post=14171"}],"version-history":[{"count":1,"href":"https:\/\/elhijodelllanero.mx\/index.php\/wp-json\/wp\/v2\/posts\/14171\/revisions"}],"predecessor-version":[{"id":14173,"href":"https:\/\/elhijodelllanero.mx\/index.php\/wp-json\/wp\/v2\/posts\/14171\/revisions\/14173"}],"wp:featuredmedia":[{"embeddable":true,"href":"https:\/\/elhijodelllanero.mx\/index.php\/wp-json\/wp\/v2\/media\/14172"}],"wp:attachment":[{"href":"https:\/\/elhijodelllanero.mx\/index.php\/wp-json\/wp\/v2\/media?parent=14171"}],"wp:term":[{"taxonomy":"category","embeddable":true,"href":"https:\/\/elhijodelllanero.mx\/index.php\/wp-json\/wp\/v2\/categories?post=14171"},{"taxonomy":"post_tag","embeddable":true,"href":"https:\/\/elhijodelllanero.mx\/index.php\/wp-json\/wp\/v2\/tags?post=14171"}],"curies":[{"name":"wp","href":"https:\/\/api.w.org\/{rel}","templated":true}]}}