{"id":14177,"date":"2026-04-27T14:47:27","date_gmt":"2026-04-27T20:47:27","guid":{"rendered":"https:\/\/elhijodelllanero.mx\/?p=14177"},"modified":"2026-04-27T14:47:27","modified_gmt":"2026-04-27T20:47:27","slug":"12-familias-ya-tienen-escrituras-en-mano-en-cortazar","status":"publish","type":"post","link":"https:\/\/elhijodelllanero.mx\/index.php\/2026\/04\/27\/12-familias-ya-tienen-escrituras-en-mano-en-cortazar\/","title":{"rendered":"12 familias ya tienen escrituras en mano en Cortazar."},"content":{"rendered":"<p>Cortazar, Gto. 27 de abril del 2026.- Despu\u00e9s de a\u00f1os de espera, 12 familias de Cortazar recibieron finalmente las escrituras de sus viviendas, obteniendo as\u00ed certeza jur\u00eddica sobre su patrimonio.<\/p>\n<p>La entrega fue encabezada por el alcalde Mauricio Estefan\u00eda, quien destac\u00f3 que este programa de regularizaci\u00f3n de predios busca brindar seguridad legal a quienes por mucho tiempo habitaron terrenos sin documentos oficiales que acreditaran la propiedad.<\/p>\n<p>Con este proceso, las familias beneficiadas podr\u00e1n tener la tranquilidad de que sus hogares est\u00e1n legalmente a su nombre y protegidos para el futuro de sus hijos.<\/p>\n<p>El gobierno municipal inform\u00f3 que todo el tr\u00e1mite administrativo se realiza de manera gratuita, por lo que los beneficiarios \u00fanicamente cubren los gastos notariales, evitando as\u00ed mayores afectaciones a la econom\u00eda familiar.<\/p>\n<p>\u201cSabemos lo que representa tener estas escrituras en las manos. Es el resultado de su esfuerzo, es la seguridad del futuro de sus hijas e hijos\u201d, expres\u00f3 el alcalde durante la entrega.<\/p>\n<p>Con estas acciones, la administraci\u00f3n municipal busca facilitar el acceso a la regularizaci\u00f3n de viviendas y dar mayor certeza patrimonial a m\u00e1s familias cortazarenses.<\/p>\n","protected":false},"excerpt":{"rendered":"<p>Cortazar, Gto. 27 de abril del 2026.- Despu\u00e9s de a\u00f1os de espera, 12 familias de Cortazar recibieron finalmente las escrituras de sus viviendas, obteniendo as\u00ed certeza jur\u00eddica sobre su patrimonio. La entrega fue encabezada por el alcalde Mauricio Estefan\u00eda, quien destac\u00f3 que este programa de regularizaci\u00f3n de predios busca brindar seguridad legal a quienes por [&hellip;]<\/p>\n","protected":false},"author":3,"featured_media":14178,"comment_status":"open","ping_status":"closed","sticky":false,"template":"","format":"standard","meta":{"_jetpack_newsletter_access":"","_jetpack_dont_email_post_to_subs":false,"_jetpack_newsletter_tier_id":0,"_jetpack_memberships_contains_paywalled_content":false,"_jetpack_memberships_contains_paid_content":false,"footnotes":""},"categories":[77,76],"tags":[],"class_list":{"0":"post-14177","1":"post","2":"type-post","3":"status-publish","4":"format-standard","5":"has-post-thumbnail","7":"category-cortazar","8":"category-municipios"},"yoast_head":"<!-- This site is optimized with the Yoast SEO plugin v27.3 - https:\/\/yoast.com\/product\/yoast-seo-wordpress\/ -->\n<title>12 familias ya tienen escrituras en mano en Cortazar. - El Hijo del llanero solititito<\/title>\n<meta name=\"robots\" content=\"index, follow, max-snippet:-1, max-image-preview:large, max-video-preview:-1\" \/>\n<link rel=\"canonical\" href=\"https:\/\/elhijodelllanero.mx\/index.php\/2026\/04\/27\/12-familias-ya-tienen-escrituras-en-mano-en-cortazar\/\" \/>\n<meta property=\"og:locale\" content=\"es_ES\" \/>\n<meta property=\"og:type\" content=\"article\" \/>\n<meta property=\"og:title\" content=\"12 familias ya tienen escrituras en mano en Cortazar. - El Hijo del llanero solititito\" \/>\n<meta property=\"og:description\" content=\"Cortazar, Gto. 27 de abril del 2026.- Despu\u00e9s de a\u00f1os de espera, 12 familias de Cortazar recibieron finalmente las escrituras de sus viviendas, obteniendo as\u00ed certeza jur\u00eddica sobre su patrimonio. La entrega fue encabezada por el alcalde Mauricio Estefan\u00eda, quien destac\u00f3 que este programa de regularizaci\u00f3n de predios busca brindar seguridad legal a quienes por [&hellip;]\" \/>\n<meta property=\"og:url\" content=\"https:\/\/elhijodelllanero.mx\/index.php\/2026\/04\/27\/12-familias-ya-tienen-escrituras-en-mano-en-cortazar\/\" \/>\n<meta property=\"og:site_name\" content=\"El Hijo del llanero solititito\" \/>\n<meta property=\"article:published_time\" content=\"2026-04-27T20:47:27+00:00\" \/>\n<meta property=\"og:image\" content=\"https:\/\/elhijodelllanero.mx\/wp-content\/uploads\/2026\/04\/1b30f78d-d306-49b9-8f5b-5ea7f0376d50.jpeg\" \/>\n\t<meta property=\"og:image:width\" content=\"1600\" \/>\n\t<meta property=\"og:image:height\" content=\"983\" \/>\n\t<meta property=\"og:image:type\" content=\"image\/jpeg\" \/>\n<meta name=\"author\" content=\"Mar\u00eda de la Paz Rodarte Ram\u00edrez\" \/>\n<meta name=\"twitter:card\" content=\"summary_large_image\" \/>\n<meta name=\"twitter:label1\" content=\"Escrito por\" \/>\n\t<meta name=\"twitter:data1\" content=\"Mar\u00eda de la Paz Rodarte Ram\u00edrez\" \/>\n\t<meta name=\"twitter:label2\" content=\"Tiempo de lectura\" \/>\n\t<meta name=\"twitter:data2\" content=\"2 minutos\" \/>\n<script type=\"application\/ld+json\" class=\"yoast-schema-graph\">{\"@context\":\"https:\\\/\\\/schema.org\",\"@graph\":[{\"@type\":\"Article\",\"@id\":\"https:\\\/\\\/elhijodelllanero.mx\\\/index.php\\\/2026\\\/04\\\/27\\\/12-familias-ya-tienen-escrituras-en-mano-en-cortazar\\\/#article\",\"isPartOf\":{\"@id\":\"https:\\\/\\\/elhijodelllanero.mx\\\/index.php\\\/2026\\\/04\\\/27\\\/12-familias-ya-tienen-escrituras-en-mano-en-cortazar\\\/\"},\"author\":{\"name\":\"Mar\u00eda de la Paz Rodarte Ram\u00edrez\",\"@id\":\"https:\\\/\\\/elhijodelllanero.mx\\\/#\\\/schema\\\/person\\\/c7f8c86c55c1eab44ae2b93a9628245f\"},\"headline\":\"12 familias ya tienen escrituras en mano en Cortazar.\",\"datePublished\":\"2026-04-27T20:47:27+00:00\",\"mainEntityOfPage\":{\"@id\":\"https:\\\/\\\/elhijodelllanero.mx\\\/index.php\\\/2026\\\/04\\\/27\\\/12-familias-ya-tienen-escrituras-en-mano-en-cortazar\\\/\"},\"wordCount\":199,\"commentCount\":0,\"image\":{\"@id\":\"https:\\\/\\\/elhijodelllanero.mx\\\/index.php\\\/2026\\\/04\\\/27\\\/12-familias-ya-tienen-escrituras-en-mano-en-cortazar\\\/#primaryimage\"},\"thumbnailUrl\":\"https:\\\/\\\/i0.wp.com\\\/elhijodelllanero.mx\\\/wp-content\\\/uploads\\\/2026\\\/04\\\/1b30f78d-d306-49b9-8f5b-5ea7f0376d50.jpeg?fit=1600%2C983&ssl=1\",\"articleSection\":[\"CORTAZAR\",\"MUNICIPIOS\"],\"inLanguage\":\"es\",\"potentialAction\":[{\"@type\":\"CommentAction\",\"name\":\"Comment\",\"target\":[\"https:\\\/\\\/elhijodelllanero.mx\\\/index.php\\\/2026\\\/04\\\/27\\\/12-familias-ya-tienen-escrituras-en-mano-en-cortazar\\\/#respond\"]}]},{\"@type\":\"WebPage\",\"@id\":\"https:\\\/\\\/elhijodelllanero.mx\\\/index.php\\\/2026\\\/04\\\/27\\\/12-familias-ya-tienen-escrituras-en-mano-en-cortazar\\\/\",\"url\":\"https:\\\/\\\/elhijodelllanero.mx\\\/index.php\\\/2026\\\/04\\\/27\\\/12-familias-ya-tienen-escrituras-en-mano-en-cortazar\\\/\",\"name\":\"12 familias ya tienen escrituras en mano en Cortazar. - El Hijo del llanero solititito\",\"isPartOf\":{\"@id\":\"https:\\\/\\\/elhijodelllanero.mx\\\/#website\"},\"primaryImageOfPage\":{\"@id\":\"https:\\\/\\\/elhijodelllanero.mx\\\/index.php\\\/2026\\\/04\\\/27\\\/12-familias-ya-tienen-escrituras-en-mano-en-cortazar\\\/#primaryimage\"},\"image\":{\"@id\":\"https:\\\/\\\/elhijodelllanero.mx\\\/index.php\\\/2026\\\/04\\\/27\\\/12-familias-ya-tienen-escrituras-en-mano-en-cortazar\\\/#primaryimage\"},\"thumbnailUrl\":\"https:\\\/\\\/i0.wp.com\\\/elhijodelllanero.mx\\\/wp-content\\\/uploads\\\/2026\\\/04\\\/1b30f78d-d306-49b9-8f5b-5ea7f0376d50.jpeg?fit=1600%2C983&ssl=1\",\"datePublished\":\"2026-04-27T20:47:27+00:00\",\"author\":{\"@id\":\"https:\\\/\\\/elhijodelllanero.mx\\\/#\\\/schema\\\/person\\\/c7f8c86c55c1eab44ae2b93a9628245f\"},\"breadcrumb\":{\"@id\":\"https:\\\/\\\/elhijodelllanero.mx\\\/index.php\\\/2026\\\/04\\\/27\\\/12-familias-ya-tienen-escrituras-en-mano-en-cortazar\\\/#breadcrumb\"},\"inLanguage\":\"es\",\"potentialAction\":[{\"@type\":\"ReadAction\",\"target\":[\"https:\\\/\\\/elhijodelllanero.mx\\\/index.php\\\/2026\\\/04\\\/27\\\/12-familias-ya-tienen-escrituras-en-mano-en-cortazar\\\/\"]}]},{\"@type\":\"ImageObject\",\"inLanguage\":\"es\",\"@id\":\"https:\\\/\\\/elhijodelllanero.mx\\\/index.php\\\/2026\\\/04\\\/27\\\/12-familias-ya-tienen-escrituras-en-mano-en-cortazar\\\/#primaryimage\",\"url\":\"https:\\\/\\\/i0.wp.com\\\/elhijodelllanero.mx\\\/wp-content\\\/uploads\\\/2026\\\/04\\\/1b30f78d-d306-49b9-8f5b-5ea7f0376d50.jpeg?fit=1600%2C983&ssl=1\",\"contentUrl\":\"https:\\\/\\\/i0.wp.com\\\/elhijodelllanero.mx\\\/wp-content\\\/uploads\\\/2026\\\/04\\\/1b30f78d-d306-49b9-8f5b-5ea7f0376d50.jpeg?fit=1600%2C983&ssl=1\",\"width\":1600,\"height\":983},{\"@type\":\"BreadcrumbList\",\"@id\":\"https:\\\/\\\/elhijodelllanero.mx\\\/index.php\\\/2026\\\/04\\\/27\\\/12-familias-ya-tienen-escrituras-en-mano-en-cortazar\\\/#breadcrumb\",\"itemListElement\":[{\"@type\":\"ListItem\",\"position\":1,\"name\":\"Portada\",\"item\":\"https:\\\/\\\/elhijodelllanero.mx\\\/\"},{\"@type\":\"ListItem\",\"position\":2,\"name\":\"12 familias ya tienen escrituras en mano en Cortazar.\"}]},{\"@type\":\"WebSite\",\"@id\":\"https:\\\/\\\/elhijodelllanero.mx\\\/#website\",\"url\":\"https:\\\/\\\/elhijodelllanero.mx\\\/\",\"name\":\"El Hijo del llanero solititito\",\"description\":\"\",\"potentialAction\":[{\"@type\":\"SearchAction\",\"target\":{\"@type\":\"EntryPoint\",\"urlTemplate\":\"https:\\\/\\\/elhijodelllanero.mx\\\/?s={search_term_string}\"},\"query-input\":{\"@type\":\"PropertyValueSpecification\",\"valueRequired\":true,\"valueName\":\"search_term_string\"}}],\"inLanguage\":\"es\"},{\"@type\":\"Person\",\"@id\":\"https:\\\/\\\/elhijodelllanero.mx\\\/#\\\/schema\\\/person\\\/c7f8c86c55c1eab44ae2b93a9628245f\",\"name\":\"Mar\u00eda de la Paz Rodarte Ram\u00edrez\",\"image\":{\"@type\":\"ImageObject\",\"inLanguage\":\"es\",\"@id\":\"https:\\\/\\\/secure.gravatar.com\\\/avatar\\\/1f38f8518b09a266af73da2bce78d69e7d1275299970134ed62f572e0487e1d0?s=96&d=mm&r=g\",\"url\":\"https:\\\/\\\/secure.gravatar.com\\\/avatar\\\/1f38f8518b09a266af73da2bce78d69e7d1275299970134ed62f572e0487e1d0?s=96&d=mm&r=g\",\"contentUrl\":\"https:\\\/\\\/secure.gravatar.com\\\/avatar\\\/1f38f8518b09a266af73da2bce78d69e7d1275299970134ed62f572e0487e1d0?s=96&d=mm&r=g\",\"caption\":\"Mar\u00eda de la Paz Rodarte Ram\u00edrez\"},\"sameAs\":[\"https:\\\/\\\/www.elhijodelllanero.mx\"],\"url\":\"https:\\\/\\\/elhijodelllanero.mx\\\/index.php\\\/author\\\/maricuas\\\/\"}]}<\/script>\n<!-- \/ Yoast SEO plugin. -->","yoast_head_json":{"title":"12 familias ya tienen escrituras en mano en Cortazar. - El Hijo del llanero solititito","robots":{"index":"index","follow":"follow","max-snippet":"max-snippet:-1","max-image-preview":"max-image-preview:large","max-video-preview":"max-video-preview:-1"},"canonical":"https:\/\/elhijodelllanero.mx\/index.php\/2026\/04\/27\/12-familias-ya-tienen-escrituras-en-mano-en-cortazar\/","og_locale":"es_ES","og_type":"article","og_title":"12 familias ya tienen escrituras en mano en Cortazar. - El Hijo del llanero solititito","og_description":"Cortazar, Gto. 27 de abril del 2026.- Despu\u00e9s de a\u00f1os de espera, 12 familias de Cortazar recibieron finalmente las escrituras de sus viviendas, obteniendo as\u00ed certeza jur\u00eddica sobre su patrimonio. La entrega fue encabezada por el alcalde Mauricio Estefan\u00eda, quien destac\u00f3 que este programa de regularizaci\u00f3n de predios busca brindar seguridad legal a quienes por [&hellip;]","og_url":"https:\/\/elhijodelllanero.mx\/index.php\/2026\/04\/27\/12-familias-ya-tienen-escrituras-en-mano-en-cortazar\/","og_site_name":"El Hijo del llanero solititito","article_published_time":"2026-04-27T20:47:27+00:00","og_image":[{"width":1600,"height":983,"url":"https:\/\/elhijodelllanero.mx\/wp-content\/uploads\/2026\/04\/1b30f78d-d306-49b9-8f5b-5ea7f0376d50.jpeg","type":"image\/jpeg"}],"author":"Mar\u00eda de la Paz Rodarte Ram\u00edrez","twitter_card":"summary_large_image","twitter_misc":{"Escrito por":"Mar\u00eda de la Paz Rodarte Ram\u00edrez","Tiempo de lectura":"2 minutos"},"schema":{"@context":"https:\/\/schema.org","@graph":[{"@type":"Article","@id":"https:\/\/elhijodelllanero.mx\/index.php\/2026\/04\/27\/12-familias-ya-tienen-escrituras-en-mano-en-cortazar\/#article","isPartOf":{"@id":"https:\/\/elhijodelllanero.mx\/index.php\/2026\/04\/27\/12-familias-ya-tienen-escrituras-en-mano-en-cortazar\/"},"author":{"name":"Mar\u00eda de la Paz Rodarte Ram\u00edrez","@id":"https:\/\/elhijodelllanero.mx\/#\/schema\/person\/c7f8c86c55c1eab44ae2b93a9628245f"},"headline":"12 familias ya tienen escrituras en mano en Cortazar.","datePublished":"2026-04-27T20:47:27+00:00","mainEntityOfPage":{"@id":"https:\/\/elhijodelllanero.mx\/index.php\/2026\/04\/27\/12-familias-ya-tienen-escrituras-en-mano-en-cortazar\/"},"wordCount":199,"commentCount":0,"image":{"@id":"https:\/\/elhijodelllanero.mx\/index.php\/2026\/04\/27\/12-familias-ya-tienen-escrituras-en-mano-en-cortazar\/#primaryimage"},"thumbnailUrl":"https:\/\/i0.wp.com\/elhijodelllanero.mx\/wp-content\/uploads\/2026\/04\/1b30f78d-d306-49b9-8f5b-5ea7f0376d50.jpeg?fit=1600%2C983&ssl=1","articleSection":["CORTAZAR","MUNICIPIOS"],"inLanguage":"es","potentialAction":[{"@type":"CommentAction","name":"Comment","target":["https:\/\/elhijodelllanero.mx\/index.php\/2026\/04\/27\/12-familias-ya-tienen-escrituras-en-mano-en-cortazar\/#respond"]}]},{"@type":"WebPage","@id":"https:\/\/elhijodelllanero.mx\/index.php\/2026\/04\/27\/12-familias-ya-tienen-escrituras-en-mano-en-cortazar\/","url":"https:\/\/elhijodelllanero.mx\/index.php\/2026\/04\/27\/12-familias-ya-tienen-escrituras-en-mano-en-cortazar\/","name":"12 familias ya tienen escrituras en mano en Cortazar. - El Hijo del llanero solititito","isPartOf":{"@id":"https:\/\/elhijodelllanero.mx\/#website"},"primaryImageOfPage":{"@id":"https:\/\/elhijodelllanero.mx\/index.php\/2026\/04\/27\/12-familias-ya-tienen-escrituras-en-mano-en-cortazar\/#primaryimage"},"image":{"@id":"https:\/\/elhijodelllanero.mx\/index.php\/2026\/04\/27\/12-familias-ya-tienen-escrituras-en-mano-en-cortazar\/#primaryimage"},"thumbnailUrl":"https:\/\/i0.wp.com\/elhijodelllanero.mx\/wp-content\/uploads\/2026\/04\/1b30f78d-d306-49b9-8f5b-5ea7f0376d50.jpeg?fit=1600%2C983&ssl=1","datePublished":"2026-04-27T20:47:27+00:00","author":{"@id":"https:\/\/elhijodelllanero.mx\/#\/schema\/person\/c7f8c86c55c1eab44ae2b93a9628245f"},"breadcrumb":{"@id":"https:\/\/elhijodelllanero.mx\/index.php\/2026\/04\/27\/12-familias-ya-tienen-escrituras-en-mano-en-cortazar\/#breadcrumb"},"inLanguage":"es","potentialAction":[{"@type":"ReadAction","target":["https:\/\/elhijodelllanero.mx\/index.php\/2026\/04\/27\/12-familias-ya-tienen-escrituras-en-mano-en-cortazar\/"]}]},{"@type":"ImageObject","inLanguage":"es","@id":"https:\/\/elhijodelllanero.mx\/index.php\/2026\/04\/27\/12-familias-ya-tienen-escrituras-en-mano-en-cortazar\/#primaryimage","url":"https:\/\/i0.wp.com\/elhijodelllanero.mx\/wp-content\/uploads\/2026\/04\/1b30f78d-d306-49b9-8f5b-5ea7f0376d50.jpeg?fit=1600%2C983&ssl=1","contentUrl":"https:\/\/i0.wp.com\/elhijodelllanero.mx\/wp-content\/uploads\/2026\/04\/1b30f78d-d306-49b9-8f5b-5ea7f0376d50.jpeg?fit=1600%2C983&ssl=1","width":1600,"height":983},{"@type":"BreadcrumbList","@id":"https:\/\/elhijodelllanero.mx\/index.php\/2026\/04\/27\/12-familias-ya-tienen-escrituras-en-mano-en-cortazar\/#breadcrumb","itemListElement":[{"@type":"ListItem","position":1,"name":"Portada","item":"https:\/\/elhijodelllanero.mx\/"},{"@type":"ListItem","position":2,"name":"12 familias ya tienen escrituras en mano en Cortazar."}]},{"@type":"WebSite","@id":"https:\/\/elhijodelllanero.mx\/#website","url":"https:\/\/elhijodelllanero.mx\/","name":"El Hijo del llanero solititito","description":"","potentialAction":[{"@type":"SearchAction","target":{"@type":"EntryPoint","urlTemplate":"https:\/\/elhijodelllanero.mx\/?s={search_term_string}"},"query-input":{"@type":"PropertyValueSpecification","valueRequired":true,"valueName":"search_term_string"}}],"inLanguage":"es"},{"@type":"Person","@id":"https:\/\/elhijodelllanero.mx\/#\/schema\/person\/c7f8c86c55c1eab44ae2b93a9628245f","name":"Mar\u00eda de la Paz Rodarte Ram\u00edrez","image":{"@type":"ImageObject","inLanguage":"es","@id":"https:\/\/secure.gravatar.com\/avatar\/1f38f8518b09a266af73da2bce78d69e7d1275299970134ed62f572e0487e1d0?s=96&d=mm&r=g","url":"https:\/\/secure.gravatar.com\/avatar\/1f38f8518b09a266af73da2bce78d69e7d1275299970134ed62f572e0487e1d0?s=96&d=mm&r=g","contentUrl":"https:\/\/secure.gravatar.com\/avatar\/1f38f8518b09a266af73da2bce78d69e7d1275299970134ed62f572e0487e1d0?s=96&d=mm&r=g","caption":"Mar\u00eda de la Paz Rodarte Ram\u00edrez"},"sameAs":["https:\/\/www.elhijodelllanero.mx"],"url":"https:\/\/elhijodelllanero.mx\/index.php\/author\/maricuas\/"}]}},"jetpack_featured_media_url":"https:\/\/i0.wp.com\/elhijodelllanero.mx\/wp-content\/uploads\/2026\/04\/1b30f78d-d306-49b9-8f5b-5ea7f0376d50.jpeg?fit=1600%2C983&ssl=1","jetpack-related-posts":[],"jetpack_sharing_enabled":true,"_links":{"self":[{"href":"https:\/\/elhijodelllanero.mx\/index.php\/wp-json\/wp\/v2\/posts\/14177","targetHints":{"allow":["GET"]}}],"collection":[{"href":"https:\/\/elhijodelllanero.mx\/index.php\/wp-json\/wp\/v2\/posts"}],"about":[{"href":"https:\/\/elhijodelllanero.mx\/index.php\/wp-json\/wp\/v2\/types\/post"}],"author":[{"embeddable":true,"href":"https:\/\/elhijodelllanero.mx\/index.php\/wp-json\/wp\/v2\/users\/3"}],"replies":[{"embeddable":true,"href":"https:\/\/elhijodelllanero.mx\/index.php\/wp-json\/wp\/v2\/comments?post=14177"}],"version-history":[{"count":1,"href":"https:\/\/elhijodelllanero.mx\/index.php\/wp-json\/wp\/v2\/posts\/14177\/revisions"}],"predecessor-version":[{"id":14179,"href":"https:\/\/elhijodelllanero.mx\/index.php\/wp-json\/wp\/v2\/posts\/14177\/revisions\/14179"}],"wp:featuredmedia":[{"embeddable":true,"href":"https:\/\/elhijodelllanero.mx\/index.php\/wp-json\/wp\/v2\/media\/14178"}],"wp:attachment":[{"href":"https:\/\/elhijodelllanero.mx\/index.php\/wp-json\/wp\/v2\/media?parent=14177"}],"wp:term":[{"taxonomy":"category","embeddable":true,"href":"https:\/\/elhijodelllanero.mx\/index.php\/wp-json\/wp\/v2\/categories?post=14177"},{"taxonomy":"post_tag","embeddable":true,"href":"https:\/\/elhijodelllanero.mx\/index.php\/wp-json\/wp\/v2\/tags?post=14177"}],"curies":[{"name":"wp","href":"https:\/\/api.w.org\/{rel}","templated":true}]}}