{"id":14181,"date":"2026-04-28T08:17:02","date_gmt":"2026-04-28T14:17:02","guid":{"rendered":"https:\/\/elhijodelllanero.mx\/?p=14181"},"modified":"2026-04-28T08:17:02","modified_gmt":"2026-04-28T14:17:02","slug":"rueda-el-balon-y-se-enciende-la-duela-arranca-el-torneo-inter-barrios-la-esperanza-nos-liga","status":"publish","type":"post","link":"https:\/\/elhijodelllanero.mx\/index.php\/2026\/04\/28\/rueda-el-balon-y-se-enciende-la-duela-arranca-el-torneo-inter-barrios-la-esperanza-nos-liga\/","title":{"rendered":"\u00a1Rueda el bal\u00f3n y se enciende la duela! Arranca el torneo Inter Barrios \u201cLa Esperanza Nos Liga\u201d"},"content":{"rendered":"<p>Celaya, Gto. 28 de abril del 2026.- Con el objetivo de fortalecer el deporte y la convivencia en colonias, barrios y comunidades, fue inaugurada la edici\u00f3n 2026 del torneo Inter Barios \u201cLa Esperanza Nos Liga\u201d, donde j\u00f3venes y ni\u00f1os de distintos puntos de Celaya competir\u00e1n en las disciplinas de f\u00fatbol y b\u00e1squetbol.<\/p>\n<p>El arranque oficial se realiz\u00f3 en las instalaciones deportivas de la Universidad de Guanajuato campus Celaya-Salvatierra, con la presencia del presidente municipal Juan Miguel Ram\u00edrez S\u00e1nchez, quien destac\u00f3 la importancia de impulsar estos espacios deportivos y anunci\u00f3 que se trabajar\u00e1 en la rehabilitaci\u00f3n de canchas, colocando iluminaci\u00f3n y mejorando infraestructura como ba\u00f1os.<\/p>\n<p>Durante el evento, la directora del SIDEC, Alma Gorety Mart\u00ednez Garc\u00eda, se\u00f1al\u00f3 que este programa busca acercar el deporte a la ciudadan\u00eda y fortalecer el tejido social a trav\u00e9s de actividades sanas y de integraci\u00f3n.<\/p>\n<p>Adem\u00e1s, se entreg\u00f3 material deportivo de f\u00fatbol y b\u00e1squetbol a equipos representativos de barrios como San Antonio, San Miguel, Santiaguito, San Juan y Tierra Blanca, as\u00ed como de colonias como Los Naranjos, Del Bosque, Las Am\u00e9ricas, Las Jacarandas y Monte Blanco.<\/p>\n<p>Finalmente, autoridades municipales y representantes de la Universidad de Guanajuato realizaron el saque inicial que marc\u00f3 oficialmente el comienzo de esta segunda edici\u00f3n del torneo, donde la pasi\u00f3n deportiva promete unir a toda la ciudad.<\/p>\n<p>Porque aparentemente la mejor forma de arreglar muchas cosas sigue siendo poner a la gente a jugar f\u00fatbol\u2026 y, sorprendentemente, funciona.<\/p>\n","protected":false},"excerpt":{"rendered":"<p>Celaya, Gto. 28 de abril del 2026.- Con el objetivo de fortalecer el deporte y la convivencia en colonias, barrios y comunidades, fue inaugurada la edici\u00f3n 2026 del torneo Inter Barios \u201cLa Esperanza Nos Liga\u201d, donde j\u00f3venes y ni\u00f1os de distintos puntos de Celaya competir\u00e1n en las disciplinas de f\u00fatbol y b\u00e1squetbol. El arranque oficial [&hellip;]<\/p>\n","protected":false},"author":3,"featured_media":14182,"comment_status":"open","ping_status":"closed","sticky":false,"template":"","format":"standard","meta":{"_jetpack_newsletter_access":"","_jetpack_dont_email_post_to_subs":false,"_jetpack_newsletter_tier_id":0,"_jetpack_memberships_contains_paywalled_content":false,"_jetpack_memberships_contains_paid_content":false,"footnotes":""},"categories":[74,40],"tags":[],"class_list":{"0":"post-14181","1":"post","2":"type-post","3":"status-publish","4":"format-standard","5":"has-post-thumbnail","7":"category-celaya","8":"category-deportes"},"yoast_head":"<!-- This site is optimized with the Yoast SEO plugin v27.3 - https:\/\/yoast.com\/product\/yoast-seo-wordpress\/ -->\n<title>\u00a1Rueda el bal\u00f3n y se enciende la duela! Arranca el torneo Inter Barrios \u201cLa Esperanza Nos Liga\u201d - El Hijo del llanero solititito<\/title>\n<meta name=\"robots\" content=\"index, follow, max-snippet:-1, max-image-preview:large, max-video-preview:-1\" \/>\n<link rel=\"canonical\" href=\"https:\/\/elhijodelllanero.mx\/index.php\/2026\/04\/28\/rueda-el-balon-y-se-enciende-la-duela-arranca-el-torneo-inter-barrios-la-esperanza-nos-liga\/\" \/>\n<meta property=\"og:locale\" content=\"es_ES\" \/>\n<meta property=\"og:type\" content=\"article\" \/>\n<meta property=\"og:title\" content=\"\u00a1Rueda el bal\u00f3n y se enciende la duela! Arranca el torneo Inter Barrios \u201cLa Esperanza Nos Liga\u201d - El Hijo del llanero solititito\" \/>\n<meta property=\"og:description\" content=\"Celaya, Gto. 28 de abril del 2026.- Con el objetivo de fortalecer el deporte y la convivencia en colonias, barrios y comunidades, fue inaugurada la edici\u00f3n 2026 del torneo Inter Barios \u201cLa Esperanza Nos Liga\u201d, donde j\u00f3venes y ni\u00f1os de distintos puntos de Celaya competir\u00e1n en las disciplinas de f\u00fatbol y b\u00e1squetbol. El arranque oficial [&hellip;]\" \/>\n<meta property=\"og:url\" content=\"https:\/\/elhijodelllanero.mx\/index.php\/2026\/04\/28\/rueda-el-balon-y-se-enciende-la-duela-arranca-el-torneo-inter-barrios-la-esperanza-nos-liga\/\" \/>\n<meta property=\"og:site_name\" content=\"El Hijo del llanero solititito\" \/>\n<meta property=\"article:published_time\" content=\"2026-04-28T14:17:02+00:00\" \/>\n<meta property=\"og:image\" content=\"https:\/\/elhijodelllanero.mx\/wp-content\/uploads\/2026\/04\/3440f5d1-aef6-4d58-a8c9-6663dc7ba373.jpeg\" \/>\n\t<meta property=\"og:image:width\" content=\"1600\" \/>\n\t<meta property=\"og:image:height\" content=\"1200\" \/>\n\t<meta property=\"og:image:type\" content=\"image\/jpeg\" \/>\n<meta name=\"author\" content=\"Mar\u00eda de la Paz Rodarte Ram\u00edrez\" \/>\n<meta name=\"twitter:card\" content=\"summary_large_image\" \/>\n<meta name=\"twitter:label1\" content=\"Escrito por\" \/>\n\t<meta name=\"twitter:data1\" content=\"Mar\u00eda de la Paz Rodarte Ram\u00edrez\" \/>\n\t<meta name=\"twitter:label2\" content=\"Tiempo de lectura\" \/>\n\t<meta name=\"twitter:data2\" content=\"2 minutos\" \/>\n<script type=\"application\/ld+json\" class=\"yoast-schema-graph\">{\"@context\":\"https:\\\/\\\/schema.org\",\"@graph\":[{\"@type\":\"Article\",\"@id\":\"https:\\\/\\\/elhijodelllanero.mx\\\/index.php\\\/2026\\\/04\\\/28\\\/rueda-el-balon-y-se-enciende-la-duela-arranca-el-torneo-inter-barrios-la-esperanza-nos-liga\\\/#article\",\"isPartOf\":{\"@id\":\"https:\\\/\\\/elhijodelllanero.mx\\\/index.php\\\/2026\\\/04\\\/28\\\/rueda-el-balon-y-se-enciende-la-duela-arranca-el-torneo-inter-barrios-la-esperanza-nos-liga\\\/\"},\"author\":{\"name\":\"Mar\u00eda de la Paz Rodarte Ram\u00edrez\",\"@id\":\"https:\\\/\\\/elhijodelllanero.mx\\\/#\\\/schema\\\/person\\\/c7f8c86c55c1eab44ae2b93a9628245f\"},\"headline\":\"\u00a1Rueda el bal\u00f3n y se enciende la duela! Arranca el torneo Inter Barrios \u201cLa Esperanza Nos Liga\u201d\",\"datePublished\":\"2026-04-28T14:17:02+00:00\",\"mainEntityOfPage\":{\"@id\":\"https:\\\/\\\/elhijodelllanero.mx\\\/index.php\\\/2026\\\/04\\\/28\\\/rueda-el-balon-y-se-enciende-la-duela-arranca-el-torneo-inter-barrios-la-esperanza-nos-liga\\\/\"},\"wordCount\":276,\"commentCount\":0,\"image\":{\"@id\":\"https:\\\/\\\/elhijodelllanero.mx\\\/index.php\\\/2026\\\/04\\\/28\\\/rueda-el-balon-y-se-enciende-la-duela-arranca-el-torneo-inter-barrios-la-esperanza-nos-liga\\\/#primaryimage\"},\"thumbnailUrl\":\"https:\\\/\\\/i0.wp.com\\\/elhijodelllanero.mx\\\/wp-content\\\/uploads\\\/2026\\\/04\\\/3440f5d1-aef6-4d58-a8c9-6663dc7ba373.jpeg?fit=1600%2C1200&ssl=1\",\"articleSection\":[\"CELAYA\",\"DEPORTES\"],\"inLanguage\":\"es\",\"potentialAction\":[{\"@type\":\"CommentAction\",\"name\":\"Comment\",\"target\":[\"https:\\\/\\\/elhijodelllanero.mx\\\/index.php\\\/2026\\\/04\\\/28\\\/rueda-el-balon-y-se-enciende-la-duela-arranca-el-torneo-inter-barrios-la-esperanza-nos-liga\\\/#respond\"]}]},{\"@type\":\"WebPage\",\"@id\":\"https:\\\/\\\/elhijodelllanero.mx\\\/index.php\\\/2026\\\/04\\\/28\\\/rueda-el-balon-y-se-enciende-la-duela-arranca-el-torneo-inter-barrios-la-esperanza-nos-liga\\\/\",\"url\":\"https:\\\/\\\/elhijodelllanero.mx\\\/index.php\\\/2026\\\/04\\\/28\\\/rueda-el-balon-y-se-enciende-la-duela-arranca-el-torneo-inter-barrios-la-esperanza-nos-liga\\\/\",\"name\":\"\u00a1Rueda el bal\u00f3n y se enciende la duela! Arranca el torneo Inter Barrios \u201cLa Esperanza Nos Liga\u201d - El Hijo del llanero solititito\",\"isPartOf\":{\"@id\":\"https:\\\/\\\/elhijodelllanero.mx\\\/#website\"},\"primaryImageOfPage\":{\"@id\":\"https:\\\/\\\/elhijodelllanero.mx\\\/index.php\\\/2026\\\/04\\\/28\\\/rueda-el-balon-y-se-enciende-la-duela-arranca-el-torneo-inter-barrios-la-esperanza-nos-liga\\\/#primaryimage\"},\"image\":{\"@id\":\"https:\\\/\\\/elhijodelllanero.mx\\\/index.php\\\/2026\\\/04\\\/28\\\/rueda-el-balon-y-se-enciende-la-duela-arranca-el-torneo-inter-barrios-la-esperanza-nos-liga\\\/#primaryimage\"},\"thumbnailUrl\":\"https:\\\/\\\/i0.wp.com\\\/elhijodelllanero.mx\\\/wp-content\\\/uploads\\\/2026\\\/04\\\/3440f5d1-aef6-4d58-a8c9-6663dc7ba373.jpeg?fit=1600%2C1200&ssl=1\",\"datePublished\":\"2026-04-28T14:17:02+00:00\",\"author\":{\"@id\":\"https:\\\/\\\/elhijodelllanero.mx\\\/#\\\/schema\\\/person\\\/c7f8c86c55c1eab44ae2b93a9628245f\"},\"breadcrumb\":{\"@id\":\"https:\\\/\\\/elhijodelllanero.mx\\\/index.php\\\/2026\\\/04\\\/28\\\/rueda-el-balon-y-se-enciende-la-duela-arranca-el-torneo-inter-barrios-la-esperanza-nos-liga\\\/#breadcrumb\"},\"inLanguage\":\"es\",\"potentialAction\":[{\"@type\":\"ReadAction\",\"target\":[\"https:\\\/\\\/elhijodelllanero.mx\\\/index.php\\\/2026\\\/04\\\/28\\\/rueda-el-balon-y-se-enciende-la-duela-arranca-el-torneo-inter-barrios-la-esperanza-nos-liga\\\/\"]}]},{\"@type\":\"ImageObject\",\"inLanguage\":\"es\",\"@id\":\"https:\\\/\\\/elhijodelllanero.mx\\\/index.php\\\/2026\\\/04\\\/28\\\/rueda-el-balon-y-se-enciende-la-duela-arranca-el-torneo-inter-barrios-la-esperanza-nos-liga\\\/#primaryimage\",\"url\":\"https:\\\/\\\/i0.wp.com\\\/elhijodelllanero.mx\\\/wp-content\\\/uploads\\\/2026\\\/04\\\/3440f5d1-aef6-4d58-a8c9-6663dc7ba373.jpeg?fit=1600%2C1200&ssl=1\",\"contentUrl\":\"https:\\\/\\\/i0.wp.com\\\/elhijodelllanero.mx\\\/wp-content\\\/uploads\\\/2026\\\/04\\\/3440f5d1-aef6-4d58-a8c9-6663dc7ba373.jpeg?fit=1600%2C1200&ssl=1\",\"width\":1600,\"height\":1200},{\"@type\":\"BreadcrumbList\",\"@id\":\"https:\\\/\\\/elhijodelllanero.mx\\\/index.php\\\/2026\\\/04\\\/28\\\/rueda-el-balon-y-se-enciende-la-duela-arranca-el-torneo-inter-barrios-la-esperanza-nos-liga\\\/#breadcrumb\",\"itemListElement\":[{\"@type\":\"ListItem\",\"position\":1,\"name\":\"Portada\",\"item\":\"https:\\\/\\\/elhijodelllanero.mx\\\/\"},{\"@type\":\"ListItem\",\"position\":2,\"name\":\"\u00a1Rueda el bal\u00f3n y se enciende la duela! Arranca el torneo Inter Barrios \u201cLa Esperanza Nos Liga\u201d\"}]},{\"@type\":\"WebSite\",\"@id\":\"https:\\\/\\\/elhijodelllanero.mx\\\/#website\",\"url\":\"https:\\\/\\\/elhijodelllanero.mx\\\/\",\"name\":\"El Hijo del llanero solititito\",\"description\":\"\",\"potentialAction\":[{\"@type\":\"SearchAction\",\"target\":{\"@type\":\"EntryPoint\",\"urlTemplate\":\"https:\\\/\\\/elhijodelllanero.mx\\\/?s={search_term_string}\"},\"query-input\":{\"@type\":\"PropertyValueSpecification\",\"valueRequired\":true,\"valueName\":\"search_term_string\"}}],\"inLanguage\":\"es\"},{\"@type\":\"Person\",\"@id\":\"https:\\\/\\\/elhijodelllanero.mx\\\/#\\\/schema\\\/person\\\/c7f8c86c55c1eab44ae2b93a9628245f\",\"name\":\"Mar\u00eda de la Paz Rodarte Ram\u00edrez\",\"image\":{\"@type\":\"ImageObject\",\"inLanguage\":\"es\",\"@id\":\"https:\\\/\\\/secure.gravatar.com\\\/avatar\\\/1f38f8518b09a266af73da2bce78d69e7d1275299970134ed62f572e0487e1d0?s=96&d=mm&r=g\",\"url\":\"https:\\\/\\\/secure.gravatar.com\\\/avatar\\\/1f38f8518b09a266af73da2bce78d69e7d1275299970134ed62f572e0487e1d0?s=96&d=mm&r=g\",\"contentUrl\":\"https:\\\/\\\/secure.gravatar.com\\\/avatar\\\/1f38f8518b09a266af73da2bce78d69e7d1275299970134ed62f572e0487e1d0?s=96&d=mm&r=g\",\"caption\":\"Mar\u00eda de la Paz Rodarte Ram\u00edrez\"},\"sameAs\":[\"https:\\\/\\\/www.elhijodelllanero.mx\"],\"url\":\"https:\\\/\\\/elhijodelllanero.mx\\\/index.php\\\/author\\\/maricuas\\\/\"}]}<\/script>\n<!-- \/ Yoast SEO plugin. -->","yoast_head_json":{"title":"\u00a1Rueda el bal\u00f3n y se enciende la duela! Arranca el torneo Inter Barrios \u201cLa Esperanza Nos Liga\u201d - El Hijo del llanero solititito","robots":{"index":"index","follow":"follow","max-snippet":"max-snippet:-1","max-image-preview":"max-image-preview:large","max-video-preview":"max-video-preview:-1"},"canonical":"https:\/\/elhijodelllanero.mx\/index.php\/2026\/04\/28\/rueda-el-balon-y-se-enciende-la-duela-arranca-el-torneo-inter-barrios-la-esperanza-nos-liga\/","og_locale":"es_ES","og_type":"article","og_title":"\u00a1Rueda el bal\u00f3n y se enciende la duela! Arranca el torneo Inter Barrios \u201cLa Esperanza Nos Liga\u201d - El Hijo del llanero solititito","og_description":"Celaya, Gto. 28 de abril del 2026.- Con el objetivo de fortalecer el deporte y la convivencia en colonias, barrios y comunidades, fue inaugurada la edici\u00f3n 2026 del torneo Inter Barios \u201cLa Esperanza Nos Liga\u201d, donde j\u00f3venes y ni\u00f1os de distintos puntos de Celaya competir\u00e1n en las disciplinas de f\u00fatbol y b\u00e1squetbol. El arranque oficial [&hellip;]","og_url":"https:\/\/elhijodelllanero.mx\/index.php\/2026\/04\/28\/rueda-el-balon-y-se-enciende-la-duela-arranca-el-torneo-inter-barrios-la-esperanza-nos-liga\/","og_site_name":"El Hijo del llanero solititito","article_published_time":"2026-04-28T14:17:02+00:00","og_image":[{"width":1600,"height":1200,"url":"https:\/\/elhijodelllanero.mx\/wp-content\/uploads\/2026\/04\/3440f5d1-aef6-4d58-a8c9-6663dc7ba373.jpeg","type":"image\/jpeg"}],"author":"Mar\u00eda de la Paz Rodarte Ram\u00edrez","twitter_card":"summary_large_image","twitter_misc":{"Escrito por":"Mar\u00eda de la Paz Rodarte Ram\u00edrez","Tiempo de lectura":"2 minutos"},"schema":{"@context":"https:\/\/schema.org","@graph":[{"@type":"Article","@id":"https:\/\/elhijodelllanero.mx\/index.php\/2026\/04\/28\/rueda-el-balon-y-se-enciende-la-duela-arranca-el-torneo-inter-barrios-la-esperanza-nos-liga\/#article","isPartOf":{"@id":"https:\/\/elhijodelllanero.mx\/index.php\/2026\/04\/28\/rueda-el-balon-y-se-enciende-la-duela-arranca-el-torneo-inter-barrios-la-esperanza-nos-liga\/"},"author":{"name":"Mar\u00eda de la Paz Rodarte Ram\u00edrez","@id":"https:\/\/elhijodelllanero.mx\/#\/schema\/person\/c7f8c86c55c1eab44ae2b93a9628245f"},"headline":"\u00a1Rueda el bal\u00f3n y se enciende la duela! Arranca el torneo Inter Barrios \u201cLa Esperanza Nos Liga\u201d","datePublished":"2026-04-28T14:17:02+00:00","mainEntityOfPage":{"@id":"https:\/\/elhijodelllanero.mx\/index.php\/2026\/04\/28\/rueda-el-balon-y-se-enciende-la-duela-arranca-el-torneo-inter-barrios-la-esperanza-nos-liga\/"},"wordCount":276,"commentCount":0,"image":{"@id":"https:\/\/elhijodelllanero.mx\/index.php\/2026\/04\/28\/rueda-el-balon-y-se-enciende-la-duela-arranca-el-torneo-inter-barrios-la-esperanza-nos-liga\/#primaryimage"},"thumbnailUrl":"https:\/\/i0.wp.com\/elhijodelllanero.mx\/wp-content\/uploads\/2026\/04\/3440f5d1-aef6-4d58-a8c9-6663dc7ba373.jpeg?fit=1600%2C1200&ssl=1","articleSection":["CELAYA","DEPORTES"],"inLanguage":"es","potentialAction":[{"@type":"CommentAction","name":"Comment","target":["https:\/\/elhijodelllanero.mx\/index.php\/2026\/04\/28\/rueda-el-balon-y-se-enciende-la-duela-arranca-el-torneo-inter-barrios-la-esperanza-nos-liga\/#respond"]}]},{"@type":"WebPage","@id":"https:\/\/elhijodelllanero.mx\/index.php\/2026\/04\/28\/rueda-el-balon-y-se-enciende-la-duela-arranca-el-torneo-inter-barrios-la-esperanza-nos-liga\/","url":"https:\/\/elhijodelllanero.mx\/index.php\/2026\/04\/28\/rueda-el-balon-y-se-enciende-la-duela-arranca-el-torneo-inter-barrios-la-esperanza-nos-liga\/","name":"\u00a1Rueda el bal\u00f3n y se enciende la duela! Arranca el torneo Inter Barrios \u201cLa Esperanza Nos Liga\u201d - El Hijo del llanero solititito","isPartOf":{"@id":"https:\/\/elhijodelllanero.mx\/#website"},"primaryImageOfPage":{"@id":"https:\/\/elhijodelllanero.mx\/index.php\/2026\/04\/28\/rueda-el-balon-y-se-enciende-la-duela-arranca-el-torneo-inter-barrios-la-esperanza-nos-liga\/#primaryimage"},"image":{"@id":"https:\/\/elhijodelllanero.mx\/index.php\/2026\/04\/28\/rueda-el-balon-y-se-enciende-la-duela-arranca-el-torneo-inter-barrios-la-esperanza-nos-liga\/#primaryimage"},"thumbnailUrl":"https:\/\/i0.wp.com\/elhijodelllanero.mx\/wp-content\/uploads\/2026\/04\/3440f5d1-aef6-4d58-a8c9-6663dc7ba373.jpeg?fit=1600%2C1200&ssl=1","datePublished":"2026-04-28T14:17:02+00:00","author":{"@id":"https:\/\/elhijodelllanero.mx\/#\/schema\/person\/c7f8c86c55c1eab44ae2b93a9628245f"},"breadcrumb":{"@id":"https:\/\/elhijodelllanero.mx\/index.php\/2026\/04\/28\/rueda-el-balon-y-se-enciende-la-duela-arranca-el-torneo-inter-barrios-la-esperanza-nos-liga\/#breadcrumb"},"inLanguage":"es","potentialAction":[{"@type":"ReadAction","target":["https:\/\/elhijodelllanero.mx\/index.php\/2026\/04\/28\/rueda-el-balon-y-se-enciende-la-duela-arranca-el-torneo-inter-barrios-la-esperanza-nos-liga\/"]}]},{"@type":"ImageObject","inLanguage":"es","@id":"https:\/\/elhijodelllanero.mx\/index.php\/2026\/04\/28\/rueda-el-balon-y-se-enciende-la-duela-arranca-el-torneo-inter-barrios-la-esperanza-nos-liga\/#primaryimage","url":"https:\/\/i0.wp.com\/elhijodelllanero.mx\/wp-content\/uploads\/2026\/04\/3440f5d1-aef6-4d58-a8c9-6663dc7ba373.jpeg?fit=1600%2C1200&ssl=1","contentUrl":"https:\/\/i0.wp.com\/elhijodelllanero.mx\/wp-content\/uploads\/2026\/04\/3440f5d1-aef6-4d58-a8c9-6663dc7ba373.jpeg?fit=1600%2C1200&ssl=1","width":1600,"height":1200},{"@type":"BreadcrumbList","@id":"https:\/\/elhijodelllanero.mx\/index.php\/2026\/04\/28\/rueda-el-balon-y-se-enciende-la-duela-arranca-el-torneo-inter-barrios-la-esperanza-nos-liga\/#breadcrumb","itemListElement":[{"@type":"ListItem","position":1,"name":"Portada","item":"https:\/\/elhijodelllanero.mx\/"},{"@type":"ListItem","position":2,"name":"\u00a1Rueda el bal\u00f3n y se enciende la duela! Arranca el torneo Inter Barrios \u201cLa Esperanza Nos Liga\u201d"}]},{"@type":"WebSite","@id":"https:\/\/elhijodelllanero.mx\/#website","url":"https:\/\/elhijodelllanero.mx\/","name":"El Hijo del llanero solititito","description":"","potentialAction":[{"@type":"SearchAction","target":{"@type":"EntryPoint","urlTemplate":"https:\/\/elhijodelllanero.mx\/?s={search_term_string}"},"query-input":{"@type":"PropertyValueSpecification","valueRequired":true,"valueName":"search_term_string"}}],"inLanguage":"es"},{"@type":"Person","@id":"https:\/\/elhijodelllanero.mx\/#\/schema\/person\/c7f8c86c55c1eab44ae2b93a9628245f","name":"Mar\u00eda de la Paz Rodarte Ram\u00edrez","image":{"@type":"ImageObject","inLanguage":"es","@id":"https:\/\/secure.gravatar.com\/avatar\/1f38f8518b09a266af73da2bce78d69e7d1275299970134ed62f572e0487e1d0?s=96&d=mm&r=g","url":"https:\/\/secure.gravatar.com\/avatar\/1f38f8518b09a266af73da2bce78d69e7d1275299970134ed62f572e0487e1d0?s=96&d=mm&r=g","contentUrl":"https:\/\/secure.gravatar.com\/avatar\/1f38f8518b09a266af73da2bce78d69e7d1275299970134ed62f572e0487e1d0?s=96&d=mm&r=g","caption":"Mar\u00eda de la Paz Rodarte Ram\u00edrez"},"sameAs":["https:\/\/www.elhijodelllanero.mx"],"url":"https:\/\/elhijodelllanero.mx\/index.php\/author\/maricuas\/"}]}},"jetpack_featured_media_url":"https:\/\/i0.wp.com\/elhijodelllanero.mx\/wp-content\/uploads\/2026\/04\/3440f5d1-aef6-4d58-a8c9-6663dc7ba373.jpeg?fit=1600%2C1200&ssl=1","jetpack-related-posts":[],"jetpack_sharing_enabled":true,"_links":{"self":[{"href":"https:\/\/elhijodelllanero.mx\/index.php\/wp-json\/wp\/v2\/posts\/14181","targetHints":{"allow":["GET"]}}],"collection":[{"href":"https:\/\/elhijodelllanero.mx\/index.php\/wp-json\/wp\/v2\/posts"}],"about":[{"href":"https:\/\/elhijodelllanero.mx\/index.php\/wp-json\/wp\/v2\/types\/post"}],"author":[{"embeddable":true,"href":"https:\/\/elhijodelllanero.mx\/index.php\/wp-json\/wp\/v2\/users\/3"}],"replies":[{"embeddable":true,"href":"https:\/\/elhijodelllanero.mx\/index.php\/wp-json\/wp\/v2\/comments?post=14181"}],"version-history":[{"count":1,"href":"https:\/\/elhijodelllanero.mx\/index.php\/wp-json\/wp\/v2\/posts\/14181\/revisions"}],"predecessor-version":[{"id":14183,"href":"https:\/\/elhijodelllanero.mx\/index.php\/wp-json\/wp\/v2\/posts\/14181\/revisions\/14183"}],"wp:featuredmedia":[{"embeddable":true,"href":"https:\/\/elhijodelllanero.mx\/index.php\/wp-json\/wp\/v2\/media\/14182"}],"wp:attachment":[{"href":"https:\/\/elhijodelllanero.mx\/index.php\/wp-json\/wp\/v2\/media?parent=14181"}],"wp:term":[{"taxonomy":"category","embeddable":true,"href":"https:\/\/elhijodelllanero.mx\/index.php\/wp-json\/wp\/v2\/categories?post=14181"},{"taxonomy":"post_tag","embeddable":true,"href":"https:\/\/elhijodelllanero.mx\/index.php\/wp-json\/wp\/v2\/tags?post=14181"}],"curies":[{"name":"wp","href":"https:\/\/api.w.org\/{rel}","templated":true}]}}