{"id":14184,"date":"2026-04-28T08:27:41","date_gmt":"2026-04-28T14:27:41","guid":{"rendered":"https:\/\/elhijodelllanero.mx\/?p=14184"},"modified":"2026-04-28T08:27:41","modified_gmt":"2026-04-28T14:27:41","slug":"por-fin-arranca-rehabilitacion-del-camino-real-en-torrecillas","status":"publish","type":"post","link":"https:\/\/elhijodelllanero.mx\/index.php\/2026\/04\/28\/por-fin-arranca-rehabilitacion-del-camino-real-en-torrecillas\/","title":{"rendered":"\u00a1Por fin! Arranca rehabilitaci\u00f3n del Camino Real en Torrecillas."},"content":{"rendered":"<p>Villagr\u00e1n, Gto. 28 de abril del 2026.-Despu\u00e9s de a\u00f1os de solicitudes, inici\u00f3 la obra de rehabilitaci\u00f3n del Camino Real en la comunidad de San Salvador Torrecillas, en Villagr\u00e1n, una acci\u00f3n que busca mejorar la conectividad y brindar mayor seguridad a quienes transitan diariamente por la zona.<\/p>\n<p>El proyecto contempla la rehabilitaci\u00f3n de cerca de un kil\u00f3metro con concreto hidr\u00e1ulico, adem\u00e1s de obras complementarias como drenaje, agua potable, alumbrado p\u00fablico y se\u00f1al\u00e9tica, lo que permitir\u00e1 transformar por completo esta importante vialidad.<\/p>\n<p>Autoridades municipales se\u00f1alaron que esta obra es resultado del trabajo conjunto entre vecinos, delegados y los distintos niveles de gobierno, destacando la participaci\u00f3n activa de la comunidad para lograr que esta petici\u00f3n se hiciera realidad.<\/p>\n<p>La alcaldesa Cinthia Teniente Mendoza inform\u00f3 que la inversi\u00f3n destinada supera los 22 millones de pesos, recurso gestionado en coordinaci\u00f3n con el Gobierno del Estado, reafirmando el compromiso de seguir impulsando infraestructura que mejore la calidad de vida de las familias villagranenses.<\/p>\n<p>Aunque durante los trabajos podr\u00edan presentarse algunas molestias temporales, se asegur\u00f3 que el beneficio ser\u00e1 permanente para toda la comunidad.<\/p>\n","protected":false},"excerpt":{"rendered":"<p>Villagr\u00e1n, Gto. 28 de abril del 2026.-Despu\u00e9s de a\u00f1os de solicitudes, inici\u00f3 la obra de rehabilitaci\u00f3n del Camino Real en la comunidad de San Salvador Torrecillas, en Villagr\u00e1n, una acci\u00f3n que busca mejorar la conectividad y brindar mayor seguridad a quienes transitan diariamente por la zona. El proyecto contempla la rehabilitaci\u00f3n de cerca de un [&hellip;]<\/p>\n","protected":false},"author":3,"featured_media":0,"comment_status":"open","ping_status":"closed","sticky":false,"template":"","format":"standard","meta":{"_jetpack_newsletter_access":"","_jetpack_dont_email_post_to_subs":false,"_jetpack_newsletter_tier_id":0,"_jetpack_memberships_contains_paywalled_content":false,"_jetpack_memberships_contains_paid_content":false,"footnotes":""},"categories":[76,85],"tags":[],"class_list":{"0":"post-14184","1":"post","2":"type-post","3":"status-publish","4":"format-standard","6":"category-municipios","7":"category-villagran"},"yoast_head":"<!-- This site is optimized with the Yoast SEO plugin v27.3 - https:\/\/yoast.com\/product\/yoast-seo-wordpress\/ -->\n<title>\u00a1Por fin! Arranca rehabilitaci\u00f3n del Camino Real en Torrecillas. - El Hijo del llanero solititito<\/title>\n<meta name=\"robots\" content=\"index, follow, max-snippet:-1, max-image-preview:large, max-video-preview:-1\" \/>\n<link rel=\"canonical\" href=\"https:\/\/elhijodelllanero.mx\/index.php\/2026\/04\/28\/por-fin-arranca-rehabilitacion-del-camino-real-en-torrecillas\/\" \/>\n<meta property=\"og:locale\" content=\"es_ES\" \/>\n<meta property=\"og:type\" content=\"article\" \/>\n<meta property=\"og:title\" content=\"\u00a1Por fin! Arranca rehabilitaci\u00f3n del Camino Real en Torrecillas. - El Hijo del llanero solititito\" \/>\n<meta property=\"og:description\" content=\"Villagr\u00e1n, Gto. 28 de abril del 2026.-Despu\u00e9s de a\u00f1os de solicitudes, inici\u00f3 la obra de rehabilitaci\u00f3n del Camino Real en la comunidad de San Salvador Torrecillas, en Villagr\u00e1n, una acci\u00f3n que busca mejorar la conectividad y brindar mayor seguridad a quienes transitan diariamente por la zona. El proyecto contempla la rehabilitaci\u00f3n de cerca de un [&hellip;]\" \/>\n<meta property=\"og:url\" content=\"https:\/\/elhijodelllanero.mx\/index.php\/2026\/04\/28\/por-fin-arranca-rehabilitacion-del-camino-real-en-torrecillas\/\" \/>\n<meta property=\"og:site_name\" content=\"El Hijo del llanero solititito\" \/>\n<meta property=\"article:published_time\" content=\"2026-04-28T14:27:41+00:00\" \/>\n<meta name=\"author\" content=\"Mar\u00eda de la Paz Rodarte Ram\u00edrez\" \/>\n<meta name=\"twitter:card\" content=\"summary_large_image\" \/>\n<meta name=\"twitter:label1\" content=\"Escrito por\" \/>\n\t<meta name=\"twitter:data1\" content=\"Mar\u00eda de la Paz Rodarte Ram\u00edrez\" \/>\n\t<meta name=\"twitter:label2\" content=\"Tiempo de lectura\" \/>\n\t<meta name=\"twitter:data2\" content=\"2 minutos\" \/>\n<script type=\"application\/ld+json\" class=\"yoast-schema-graph\">{\"@context\":\"https:\\\/\\\/schema.org\",\"@graph\":[{\"@type\":\"Article\",\"@id\":\"https:\\\/\\\/elhijodelllanero.mx\\\/index.php\\\/2026\\\/04\\\/28\\\/por-fin-arranca-rehabilitacion-del-camino-real-en-torrecillas\\\/#article\",\"isPartOf\":{\"@id\":\"https:\\\/\\\/elhijodelllanero.mx\\\/index.php\\\/2026\\\/04\\\/28\\\/por-fin-arranca-rehabilitacion-del-camino-real-en-torrecillas\\\/\"},\"author\":{\"name\":\"Mar\u00eda de la Paz Rodarte Ram\u00edrez\",\"@id\":\"https:\\\/\\\/elhijodelllanero.mx\\\/#\\\/schema\\\/person\\\/c7f8c86c55c1eab44ae2b93a9628245f\"},\"headline\":\"\u00a1Por fin! Arranca rehabilitaci\u00f3n del Camino Real en Torrecillas.\",\"datePublished\":\"2026-04-28T14:27:41+00:00\",\"mainEntityOfPage\":{\"@id\":\"https:\\\/\\\/elhijodelllanero.mx\\\/index.php\\\/2026\\\/04\\\/28\\\/por-fin-arranca-rehabilitacion-del-camino-real-en-torrecillas\\\/\"},\"wordCount\":204,\"commentCount\":0,\"articleSection\":[\"MUNICIPIOS\",\"Villagr\u00e1n\"],\"inLanguage\":\"es\",\"potentialAction\":[{\"@type\":\"CommentAction\",\"name\":\"Comment\",\"target\":[\"https:\\\/\\\/elhijodelllanero.mx\\\/index.php\\\/2026\\\/04\\\/28\\\/por-fin-arranca-rehabilitacion-del-camino-real-en-torrecillas\\\/#respond\"]}]},{\"@type\":\"WebPage\",\"@id\":\"https:\\\/\\\/elhijodelllanero.mx\\\/index.php\\\/2026\\\/04\\\/28\\\/por-fin-arranca-rehabilitacion-del-camino-real-en-torrecillas\\\/\",\"url\":\"https:\\\/\\\/elhijodelllanero.mx\\\/index.php\\\/2026\\\/04\\\/28\\\/por-fin-arranca-rehabilitacion-del-camino-real-en-torrecillas\\\/\",\"name\":\"\u00a1Por fin! Arranca rehabilitaci\u00f3n del Camino Real en Torrecillas. - El Hijo del llanero solititito\",\"isPartOf\":{\"@id\":\"https:\\\/\\\/elhijodelllanero.mx\\\/#website\"},\"datePublished\":\"2026-04-28T14:27:41+00:00\",\"author\":{\"@id\":\"https:\\\/\\\/elhijodelllanero.mx\\\/#\\\/schema\\\/person\\\/c7f8c86c55c1eab44ae2b93a9628245f\"},\"breadcrumb\":{\"@id\":\"https:\\\/\\\/elhijodelllanero.mx\\\/index.php\\\/2026\\\/04\\\/28\\\/por-fin-arranca-rehabilitacion-del-camino-real-en-torrecillas\\\/#breadcrumb\"},\"inLanguage\":\"es\",\"potentialAction\":[{\"@type\":\"ReadAction\",\"target\":[\"https:\\\/\\\/elhijodelllanero.mx\\\/index.php\\\/2026\\\/04\\\/28\\\/por-fin-arranca-rehabilitacion-del-camino-real-en-torrecillas\\\/\"]}]},{\"@type\":\"BreadcrumbList\",\"@id\":\"https:\\\/\\\/elhijodelllanero.mx\\\/index.php\\\/2026\\\/04\\\/28\\\/por-fin-arranca-rehabilitacion-del-camino-real-en-torrecillas\\\/#breadcrumb\",\"itemListElement\":[{\"@type\":\"ListItem\",\"position\":1,\"name\":\"Portada\",\"item\":\"https:\\\/\\\/elhijodelllanero.mx\\\/\"},{\"@type\":\"ListItem\",\"position\":2,\"name\":\"\u00a1Por fin! Arranca rehabilitaci\u00f3n del Camino Real en Torrecillas.\"}]},{\"@type\":\"WebSite\",\"@id\":\"https:\\\/\\\/elhijodelllanero.mx\\\/#website\",\"url\":\"https:\\\/\\\/elhijodelllanero.mx\\\/\",\"name\":\"El Hijo del llanero solititito\",\"description\":\"\",\"potentialAction\":[{\"@type\":\"SearchAction\",\"target\":{\"@type\":\"EntryPoint\",\"urlTemplate\":\"https:\\\/\\\/elhijodelllanero.mx\\\/?s={search_term_string}\"},\"query-input\":{\"@type\":\"PropertyValueSpecification\",\"valueRequired\":true,\"valueName\":\"search_term_string\"}}],\"inLanguage\":\"es\"},{\"@type\":\"Person\",\"@id\":\"https:\\\/\\\/elhijodelllanero.mx\\\/#\\\/schema\\\/person\\\/c7f8c86c55c1eab44ae2b93a9628245f\",\"name\":\"Mar\u00eda de la Paz Rodarte Ram\u00edrez\",\"image\":{\"@type\":\"ImageObject\",\"inLanguage\":\"es\",\"@id\":\"https:\\\/\\\/secure.gravatar.com\\\/avatar\\\/1f38f8518b09a266af73da2bce78d69e7d1275299970134ed62f572e0487e1d0?s=96&d=mm&r=g\",\"url\":\"https:\\\/\\\/secure.gravatar.com\\\/avatar\\\/1f38f8518b09a266af73da2bce78d69e7d1275299970134ed62f572e0487e1d0?s=96&d=mm&r=g\",\"contentUrl\":\"https:\\\/\\\/secure.gravatar.com\\\/avatar\\\/1f38f8518b09a266af73da2bce78d69e7d1275299970134ed62f572e0487e1d0?s=96&d=mm&r=g\",\"caption\":\"Mar\u00eda de la Paz Rodarte Ram\u00edrez\"},\"sameAs\":[\"https:\\\/\\\/www.elhijodelllanero.mx\"],\"url\":\"https:\\\/\\\/elhijodelllanero.mx\\\/index.php\\\/author\\\/maricuas\\\/\"}]}<\/script>\n<!-- \/ Yoast SEO plugin. -->","yoast_head_json":{"title":"\u00a1Por fin! Arranca rehabilitaci\u00f3n del Camino Real en Torrecillas. - El Hijo del llanero solititito","robots":{"index":"index","follow":"follow","max-snippet":"max-snippet:-1","max-image-preview":"max-image-preview:large","max-video-preview":"max-video-preview:-1"},"canonical":"https:\/\/elhijodelllanero.mx\/index.php\/2026\/04\/28\/por-fin-arranca-rehabilitacion-del-camino-real-en-torrecillas\/","og_locale":"es_ES","og_type":"article","og_title":"\u00a1Por fin! Arranca rehabilitaci\u00f3n del Camino Real en Torrecillas. - El Hijo del llanero solititito","og_description":"Villagr\u00e1n, Gto. 28 de abril del 2026.-Despu\u00e9s de a\u00f1os de solicitudes, inici\u00f3 la obra de rehabilitaci\u00f3n del Camino Real en la comunidad de San Salvador Torrecillas, en Villagr\u00e1n, una acci\u00f3n que busca mejorar la conectividad y brindar mayor seguridad a quienes transitan diariamente por la zona. El proyecto contempla la rehabilitaci\u00f3n de cerca de un [&hellip;]","og_url":"https:\/\/elhijodelllanero.mx\/index.php\/2026\/04\/28\/por-fin-arranca-rehabilitacion-del-camino-real-en-torrecillas\/","og_site_name":"El Hijo del llanero solititito","article_published_time":"2026-04-28T14:27:41+00:00","author":"Mar\u00eda de la Paz Rodarte Ram\u00edrez","twitter_card":"summary_large_image","twitter_misc":{"Escrito por":"Mar\u00eda de la Paz Rodarte Ram\u00edrez","Tiempo de lectura":"2 minutos"},"schema":{"@context":"https:\/\/schema.org","@graph":[{"@type":"Article","@id":"https:\/\/elhijodelllanero.mx\/index.php\/2026\/04\/28\/por-fin-arranca-rehabilitacion-del-camino-real-en-torrecillas\/#article","isPartOf":{"@id":"https:\/\/elhijodelllanero.mx\/index.php\/2026\/04\/28\/por-fin-arranca-rehabilitacion-del-camino-real-en-torrecillas\/"},"author":{"name":"Mar\u00eda de la Paz Rodarte Ram\u00edrez","@id":"https:\/\/elhijodelllanero.mx\/#\/schema\/person\/c7f8c86c55c1eab44ae2b93a9628245f"},"headline":"\u00a1Por fin! Arranca rehabilitaci\u00f3n del Camino Real en Torrecillas.","datePublished":"2026-04-28T14:27:41+00:00","mainEntityOfPage":{"@id":"https:\/\/elhijodelllanero.mx\/index.php\/2026\/04\/28\/por-fin-arranca-rehabilitacion-del-camino-real-en-torrecillas\/"},"wordCount":204,"commentCount":0,"articleSection":["MUNICIPIOS","Villagr\u00e1n"],"inLanguage":"es","potentialAction":[{"@type":"CommentAction","name":"Comment","target":["https:\/\/elhijodelllanero.mx\/index.php\/2026\/04\/28\/por-fin-arranca-rehabilitacion-del-camino-real-en-torrecillas\/#respond"]}]},{"@type":"WebPage","@id":"https:\/\/elhijodelllanero.mx\/index.php\/2026\/04\/28\/por-fin-arranca-rehabilitacion-del-camino-real-en-torrecillas\/","url":"https:\/\/elhijodelllanero.mx\/index.php\/2026\/04\/28\/por-fin-arranca-rehabilitacion-del-camino-real-en-torrecillas\/","name":"\u00a1Por fin! Arranca rehabilitaci\u00f3n del Camino Real en Torrecillas. - El Hijo del llanero solititito","isPartOf":{"@id":"https:\/\/elhijodelllanero.mx\/#website"},"datePublished":"2026-04-28T14:27:41+00:00","author":{"@id":"https:\/\/elhijodelllanero.mx\/#\/schema\/person\/c7f8c86c55c1eab44ae2b93a9628245f"},"breadcrumb":{"@id":"https:\/\/elhijodelllanero.mx\/index.php\/2026\/04\/28\/por-fin-arranca-rehabilitacion-del-camino-real-en-torrecillas\/#breadcrumb"},"inLanguage":"es","potentialAction":[{"@type":"ReadAction","target":["https:\/\/elhijodelllanero.mx\/index.php\/2026\/04\/28\/por-fin-arranca-rehabilitacion-del-camino-real-en-torrecillas\/"]}]},{"@type":"BreadcrumbList","@id":"https:\/\/elhijodelllanero.mx\/index.php\/2026\/04\/28\/por-fin-arranca-rehabilitacion-del-camino-real-en-torrecillas\/#breadcrumb","itemListElement":[{"@type":"ListItem","position":1,"name":"Portada","item":"https:\/\/elhijodelllanero.mx\/"},{"@type":"ListItem","position":2,"name":"\u00a1Por fin! Arranca rehabilitaci\u00f3n del Camino Real en Torrecillas."}]},{"@type":"WebSite","@id":"https:\/\/elhijodelllanero.mx\/#website","url":"https:\/\/elhijodelllanero.mx\/","name":"El Hijo del llanero solititito","description":"","potentialAction":[{"@type":"SearchAction","target":{"@type":"EntryPoint","urlTemplate":"https:\/\/elhijodelllanero.mx\/?s={search_term_string}"},"query-input":{"@type":"PropertyValueSpecification","valueRequired":true,"valueName":"search_term_string"}}],"inLanguage":"es"},{"@type":"Person","@id":"https:\/\/elhijodelllanero.mx\/#\/schema\/person\/c7f8c86c55c1eab44ae2b93a9628245f","name":"Mar\u00eda de la Paz Rodarte Ram\u00edrez","image":{"@type":"ImageObject","inLanguage":"es","@id":"https:\/\/secure.gravatar.com\/avatar\/1f38f8518b09a266af73da2bce78d69e7d1275299970134ed62f572e0487e1d0?s=96&d=mm&r=g","url":"https:\/\/secure.gravatar.com\/avatar\/1f38f8518b09a266af73da2bce78d69e7d1275299970134ed62f572e0487e1d0?s=96&d=mm&r=g","contentUrl":"https:\/\/secure.gravatar.com\/avatar\/1f38f8518b09a266af73da2bce78d69e7d1275299970134ed62f572e0487e1d0?s=96&d=mm&r=g","caption":"Mar\u00eda de la Paz Rodarte Ram\u00edrez"},"sameAs":["https:\/\/www.elhijodelllanero.mx"],"url":"https:\/\/elhijodelllanero.mx\/index.php\/author\/maricuas\/"}]}},"jetpack_featured_media_url":"","jetpack-related-posts":[],"jetpack_sharing_enabled":true,"_links":{"self":[{"href":"https:\/\/elhijodelllanero.mx\/index.php\/wp-json\/wp\/v2\/posts\/14184","targetHints":{"allow":["GET"]}}],"collection":[{"href":"https:\/\/elhijodelllanero.mx\/index.php\/wp-json\/wp\/v2\/posts"}],"about":[{"href":"https:\/\/elhijodelllanero.mx\/index.php\/wp-json\/wp\/v2\/types\/post"}],"author":[{"embeddable":true,"href":"https:\/\/elhijodelllanero.mx\/index.php\/wp-json\/wp\/v2\/users\/3"}],"replies":[{"embeddable":true,"href":"https:\/\/elhijodelllanero.mx\/index.php\/wp-json\/wp\/v2\/comments?post=14184"}],"version-history":[{"count":1,"href":"https:\/\/elhijodelllanero.mx\/index.php\/wp-json\/wp\/v2\/posts\/14184\/revisions"}],"predecessor-version":[{"id":14186,"href":"https:\/\/elhijodelllanero.mx\/index.php\/wp-json\/wp\/v2\/posts\/14184\/revisions\/14186"}],"wp:attachment":[{"href":"https:\/\/elhijodelllanero.mx\/index.php\/wp-json\/wp\/v2\/media?parent=14184"}],"wp:term":[{"taxonomy":"category","embeddable":true,"href":"https:\/\/elhijodelllanero.mx\/index.php\/wp-json\/wp\/v2\/categories?post=14184"},{"taxonomy":"post_tag","embeddable":true,"href":"https:\/\/elhijodelllanero.mx\/index.php\/wp-json\/wp\/v2\/tags?post=14184"}],"curies":[{"name":"wp","href":"https:\/\/api.w.org\/{rel}","templated":true}]}}