{"id":14187,"date":"2026-04-28T08:51:42","date_gmt":"2026-04-28T14:51:42","guid":{"rendered":"https:\/\/elhijodelllanero.mx\/?p=14187"},"modified":"2026-04-28T08:51:42","modified_gmt":"2026-04-28T14:51:42","slug":"cortazar-asegura-75-millones-para-obra-publica-este-ano","status":"publish","type":"post","link":"https:\/\/elhijodelllanero.mx\/index.php\/2026\/04\/28\/cortazar-asegura-75-millones-para-obra-publica-este-ano\/","title":{"rendered":"Cortazar asegura 75 millones para obra p\u00fablica este a\u00f1o."},"content":{"rendered":"<p>Cortazar, Gto. 28 de abril del 2026.-A mitad de su administraci\u00f3n, el alcalde de Cortazar, Mauricio Estefan\u00eda, se\u00f1al\u00f3 que su gobierno ha logrado avances importantes en agua potable, servicios p\u00fablicos e infraestructura, destacando que este 2026 ser\u00e1 clave para la obra p\u00fablica en el municipio.<\/p>\n<p>El edil reconoci\u00f3 que a\u00fan existen pendientes, pero afirm\u00f3 que ya se ha mejorado el abasto de agua, uno de los principales problemas que recibieron al inicio de la gesti\u00f3n debido al tandeo constante del servicio. Tambi\u00e9n resalt\u00f3 la entrega de nuevos camiones recolectores de basura y equipo para el personal de limpia, lo que ha fortalecido los servicios p\u00fablicos.<\/p>\n<p>En materia de infraestructura, inform\u00f3 que se consigui\u00f3 una bolsa superior a los 50 millones de pesos por parte del Gobierno del Estado, adem\u00e1s de otros recursos provenientes de programas como el PGO, que suman cerca de 30 millones m\u00e1s.<\/p>\n<p>Con ello, explic\u00f3 que este a\u00f1o se ejercer\u00e1n alrededor de 75 millones de pesos en obra p\u00fablica, principalmente en rehabilitaci\u00f3n de calles y mejora de servicios b\u00e1sicos. Porque claro, en M\u00e9xico anunciar obras tambi\u00e9n es casi un deporte ol\u00edmpico, pero al menos aqu\u00ed dicen que ya est\u00e1n listos los proyectos.<\/p>\n","protected":false},"excerpt":{"rendered":"<p>Cortazar, Gto. 28 de abril del 2026.-A mitad de su administraci\u00f3n, el alcalde de Cortazar, Mauricio Estefan\u00eda, se\u00f1al\u00f3 que su gobierno ha logrado avances importantes en agua potable, servicios p\u00fablicos e infraestructura, destacando que este 2026 ser\u00e1 clave para la obra p\u00fablica en el municipio. El edil reconoci\u00f3 que a\u00fan existen pendientes, pero afirm\u00f3 que [&hellip;]<\/p>\n","protected":false},"author":3,"featured_media":14188,"comment_status":"open","ping_status":"closed","sticky":false,"template":"","format":"standard","meta":{"_jetpack_newsletter_access":"","_jetpack_dont_email_post_to_subs":false,"_jetpack_newsletter_tier_id":0,"_jetpack_memberships_contains_paywalled_content":false,"_jetpack_memberships_contains_paid_content":false,"footnotes":""},"categories":[77,76],"tags":[],"class_list":{"0":"post-14187","1":"post","2":"type-post","3":"status-publish","4":"format-standard","5":"has-post-thumbnail","7":"category-cortazar","8":"category-municipios"},"yoast_head":"<!-- This site is optimized with the Yoast SEO plugin v27.3 - https:\/\/yoast.com\/product\/yoast-seo-wordpress\/ -->\n<title>Cortazar asegura 75 millones para obra p\u00fablica este a\u00f1o. - El Hijo del llanero solititito<\/title>\n<meta name=\"robots\" content=\"index, follow, max-snippet:-1, max-image-preview:large, max-video-preview:-1\" \/>\n<link rel=\"canonical\" href=\"https:\/\/elhijodelllanero.mx\/index.php\/2026\/04\/28\/cortazar-asegura-75-millones-para-obra-publica-este-ano\/\" \/>\n<meta property=\"og:locale\" content=\"es_ES\" \/>\n<meta property=\"og:type\" content=\"article\" \/>\n<meta property=\"og:title\" content=\"Cortazar asegura 75 millones para obra p\u00fablica este a\u00f1o. - El Hijo del llanero solititito\" \/>\n<meta property=\"og:description\" content=\"Cortazar, Gto. 28 de abril del 2026.-A mitad de su administraci\u00f3n, el alcalde de Cortazar, Mauricio Estefan\u00eda, se\u00f1al\u00f3 que su gobierno ha logrado avances importantes en agua potable, servicios p\u00fablicos e infraestructura, destacando que este 2026 ser\u00e1 clave para la obra p\u00fablica en el municipio. El edil reconoci\u00f3 que a\u00fan existen pendientes, pero afirm\u00f3 que [&hellip;]\" \/>\n<meta property=\"og:url\" content=\"https:\/\/elhijodelllanero.mx\/index.php\/2026\/04\/28\/cortazar-asegura-75-millones-para-obra-publica-este-ano\/\" \/>\n<meta property=\"og:site_name\" content=\"El Hijo del llanero solititito\" \/>\n<meta property=\"article:published_time\" content=\"2026-04-28T14:51:42+00:00\" \/>\n<meta property=\"og:image\" content=\"https:\/\/elhijodelllanero.mx\/wp-content\/uploads\/2026\/04\/IMG_9490.jpeg\" \/>\n\t<meta property=\"og:image:width\" content=\"2048\" \/>\n\t<meta property=\"og:image:height\" content=\"1387\" \/>\n\t<meta property=\"og:image:type\" content=\"image\/jpeg\" \/>\n<meta name=\"author\" content=\"Mar\u00eda de la Paz Rodarte Ram\u00edrez\" \/>\n<meta name=\"twitter:card\" content=\"summary_large_image\" \/>\n<meta name=\"twitter:label1\" content=\"Escrito por\" \/>\n\t<meta name=\"twitter:data1\" content=\"Mar\u00eda de la Paz Rodarte Ram\u00edrez\" \/>\n\t<meta name=\"twitter:label2\" content=\"Tiempo de lectura\" \/>\n\t<meta name=\"twitter:data2\" content=\"2 minutos\" \/>\n<script type=\"application\/ld+json\" class=\"yoast-schema-graph\">{\"@context\":\"https:\\\/\\\/schema.org\",\"@graph\":[{\"@type\":\"Article\",\"@id\":\"https:\\\/\\\/elhijodelllanero.mx\\\/index.php\\\/2026\\\/04\\\/28\\\/cortazar-asegura-75-millones-para-obra-publica-este-ano\\\/#article\",\"isPartOf\":{\"@id\":\"https:\\\/\\\/elhijodelllanero.mx\\\/index.php\\\/2026\\\/04\\\/28\\\/cortazar-asegura-75-millones-para-obra-publica-este-ano\\\/\"},\"author\":{\"name\":\"Mar\u00eda de la Paz Rodarte Ram\u00edrez\",\"@id\":\"https:\\\/\\\/elhijodelllanero.mx\\\/#\\\/schema\\\/person\\\/c7f8c86c55c1eab44ae2b93a9628245f\"},\"headline\":\"Cortazar asegura 75 millones para obra p\u00fablica este a\u00f1o.\",\"datePublished\":\"2026-04-28T14:51:42+00:00\",\"mainEntityOfPage\":{\"@id\":\"https:\\\/\\\/elhijodelllanero.mx\\\/index.php\\\/2026\\\/04\\\/28\\\/cortazar-asegura-75-millones-para-obra-publica-este-ano\\\/\"},\"wordCount\":220,\"commentCount\":0,\"image\":{\"@id\":\"https:\\\/\\\/elhijodelllanero.mx\\\/index.php\\\/2026\\\/04\\\/28\\\/cortazar-asegura-75-millones-para-obra-publica-este-ano\\\/#primaryimage\"},\"thumbnailUrl\":\"https:\\\/\\\/i0.wp.com\\\/elhijodelllanero.mx\\\/wp-content\\\/uploads\\\/2026\\\/04\\\/IMG_9490.jpeg?fit=2048%2C1387&ssl=1\",\"articleSection\":[\"CORTAZAR\",\"MUNICIPIOS\"],\"inLanguage\":\"es\",\"potentialAction\":[{\"@type\":\"CommentAction\",\"name\":\"Comment\",\"target\":[\"https:\\\/\\\/elhijodelllanero.mx\\\/index.php\\\/2026\\\/04\\\/28\\\/cortazar-asegura-75-millones-para-obra-publica-este-ano\\\/#respond\"]}]},{\"@type\":\"WebPage\",\"@id\":\"https:\\\/\\\/elhijodelllanero.mx\\\/index.php\\\/2026\\\/04\\\/28\\\/cortazar-asegura-75-millones-para-obra-publica-este-ano\\\/\",\"url\":\"https:\\\/\\\/elhijodelllanero.mx\\\/index.php\\\/2026\\\/04\\\/28\\\/cortazar-asegura-75-millones-para-obra-publica-este-ano\\\/\",\"name\":\"Cortazar asegura 75 millones para obra p\u00fablica este a\u00f1o. - El Hijo del llanero solititito\",\"isPartOf\":{\"@id\":\"https:\\\/\\\/elhijodelllanero.mx\\\/#website\"},\"primaryImageOfPage\":{\"@id\":\"https:\\\/\\\/elhijodelllanero.mx\\\/index.php\\\/2026\\\/04\\\/28\\\/cortazar-asegura-75-millones-para-obra-publica-este-ano\\\/#primaryimage\"},\"image\":{\"@id\":\"https:\\\/\\\/elhijodelllanero.mx\\\/index.php\\\/2026\\\/04\\\/28\\\/cortazar-asegura-75-millones-para-obra-publica-este-ano\\\/#primaryimage\"},\"thumbnailUrl\":\"https:\\\/\\\/i0.wp.com\\\/elhijodelllanero.mx\\\/wp-content\\\/uploads\\\/2026\\\/04\\\/IMG_9490.jpeg?fit=2048%2C1387&ssl=1\",\"datePublished\":\"2026-04-28T14:51:42+00:00\",\"author\":{\"@id\":\"https:\\\/\\\/elhijodelllanero.mx\\\/#\\\/schema\\\/person\\\/c7f8c86c55c1eab44ae2b93a9628245f\"},\"breadcrumb\":{\"@id\":\"https:\\\/\\\/elhijodelllanero.mx\\\/index.php\\\/2026\\\/04\\\/28\\\/cortazar-asegura-75-millones-para-obra-publica-este-ano\\\/#breadcrumb\"},\"inLanguage\":\"es\",\"potentialAction\":[{\"@type\":\"ReadAction\",\"target\":[\"https:\\\/\\\/elhijodelllanero.mx\\\/index.php\\\/2026\\\/04\\\/28\\\/cortazar-asegura-75-millones-para-obra-publica-este-ano\\\/\"]}]},{\"@type\":\"ImageObject\",\"inLanguage\":\"es\",\"@id\":\"https:\\\/\\\/elhijodelllanero.mx\\\/index.php\\\/2026\\\/04\\\/28\\\/cortazar-asegura-75-millones-para-obra-publica-este-ano\\\/#primaryimage\",\"url\":\"https:\\\/\\\/i0.wp.com\\\/elhijodelllanero.mx\\\/wp-content\\\/uploads\\\/2026\\\/04\\\/IMG_9490.jpeg?fit=2048%2C1387&ssl=1\",\"contentUrl\":\"https:\\\/\\\/i0.wp.com\\\/elhijodelllanero.mx\\\/wp-content\\\/uploads\\\/2026\\\/04\\\/IMG_9490.jpeg?fit=2048%2C1387&ssl=1\",\"width\":2048,\"height\":1387},{\"@type\":\"BreadcrumbList\",\"@id\":\"https:\\\/\\\/elhijodelllanero.mx\\\/index.php\\\/2026\\\/04\\\/28\\\/cortazar-asegura-75-millones-para-obra-publica-este-ano\\\/#breadcrumb\",\"itemListElement\":[{\"@type\":\"ListItem\",\"position\":1,\"name\":\"Portada\",\"item\":\"https:\\\/\\\/elhijodelllanero.mx\\\/\"},{\"@type\":\"ListItem\",\"position\":2,\"name\":\"Cortazar asegura 75 millones para obra p\u00fablica este a\u00f1o.\"}]},{\"@type\":\"WebSite\",\"@id\":\"https:\\\/\\\/elhijodelllanero.mx\\\/#website\",\"url\":\"https:\\\/\\\/elhijodelllanero.mx\\\/\",\"name\":\"El Hijo del llanero solititito\",\"description\":\"\",\"potentialAction\":[{\"@type\":\"SearchAction\",\"target\":{\"@type\":\"EntryPoint\",\"urlTemplate\":\"https:\\\/\\\/elhijodelllanero.mx\\\/?s={search_term_string}\"},\"query-input\":{\"@type\":\"PropertyValueSpecification\",\"valueRequired\":true,\"valueName\":\"search_term_string\"}}],\"inLanguage\":\"es\"},{\"@type\":\"Person\",\"@id\":\"https:\\\/\\\/elhijodelllanero.mx\\\/#\\\/schema\\\/person\\\/c7f8c86c55c1eab44ae2b93a9628245f\",\"name\":\"Mar\u00eda de la Paz Rodarte Ram\u00edrez\",\"image\":{\"@type\":\"ImageObject\",\"inLanguage\":\"es\",\"@id\":\"https:\\\/\\\/secure.gravatar.com\\\/avatar\\\/1f38f8518b09a266af73da2bce78d69e7d1275299970134ed62f572e0487e1d0?s=96&d=mm&r=g\",\"url\":\"https:\\\/\\\/secure.gravatar.com\\\/avatar\\\/1f38f8518b09a266af73da2bce78d69e7d1275299970134ed62f572e0487e1d0?s=96&d=mm&r=g\",\"contentUrl\":\"https:\\\/\\\/secure.gravatar.com\\\/avatar\\\/1f38f8518b09a266af73da2bce78d69e7d1275299970134ed62f572e0487e1d0?s=96&d=mm&r=g\",\"caption\":\"Mar\u00eda de la Paz Rodarte Ram\u00edrez\"},\"sameAs\":[\"https:\\\/\\\/www.elhijodelllanero.mx\"],\"url\":\"https:\\\/\\\/elhijodelllanero.mx\\\/index.php\\\/author\\\/maricuas\\\/\"}]}<\/script>\n<!-- \/ Yoast SEO plugin. -->","yoast_head_json":{"title":"Cortazar asegura 75 millones para obra p\u00fablica este a\u00f1o. - El Hijo del llanero solititito","robots":{"index":"index","follow":"follow","max-snippet":"max-snippet:-1","max-image-preview":"max-image-preview:large","max-video-preview":"max-video-preview:-1"},"canonical":"https:\/\/elhijodelllanero.mx\/index.php\/2026\/04\/28\/cortazar-asegura-75-millones-para-obra-publica-este-ano\/","og_locale":"es_ES","og_type":"article","og_title":"Cortazar asegura 75 millones para obra p\u00fablica este a\u00f1o. - El Hijo del llanero solititito","og_description":"Cortazar, Gto. 28 de abril del 2026.-A mitad de su administraci\u00f3n, el alcalde de Cortazar, Mauricio Estefan\u00eda, se\u00f1al\u00f3 que su gobierno ha logrado avances importantes en agua potable, servicios p\u00fablicos e infraestructura, destacando que este 2026 ser\u00e1 clave para la obra p\u00fablica en el municipio. El edil reconoci\u00f3 que a\u00fan existen pendientes, pero afirm\u00f3 que [&hellip;]","og_url":"https:\/\/elhijodelllanero.mx\/index.php\/2026\/04\/28\/cortazar-asegura-75-millones-para-obra-publica-este-ano\/","og_site_name":"El Hijo del llanero solititito","article_published_time":"2026-04-28T14:51:42+00:00","og_image":[{"width":2048,"height":1387,"url":"https:\/\/elhijodelllanero.mx\/wp-content\/uploads\/2026\/04\/IMG_9490.jpeg","type":"image\/jpeg"}],"author":"Mar\u00eda de la Paz Rodarte Ram\u00edrez","twitter_card":"summary_large_image","twitter_misc":{"Escrito por":"Mar\u00eda de la Paz Rodarte Ram\u00edrez","Tiempo de lectura":"2 minutos"},"schema":{"@context":"https:\/\/schema.org","@graph":[{"@type":"Article","@id":"https:\/\/elhijodelllanero.mx\/index.php\/2026\/04\/28\/cortazar-asegura-75-millones-para-obra-publica-este-ano\/#article","isPartOf":{"@id":"https:\/\/elhijodelllanero.mx\/index.php\/2026\/04\/28\/cortazar-asegura-75-millones-para-obra-publica-este-ano\/"},"author":{"name":"Mar\u00eda de la Paz Rodarte Ram\u00edrez","@id":"https:\/\/elhijodelllanero.mx\/#\/schema\/person\/c7f8c86c55c1eab44ae2b93a9628245f"},"headline":"Cortazar asegura 75 millones para obra p\u00fablica este a\u00f1o.","datePublished":"2026-04-28T14:51:42+00:00","mainEntityOfPage":{"@id":"https:\/\/elhijodelllanero.mx\/index.php\/2026\/04\/28\/cortazar-asegura-75-millones-para-obra-publica-este-ano\/"},"wordCount":220,"commentCount":0,"image":{"@id":"https:\/\/elhijodelllanero.mx\/index.php\/2026\/04\/28\/cortazar-asegura-75-millones-para-obra-publica-este-ano\/#primaryimage"},"thumbnailUrl":"https:\/\/i0.wp.com\/elhijodelllanero.mx\/wp-content\/uploads\/2026\/04\/IMG_9490.jpeg?fit=2048%2C1387&ssl=1","articleSection":["CORTAZAR","MUNICIPIOS"],"inLanguage":"es","potentialAction":[{"@type":"CommentAction","name":"Comment","target":["https:\/\/elhijodelllanero.mx\/index.php\/2026\/04\/28\/cortazar-asegura-75-millones-para-obra-publica-este-ano\/#respond"]}]},{"@type":"WebPage","@id":"https:\/\/elhijodelllanero.mx\/index.php\/2026\/04\/28\/cortazar-asegura-75-millones-para-obra-publica-este-ano\/","url":"https:\/\/elhijodelllanero.mx\/index.php\/2026\/04\/28\/cortazar-asegura-75-millones-para-obra-publica-este-ano\/","name":"Cortazar asegura 75 millones para obra p\u00fablica este a\u00f1o. - El Hijo del llanero solititito","isPartOf":{"@id":"https:\/\/elhijodelllanero.mx\/#website"},"primaryImageOfPage":{"@id":"https:\/\/elhijodelllanero.mx\/index.php\/2026\/04\/28\/cortazar-asegura-75-millones-para-obra-publica-este-ano\/#primaryimage"},"image":{"@id":"https:\/\/elhijodelllanero.mx\/index.php\/2026\/04\/28\/cortazar-asegura-75-millones-para-obra-publica-este-ano\/#primaryimage"},"thumbnailUrl":"https:\/\/i0.wp.com\/elhijodelllanero.mx\/wp-content\/uploads\/2026\/04\/IMG_9490.jpeg?fit=2048%2C1387&ssl=1","datePublished":"2026-04-28T14:51:42+00:00","author":{"@id":"https:\/\/elhijodelllanero.mx\/#\/schema\/person\/c7f8c86c55c1eab44ae2b93a9628245f"},"breadcrumb":{"@id":"https:\/\/elhijodelllanero.mx\/index.php\/2026\/04\/28\/cortazar-asegura-75-millones-para-obra-publica-este-ano\/#breadcrumb"},"inLanguage":"es","potentialAction":[{"@type":"ReadAction","target":["https:\/\/elhijodelllanero.mx\/index.php\/2026\/04\/28\/cortazar-asegura-75-millones-para-obra-publica-este-ano\/"]}]},{"@type":"ImageObject","inLanguage":"es","@id":"https:\/\/elhijodelllanero.mx\/index.php\/2026\/04\/28\/cortazar-asegura-75-millones-para-obra-publica-este-ano\/#primaryimage","url":"https:\/\/i0.wp.com\/elhijodelllanero.mx\/wp-content\/uploads\/2026\/04\/IMG_9490.jpeg?fit=2048%2C1387&ssl=1","contentUrl":"https:\/\/i0.wp.com\/elhijodelllanero.mx\/wp-content\/uploads\/2026\/04\/IMG_9490.jpeg?fit=2048%2C1387&ssl=1","width":2048,"height":1387},{"@type":"BreadcrumbList","@id":"https:\/\/elhijodelllanero.mx\/index.php\/2026\/04\/28\/cortazar-asegura-75-millones-para-obra-publica-este-ano\/#breadcrumb","itemListElement":[{"@type":"ListItem","position":1,"name":"Portada","item":"https:\/\/elhijodelllanero.mx\/"},{"@type":"ListItem","position":2,"name":"Cortazar asegura 75 millones para obra p\u00fablica este a\u00f1o."}]},{"@type":"WebSite","@id":"https:\/\/elhijodelllanero.mx\/#website","url":"https:\/\/elhijodelllanero.mx\/","name":"El Hijo del llanero solititito","description":"","potentialAction":[{"@type":"SearchAction","target":{"@type":"EntryPoint","urlTemplate":"https:\/\/elhijodelllanero.mx\/?s={search_term_string}"},"query-input":{"@type":"PropertyValueSpecification","valueRequired":true,"valueName":"search_term_string"}}],"inLanguage":"es"},{"@type":"Person","@id":"https:\/\/elhijodelllanero.mx\/#\/schema\/person\/c7f8c86c55c1eab44ae2b93a9628245f","name":"Mar\u00eda de la Paz Rodarte Ram\u00edrez","image":{"@type":"ImageObject","inLanguage":"es","@id":"https:\/\/secure.gravatar.com\/avatar\/1f38f8518b09a266af73da2bce78d69e7d1275299970134ed62f572e0487e1d0?s=96&d=mm&r=g","url":"https:\/\/secure.gravatar.com\/avatar\/1f38f8518b09a266af73da2bce78d69e7d1275299970134ed62f572e0487e1d0?s=96&d=mm&r=g","contentUrl":"https:\/\/secure.gravatar.com\/avatar\/1f38f8518b09a266af73da2bce78d69e7d1275299970134ed62f572e0487e1d0?s=96&d=mm&r=g","caption":"Mar\u00eda de la Paz Rodarte Ram\u00edrez"},"sameAs":["https:\/\/www.elhijodelllanero.mx"],"url":"https:\/\/elhijodelllanero.mx\/index.php\/author\/maricuas\/"}]}},"jetpack_featured_media_url":"https:\/\/i0.wp.com\/elhijodelllanero.mx\/wp-content\/uploads\/2026\/04\/IMG_9490.jpeg?fit=2048%2C1387&ssl=1","jetpack-related-posts":[],"jetpack_sharing_enabled":true,"_links":{"self":[{"href":"https:\/\/elhijodelllanero.mx\/index.php\/wp-json\/wp\/v2\/posts\/14187","targetHints":{"allow":["GET"]}}],"collection":[{"href":"https:\/\/elhijodelllanero.mx\/index.php\/wp-json\/wp\/v2\/posts"}],"about":[{"href":"https:\/\/elhijodelllanero.mx\/index.php\/wp-json\/wp\/v2\/types\/post"}],"author":[{"embeddable":true,"href":"https:\/\/elhijodelllanero.mx\/index.php\/wp-json\/wp\/v2\/users\/3"}],"replies":[{"embeddable":true,"href":"https:\/\/elhijodelllanero.mx\/index.php\/wp-json\/wp\/v2\/comments?post=14187"}],"version-history":[{"count":1,"href":"https:\/\/elhijodelllanero.mx\/index.php\/wp-json\/wp\/v2\/posts\/14187\/revisions"}],"predecessor-version":[{"id":14189,"href":"https:\/\/elhijodelllanero.mx\/index.php\/wp-json\/wp\/v2\/posts\/14187\/revisions\/14189"}],"wp:featuredmedia":[{"embeddable":true,"href":"https:\/\/elhijodelllanero.mx\/index.php\/wp-json\/wp\/v2\/media\/14188"}],"wp:attachment":[{"href":"https:\/\/elhijodelllanero.mx\/index.php\/wp-json\/wp\/v2\/media?parent=14187"}],"wp:term":[{"taxonomy":"category","embeddable":true,"href":"https:\/\/elhijodelllanero.mx\/index.php\/wp-json\/wp\/v2\/categories?post=14187"},{"taxonomy":"post_tag","embeddable":true,"href":"https:\/\/elhijodelllanero.mx\/index.php\/wp-json\/wp\/v2\/tags?post=14187"}],"curies":[{"name":"wp","href":"https:\/\/api.w.org\/{rel}","templated":true}]}}