{"id":14190,"date":"2026-04-28T13:23:04","date_gmt":"2026-04-28T19:23:04","guid":{"rendered":"https:\/\/elhijodelllanero.mx\/?p=14190"},"modified":"2026-04-28T13:25:51","modified_gmt":"2026-04-28T19:25:51","slug":"apaseo-alista-cierre-de-tiradero-y-nuevo-centro-de-residuos","status":"publish","type":"post","link":"https:\/\/elhijodelllanero.mx\/index.php\/2026\/04\/28\/apaseo-alista-cierre-de-tiradero-y-nuevo-centro-de-residuos\/","title":{"rendered":"Apaseo alista cierre de tiradero y nuevo centro de residuos."},"content":{"rendered":"<p>Apaseo el Grande, Gto. 28 de abril del 2026.- El municipio de Apaseo el Grande avanza en la clausura del actual tiradero municipal y, de manera paralela, proyecta la creaci\u00f3n de un Centro de Manejo Integral de Residuos (CEMIR), inform\u00f3 el director de Obras P\u00fablicas, Marcos Ornelas, porque aparentemente descubrir que un basurero no debe ser eterno tom\u00f3 varios a\u00f1os.<\/p>\n<p>El funcionario explic\u00f3 que entre mayo y junio se desarrollar\u00e1n los estudios de impacto ambiental y el proyecto de clausura, trabajos que se realizan en coordinaci\u00f3n con la Secretar\u00eda del Medio Ambiente y la Procuradur\u00eda Ambiental.<\/p>\n<p>Detall\u00f3 que no se puede cerrar el sitio actual sin contar antes con una nueva alternativa, por lo que ya se plantea la construcci\u00f3n del CEMIR, un espacio enfocado en el aprovechamiento de residuos y no solo en su disposici\u00f3n final.<\/p>\n<p>\u201cQueremos que la basura deje de verse como un desecho y se convierta en un activo\u201d, se\u00f1al\u00f3 Ornelas.<\/p>\n<p>Entre las acciones contempladas est\u00e1 la generaci\u00f3n de composta y el aprovechamiento de materiales como los pol\u00edmeros de llantas para fabricar topes y otros productos \u00fatiles.<\/p>\n<p>El costo total de la clausura del tiradero actual podr\u00eda conocerse en julio, una vez que se presenten los proyectos ejecutivos correspondientes.<\/p>\n","protected":false},"excerpt":{"rendered":"<p>Apaseo el Grande, Gto. 28 de abril del 2026.- El municipio de Apaseo el Grande avanza en la clausura del actual tiradero municipal y, de manera paralela, proyecta la creaci\u00f3n de un Centro de Manejo Integral de Residuos (CEMIR), inform\u00f3 el director de Obras P\u00fablicas, Marcos Ornelas, porque aparentemente descubrir que un basurero no debe [&hellip;]<\/p>\n","protected":false},"author":3,"featured_media":14124,"comment_status":"open","ping_status":"closed","sticky":false,"template":"","format":"standard","meta":{"_jetpack_newsletter_access":"","_jetpack_dont_email_post_to_subs":false,"_jetpack_newsletter_tier_id":0,"_jetpack_memberships_contains_paywalled_content":false,"_jetpack_memberships_contains_paid_content":false,"footnotes":""},"categories":[78,76],"tags":[],"class_list":{"0":"post-14190","1":"post","2":"type-post","3":"status-publish","4":"format-standard","5":"has-post-thumbnail","7":"category-apaseo-el-grande","8":"category-municipios"},"yoast_head":"<!-- This site is optimized with the Yoast SEO plugin v27.3 - https:\/\/yoast.com\/product\/yoast-seo-wordpress\/ -->\n<title>Apaseo alista cierre de tiradero y nuevo centro de residuos. - El Hijo del llanero solititito<\/title>\n<meta name=\"robots\" content=\"index, follow, max-snippet:-1, max-image-preview:large, max-video-preview:-1\" \/>\n<link rel=\"canonical\" href=\"https:\/\/elhijodelllanero.mx\/index.php\/2026\/04\/28\/apaseo-alista-cierre-de-tiradero-y-nuevo-centro-de-residuos\/\" \/>\n<meta property=\"og:locale\" content=\"es_ES\" \/>\n<meta property=\"og:type\" content=\"article\" \/>\n<meta property=\"og:title\" content=\"Apaseo alista cierre de tiradero y nuevo centro de residuos. - El Hijo del llanero solititito\" \/>\n<meta property=\"og:description\" content=\"Apaseo el Grande, Gto. 28 de abril del 2026.- El municipio de Apaseo el Grande avanza en la clausura del actual tiradero municipal y, de manera paralela, proyecta la creaci\u00f3n de un Centro de Manejo Integral de Residuos (CEMIR), inform\u00f3 el director de Obras P\u00fablicas, Marcos Ornelas, porque aparentemente descubrir que un basurero no debe [&hellip;]\" \/>\n<meta property=\"og:url\" content=\"https:\/\/elhijodelllanero.mx\/index.php\/2026\/04\/28\/apaseo-alista-cierre-de-tiradero-y-nuevo-centro-de-residuos\/\" \/>\n<meta property=\"og:site_name\" content=\"El Hijo del llanero solititito\" \/>\n<meta property=\"article:published_time\" content=\"2026-04-28T19:23:04+00:00\" \/>\n<meta property=\"article:modified_time\" content=\"2026-04-28T19:25:51+00:00\" \/>\n<meta property=\"og:image\" content=\"https:\/\/elhijodelllanero.mx\/wp-content\/uploads\/2026\/04\/IMG_9361.jpeg\" \/>\n\t<meta property=\"og:image:width\" content=\"2048\" \/>\n\t<meta property=\"og:image:height\" content=\"1366\" \/>\n\t<meta property=\"og:image:type\" content=\"image\/jpeg\" \/>\n<meta name=\"author\" content=\"Mar\u00eda de la Paz Rodarte Ram\u00edrez\" \/>\n<meta name=\"twitter:card\" content=\"summary_large_image\" \/>\n<meta name=\"twitter:label1\" content=\"Escrito por\" \/>\n\t<meta name=\"twitter:data1\" content=\"Mar\u00eda de la Paz Rodarte Ram\u00edrez\" \/>\n\t<meta name=\"twitter:label2\" content=\"Tiempo de lectura\" \/>\n\t<meta name=\"twitter:data2\" content=\"2 minutos\" \/>\n<script type=\"application\/ld+json\" class=\"yoast-schema-graph\">{\"@context\":\"https:\\\/\\\/schema.org\",\"@graph\":[{\"@type\":\"Article\",\"@id\":\"https:\\\/\\\/elhijodelllanero.mx\\\/index.php\\\/2026\\\/04\\\/28\\\/apaseo-alista-cierre-de-tiradero-y-nuevo-centro-de-residuos\\\/#article\",\"isPartOf\":{\"@id\":\"https:\\\/\\\/elhijodelllanero.mx\\\/index.php\\\/2026\\\/04\\\/28\\\/apaseo-alista-cierre-de-tiradero-y-nuevo-centro-de-residuos\\\/\"},\"author\":{\"name\":\"Mar\u00eda de la Paz Rodarte Ram\u00edrez\",\"@id\":\"https:\\\/\\\/elhijodelllanero.mx\\\/#\\\/schema\\\/person\\\/c7f8c86c55c1eab44ae2b93a9628245f\"},\"headline\":\"Apaseo alista cierre de tiradero y nuevo centro de residuos.\",\"datePublished\":\"2026-04-28T19:23:04+00:00\",\"dateModified\":\"2026-04-28T19:25:51+00:00\",\"mainEntityOfPage\":{\"@id\":\"https:\\\/\\\/elhijodelllanero.mx\\\/index.php\\\/2026\\\/04\\\/28\\\/apaseo-alista-cierre-de-tiradero-y-nuevo-centro-de-residuos\\\/\"},\"wordCount\":225,\"commentCount\":0,\"image\":{\"@id\":\"https:\\\/\\\/elhijodelllanero.mx\\\/index.php\\\/2026\\\/04\\\/28\\\/apaseo-alista-cierre-de-tiradero-y-nuevo-centro-de-residuos\\\/#primaryimage\"},\"thumbnailUrl\":\"https:\\\/\\\/i0.wp.com\\\/elhijodelllanero.mx\\\/wp-content\\\/uploads\\\/2026\\\/04\\\/IMG_9361.jpeg?fit=2048%2C1366&ssl=1\",\"articleSection\":[\"APASEO EL GRANDE\",\"MUNICIPIOS\"],\"inLanguage\":\"es\",\"potentialAction\":[{\"@type\":\"CommentAction\",\"name\":\"Comment\",\"target\":[\"https:\\\/\\\/elhijodelllanero.mx\\\/index.php\\\/2026\\\/04\\\/28\\\/apaseo-alista-cierre-de-tiradero-y-nuevo-centro-de-residuos\\\/#respond\"]}]},{\"@type\":\"WebPage\",\"@id\":\"https:\\\/\\\/elhijodelllanero.mx\\\/index.php\\\/2026\\\/04\\\/28\\\/apaseo-alista-cierre-de-tiradero-y-nuevo-centro-de-residuos\\\/\",\"url\":\"https:\\\/\\\/elhijodelllanero.mx\\\/index.php\\\/2026\\\/04\\\/28\\\/apaseo-alista-cierre-de-tiradero-y-nuevo-centro-de-residuos\\\/\",\"name\":\"Apaseo alista cierre de tiradero y nuevo centro de residuos. - El Hijo del llanero solititito\",\"isPartOf\":{\"@id\":\"https:\\\/\\\/elhijodelllanero.mx\\\/#website\"},\"primaryImageOfPage\":{\"@id\":\"https:\\\/\\\/elhijodelllanero.mx\\\/index.php\\\/2026\\\/04\\\/28\\\/apaseo-alista-cierre-de-tiradero-y-nuevo-centro-de-residuos\\\/#primaryimage\"},\"image\":{\"@id\":\"https:\\\/\\\/elhijodelllanero.mx\\\/index.php\\\/2026\\\/04\\\/28\\\/apaseo-alista-cierre-de-tiradero-y-nuevo-centro-de-residuos\\\/#primaryimage\"},\"thumbnailUrl\":\"https:\\\/\\\/i0.wp.com\\\/elhijodelllanero.mx\\\/wp-content\\\/uploads\\\/2026\\\/04\\\/IMG_9361.jpeg?fit=2048%2C1366&ssl=1\",\"datePublished\":\"2026-04-28T19:23:04+00:00\",\"dateModified\":\"2026-04-28T19:25:51+00:00\",\"author\":{\"@id\":\"https:\\\/\\\/elhijodelllanero.mx\\\/#\\\/schema\\\/person\\\/c7f8c86c55c1eab44ae2b93a9628245f\"},\"breadcrumb\":{\"@id\":\"https:\\\/\\\/elhijodelllanero.mx\\\/index.php\\\/2026\\\/04\\\/28\\\/apaseo-alista-cierre-de-tiradero-y-nuevo-centro-de-residuos\\\/#breadcrumb\"},\"inLanguage\":\"es\",\"potentialAction\":[{\"@type\":\"ReadAction\",\"target\":[\"https:\\\/\\\/elhijodelllanero.mx\\\/index.php\\\/2026\\\/04\\\/28\\\/apaseo-alista-cierre-de-tiradero-y-nuevo-centro-de-residuos\\\/\"]}]},{\"@type\":\"ImageObject\",\"inLanguage\":\"es\",\"@id\":\"https:\\\/\\\/elhijodelllanero.mx\\\/index.php\\\/2026\\\/04\\\/28\\\/apaseo-alista-cierre-de-tiradero-y-nuevo-centro-de-residuos\\\/#primaryimage\",\"url\":\"https:\\\/\\\/i0.wp.com\\\/elhijodelllanero.mx\\\/wp-content\\\/uploads\\\/2026\\\/04\\\/IMG_9361.jpeg?fit=2048%2C1366&ssl=1\",\"contentUrl\":\"https:\\\/\\\/i0.wp.com\\\/elhijodelllanero.mx\\\/wp-content\\\/uploads\\\/2026\\\/04\\\/IMG_9361.jpeg?fit=2048%2C1366&ssl=1\",\"width\":2048,\"height\":1366},{\"@type\":\"BreadcrumbList\",\"@id\":\"https:\\\/\\\/elhijodelllanero.mx\\\/index.php\\\/2026\\\/04\\\/28\\\/apaseo-alista-cierre-de-tiradero-y-nuevo-centro-de-residuos\\\/#breadcrumb\",\"itemListElement\":[{\"@type\":\"ListItem\",\"position\":1,\"name\":\"Portada\",\"item\":\"https:\\\/\\\/elhijodelllanero.mx\\\/\"},{\"@type\":\"ListItem\",\"position\":2,\"name\":\"Apaseo alista cierre de tiradero y nuevo centro de residuos.\"}]},{\"@type\":\"WebSite\",\"@id\":\"https:\\\/\\\/elhijodelllanero.mx\\\/#website\",\"url\":\"https:\\\/\\\/elhijodelllanero.mx\\\/\",\"name\":\"El Hijo del llanero solititito\",\"description\":\"\",\"potentialAction\":[{\"@type\":\"SearchAction\",\"target\":{\"@type\":\"EntryPoint\",\"urlTemplate\":\"https:\\\/\\\/elhijodelllanero.mx\\\/?s={search_term_string}\"},\"query-input\":{\"@type\":\"PropertyValueSpecification\",\"valueRequired\":true,\"valueName\":\"search_term_string\"}}],\"inLanguage\":\"es\"},{\"@type\":\"Person\",\"@id\":\"https:\\\/\\\/elhijodelllanero.mx\\\/#\\\/schema\\\/person\\\/c7f8c86c55c1eab44ae2b93a9628245f\",\"name\":\"Mar\u00eda de la Paz Rodarte Ram\u00edrez\",\"image\":{\"@type\":\"ImageObject\",\"inLanguage\":\"es\",\"@id\":\"https:\\\/\\\/secure.gravatar.com\\\/avatar\\\/1f38f8518b09a266af73da2bce78d69e7d1275299970134ed62f572e0487e1d0?s=96&d=mm&r=g\",\"url\":\"https:\\\/\\\/secure.gravatar.com\\\/avatar\\\/1f38f8518b09a266af73da2bce78d69e7d1275299970134ed62f572e0487e1d0?s=96&d=mm&r=g\",\"contentUrl\":\"https:\\\/\\\/secure.gravatar.com\\\/avatar\\\/1f38f8518b09a266af73da2bce78d69e7d1275299970134ed62f572e0487e1d0?s=96&d=mm&r=g\",\"caption\":\"Mar\u00eda de la Paz Rodarte Ram\u00edrez\"},\"sameAs\":[\"https:\\\/\\\/www.elhijodelllanero.mx\"],\"url\":\"https:\\\/\\\/elhijodelllanero.mx\\\/index.php\\\/author\\\/maricuas\\\/\"}]}<\/script>\n<!-- \/ Yoast SEO plugin. -->","yoast_head_json":{"title":"Apaseo alista cierre de tiradero y nuevo centro de residuos. - El Hijo del llanero solititito","robots":{"index":"index","follow":"follow","max-snippet":"max-snippet:-1","max-image-preview":"max-image-preview:large","max-video-preview":"max-video-preview:-1"},"canonical":"https:\/\/elhijodelllanero.mx\/index.php\/2026\/04\/28\/apaseo-alista-cierre-de-tiradero-y-nuevo-centro-de-residuos\/","og_locale":"es_ES","og_type":"article","og_title":"Apaseo alista cierre de tiradero y nuevo centro de residuos. - El Hijo del llanero solititito","og_description":"Apaseo el Grande, Gto. 28 de abril del 2026.- El municipio de Apaseo el Grande avanza en la clausura del actual tiradero municipal y, de manera paralela, proyecta la creaci\u00f3n de un Centro de Manejo Integral de Residuos (CEMIR), inform\u00f3 el director de Obras P\u00fablicas, Marcos Ornelas, porque aparentemente descubrir que un basurero no debe [&hellip;]","og_url":"https:\/\/elhijodelllanero.mx\/index.php\/2026\/04\/28\/apaseo-alista-cierre-de-tiradero-y-nuevo-centro-de-residuos\/","og_site_name":"El Hijo del llanero solititito","article_published_time":"2026-04-28T19:23:04+00:00","article_modified_time":"2026-04-28T19:25:51+00:00","og_image":[{"width":2048,"height":1366,"url":"https:\/\/elhijodelllanero.mx\/wp-content\/uploads\/2026\/04\/IMG_9361.jpeg","type":"image\/jpeg"}],"author":"Mar\u00eda de la Paz Rodarte Ram\u00edrez","twitter_card":"summary_large_image","twitter_misc":{"Escrito por":"Mar\u00eda de la Paz Rodarte Ram\u00edrez","Tiempo de lectura":"2 minutos"},"schema":{"@context":"https:\/\/schema.org","@graph":[{"@type":"Article","@id":"https:\/\/elhijodelllanero.mx\/index.php\/2026\/04\/28\/apaseo-alista-cierre-de-tiradero-y-nuevo-centro-de-residuos\/#article","isPartOf":{"@id":"https:\/\/elhijodelllanero.mx\/index.php\/2026\/04\/28\/apaseo-alista-cierre-de-tiradero-y-nuevo-centro-de-residuos\/"},"author":{"name":"Mar\u00eda de la Paz Rodarte Ram\u00edrez","@id":"https:\/\/elhijodelllanero.mx\/#\/schema\/person\/c7f8c86c55c1eab44ae2b93a9628245f"},"headline":"Apaseo alista cierre de tiradero y nuevo centro de residuos.","datePublished":"2026-04-28T19:23:04+00:00","dateModified":"2026-04-28T19:25:51+00:00","mainEntityOfPage":{"@id":"https:\/\/elhijodelllanero.mx\/index.php\/2026\/04\/28\/apaseo-alista-cierre-de-tiradero-y-nuevo-centro-de-residuos\/"},"wordCount":225,"commentCount":0,"image":{"@id":"https:\/\/elhijodelllanero.mx\/index.php\/2026\/04\/28\/apaseo-alista-cierre-de-tiradero-y-nuevo-centro-de-residuos\/#primaryimage"},"thumbnailUrl":"https:\/\/i0.wp.com\/elhijodelllanero.mx\/wp-content\/uploads\/2026\/04\/IMG_9361.jpeg?fit=2048%2C1366&ssl=1","articleSection":["APASEO EL GRANDE","MUNICIPIOS"],"inLanguage":"es","potentialAction":[{"@type":"CommentAction","name":"Comment","target":["https:\/\/elhijodelllanero.mx\/index.php\/2026\/04\/28\/apaseo-alista-cierre-de-tiradero-y-nuevo-centro-de-residuos\/#respond"]}]},{"@type":"WebPage","@id":"https:\/\/elhijodelllanero.mx\/index.php\/2026\/04\/28\/apaseo-alista-cierre-de-tiradero-y-nuevo-centro-de-residuos\/","url":"https:\/\/elhijodelllanero.mx\/index.php\/2026\/04\/28\/apaseo-alista-cierre-de-tiradero-y-nuevo-centro-de-residuos\/","name":"Apaseo alista cierre de tiradero y nuevo centro de residuos. - El Hijo del llanero solititito","isPartOf":{"@id":"https:\/\/elhijodelllanero.mx\/#website"},"primaryImageOfPage":{"@id":"https:\/\/elhijodelllanero.mx\/index.php\/2026\/04\/28\/apaseo-alista-cierre-de-tiradero-y-nuevo-centro-de-residuos\/#primaryimage"},"image":{"@id":"https:\/\/elhijodelllanero.mx\/index.php\/2026\/04\/28\/apaseo-alista-cierre-de-tiradero-y-nuevo-centro-de-residuos\/#primaryimage"},"thumbnailUrl":"https:\/\/i0.wp.com\/elhijodelllanero.mx\/wp-content\/uploads\/2026\/04\/IMG_9361.jpeg?fit=2048%2C1366&ssl=1","datePublished":"2026-04-28T19:23:04+00:00","dateModified":"2026-04-28T19:25:51+00:00","author":{"@id":"https:\/\/elhijodelllanero.mx\/#\/schema\/person\/c7f8c86c55c1eab44ae2b93a9628245f"},"breadcrumb":{"@id":"https:\/\/elhijodelllanero.mx\/index.php\/2026\/04\/28\/apaseo-alista-cierre-de-tiradero-y-nuevo-centro-de-residuos\/#breadcrumb"},"inLanguage":"es","potentialAction":[{"@type":"ReadAction","target":["https:\/\/elhijodelllanero.mx\/index.php\/2026\/04\/28\/apaseo-alista-cierre-de-tiradero-y-nuevo-centro-de-residuos\/"]}]},{"@type":"ImageObject","inLanguage":"es","@id":"https:\/\/elhijodelllanero.mx\/index.php\/2026\/04\/28\/apaseo-alista-cierre-de-tiradero-y-nuevo-centro-de-residuos\/#primaryimage","url":"https:\/\/i0.wp.com\/elhijodelllanero.mx\/wp-content\/uploads\/2026\/04\/IMG_9361.jpeg?fit=2048%2C1366&ssl=1","contentUrl":"https:\/\/i0.wp.com\/elhijodelllanero.mx\/wp-content\/uploads\/2026\/04\/IMG_9361.jpeg?fit=2048%2C1366&ssl=1","width":2048,"height":1366},{"@type":"BreadcrumbList","@id":"https:\/\/elhijodelllanero.mx\/index.php\/2026\/04\/28\/apaseo-alista-cierre-de-tiradero-y-nuevo-centro-de-residuos\/#breadcrumb","itemListElement":[{"@type":"ListItem","position":1,"name":"Portada","item":"https:\/\/elhijodelllanero.mx\/"},{"@type":"ListItem","position":2,"name":"Apaseo alista cierre de tiradero y nuevo centro de residuos."}]},{"@type":"WebSite","@id":"https:\/\/elhijodelllanero.mx\/#website","url":"https:\/\/elhijodelllanero.mx\/","name":"El Hijo del llanero solititito","description":"","potentialAction":[{"@type":"SearchAction","target":{"@type":"EntryPoint","urlTemplate":"https:\/\/elhijodelllanero.mx\/?s={search_term_string}"},"query-input":{"@type":"PropertyValueSpecification","valueRequired":true,"valueName":"search_term_string"}}],"inLanguage":"es"},{"@type":"Person","@id":"https:\/\/elhijodelllanero.mx\/#\/schema\/person\/c7f8c86c55c1eab44ae2b93a9628245f","name":"Mar\u00eda de la Paz Rodarte Ram\u00edrez","image":{"@type":"ImageObject","inLanguage":"es","@id":"https:\/\/secure.gravatar.com\/avatar\/1f38f8518b09a266af73da2bce78d69e7d1275299970134ed62f572e0487e1d0?s=96&d=mm&r=g","url":"https:\/\/secure.gravatar.com\/avatar\/1f38f8518b09a266af73da2bce78d69e7d1275299970134ed62f572e0487e1d0?s=96&d=mm&r=g","contentUrl":"https:\/\/secure.gravatar.com\/avatar\/1f38f8518b09a266af73da2bce78d69e7d1275299970134ed62f572e0487e1d0?s=96&d=mm&r=g","caption":"Mar\u00eda de la Paz Rodarte Ram\u00edrez"},"sameAs":["https:\/\/www.elhijodelllanero.mx"],"url":"https:\/\/elhijodelllanero.mx\/index.php\/author\/maricuas\/"}]}},"jetpack_featured_media_url":"https:\/\/i0.wp.com\/elhijodelllanero.mx\/wp-content\/uploads\/2026\/04\/IMG_9361.jpeg?fit=2048%2C1366&ssl=1","jetpack-related-posts":[],"jetpack_sharing_enabled":true,"_links":{"self":[{"href":"https:\/\/elhijodelllanero.mx\/index.php\/wp-json\/wp\/v2\/posts\/14190","targetHints":{"allow":["GET"]}}],"collection":[{"href":"https:\/\/elhijodelllanero.mx\/index.php\/wp-json\/wp\/v2\/posts"}],"about":[{"href":"https:\/\/elhijodelllanero.mx\/index.php\/wp-json\/wp\/v2\/types\/post"}],"author":[{"embeddable":true,"href":"https:\/\/elhijodelllanero.mx\/index.php\/wp-json\/wp\/v2\/users\/3"}],"replies":[{"embeddable":true,"href":"https:\/\/elhijodelllanero.mx\/index.php\/wp-json\/wp\/v2\/comments?post=14190"}],"version-history":[{"count":1,"href":"https:\/\/elhijodelllanero.mx\/index.php\/wp-json\/wp\/v2\/posts\/14190\/revisions"}],"predecessor-version":[{"id":14191,"href":"https:\/\/elhijodelllanero.mx\/index.php\/wp-json\/wp\/v2\/posts\/14190\/revisions\/14191"}],"wp:featuredmedia":[{"embeddable":true,"href":"https:\/\/elhijodelllanero.mx\/index.php\/wp-json\/wp\/v2\/media\/14124"}],"wp:attachment":[{"href":"https:\/\/elhijodelllanero.mx\/index.php\/wp-json\/wp\/v2\/media?parent=14190"}],"wp:term":[{"taxonomy":"category","embeddable":true,"href":"https:\/\/elhijodelllanero.mx\/index.php\/wp-json\/wp\/v2\/categories?post=14190"},{"taxonomy":"post_tag","embeddable":true,"href":"https:\/\/elhijodelllanero.mx\/index.php\/wp-json\/wp\/v2\/tags?post=14190"}],"curies":[{"name":"wp","href":"https:\/\/api.w.org\/{rel}","templated":true}]}}