{"id":14192,"date":"2026-04-28T14:12:07","date_gmt":"2026-04-28T20:12:07","guid":{"rendered":"https:\/\/elhijodelllanero.mx\/?p=14192"},"modified":"2026-04-28T14:12:07","modified_gmt":"2026-04-28T20:12:07","slug":"sancionan-a-policias-por-danos-en-fuente-de-presidencia","status":"publish","type":"post","link":"https:\/\/elhijodelllanero.mx\/index.php\/2026\/04\/28\/sancionan-a-policias-por-danos-en-fuente-de-presidencia\/","title":{"rendered":"Sancionan a polic\u00edas por da\u00f1os en fuente de Presidencia."},"content":{"rendered":"<p>Celaya, Gto.28 de abril del 2026.- Los elementos de la Polic\u00eda Municipal que se encontraban de guardia en Presidencia Municipal durante el incidente en el que un hombre da\u00f1\u00f3 la fuente del patio interior fueron sancionados por falta de reacci\u00f3n inmediata, confirm\u00f3 el director de la corporaci\u00f3n, Rafael Cajero. Porque vigilar y reaccionar, al parecer, segu\u00eda siendo opcional.<\/p>\n<p>El funcionario explic\u00f3 que el responsable fue puesto a disposici\u00f3n de la Fiscal\u00eda General del Estado y que adem\u00e1s el municipio present\u00f3 la denuncia correspondiente por los da\u00f1os ocasionados al patrimonio municipal.<\/p>\n<p>\u201cSon sancionados estos elementos al interior de la Policia Municipal, es un tema que no dejo pasar los elementos est\u00e1n para servir, para actuar de manera inmediata como siempre lo hacen, pero ante un descuido pues igual, no pasa desapercibido. S\u00ed, la sanci\u00f3n no la puedo comunicar \u00bfpero es baja? No, no es baja baja, una falta de pericia de los elementos que deben de estar m\u00e1s alertas\u201d.<\/p>\n<p>Cajero precis\u00f3 que los oficiales no eran de nuevo ingreso, ya que contaban con experiencia previa y anteriormente ya hab\u00edan prestado servicio en Presidencia Municipal. Los elementos pertenecen a la Polic\u00eda Auxiliar, encargada de resguardar distintos inmuebles del municipio.<\/p>\n<p>Sobre los protocolos de seguridad, se\u00f1al\u00f3 que estos ya est\u00e1n establecidos y que el monitoreo de c\u00e1maras contin\u00faa bajo supervisi\u00f3n del C4, aunque tambi\u00e9n el personal dentro del inmueble tiene acceso a las im\u00e1genes para observar accesos y movimientos.<\/p>\n<p>\u201cLos protocolos de seguridad est\u00e1n establecidos como en cualquier lugar, sin embargo, el ser humano pues por su naturaleza en algunas ocasiones no la cumple al pie de la letra, los elementos son que deban estar no hay un incremento pero s\u00ed se toman algunas medidas de supervisi\u00f3n m\u00e1s m\u00e1s continuas ante todos los servicios. Ya tenemos algunos reportes de esta persona ayer les coment\u00e9 que no ten\u00eda reportes pero ya analizando y checando los antecedentes, pues s\u00ed ten\u00eda algunos algunos otros reportes de esta persona que se encontraba incluso algunos insultos en la calle este nada m\u00e1s entonces ya tenemos esa informaci\u00f3n, no tenemos la comisi\u00f3n de un delito anteriormente\u201d.<\/p>\n","protected":false},"excerpt":{"rendered":"<p>Celaya, Gto.28 de abril del 2026.- Los elementos de la Polic\u00eda Municipal que se encontraban de guardia en Presidencia Municipal durante el incidente en el que un hombre da\u00f1\u00f3 la fuente del patio interior fueron sancionados por falta de reacci\u00f3n inmediata, confirm\u00f3 el director de la corporaci\u00f3n, Rafael Cajero. Porque vigilar y reaccionar, al parecer, [&hellip;]<\/p>\n","protected":false},"author":3,"featured_media":14193,"comment_status":"open","ping_status":"closed","sticky":false,"template":"","format":"standard","meta":{"_jetpack_newsletter_access":"","_jetpack_dont_email_post_to_subs":false,"_jetpack_newsletter_tier_id":0,"_jetpack_memberships_contains_paywalled_content":false,"_jetpack_memberships_contains_paid_content":false,"footnotes":""},"categories":[74],"tags":[],"class_list":{"0":"post-14192","1":"post","2":"type-post","3":"status-publish","4":"format-standard","5":"has-post-thumbnail","7":"category-celaya"},"yoast_head":"<!-- This site is optimized with the Yoast SEO plugin v27.3 - https:\/\/yoast.com\/product\/yoast-seo-wordpress\/ -->\n<title>Sancionan a polic\u00edas por da\u00f1os en fuente de Presidencia. - El Hijo del llanero solititito<\/title>\n<meta name=\"robots\" content=\"index, follow, max-snippet:-1, max-image-preview:large, max-video-preview:-1\" \/>\n<link rel=\"canonical\" href=\"https:\/\/elhijodelllanero.mx\/index.php\/2026\/04\/28\/sancionan-a-policias-por-danos-en-fuente-de-presidencia\/\" \/>\n<meta property=\"og:locale\" content=\"es_ES\" \/>\n<meta property=\"og:type\" content=\"article\" \/>\n<meta property=\"og:title\" content=\"Sancionan a polic\u00edas por da\u00f1os en fuente de Presidencia. - El Hijo del llanero solititito\" \/>\n<meta property=\"og:description\" content=\"Celaya, Gto.28 de abril del 2026.- Los elementos de la Polic\u00eda Municipal que se encontraban de guardia en Presidencia Municipal durante el incidente en el que un hombre da\u00f1\u00f3 la fuente del patio interior fueron sancionados por falta de reacci\u00f3n inmediata, confirm\u00f3 el director de la corporaci\u00f3n, Rafael Cajero. Porque vigilar y reaccionar, al parecer, [&hellip;]\" \/>\n<meta property=\"og:url\" content=\"https:\/\/elhijodelllanero.mx\/index.php\/2026\/04\/28\/sancionan-a-policias-por-danos-en-fuente-de-presidencia\/\" \/>\n<meta property=\"og:site_name\" content=\"El Hijo del llanero solititito\" \/>\n<meta property=\"article:published_time\" content=\"2026-04-28T20:12:07+00:00\" \/>\n<meta property=\"og:image\" content=\"https:\/\/elhijodelllanero.mx\/wp-content\/uploads\/2026\/04\/6176d853-5f35-4e37-8fb1-ecf71182abb7.jpeg\" \/>\n\t<meta property=\"og:image:width\" content=\"1600\" \/>\n\t<meta property=\"og:image:height\" content=\"1200\" \/>\n\t<meta property=\"og:image:type\" content=\"image\/jpeg\" \/>\n<meta name=\"author\" content=\"Mar\u00eda de la Paz Rodarte Ram\u00edrez\" \/>\n<meta name=\"twitter:card\" content=\"summary_large_image\" \/>\n<meta name=\"twitter:label1\" content=\"Escrito por\" \/>\n\t<meta name=\"twitter:data1\" content=\"Mar\u00eda de la Paz Rodarte Ram\u00edrez\" \/>\n\t<meta name=\"twitter:label2\" content=\"Tiempo de lectura\" \/>\n\t<meta name=\"twitter:data2\" content=\"2 minutos\" \/>\n<script type=\"application\/ld+json\" class=\"yoast-schema-graph\">{\"@context\":\"https:\\\/\\\/schema.org\",\"@graph\":[{\"@type\":\"Article\",\"@id\":\"https:\\\/\\\/elhijodelllanero.mx\\\/index.php\\\/2026\\\/04\\\/28\\\/sancionan-a-policias-por-danos-en-fuente-de-presidencia\\\/#article\",\"isPartOf\":{\"@id\":\"https:\\\/\\\/elhijodelllanero.mx\\\/index.php\\\/2026\\\/04\\\/28\\\/sancionan-a-policias-por-danos-en-fuente-de-presidencia\\\/\"},\"author\":{\"name\":\"Mar\u00eda de la Paz Rodarte Ram\u00edrez\",\"@id\":\"https:\\\/\\\/elhijodelllanero.mx\\\/#\\\/schema\\\/person\\\/c7f8c86c55c1eab44ae2b93a9628245f\"},\"headline\":\"Sancionan a polic\u00edas por da\u00f1os en fuente de Presidencia.\",\"datePublished\":\"2026-04-28T20:12:07+00:00\",\"mainEntityOfPage\":{\"@id\":\"https:\\\/\\\/elhijodelllanero.mx\\\/index.php\\\/2026\\\/04\\\/28\\\/sancionan-a-policias-por-danos-en-fuente-de-presidencia\\\/\"},\"wordCount\":387,\"commentCount\":0,\"image\":{\"@id\":\"https:\\\/\\\/elhijodelllanero.mx\\\/index.php\\\/2026\\\/04\\\/28\\\/sancionan-a-policias-por-danos-en-fuente-de-presidencia\\\/#primaryimage\"},\"thumbnailUrl\":\"https:\\\/\\\/i0.wp.com\\\/elhijodelllanero.mx\\\/wp-content\\\/uploads\\\/2026\\\/04\\\/6176d853-5f35-4e37-8fb1-ecf71182abb7.jpeg?fit=1600%2C1200&ssl=1\",\"articleSection\":[\"CELAYA\"],\"inLanguage\":\"es\",\"potentialAction\":[{\"@type\":\"CommentAction\",\"name\":\"Comment\",\"target\":[\"https:\\\/\\\/elhijodelllanero.mx\\\/index.php\\\/2026\\\/04\\\/28\\\/sancionan-a-policias-por-danos-en-fuente-de-presidencia\\\/#respond\"]}]},{\"@type\":\"WebPage\",\"@id\":\"https:\\\/\\\/elhijodelllanero.mx\\\/index.php\\\/2026\\\/04\\\/28\\\/sancionan-a-policias-por-danos-en-fuente-de-presidencia\\\/\",\"url\":\"https:\\\/\\\/elhijodelllanero.mx\\\/index.php\\\/2026\\\/04\\\/28\\\/sancionan-a-policias-por-danos-en-fuente-de-presidencia\\\/\",\"name\":\"Sancionan a polic\u00edas por da\u00f1os en fuente de Presidencia. - El Hijo del llanero solititito\",\"isPartOf\":{\"@id\":\"https:\\\/\\\/elhijodelllanero.mx\\\/#website\"},\"primaryImageOfPage\":{\"@id\":\"https:\\\/\\\/elhijodelllanero.mx\\\/index.php\\\/2026\\\/04\\\/28\\\/sancionan-a-policias-por-danos-en-fuente-de-presidencia\\\/#primaryimage\"},\"image\":{\"@id\":\"https:\\\/\\\/elhijodelllanero.mx\\\/index.php\\\/2026\\\/04\\\/28\\\/sancionan-a-policias-por-danos-en-fuente-de-presidencia\\\/#primaryimage\"},\"thumbnailUrl\":\"https:\\\/\\\/i0.wp.com\\\/elhijodelllanero.mx\\\/wp-content\\\/uploads\\\/2026\\\/04\\\/6176d853-5f35-4e37-8fb1-ecf71182abb7.jpeg?fit=1600%2C1200&ssl=1\",\"datePublished\":\"2026-04-28T20:12:07+00:00\",\"author\":{\"@id\":\"https:\\\/\\\/elhijodelllanero.mx\\\/#\\\/schema\\\/person\\\/c7f8c86c55c1eab44ae2b93a9628245f\"},\"breadcrumb\":{\"@id\":\"https:\\\/\\\/elhijodelllanero.mx\\\/index.php\\\/2026\\\/04\\\/28\\\/sancionan-a-policias-por-danos-en-fuente-de-presidencia\\\/#breadcrumb\"},\"inLanguage\":\"es\",\"potentialAction\":[{\"@type\":\"ReadAction\",\"target\":[\"https:\\\/\\\/elhijodelllanero.mx\\\/index.php\\\/2026\\\/04\\\/28\\\/sancionan-a-policias-por-danos-en-fuente-de-presidencia\\\/\"]}]},{\"@type\":\"ImageObject\",\"inLanguage\":\"es\",\"@id\":\"https:\\\/\\\/elhijodelllanero.mx\\\/index.php\\\/2026\\\/04\\\/28\\\/sancionan-a-policias-por-danos-en-fuente-de-presidencia\\\/#primaryimage\",\"url\":\"https:\\\/\\\/i0.wp.com\\\/elhijodelllanero.mx\\\/wp-content\\\/uploads\\\/2026\\\/04\\\/6176d853-5f35-4e37-8fb1-ecf71182abb7.jpeg?fit=1600%2C1200&ssl=1\",\"contentUrl\":\"https:\\\/\\\/i0.wp.com\\\/elhijodelllanero.mx\\\/wp-content\\\/uploads\\\/2026\\\/04\\\/6176d853-5f35-4e37-8fb1-ecf71182abb7.jpeg?fit=1600%2C1200&ssl=1\",\"width\":1600,\"height\":1200},{\"@type\":\"BreadcrumbList\",\"@id\":\"https:\\\/\\\/elhijodelllanero.mx\\\/index.php\\\/2026\\\/04\\\/28\\\/sancionan-a-policias-por-danos-en-fuente-de-presidencia\\\/#breadcrumb\",\"itemListElement\":[{\"@type\":\"ListItem\",\"position\":1,\"name\":\"Portada\",\"item\":\"https:\\\/\\\/elhijodelllanero.mx\\\/\"},{\"@type\":\"ListItem\",\"position\":2,\"name\":\"Sancionan a polic\u00edas por da\u00f1os en fuente de Presidencia.\"}]},{\"@type\":\"WebSite\",\"@id\":\"https:\\\/\\\/elhijodelllanero.mx\\\/#website\",\"url\":\"https:\\\/\\\/elhijodelllanero.mx\\\/\",\"name\":\"El Hijo del llanero solititito\",\"description\":\"\",\"potentialAction\":[{\"@type\":\"SearchAction\",\"target\":{\"@type\":\"EntryPoint\",\"urlTemplate\":\"https:\\\/\\\/elhijodelllanero.mx\\\/?s={search_term_string}\"},\"query-input\":{\"@type\":\"PropertyValueSpecification\",\"valueRequired\":true,\"valueName\":\"search_term_string\"}}],\"inLanguage\":\"es\"},{\"@type\":\"Person\",\"@id\":\"https:\\\/\\\/elhijodelllanero.mx\\\/#\\\/schema\\\/person\\\/c7f8c86c55c1eab44ae2b93a9628245f\",\"name\":\"Mar\u00eda de la Paz Rodarte Ram\u00edrez\",\"image\":{\"@type\":\"ImageObject\",\"inLanguage\":\"es\",\"@id\":\"https:\\\/\\\/secure.gravatar.com\\\/avatar\\\/1f38f8518b09a266af73da2bce78d69e7d1275299970134ed62f572e0487e1d0?s=96&d=mm&r=g\",\"url\":\"https:\\\/\\\/secure.gravatar.com\\\/avatar\\\/1f38f8518b09a266af73da2bce78d69e7d1275299970134ed62f572e0487e1d0?s=96&d=mm&r=g\",\"contentUrl\":\"https:\\\/\\\/secure.gravatar.com\\\/avatar\\\/1f38f8518b09a266af73da2bce78d69e7d1275299970134ed62f572e0487e1d0?s=96&d=mm&r=g\",\"caption\":\"Mar\u00eda de la Paz Rodarte Ram\u00edrez\"},\"sameAs\":[\"https:\\\/\\\/www.elhijodelllanero.mx\"],\"url\":\"https:\\\/\\\/elhijodelllanero.mx\\\/index.php\\\/author\\\/maricuas\\\/\"}]}<\/script>\n<!-- \/ Yoast SEO plugin. -->","yoast_head_json":{"title":"Sancionan a polic\u00edas por da\u00f1os en fuente de Presidencia. - El Hijo del llanero solititito","robots":{"index":"index","follow":"follow","max-snippet":"max-snippet:-1","max-image-preview":"max-image-preview:large","max-video-preview":"max-video-preview:-1"},"canonical":"https:\/\/elhijodelllanero.mx\/index.php\/2026\/04\/28\/sancionan-a-policias-por-danos-en-fuente-de-presidencia\/","og_locale":"es_ES","og_type":"article","og_title":"Sancionan a polic\u00edas por da\u00f1os en fuente de Presidencia. - El Hijo del llanero solititito","og_description":"Celaya, Gto.28 de abril del 2026.- Los elementos de la Polic\u00eda Municipal que se encontraban de guardia en Presidencia Municipal durante el incidente en el que un hombre da\u00f1\u00f3 la fuente del patio interior fueron sancionados por falta de reacci\u00f3n inmediata, confirm\u00f3 el director de la corporaci\u00f3n, Rafael Cajero. Porque vigilar y reaccionar, al parecer, [&hellip;]","og_url":"https:\/\/elhijodelllanero.mx\/index.php\/2026\/04\/28\/sancionan-a-policias-por-danos-en-fuente-de-presidencia\/","og_site_name":"El Hijo del llanero solititito","article_published_time":"2026-04-28T20:12:07+00:00","og_image":[{"width":1600,"height":1200,"url":"https:\/\/elhijodelllanero.mx\/wp-content\/uploads\/2026\/04\/6176d853-5f35-4e37-8fb1-ecf71182abb7.jpeg","type":"image\/jpeg"}],"author":"Mar\u00eda de la Paz Rodarte Ram\u00edrez","twitter_card":"summary_large_image","twitter_misc":{"Escrito por":"Mar\u00eda de la Paz Rodarte Ram\u00edrez","Tiempo de lectura":"2 minutos"},"schema":{"@context":"https:\/\/schema.org","@graph":[{"@type":"Article","@id":"https:\/\/elhijodelllanero.mx\/index.php\/2026\/04\/28\/sancionan-a-policias-por-danos-en-fuente-de-presidencia\/#article","isPartOf":{"@id":"https:\/\/elhijodelllanero.mx\/index.php\/2026\/04\/28\/sancionan-a-policias-por-danos-en-fuente-de-presidencia\/"},"author":{"name":"Mar\u00eda de la Paz Rodarte Ram\u00edrez","@id":"https:\/\/elhijodelllanero.mx\/#\/schema\/person\/c7f8c86c55c1eab44ae2b93a9628245f"},"headline":"Sancionan a polic\u00edas por da\u00f1os en fuente de Presidencia.","datePublished":"2026-04-28T20:12:07+00:00","mainEntityOfPage":{"@id":"https:\/\/elhijodelllanero.mx\/index.php\/2026\/04\/28\/sancionan-a-policias-por-danos-en-fuente-de-presidencia\/"},"wordCount":387,"commentCount":0,"image":{"@id":"https:\/\/elhijodelllanero.mx\/index.php\/2026\/04\/28\/sancionan-a-policias-por-danos-en-fuente-de-presidencia\/#primaryimage"},"thumbnailUrl":"https:\/\/i0.wp.com\/elhijodelllanero.mx\/wp-content\/uploads\/2026\/04\/6176d853-5f35-4e37-8fb1-ecf71182abb7.jpeg?fit=1600%2C1200&ssl=1","articleSection":["CELAYA"],"inLanguage":"es","potentialAction":[{"@type":"CommentAction","name":"Comment","target":["https:\/\/elhijodelllanero.mx\/index.php\/2026\/04\/28\/sancionan-a-policias-por-danos-en-fuente-de-presidencia\/#respond"]}]},{"@type":"WebPage","@id":"https:\/\/elhijodelllanero.mx\/index.php\/2026\/04\/28\/sancionan-a-policias-por-danos-en-fuente-de-presidencia\/","url":"https:\/\/elhijodelllanero.mx\/index.php\/2026\/04\/28\/sancionan-a-policias-por-danos-en-fuente-de-presidencia\/","name":"Sancionan a polic\u00edas por da\u00f1os en fuente de Presidencia. - El Hijo del llanero solititito","isPartOf":{"@id":"https:\/\/elhijodelllanero.mx\/#website"},"primaryImageOfPage":{"@id":"https:\/\/elhijodelllanero.mx\/index.php\/2026\/04\/28\/sancionan-a-policias-por-danos-en-fuente-de-presidencia\/#primaryimage"},"image":{"@id":"https:\/\/elhijodelllanero.mx\/index.php\/2026\/04\/28\/sancionan-a-policias-por-danos-en-fuente-de-presidencia\/#primaryimage"},"thumbnailUrl":"https:\/\/i0.wp.com\/elhijodelllanero.mx\/wp-content\/uploads\/2026\/04\/6176d853-5f35-4e37-8fb1-ecf71182abb7.jpeg?fit=1600%2C1200&ssl=1","datePublished":"2026-04-28T20:12:07+00:00","author":{"@id":"https:\/\/elhijodelllanero.mx\/#\/schema\/person\/c7f8c86c55c1eab44ae2b93a9628245f"},"breadcrumb":{"@id":"https:\/\/elhijodelllanero.mx\/index.php\/2026\/04\/28\/sancionan-a-policias-por-danos-en-fuente-de-presidencia\/#breadcrumb"},"inLanguage":"es","potentialAction":[{"@type":"ReadAction","target":["https:\/\/elhijodelllanero.mx\/index.php\/2026\/04\/28\/sancionan-a-policias-por-danos-en-fuente-de-presidencia\/"]}]},{"@type":"ImageObject","inLanguage":"es","@id":"https:\/\/elhijodelllanero.mx\/index.php\/2026\/04\/28\/sancionan-a-policias-por-danos-en-fuente-de-presidencia\/#primaryimage","url":"https:\/\/i0.wp.com\/elhijodelllanero.mx\/wp-content\/uploads\/2026\/04\/6176d853-5f35-4e37-8fb1-ecf71182abb7.jpeg?fit=1600%2C1200&ssl=1","contentUrl":"https:\/\/i0.wp.com\/elhijodelllanero.mx\/wp-content\/uploads\/2026\/04\/6176d853-5f35-4e37-8fb1-ecf71182abb7.jpeg?fit=1600%2C1200&ssl=1","width":1600,"height":1200},{"@type":"BreadcrumbList","@id":"https:\/\/elhijodelllanero.mx\/index.php\/2026\/04\/28\/sancionan-a-policias-por-danos-en-fuente-de-presidencia\/#breadcrumb","itemListElement":[{"@type":"ListItem","position":1,"name":"Portada","item":"https:\/\/elhijodelllanero.mx\/"},{"@type":"ListItem","position":2,"name":"Sancionan a polic\u00edas por da\u00f1os en fuente de Presidencia."}]},{"@type":"WebSite","@id":"https:\/\/elhijodelllanero.mx\/#website","url":"https:\/\/elhijodelllanero.mx\/","name":"El Hijo del llanero solititito","description":"","potentialAction":[{"@type":"SearchAction","target":{"@type":"EntryPoint","urlTemplate":"https:\/\/elhijodelllanero.mx\/?s={search_term_string}"},"query-input":{"@type":"PropertyValueSpecification","valueRequired":true,"valueName":"search_term_string"}}],"inLanguage":"es"},{"@type":"Person","@id":"https:\/\/elhijodelllanero.mx\/#\/schema\/person\/c7f8c86c55c1eab44ae2b93a9628245f","name":"Mar\u00eda de la Paz Rodarte Ram\u00edrez","image":{"@type":"ImageObject","inLanguage":"es","@id":"https:\/\/secure.gravatar.com\/avatar\/1f38f8518b09a266af73da2bce78d69e7d1275299970134ed62f572e0487e1d0?s=96&d=mm&r=g","url":"https:\/\/secure.gravatar.com\/avatar\/1f38f8518b09a266af73da2bce78d69e7d1275299970134ed62f572e0487e1d0?s=96&d=mm&r=g","contentUrl":"https:\/\/secure.gravatar.com\/avatar\/1f38f8518b09a266af73da2bce78d69e7d1275299970134ed62f572e0487e1d0?s=96&d=mm&r=g","caption":"Mar\u00eda de la Paz Rodarte Ram\u00edrez"},"sameAs":["https:\/\/www.elhijodelllanero.mx"],"url":"https:\/\/elhijodelllanero.mx\/index.php\/author\/maricuas\/"}]}},"jetpack_featured_media_url":"https:\/\/i0.wp.com\/elhijodelllanero.mx\/wp-content\/uploads\/2026\/04\/6176d853-5f35-4e37-8fb1-ecf71182abb7.jpeg?fit=1600%2C1200&ssl=1","jetpack-related-posts":[],"jetpack_sharing_enabled":true,"_links":{"self":[{"href":"https:\/\/elhijodelllanero.mx\/index.php\/wp-json\/wp\/v2\/posts\/14192","targetHints":{"allow":["GET"]}}],"collection":[{"href":"https:\/\/elhijodelllanero.mx\/index.php\/wp-json\/wp\/v2\/posts"}],"about":[{"href":"https:\/\/elhijodelllanero.mx\/index.php\/wp-json\/wp\/v2\/types\/post"}],"author":[{"embeddable":true,"href":"https:\/\/elhijodelllanero.mx\/index.php\/wp-json\/wp\/v2\/users\/3"}],"replies":[{"embeddable":true,"href":"https:\/\/elhijodelllanero.mx\/index.php\/wp-json\/wp\/v2\/comments?post=14192"}],"version-history":[{"count":1,"href":"https:\/\/elhijodelllanero.mx\/index.php\/wp-json\/wp\/v2\/posts\/14192\/revisions"}],"predecessor-version":[{"id":14194,"href":"https:\/\/elhijodelllanero.mx\/index.php\/wp-json\/wp\/v2\/posts\/14192\/revisions\/14194"}],"wp:featuredmedia":[{"embeddable":true,"href":"https:\/\/elhijodelllanero.mx\/index.php\/wp-json\/wp\/v2\/media\/14193"}],"wp:attachment":[{"href":"https:\/\/elhijodelllanero.mx\/index.php\/wp-json\/wp\/v2\/media?parent=14192"}],"wp:term":[{"taxonomy":"category","embeddable":true,"href":"https:\/\/elhijodelllanero.mx\/index.php\/wp-json\/wp\/v2\/categories?post=14192"},{"taxonomy":"post_tag","embeddable":true,"href":"https:\/\/elhijodelllanero.mx\/index.php\/wp-json\/wp\/v2\/tags?post=14192"}],"curies":[{"name":"wp","href":"https:\/\/api.w.org\/{rel}","templated":true}]}}