{"id":14198,"date":"2026-04-28T17:36:40","date_gmt":"2026-04-28T23:36:40","guid":{"rendered":"https:\/\/elhijodelllanero.mx\/?p=14198"},"modified":"2026-04-28T17:36:40","modified_gmt":"2026-04-28T23:36:40","slug":"14198","status":"publish","type":"post","link":"https:\/\/elhijodelllanero.mx\/index.php\/2026\/04\/28\/14198\/","title":{"rendered":""},"content":{"rendered":"<p>Ni\u00f1as y ni\u00f1os toman la palabra en Apaseo\u2026\ud83d\udc66\ud83c\udffd\ud83d\ude4c\ud83c\udffd\ud83d\udc67<\/p>\n<p>Apaseo el Grande, Gto. 28 de abril del 2026.-Las ni\u00f1as y los ni\u00f1os demostraron que tambi\u00e9n tienen mucho que decir sobre el presente y futuro de su municipio durante la realizaci\u00f3n del Cabildo Infantil 2026 en Apaseo el Grande, donde asumieron el papel de autoridades municipales para presentar propuestas enfocadas en seguridad, educaci\u00f3n, inclusi\u00f3n y espacios p\u00fablicos dignos.<\/p>\n<p>En esta jornada c\u00edvica, estudiantes de distintas escuelas participaron como regidores, s\u00edndicos y presidente municipal infantil, alzando la voz para pedir calles mejor iluminadas, parques seguros, escuelas en mejores condiciones y m\u00e1s apoyo al deporte y a la ni\u00f1ez con discapacidad.<\/p>\n<p>\u00d3scar Cardozo Pati\u00f1o, representante de las y los participantes, destac\u00f3 que este ejercicio les permiti\u00f3 expresar lo que realmente preocupa a la infancia. \u201cQueremos espacios seguros para jugar, escuelas limpias y calles donde podamos caminar con tranquilidad\u201d, se\u00f1al\u00f3.<\/p>\n<p>La secretaria ejecutiva de SIPINNA municipal, Mariana Carranza Guzm\u00e1n, subray\u00f3 que escuchar a las infancias es fundamental para construir una mejor sociedad, pues sus ideas pueden generar cambios reales desde hoy y no solo en el futuro, porque s\u00ed, a veces los adultos descubren tarde que los ni\u00f1os tambi\u00e9n piensan.<\/p>\n<p>El presidente municipal, Jos\u00e9 Luis \u201cChelis\u201d Oliveros Usabiaga, reconoci\u00f3 la participaci\u00f3n de las y los ediles infantiles y asegur\u00f3 que sus propuestas representan la voz de miles de ni\u00f1as y ni\u00f1os del municipio.<\/p>\n<p>Entre las principales peticiones destacaron mayor seguridad e iluminaci\u00f3n en calles, mantenimiento escolar, mejora de parques y \u00e1reas recreativas, transporte escolar seguro en comunidades alejadas e impulso al deporte y talentos infantiles.<\/p>\n<p>El Cabildo Infantil concluy\u00f3 como un espacio de aprendizaje y participaci\u00f3n donde qued\u00f3 claro que las infencias no solo observan lo que pasa en su entorno, tambi\u00e9n tienen propuestas claras para transformarlo. Porque, sorprendentemente, escuchar suele dar mejores resultados que solo mandar.<\/p>\n","protected":false},"excerpt":{"rendered":"<p>Ni\u00f1as y ni\u00f1os toman la palabra en Apaseo\u2026\ud83d\udc66\ud83c\udffd\ud83d\ude4c\ud83c\udffd\ud83d\udc67 Apaseo el Grande, Gto. 28 de abril del 2026.-Las ni\u00f1as y los ni\u00f1os demostraron que tambi\u00e9n tienen mucho que decir sobre el presente y futuro de su municipio durante la realizaci\u00f3n del Cabildo Infantil 2026 en Apaseo el Grande, donde asumieron el papel de autoridades municipales para [&hellip;]<\/p>\n","protected":false},"author":3,"featured_media":14199,"comment_status":"open","ping_status":"closed","sticky":false,"template":"","format":"standard","meta":{"_jetpack_newsletter_access":"","_jetpack_dont_email_post_to_subs":false,"_jetpack_newsletter_tier_id":0,"_jetpack_memberships_contains_paywalled_content":false,"_jetpack_memberships_contains_paid_content":false,"footnotes":""},"categories":[78,76],"tags":[],"class_list":{"0":"post-14198","1":"post","2":"type-post","3":"status-publish","4":"format-standard","5":"has-post-thumbnail","7":"category-apaseo-el-grande","8":"category-municipios"},"yoast_head":"<!-- This site is optimized with the Yoast SEO plugin v27.3 - https:\/\/yoast.com\/product\/yoast-seo-wordpress\/ -->\n<title>- El Hijo del llanero solititito<\/title>\n<meta name=\"robots\" content=\"index, follow, max-snippet:-1, max-image-preview:large, max-video-preview:-1\" \/>\n<link rel=\"canonical\" href=\"https:\/\/elhijodelllanero.mx\/index.php\/2026\/04\/28\/14198\/\" \/>\n<meta property=\"og:locale\" content=\"es_ES\" \/>\n<meta property=\"og:type\" content=\"article\" \/>\n<meta property=\"og:title\" content=\"- El Hijo del llanero solititito\" \/>\n<meta property=\"og:description\" content=\"Ni\u00f1as y ni\u00f1os toman la palabra en Apaseo\u2026\ud83d\udc66\ud83c\udffd\ud83d\ude4c\ud83c\udffd\ud83d\udc67 Apaseo el Grande, Gto. 28 de abril del 2026.-Las ni\u00f1as y los ni\u00f1os demostraron que tambi\u00e9n tienen mucho que decir sobre el presente y futuro de su municipio durante la realizaci\u00f3n del Cabildo Infantil 2026 en Apaseo el Grande, donde asumieron el papel de autoridades municipales para [&hellip;]\" \/>\n<meta property=\"og:url\" content=\"https:\/\/elhijodelllanero.mx\/index.php\/2026\/04\/28\/14198\/\" \/>\n<meta property=\"og:site_name\" content=\"El Hijo del llanero solititito\" \/>\n<meta property=\"article:published_time\" content=\"2026-04-28T23:36:40+00:00\" \/>\n<meta property=\"og:image\" content=\"https:\/\/elhijodelllanero.mx\/wp-content\/uploads\/2026\/04\/0f93a437-9821-4b84-a17a-5dcb4b4abfe3.jpeg\" \/>\n\t<meta property=\"og:image:width\" content=\"1600\" \/>\n\t<meta property=\"og:image:height\" content=\"1066\" \/>\n\t<meta property=\"og:image:type\" content=\"image\/jpeg\" \/>\n<meta name=\"author\" content=\"Mar\u00eda de la Paz Rodarte Ram\u00edrez\" \/>\n<meta name=\"twitter:card\" content=\"summary_large_image\" \/>\n<meta name=\"twitter:label1\" content=\"Escrito por\" \/>\n\t<meta name=\"twitter:data1\" content=\"Mar\u00eda de la Paz Rodarte Ram\u00edrez\" \/>\n\t<meta name=\"twitter:label2\" content=\"Tiempo de lectura\" \/>\n\t<meta name=\"twitter:data2\" content=\"2 minutos\" \/>\n<script type=\"application\/ld+json\" class=\"yoast-schema-graph\">{\"@context\":\"https:\\\/\\\/schema.org\",\"@graph\":[{\"@type\":\"Article\",\"@id\":\"https:\\\/\\\/elhijodelllanero.mx\\\/index.php\\\/2026\\\/04\\\/28\\\/14198\\\/#article\",\"isPartOf\":{\"@id\":\"https:\\\/\\\/elhijodelllanero.mx\\\/index.php\\\/2026\\\/04\\\/28\\\/14198\\\/\"},\"author\":{\"name\":\"Mar\u00eda de la Paz Rodarte Ram\u00edrez\",\"@id\":\"https:\\\/\\\/elhijodelllanero.mx\\\/#\\\/schema\\\/person\\\/c7f8c86c55c1eab44ae2b93a9628245f\"},\"headline\":\"Sin t\u00edtulo\",\"datePublished\":\"2026-04-28T23:36:40+00:00\",\"mainEntityOfPage\":{\"@id\":\"https:\\\/\\\/elhijodelllanero.mx\\\/index.php\\\/2026\\\/04\\\/28\\\/14198\\\/\"},\"wordCount\":324,\"commentCount\":0,\"image\":{\"@id\":\"https:\\\/\\\/elhijodelllanero.mx\\\/index.php\\\/2026\\\/04\\\/28\\\/14198\\\/#primaryimage\"},\"thumbnailUrl\":\"https:\\\/\\\/i0.wp.com\\\/elhijodelllanero.mx\\\/wp-content\\\/uploads\\\/2026\\\/04\\\/0f93a437-9821-4b84-a17a-5dcb4b4abfe3.jpeg?fit=1600%2C1066&ssl=1\",\"articleSection\":[\"APASEO EL GRANDE\",\"MUNICIPIOS\"],\"inLanguage\":\"es\",\"potentialAction\":[{\"@type\":\"CommentAction\",\"name\":\"Comment\",\"target\":[\"https:\\\/\\\/elhijodelllanero.mx\\\/index.php\\\/2026\\\/04\\\/28\\\/14198\\\/#respond\"]}]},{\"@type\":\"WebPage\",\"@id\":\"https:\\\/\\\/elhijodelllanero.mx\\\/index.php\\\/2026\\\/04\\\/28\\\/14198\\\/\",\"url\":\"https:\\\/\\\/elhijodelllanero.mx\\\/index.php\\\/2026\\\/04\\\/28\\\/14198\\\/\",\"name\":\"- El Hijo del llanero solititito\",\"isPartOf\":{\"@id\":\"https:\\\/\\\/elhijodelllanero.mx\\\/#website\"},\"primaryImageOfPage\":{\"@id\":\"https:\\\/\\\/elhijodelllanero.mx\\\/index.php\\\/2026\\\/04\\\/28\\\/14198\\\/#primaryimage\"},\"image\":{\"@id\":\"https:\\\/\\\/elhijodelllanero.mx\\\/index.php\\\/2026\\\/04\\\/28\\\/14198\\\/#primaryimage\"},\"thumbnailUrl\":\"https:\\\/\\\/i0.wp.com\\\/elhijodelllanero.mx\\\/wp-content\\\/uploads\\\/2026\\\/04\\\/0f93a437-9821-4b84-a17a-5dcb4b4abfe3.jpeg?fit=1600%2C1066&ssl=1\",\"datePublished\":\"2026-04-28T23:36:40+00:00\",\"author\":{\"@id\":\"https:\\\/\\\/elhijodelllanero.mx\\\/#\\\/schema\\\/person\\\/c7f8c86c55c1eab44ae2b93a9628245f\"},\"inLanguage\":\"es\",\"potentialAction\":[{\"@type\":\"ReadAction\",\"target\":[\"https:\\\/\\\/elhijodelllanero.mx\\\/index.php\\\/2026\\\/04\\\/28\\\/14198\\\/\"]}]},{\"@type\":\"ImageObject\",\"inLanguage\":\"es\",\"@id\":\"https:\\\/\\\/elhijodelllanero.mx\\\/index.php\\\/2026\\\/04\\\/28\\\/14198\\\/#primaryimage\",\"url\":\"https:\\\/\\\/i0.wp.com\\\/elhijodelllanero.mx\\\/wp-content\\\/uploads\\\/2026\\\/04\\\/0f93a437-9821-4b84-a17a-5dcb4b4abfe3.jpeg?fit=1600%2C1066&ssl=1\",\"contentUrl\":\"https:\\\/\\\/i0.wp.com\\\/elhijodelllanero.mx\\\/wp-content\\\/uploads\\\/2026\\\/04\\\/0f93a437-9821-4b84-a17a-5dcb4b4abfe3.jpeg?fit=1600%2C1066&ssl=1\",\"width\":1600,\"height\":1066},{\"@type\":\"WebSite\",\"@id\":\"https:\\\/\\\/elhijodelllanero.mx\\\/#website\",\"url\":\"https:\\\/\\\/elhijodelllanero.mx\\\/\",\"name\":\"El Hijo del llanero solititito\",\"description\":\"\",\"potentialAction\":[{\"@type\":\"SearchAction\",\"target\":{\"@type\":\"EntryPoint\",\"urlTemplate\":\"https:\\\/\\\/elhijodelllanero.mx\\\/?s={search_term_string}\"},\"query-input\":{\"@type\":\"PropertyValueSpecification\",\"valueRequired\":true,\"valueName\":\"search_term_string\"}}],\"inLanguage\":\"es\"},{\"@type\":\"Person\",\"@id\":\"https:\\\/\\\/elhijodelllanero.mx\\\/#\\\/schema\\\/person\\\/c7f8c86c55c1eab44ae2b93a9628245f\",\"name\":\"Mar\u00eda de la Paz Rodarte Ram\u00edrez\",\"image\":{\"@type\":\"ImageObject\",\"inLanguage\":\"es\",\"@id\":\"https:\\\/\\\/secure.gravatar.com\\\/avatar\\\/1f38f8518b09a266af73da2bce78d69e7d1275299970134ed62f572e0487e1d0?s=96&d=mm&r=g\",\"url\":\"https:\\\/\\\/secure.gravatar.com\\\/avatar\\\/1f38f8518b09a266af73da2bce78d69e7d1275299970134ed62f572e0487e1d0?s=96&d=mm&r=g\",\"contentUrl\":\"https:\\\/\\\/secure.gravatar.com\\\/avatar\\\/1f38f8518b09a266af73da2bce78d69e7d1275299970134ed62f572e0487e1d0?s=96&d=mm&r=g\",\"caption\":\"Mar\u00eda de la Paz Rodarte Ram\u00edrez\"},\"sameAs\":[\"https:\\\/\\\/www.elhijodelllanero.mx\"],\"url\":\"https:\\\/\\\/elhijodelllanero.mx\\\/index.php\\\/author\\\/maricuas\\\/\"}]}<\/script>\n<!-- \/ Yoast SEO plugin. -->","yoast_head_json":{"title":"- El Hijo del llanero solititito","robots":{"index":"index","follow":"follow","max-snippet":"max-snippet:-1","max-image-preview":"max-image-preview:large","max-video-preview":"max-video-preview:-1"},"canonical":"https:\/\/elhijodelllanero.mx\/index.php\/2026\/04\/28\/14198\/","og_locale":"es_ES","og_type":"article","og_title":"- El Hijo del llanero solititito","og_description":"Ni\u00f1as y ni\u00f1os toman la palabra en Apaseo\u2026\ud83d\udc66\ud83c\udffd\ud83d\ude4c\ud83c\udffd\ud83d\udc67 Apaseo el Grande, Gto. 28 de abril del 2026.-Las ni\u00f1as y los ni\u00f1os demostraron que tambi\u00e9n tienen mucho que decir sobre el presente y futuro de su municipio durante la realizaci\u00f3n del Cabildo Infantil 2026 en Apaseo el Grande, donde asumieron el papel de autoridades municipales para [&hellip;]","og_url":"https:\/\/elhijodelllanero.mx\/index.php\/2026\/04\/28\/14198\/","og_site_name":"El Hijo del llanero solititito","article_published_time":"2026-04-28T23:36:40+00:00","og_image":[{"width":1600,"height":1066,"url":"https:\/\/elhijodelllanero.mx\/wp-content\/uploads\/2026\/04\/0f93a437-9821-4b84-a17a-5dcb4b4abfe3.jpeg","type":"image\/jpeg"}],"author":"Mar\u00eda de la Paz Rodarte Ram\u00edrez","twitter_card":"summary_large_image","twitter_misc":{"Escrito por":"Mar\u00eda de la Paz Rodarte Ram\u00edrez","Tiempo de lectura":"2 minutos"},"schema":{"@context":"https:\/\/schema.org","@graph":[{"@type":"Article","@id":"https:\/\/elhijodelllanero.mx\/index.php\/2026\/04\/28\/14198\/#article","isPartOf":{"@id":"https:\/\/elhijodelllanero.mx\/index.php\/2026\/04\/28\/14198\/"},"author":{"name":"Mar\u00eda de la Paz Rodarte Ram\u00edrez","@id":"https:\/\/elhijodelllanero.mx\/#\/schema\/person\/c7f8c86c55c1eab44ae2b93a9628245f"},"headline":"Sin t\u00edtulo","datePublished":"2026-04-28T23:36:40+00:00","mainEntityOfPage":{"@id":"https:\/\/elhijodelllanero.mx\/index.php\/2026\/04\/28\/14198\/"},"wordCount":324,"commentCount":0,"image":{"@id":"https:\/\/elhijodelllanero.mx\/index.php\/2026\/04\/28\/14198\/#primaryimage"},"thumbnailUrl":"https:\/\/i0.wp.com\/elhijodelllanero.mx\/wp-content\/uploads\/2026\/04\/0f93a437-9821-4b84-a17a-5dcb4b4abfe3.jpeg?fit=1600%2C1066&ssl=1","articleSection":["APASEO EL GRANDE","MUNICIPIOS"],"inLanguage":"es","potentialAction":[{"@type":"CommentAction","name":"Comment","target":["https:\/\/elhijodelllanero.mx\/index.php\/2026\/04\/28\/14198\/#respond"]}]},{"@type":"WebPage","@id":"https:\/\/elhijodelllanero.mx\/index.php\/2026\/04\/28\/14198\/","url":"https:\/\/elhijodelllanero.mx\/index.php\/2026\/04\/28\/14198\/","name":"- El Hijo del llanero solititito","isPartOf":{"@id":"https:\/\/elhijodelllanero.mx\/#website"},"primaryImageOfPage":{"@id":"https:\/\/elhijodelllanero.mx\/index.php\/2026\/04\/28\/14198\/#primaryimage"},"image":{"@id":"https:\/\/elhijodelllanero.mx\/index.php\/2026\/04\/28\/14198\/#primaryimage"},"thumbnailUrl":"https:\/\/i0.wp.com\/elhijodelllanero.mx\/wp-content\/uploads\/2026\/04\/0f93a437-9821-4b84-a17a-5dcb4b4abfe3.jpeg?fit=1600%2C1066&ssl=1","datePublished":"2026-04-28T23:36:40+00:00","author":{"@id":"https:\/\/elhijodelllanero.mx\/#\/schema\/person\/c7f8c86c55c1eab44ae2b93a9628245f"},"inLanguage":"es","potentialAction":[{"@type":"ReadAction","target":["https:\/\/elhijodelllanero.mx\/index.php\/2026\/04\/28\/14198\/"]}]},{"@type":"ImageObject","inLanguage":"es","@id":"https:\/\/elhijodelllanero.mx\/index.php\/2026\/04\/28\/14198\/#primaryimage","url":"https:\/\/i0.wp.com\/elhijodelllanero.mx\/wp-content\/uploads\/2026\/04\/0f93a437-9821-4b84-a17a-5dcb4b4abfe3.jpeg?fit=1600%2C1066&ssl=1","contentUrl":"https:\/\/i0.wp.com\/elhijodelllanero.mx\/wp-content\/uploads\/2026\/04\/0f93a437-9821-4b84-a17a-5dcb4b4abfe3.jpeg?fit=1600%2C1066&ssl=1","width":1600,"height":1066},{"@type":"WebSite","@id":"https:\/\/elhijodelllanero.mx\/#website","url":"https:\/\/elhijodelllanero.mx\/","name":"El Hijo del llanero solititito","description":"","potentialAction":[{"@type":"SearchAction","target":{"@type":"EntryPoint","urlTemplate":"https:\/\/elhijodelllanero.mx\/?s={search_term_string}"},"query-input":{"@type":"PropertyValueSpecification","valueRequired":true,"valueName":"search_term_string"}}],"inLanguage":"es"},{"@type":"Person","@id":"https:\/\/elhijodelllanero.mx\/#\/schema\/person\/c7f8c86c55c1eab44ae2b93a9628245f","name":"Mar\u00eda de la Paz Rodarte Ram\u00edrez","image":{"@type":"ImageObject","inLanguage":"es","@id":"https:\/\/secure.gravatar.com\/avatar\/1f38f8518b09a266af73da2bce78d69e7d1275299970134ed62f572e0487e1d0?s=96&d=mm&r=g","url":"https:\/\/secure.gravatar.com\/avatar\/1f38f8518b09a266af73da2bce78d69e7d1275299970134ed62f572e0487e1d0?s=96&d=mm&r=g","contentUrl":"https:\/\/secure.gravatar.com\/avatar\/1f38f8518b09a266af73da2bce78d69e7d1275299970134ed62f572e0487e1d0?s=96&d=mm&r=g","caption":"Mar\u00eda de la Paz Rodarte Ram\u00edrez"},"sameAs":["https:\/\/www.elhijodelllanero.mx"],"url":"https:\/\/elhijodelllanero.mx\/index.php\/author\/maricuas\/"}]}},"jetpack_featured_media_url":"https:\/\/i0.wp.com\/elhijodelllanero.mx\/wp-content\/uploads\/2026\/04\/0f93a437-9821-4b84-a17a-5dcb4b4abfe3.jpeg?fit=1600%2C1066&ssl=1","jetpack-related-posts":[],"jetpack_sharing_enabled":true,"_links":{"self":[{"href":"https:\/\/elhijodelllanero.mx\/index.php\/wp-json\/wp\/v2\/posts\/14198","targetHints":{"allow":["GET"]}}],"collection":[{"href":"https:\/\/elhijodelllanero.mx\/index.php\/wp-json\/wp\/v2\/posts"}],"about":[{"href":"https:\/\/elhijodelllanero.mx\/index.php\/wp-json\/wp\/v2\/types\/post"}],"author":[{"embeddable":true,"href":"https:\/\/elhijodelllanero.mx\/index.php\/wp-json\/wp\/v2\/users\/3"}],"replies":[{"embeddable":true,"href":"https:\/\/elhijodelllanero.mx\/index.php\/wp-json\/wp\/v2\/comments?post=14198"}],"version-history":[{"count":1,"href":"https:\/\/elhijodelllanero.mx\/index.php\/wp-json\/wp\/v2\/posts\/14198\/revisions"}],"predecessor-version":[{"id":14200,"href":"https:\/\/elhijodelllanero.mx\/index.php\/wp-json\/wp\/v2\/posts\/14198\/revisions\/14200"}],"wp:featuredmedia":[{"embeddable":true,"href":"https:\/\/elhijodelllanero.mx\/index.php\/wp-json\/wp\/v2\/media\/14199"}],"wp:attachment":[{"href":"https:\/\/elhijodelllanero.mx\/index.php\/wp-json\/wp\/v2\/media?parent=14198"}],"wp:term":[{"taxonomy":"category","embeddable":true,"href":"https:\/\/elhijodelllanero.mx\/index.php\/wp-json\/wp\/v2\/categories?post=14198"},{"taxonomy":"post_tag","embeddable":true,"href":"https:\/\/elhijodelllanero.mx\/index.php\/wp-json\/wp\/v2\/tags?post=14198"}],"curies":[{"name":"wp","href":"https:\/\/api.w.org\/{rel}","templated":true}]}}