{"id":14201,"date":"2026-04-29T09:01:42","date_gmt":"2026-04-29T15:01:42","guid":{"rendered":"https:\/\/elhijodelllanero.mx\/?p=14201"},"modified":"2026-04-29T09:01:42","modified_gmt":"2026-04-29T15:01:42","slug":"cortazar-vive-la-fiesta-de-la-santa-cruz-en-culiacan","status":"publish","type":"post","link":"https:\/\/elhijodelllanero.mx\/index.php\/2026\/04\/29\/cortazar-vive-la-fiesta-de-la-santa-cruz-en-culiacan\/","title":{"rendered":"Cortazar vive la Fiesta de la Santa Cruz en Culiac\u00e1n."},"content":{"rendered":"<p>Cortazar, Gto. 29 de abril del 2026.-Desde este 29 de abril arranc\u00f3 la tradicional fiesta en honor a la Santa Cruz de Culiac\u00e1n, una celebraci\u00f3n centenaria que re\u00fane a m\u00e1s de 300 danzantes prehisp\u00e1nicos y a miles de visitantes que participan en las actividades religiosas y culturales en torno al emblem\u00e1tico cerro.<\/p>\n<p>El cronista municipal, Jorge Vera, explic\u00f3 que esta festividad forma parte de la identidad hist\u00f3rica del municipio y cada a\u00f1o convoca a grupos de danza de distintas comunidades de Cortazar, as\u00ed como de municipios de la regi\u00f3n, del Estado de M\u00e9xico y de otras partes del pa\u00eds.<\/p>\n<p>Durante los \u00faltimos d\u00edas de abril, los grupos realizan ensayos previos antes del ascenso principal al cerro de Culiac\u00e1n, donde se encuentra la cruz en la cima. A partir del 30 de abril comienza la subida de los danzantes, quienes acuden para agradecer los favores recibidos a la Santa Cruz.<\/p>\n<p>Adem\u00e1s de la participaci\u00f3n de los grupos tradicionales, miles de personas de municipios como Salvatierra y Jaral del Progreso acompa\u00f1an esta celebraci\u00f3n para presenciar las danzas y formar parte de una de las festividades m\u00e1s representativas de la zona.<\/p>\n<p>\u201cEs una de las fiestas tradicionales de nuestro municipio ya desde hace muchos a\u00f1os, se lleva a cabo est\u00e1 fiesta, la fiesta sus caracter\u00edsticas es que inicia desde los \u00faltimos d\u00edas de abril y culmina el d\u00eda tres de mayo, precisamente el d\u00eda de la Santa Cruz, una de las principales caracter\u00edsticas de la fiesta son las diferentes presentaciones de las danzas prehisp\u00e1nicas tanto las que existen en nuestro municipio, como las quw llegan de otras partes del estado y del pa\u00eds\u201d.<\/p>\n<p>Tambi\u00e9n participan contingentes provenientes de Salvatierra, Comonfort y Juventino Rosas, adem\u00e1s de familias cortazarenses que han conservado esta tradici\u00f3n por generaciones, fortaleciendo el arraigo cultural y religioso que distingue a esta celebraci\u00f3n.<\/p>\n","protected":false},"excerpt":{"rendered":"<p>Cortazar, Gto. 29 de abril del 2026.-Desde este 29 de abril arranc\u00f3 la tradicional fiesta en honor a la Santa Cruz de Culiac\u00e1n, una celebraci\u00f3n centenaria que re\u00fane a m\u00e1s de 300 danzantes prehisp\u00e1nicos y a miles de visitantes que participan en las actividades religiosas y culturales en torno al emblem\u00e1tico cerro. El cronista municipal, [&hellip;]<\/p>\n","protected":false},"author":3,"featured_media":14202,"comment_status":"open","ping_status":"closed","sticky":false,"template":"","format":"standard","meta":{"_jetpack_newsletter_access":"","_jetpack_dont_email_post_to_subs":false,"_jetpack_newsletter_tier_id":0,"_jetpack_memberships_contains_paywalled_content":false,"_jetpack_memberships_contains_paid_content":false,"footnotes":""},"categories":[77,76],"tags":[],"class_list":{"0":"post-14201","1":"post","2":"type-post","3":"status-publish","4":"format-standard","5":"has-post-thumbnail","7":"category-cortazar","8":"category-municipios"},"yoast_head":"<!-- This site is optimized with the Yoast SEO plugin v27.3 - https:\/\/yoast.com\/product\/yoast-seo-wordpress\/ -->\n<title>Cortazar vive la Fiesta de la Santa Cruz en Culiac\u00e1n. - El Hijo del llanero solititito<\/title>\n<meta name=\"robots\" content=\"index, follow, max-snippet:-1, max-image-preview:large, max-video-preview:-1\" \/>\n<link rel=\"canonical\" href=\"https:\/\/elhijodelllanero.mx\/index.php\/2026\/04\/29\/cortazar-vive-la-fiesta-de-la-santa-cruz-en-culiacan\/\" \/>\n<meta property=\"og:locale\" content=\"es_ES\" \/>\n<meta property=\"og:type\" content=\"article\" \/>\n<meta property=\"og:title\" content=\"Cortazar vive la Fiesta de la Santa Cruz en Culiac\u00e1n. - El Hijo del llanero solititito\" \/>\n<meta property=\"og:description\" content=\"Cortazar, Gto. 29 de abril del 2026.-Desde este 29 de abril arranc\u00f3 la tradicional fiesta en honor a la Santa Cruz de Culiac\u00e1n, una celebraci\u00f3n centenaria que re\u00fane a m\u00e1s de 300 danzantes prehisp\u00e1nicos y a miles de visitantes que participan en las actividades religiosas y culturales en torno al emblem\u00e1tico cerro. El cronista municipal, [&hellip;]\" \/>\n<meta property=\"og:url\" content=\"https:\/\/elhijodelllanero.mx\/index.php\/2026\/04\/29\/cortazar-vive-la-fiesta-de-la-santa-cruz-en-culiacan\/\" \/>\n<meta property=\"og:site_name\" content=\"El Hijo del llanero solititito\" \/>\n<meta property=\"article:published_time\" content=\"2026-04-29T15:01:42+00:00\" \/>\n<meta property=\"og:image\" content=\"https:\/\/elhijodelllanero.mx\/wp-content\/uploads\/2026\/04\/IMG_9528.jpeg\" \/>\n\t<meta property=\"og:image:width\" content=\"1290\" \/>\n\t<meta property=\"og:image:height\" content=\"938\" \/>\n\t<meta property=\"og:image:type\" content=\"image\/jpeg\" \/>\n<meta name=\"author\" content=\"Mar\u00eda de la Paz Rodarte Ram\u00edrez\" \/>\n<meta name=\"twitter:card\" content=\"summary_large_image\" \/>\n<meta name=\"twitter:label1\" content=\"Escrito por\" \/>\n\t<meta name=\"twitter:data1\" content=\"Mar\u00eda de la Paz Rodarte Ram\u00edrez\" \/>\n\t<meta name=\"twitter:label2\" content=\"Tiempo de lectura\" \/>\n\t<meta name=\"twitter:data2\" content=\"2 minutos\" \/>\n<script type=\"application\/ld+json\" class=\"yoast-schema-graph\">{\"@context\":\"https:\\\/\\\/schema.org\",\"@graph\":[{\"@type\":\"Article\",\"@id\":\"https:\\\/\\\/elhijodelllanero.mx\\\/index.php\\\/2026\\\/04\\\/29\\\/cortazar-vive-la-fiesta-de-la-santa-cruz-en-culiacan\\\/#article\",\"isPartOf\":{\"@id\":\"https:\\\/\\\/elhijodelllanero.mx\\\/index.php\\\/2026\\\/04\\\/29\\\/cortazar-vive-la-fiesta-de-la-santa-cruz-en-culiacan\\\/\"},\"author\":{\"name\":\"Mar\u00eda de la Paz Rodarte Ram\u00edrez\",\"@id\":\"https:\\\/\\\/elhijodelllanero.mx\\\/#\\\/schema\\\/person\\\/c7f8c86c55c1eab44ae2b93a9628245f\"},\"headline\":\"Cortazar vive la Fiesta de la Santa Cruz en Culiac\u00e1n.\",\"datePublished\":\"2026-04-29T15:01:42+00:00\",\"mainEntityOfPage\":{\"@id\":\"https:\\\/\\\/elhijodelllanero.mx\\\/index.php\\\/2026\\\/04\\\/29\\\/cortazar-vive-la-fiesta-de-la-santa-cruz-en-culiacan\\\/\"},\"wordCount\":339,\"commentCount\":0,\"image\":{\"@id\":\"https:\\\/\\\/elhijodelllanero.mx\\\/index.php\\\/2026\\\/04\\\/29\\\/cortazar-vive-la-fiesta-de-la-santa-cruz-en-culiacan\\\/#primaryimage\"},\"thumbnailUrl\":\"https:\\\/\\\/i0.wp.com\\\/elhijodelllanero.mx\\\/wp-content\\\/uploads\\\/2026\\\/04\\\/IMG_9528.jpeg?fit=1290%2C938&ssl=1\",\"articleSection\":[\"CORTAZAR\",\"MUNICIPIOS\"],\"inLanguage\":\"es\",\"potentialAction\":[{\"@type\":\"CommentAction\",\"name\":\"Comment\",\"target\":[\"https:\\\/\\\/elhijodelllanero.mx\\\/index.php\\\/2026\\\/04\\\/29\\\/cortazar-vive-la-fiesta-de-la-santa-cruz-en-culiacan\\\/#respond\"]}]},{\"@type\":\"WebPage\",\"@id\":\"https:\\\/\\\/elhijodelllanero.mx\\\/index.php\\\/2026\\\/04\\\/29\\\/cortazar-vive-la-fiesta-de-la-santa-cruz-en-culiacan\\\/\",\"url\":\"https:\\\/\\\/elhijodelllanero.mx\\\/index.php\\\/2026\\\/04\\\/29\\\/cortazar-vive-la-fiesta-de-la-santa-cruz-en-culiacan\\\/\",\"name\":\"Cortazar vive la Fiesta de la Santa Cruz en Culiac\u00e1n. - El Hijo del llanero solititito\",\"isPartOf\":{\"@id\":\"https:\\\/\\\/elhijodelllanero.mx\\\/#website\"},\"primaryImageOfPage\":{\"@id\":\"https:\\\/\\\/elhijodelllanero.mx\\\/index.php\\\/2026\\\/04\\\/29\\\/cortazar-vive-la-fiesta-de-la-santa-cruz-en-culiacan\\\/#primaryimage\"},\"image\":{\"@id\":\"https:\\\/\\\/elhijodelllanero.mx\\\/index.php\\\/2026\\\/04\\\/29\\\/cortazar-vive-la-fiesta-de-la-santa-cruz-en-culiacan\\\/#primaryimage\"},\"thumbnailUrl\":\"https:\\\/\\\/i0.wp.com\\\/elhijodelllanero.mx\\\/wp-content\\\/uploads\\\/2026\\\/04\\\/IMG_9528.jpeg?fit=1290%2C938&ssl=1\",\"datePublished\":\"2026-04-29T15:01:42+00:00\",\"author\":{\"@id\":\"https:\\\/\\\/elhijodelllanero.mx\\\/#\\\/schema\\\/person\\\/c7f8c86c55c1eab44ae2b93a9628245f\"},\"breadcrumb\":{\"@id\":\"https:\\\/\\\/elhijodelllanero.mx\\\/index.php\\\/2026\\\/04\\\/29\\\/cortazar-vive-la-fiesta-de-la-santa-cruz-en-culiacan\\\/#breadcrumb\"},\"inLanguage\":\"es\",\"potentialAction\":[{\"@type\":\"ReadAction\",\"target\":[\"https:\\\/\\\/elhijodelllanero.mx\\\/index.php\\\/2026\\\/04\\\/29\\\/cortazar-vive-la-fiesta-de-la-santa-cruz-en-culiacan\\\/\"]}]},{\"@type\":\"ImageObject\",\"inLanguage\":\"es\",\"@id\":\"https:\\\/\\\/elhijodelllanero.mx\\\/index.php\\\/2026\\\/04\\\/29\\\/cortazar-vive-la-fiesta-de-la-santa-cruz-en-culiacan\\\/#primaryimage\",\"url\":\"https:\\\/\\\/i0.wp.com\\\/elhijodelllanero.mx\\\/wp-content\\\/uploads\\\/2026\\\/04\\\/IMG_9528.jpeg?fit=1290%2C938&ssl=1\",\"contentUrl\":\"https:\\\/\\\/i0.wp.com\\\/elhijodelllanero.mx\\\/wp-content\\\/uploads\\\/2026\\\/04\\\/IMG_9528.jpeg?fit=1290%2C938&ssl=1\",\"width\":1290,\"height\":938,\"caption\":\"Screenshot\"},{\"@type\":\"BreadcrumbList\",\"@id\":\"https:\\\/\\\/elhijodelllanero.mx\\\/index.php\\\/2026\\\/04\\\/29\\\/cortazar-vive-la-fiesta-de-la-santa-cruz-en-culiacan\\\/#breadcrumb\",\"itemListElement\":[{\"@type\":\"ListItem\",\"position\":1,\"name\":\"Portada\",\"item\":\"https:\\\/\\\/elhijodelllanero.mx\\\/\"},{\"@type\":\"ListItem\",\"position\":2,\"name\":\"Cortazar vive la Fiesta de la Santa Cruz en Culiac\u00e1n.\"}]},{\"@type\":\"WebSite\",\"@id\":\"https:\\\/\\\/elhijodelllanero.mx\\\/#website\",\"url\":\"https:\\\/\\\/elhijodelllanero.mx\\\/\",\"name\":\"El Hijo del llanero solititito\",\"description\":\"\",\"potentialAction\":[{\"@type\":\"SearchAction\",\"target\":{\"@type\":\"EntryPoint\",\"urlTemplate\":\"https:\\\/\\\/elhijodelllanero.mx\\\/?s={search_term_string}\"},\"query-input\":{\"@type\":\"PropertyValueSpecification\",\"valueRequired\":true,\"valueName\":\"search_term_string\"}}],\"inLanguage\":\"es\"},{\"@type\":\"Person\",\"@id\":\"https:\\\/\\\/elhijodelllanero.mx\\\/#\\\/schema\\\/person\\\/c7f8c86c55c1eab44ae2b93a9628245f\",\"name\":\"Mar\u00eda de la Paz Rodarte Ram\u00edrez\",\"image\":{\"@type\":\"ImageObject\",\"inLanguage\":\"es\",\"@id\":\"https:\\\/\\\/secure.gravatar.com\\\/avatar\\\/1f38f8518b09a266af73da2bce78d69e7d1275299970134ed62f572e0487e1d0?s=96&d=mm&r=g\",\"url\":\"https:\\\/\\\/secure.gravatar.com\\\/avatar\\\/1f38f8518b09a266af73da2bce78d69e7d1275299970134ed62f572e0487e1d0?s=96&d=mm&r=g\",\"contentUrl\":\"https:\\\/\\\/secure.gravatar.com\\\/avatar\\\/1f38f8518b09a266af73da2bce78d69e7d1275299970134ed62f572e0487e1d0?s=96&d=mm&r=g\",\"caption\":\"Mar\u00eda de la Paz Rodarte Ram\u00edrez\"},\"sameAs\":[\"https:\\\/\\\/www.elhijodelllanero.mx\"],\"url\":\"https:\\\/\\\/elhijodelllanero.mx\\\/index.php\\\/author\\\/maricuas\\\/\"}]}<\/script>\n<!-- \/ Yoast SEO plugin. -->","yoast_head_json":{"title":"Cortazar vive la Fiesta de la Santa Cruz en Culiac\u00e1n. - El Hijo del llanero solititito","robots":{"index":"index","follow":"follow","max-snippet":"max-snippet:-1","max-image-preview":"max-image-preview:large","max-video-preview":"max-video-preview:-1"},"canonical":"https:\/\/elhijodelllanero.mx\/index.php\/2026\/04\/29\/cortazar-vive-la-fiesta-de-la-santa-cruz-en-culiacan\/","og_locale":"es_ES","og_type":"article","og_title":"Cortazar vive la Fiesta de la Santa Cruz en Culiac\u00e1n. - El Hijo del llanero solititito","og_description":"Cortazar, Gto. 29 de abril del 2026.-Desde este 29 de abril arranc\u00f3 la tradicional fiesta en honor a la Santa Cruz de Culiac\u00e1n, una celebraci\u00f3n centenaria que re\u00fane a m\u00e1s de 300 danzantes prehisp\u00e1nicos y a miles de visitantes que participan en las actividades religiosas y culturales en torno al emblem\u00e1tico cerro. El cronista municipal, [&hellip;]","og_url":"https:\/\/elhijodelllanero.mx\/index.php\/2026\/04\/29\/cortazar-vive-la-fiesta-de-la-santa-cruz-en-culiacan\/","og_site_name":"El Hijo del llanero solititito","article_published_time":"2026-04-29T15:01:42+00:00","og_image":[{"width":1290,"height":938,"url":"https:\/\/elhijodelllanero.mx\/wp-content\/uploads\/2026\/04\/IMG_9528.jpeg","type":"image\/jpeg"}],"author":"Mar\u00eda de la Paz Rodarte Ram\u00edrez","twitter_card":"summary_large_image","twitter_misc":{"Escrito por":"Mar\u00eda de la Paz Rodarte Ram\u00edrez","Tiempo de lectura":"2 minutos"},"schema":{"@context":"https:\/\/schema.org","@graph":[{"@type":"Article","@id":"https:\/\/elhijodelllanero.mx\/index.php\/2026\/04\/29\/cortazar-vive-la-fiesta-de-la-santa-cruz-en-culiacan\/#article","isPartOf":{"@id":"https:\/\/elhijodelllanero.mx\/index.php\/2026\/04\/29\/cortazar-vive-la-fiesta-de-la-santa-cruz-en-culiacan\/"},"author":{"name":"Mar\u00eda de la Paz Rodarte Ram\u00edrez","@id":"https:\/\/elhijodelllanero.mx\/#\/schema\/person\/c7f8c86c55c1eab44ae2b93a9628245f"},"headline":"Cortazar vive la Fiesta de la Santa Cruz en Culiac\u00e1n.","datePublished":"2026-04-29T15:01:42+00:00","mainEntityOfPage":{"@id":"https:\/\/elhijodelllanero.mx\/index.php\/2026\/04\/29\/cortazar-vive-la-fiesta-de-la-santa-cruz-en-culiacan\/"},"wordCount":339,"commentCount":0,"image":{"@id":"https:\/\/elhijodelllanero.mx\/index.php\/2026\/04\/29\/cortazar-vive-la-fiesta-de-la-santa-cruz-en-culiacan\/#primaryimage"},"thumbnailUrl":"https:\/\/i0.wp.com\/elhijodelllanero.mx\/wp-content\/uploads\/2026\/04\/IMG_9528.jpeg?fit=1290%2C938&ssl=1","articleSection":["CORTAZAR","MUNICIPIOS"],"inLanguage":"es","potentialAction":[{"@type":"CommentAction","name":"Comment","target":["https:\/\/elhijodelllanero.mx\/index.php\/2026\/04\/29\/cortazar-vive-la-fiesta-de-la-santa-cruz-en-culiacan\/#respond"]}]},{"@type":"WebPage","@id":"https:\/\/elhijodelllanero.mx\/index.php\/2026\/04\/29\/cortazar-vive-la-fiesta-de-la-santa-cruz-en-culiacan\/","url":"https:\/\/elhijodelllanero.mx\/index.php\/2026\/04\/29\/cortazar-vive-la-fiesta-de-la-santa-cruz-en-culiacan\/","name":"Cortazar vive la Fiesta de la Santa Cruz en Culiac\u00e1n. - El Hijo del llanero solititito","isPartOf":{"@id":"https:\/\/elhijodelllanero.mx\/#website"},"primaryImageOfPage":{"@id":"https:\/\/elhijodelllanero.mx\/index.php\/2026\/04\/29\/cortazar-vive-la-fiesta-de-la-santa-cruz-en-culiacan\/#primaryimage"},"image":{"@id":"https:\/\/elhijodelllanero.mx\/index.php\/2026\/04\/29\/cortazar-vive-la-fiesta-de-la-santa-cruz-en-culiacan\/#primaryimage"},"thumbnailUrl":"https:\/\/i0.wp.com\/elhijodelllanero.mx\/wp-content\/uploads\/2026\/04\/IMG_9528.jpeg?fit=1290%2C938&ssl=1","datePublished":"2026-04-29T15:01:42+00:00","author":{"@id":"https:\/\/elhijodelllanero.mx\/#\/schema\/person\/c7f8c86c55c1eab44ae2b93a9628245f"},"breadcrumb":{"@id":"https:\/\/elhijodelllanero.mx\/index.php\/2026\/04\/29\/cortazar-vive-la-fiesta-de-la-santa-cruz-en-culiacan\/#breadcrumb"},"inLanguage":"es","potentialAction":[{"@type":"ReadAction","target":["https:\/\/elhijodelllanero.mx\/index.php\/2026\/04\/29\/cortazar-vive-la-fiesta-de-la-santa-cruz-en-culiacan\/"]}]},{"@type":"ImageObject","inLanguage":"es","@id":"https:\/\/elhijodelllanero.mx\/index.php\/2026\/04\/29\/cortazar-vive-la-fiesta-de-la-santa-cruz-en-culiacan\/#primaryimage","url":"https:\/\/i0.wp.com\/elhijodelllanero.mx\/wp-content\/uploads\/2026\/04\/IMG_9528.jpeg?fit=1290%2C938&ssl=1","contentUrl":"https:\/\/i0.wp.com\/elhijodelllanero.mx\/wp-content\/uploads\/2026\/04\/IMG_9528.jpeg?fit=1290%2C938&ssl=1","width":1290,"height":938,"caption":"Screenshot"},{"@type":"BreadcrumbList","@id":"https:\/\/elhijodelllanero.mx\/index.php\/2026\/04\/29\/cortazar-vive-la-fiesta-de-la-santa-cruz-en-culiacan\/#breadcrumb","itemListElement":[{"@type":"ListItem","position":1,"name":"Portada","item":"https:\/\/elhijodelllanero.mx\/"},{"@type":"ListItem","position":2,"name":"Cortazar vive la Fiesta de la Santa Cruz en Culiac\u00e1n."}]},{"@type":"WebSite","@id":"https:\/\/elhijodelllanero.mx\/#website","url":"https:\/\/elhijodelllanero.mx\/","name":"El Hijo del llanero solititito","description":"","potentialAction":[{"@type":"SearchAction","target":{"@type":"EntryPoint","urlTemplate":"https:\/\/elhijodelllanero.mx\/?s={search_term_string}"},"query-input":{"@type":"PropertyValueSpecification","valueRequired":true,"valueName":"search_term_string"}}],"inLanguage":"es"},{"@type":"Person","@id":"https:\/\/elhijodelllanero.mx\/#\/schema\/person\/c7f8c86c55c1eab44ae2b93a9628245f","name":"Mar\u00eda de la Paz Rodarte Ram\u00edrez","image":{"@type":"ImageObject","inLanguage":"es","@id":"https:\/\/secure.gravatar.com\/avatar\/1f38f8518b09a266af73da2bce78d69e7d1275299970134ed62f572e0487e1d0?s=96&d=mm&r=g","url":"https:\/\/secure.gravatar.com\/avatar\/1f38f8518b09a266af73da2bce78d69e7d1275299970134ed62f572e0487e1d0?s=96&d=mm&r=g","contentUrl":"https:\/\/secure.gravatar.com\/avatar\/1f38f8518b09a266af73da2bce78d69e7d1275299970134ed62f572e0487e1d0?s=96&d=mm&r=g","caption":"Mar\u00eda de la Paz Rodarte Ram\u00edrez"},"sameAs":["https:\/\/www.elhijodelllanero.mx"],"url":"https:\/\/elhijodelllanero.mx\/index.php\/author\/maricuas\/"}]}},"jetpack_featured_media_url":"https:\/\/i0.wp.com\/elhijodelllanero.mx\/wp-content\/uploads\/2026\/04\/IMG_9528.jpeg?fit=1290%2C938&ssl=1","jetpack-related-posts":[],"jetpack_sharing_enabled":true,"_links":{"self":[{"href":"https:\/\/elhijodelllanero.mx\/index.php\/wp-json\/wp\/v2\/posts\/14201","targetHints":{"allow":["GET"]}}],"collection":[{"href":"https:\/\/elhijodelllanero.mx\/index.php\/wp-json\/wp\/v2\/posts"}],"about":[{"href":"https:\/\/elhijodelllanero.mx\/index.php\/wp-json\/wp\/v2\/types\/post"}],"author":[{"embeddable":true,"href":"https:\/\/elhijodelllanero.mx\/index.php\/wp-json\/wp\/v2\/users\/3"}],"replies":[{"embeddable":true,"href":"https:\/\/elhijodelllanero.mx\/index.php\/wp-json\/wp\/v2\/comments?post=14201"}],"version-history":[{"count":1,"href":"https:\/\/elhijodelllanero.mx\/index.php\/wp-json\/wp\/v2\/posts\/14201\/revisions"}],"predecessor-version":[{"id":14203,"href":"https:\/\/elhijodelllanero.mx\/index.php\/wp-json\/wp\/v2\/posts\/14201\/revisions\/14203"}],"wp:featuredmedia":[{"embeddable":true,"href":"https:\/\/elhijodelllanero.mx\/index.php\/wp-json\/wp\/v2\/media\/14202"}],"wp:attachment":[{"href":"https:\/\/elhijodelllanero.mx\/index.php\/wp-json\/wp\/v2\/media?parent=14201"}],"wp:term":[{"taxonomy":"category","embeddable":true,"href":"https:\/\/elhijodelllanero.mx\/index.php\/wp-json\/wp\/v2\/categories?post=14201"},{"taxonomy":"post_tag","embeddable":true,"href":"https:\/\/elhijodelllanero.mx\/index.php\/wp-json\/wp\/v2\/tags?post=14201"}],"curies":[{"name":"wp","href":"https:\/\/api.w.org\/{rel}","templated":true}]}}