{"id":14204,"date":"2026-04-29T09:08:36","date_gmt":"2026-04-29T15:08:36","guid":{"rendered":"https:\/\/elhijodelllanero.mx\/?p=14204"},"modified":"2026-04-29T09:08:36","modified_gmt":"2026-04-29T15:08:36","slug":"arranca-vacunacion-masiva-en-villagran","status":"publish","type":"post","link":"https:\/\/elhijodelllanero.mx\/index.php\/2026\/04\/29\/arranca-vacunacion-masiva-en-villagran\/","title":{"rendered":"Arranca vacunaci\u00f3n masiva en Villagr\u00e1n."},"content":{"rendered":"<p>Villagr\u00e1n, Gto. 29 de abril del 2026.- Con la meta de reforzar la prevenci\u00f3n de enfermedades y actualizar esqumas de inmunizaci\u00f3n, en Villagr\u00e1n inici\u00f3 la Semana Nacional de Vacunaci\u00f3n 2026, jornada que permanecer\u00e1 activa hasta el pr\u00f3ximo 2 de mayo en distintos puntos del municipio.<\/p>\n<p>El arranque oficial se realiz\u00f3 en el CAISES Municipal, donde autoridades de salud y del gobierno local destacaron la importancia de acercar este servicio gratuito a ni\u00f1as, ni\u00f1os, mujeres embarazadas y poblaci\u00f3n en general que requiera completar su esquema de vacunaci\u00f3n.<\/p>\n<p>La campa\u00f1a contempla la aplicaci\u00f3n de dosis tanto en la cabecera municipal como en comunidades y planteles educativos, con el respaldo de instituciones como IMSS, ISSSTE y el sector educativo, buscando ampliar la cobertura y facilitar el acceso a la atenci\u00f3n preventiva.<\/p>\n<p>La alcaldesa Cinthia Teniente Mendoza se\u00f1al\u00f3 que la vacunaci\u00f3n sigue siendo una de las herramientas m\u00e1s importantes para evitar enfermedades y reducir riesgos de complicaciones, especialmente en sectores vulnerables como la infancia.<\/p>\n<p>Indic\u00f3 que mantener al d\u00eda las vacunas ayuda a prevenir brotes en espacios de convivencia como escuelas y comunidades, adem\u00e1s de fortalecer la salud p\u00fablica en general.<\/p>\n<p>Tambi\u00e9n reconoci\u00f3 la labor del personal m\u00e9dico y de enfermer\u00eda, quienes recorren colonias y comunidades para garantizar que las dosis lleguen a quienes m\u00e1s lo necesitan.<\/p>\n<p>La presidenta municipal record\u00f3 que experiencias como la pandemia de COVID-19 dejaron claro que la prevenci\u00f3n sigue siendo clave, por lo que invit\u00f3 a la ciudadan\u00eda a acudir a los m\u00f3dulos instalados y aprovechar esta campa\u00f1a gratuita.<\/p>\n","protected":false},"excerpt":{"rendered":"<p>Villagr\u00e1n, Gto. 29 de abril del 2026.- Con la meta de reforzar la prevenci\u00f3n de enfermedades y actualizar esqumas de inmunizaci\u00f3n, en Villagr\u00e1n inici\u00f3 la Semana Nacional de Vacunaci\u00f3n 2026, jornada que permanecer\u00e1 activa hasta el pr\u00f3ximo 2 de mayo en distintos puntos del municipio. El arranque oficial se realiz\u00f3 en el CAISES Municipal, donde [&hellip;]<\/p>\n","protected":false},"author":3,"featured_media":14205,"comment_status":"open","ping_status":"closed","sticky":false,"template":"","format":"standard","meta":{"_jetpack_newsletter_access":"","_jetpack_dont_email_post_to_subs":false,"_jetpack_newsletter_tier_id":0,"_jetpack_memberships_contains_paywalled_content":false,"_jetpack_memberships_contains_paid_content":false,"footnotes":""},"categories":[76,85],"tags":[],"class_list":{"0":"post-14204","1":"post","2":"type-post","3":"status-publish","4":"format-standard","5":"has-post-thumbnail","7":"category-municipios","8":"category-villagran"},"yoast_head":"<!-- This site is optimized with the Yoast SEO plugin v27.3 - https:\/\/yoast.com\/product\/yoast-seo-wordpress\/ -->\n<title>Arranca vacunaci\u00f3n masiva en Villagr\u00e1n. - El Hijo del llanero solititito<\/title>\n<meta name=\"robots\" content=\"index, follow, max-snippet:-1, max-image-preview:large, max-video-preview:-1\" \/>\n<link rel=\"canonical\" href=\"https:\/\/elhijodelllanero.mx\/index.php\/2026\/04\/29\/arranca-vacunacion-masiva-en-villagran\/\" \/>\n<meta property=\"og:locale\" content=\"es_ES\" \/>\n<meta property=\"og:type\" content=\"article\" \/>\n<meta property=\"og:title\" content=\"Arranca vacunaci\u00f3n masiva en Villagr\u00e1n. - El Hijo del llanero solititito\" \/>\n<meta property=\"og:description\" content=\"Villagr\u00e1n, Gto. 29 de abril del 2026.- Con la meta de reforzar la prevenci\u00f3n de enfermedades y actualizar esqumas de inmunizaci\u00f3n, en Villagr\u00e1n inici\u00f3 la Semana Nacional de Vacunaci\u00f3n 2026, jornada que permanecer\u00e1 activa hasta el pr\u00f3ximo 2 de mayo en distintos puntos del municipio. El arranque oficial se realiz\u00f3 en el CAISES Municipal, donde [&hellip;]\" \/>\n<meta property=\"og:url\" content=\"https:\/\/elhijodelllanero.mx\/index.php\/2026\/04\/29\/arranca-vacunacion-masiva-en-villagran\/\" \/>\n<meta property=\"og:site_name\" content=\"El Hijo del llanero solititito\" \/>\n<meta property=\"article:published_time\" content=\"2026-04-29T15:08:36+00:00\" \/>\n<meta property=\"og:image\" content=\"https:\/\/elhijodelllanero.mx\/wp-content\/uploads\/2026\/04\/98a8a4b0-83b9-43d6-8474-ee4422806b95.jpeg\" \/>\n\t<meta property=\"og:image:width\" content=\"2560\" \/>\n\t<meta property=\"og:image:height\" content=\"2034\" \/>\n\t<meta property=\"og:image:type\" content=\"image\/jpeg\" \/>\n<meta name=\"author\" content=\"Mar\u00eda de la Paz Rodarte Ram\u00edrez\" \/>\n<meta name=\"twitter:card\" content=\"summary_large_image\" \/>\n<meta name=\"twitter:label1\" content=\"Escrito por\" \/>\n\t<meta name=\"twitter:data1\" content=\"Mar\u00eda de la Paz Rodarte Ram\u00edrez\" \/>\n\t<meta name=\"twitter:label2\" content=\"Tiempo de lectura\" \/>\n\t<meta name=\"twitter:data2\" content=\"2 minutos\" \/>\n<script type=\"application\/ld+json\" class=\"yoast-schema-graph\">{\"@context\":\"https:\\\/\\\/schema.org\",\"@graph\":[{\"@type\":\"Article\",\"@id\":\"https:\\\/\\\/elhijodelllanero.mx\\\/index.php\\\/2026\\\/04\\\/29\\\/arranca-vacunacion-masiva-en-villagran\\\/#article\",\"isPartOf\":{\"@id\":\"https:\\\/\\\/elhijodelllanero.mx\\\/index.php\\\/2026\\\/04\\\/29\\\/arranca-vacunacion-masiva-en-villagran\\\/\"},\"author\":{\"name\":\"Mar\u00eda de la Paz Rodarte Ram\u00edrez\",\"@id\":\"https:\\\/\\\/elhijodelllanero.mx\\\/#\\\/schema\\\/person\\\/c7f8c86c55c1eab44ae2b93a9628245f\"},\"headline\":\"Arranca vacunaci\u00f3n masiva en Villagr\u00e1n.\",\"datePublished\":\"2026-04-29T15:08:36+00:00\",\"mainEntityOfPage\":{\"@id\":\"https:\\\/\\\/elhijodelllanero.mx\\\/index.php\\\/2026\\\/04\\\/29\\\/arranca-vacunacion-masiva-en-villagran\\\/\"},\"wordCount\":281,\"commentCount\":0,\"image\":{\"@id\":\"https:\\\/\\\/elhijodelllanero.mx\\\/index.php\\\/2026\\\/04\\\/29\\\/arranca-vacunacion-masiva-en-villagran\\\/#primaryimage\"},\"thumbnailUrl\":\"https:\\\/\\\/i0.wp.com\\\/elhijodelllanero.mx\\\/wp-content\\\/uploads\\\/2026\\\/04\\\/98a8a4b0-83b9-43d6-8474-ee4422806b95.jpeg?fit=2560%2C2034&ssl=1\",\"articleSection\":[\"MUNICIPIOS\",\"Villagr\u00e1n\"],\"inLanguage\":\"es\",\"potentialAction\":[{\"@type\":\"CommentAction\",\"name\":\"Comment\",\"target\":[\"https:\\\/\\\/elhijodelllanero.mx\\\/index.php\\\/2026\\\/04\\\/29\\\/arranca-vacunacion-masiva-en-villagran\\\/#respond\"]}]},{\"@type\":\"WebPage\",\"@id\":\"https:\\\/\\\/elhijodelllanero.mx\\\/index.php\\\/2026\\\/04\\\/29\\\/arranca-vacunacion-masiva-en-villagran\\\/\",\"url\":\"https:\\\/\\\/elhijodelllanero.mx\\\/index.php\\\/2026\\\/04\\\/29\\\/arranca-vacunacion-masiva-en-villagran\\\/\",\"name\":\"Arranca vacunaci\u00f3n masiva en Villagr\u00e1n. - El Hijo del llanero solititito\",\"isPartOf\":{\"@id\":\"https:\\\/\\\/elhijodelllanero.mx\\\/#website\"},\"primaryImageOfPage\":{\"@id\":\"https:\\\/\\\/elhijodelllanero.mx\\\/index.php\\\/2026\\\/04\\\/29\\\/arranca-vacunacion-masiva-en-villagran\\\/#primaryimage\"},\"image\":{\"@id\":\"https:\\\/\\\/elhijodelllanero.mx\\\/index.php\\\/2026\\\/04\\\/29\\\/arranca-vacunacion-masiva-en-villagran\\\/#primaryimage\"},\"thumbnailUrl\":\"https:\\\/\\\/i0.wp.com\\\/elhijodelllanero.mx\\\/wp-content\\\/uploads\\\/2026\\\/04\\\/98a8a4b0-83b9-43d6-8474-ee4422806b95.jpeg?fit=2560%2C2034&ssl=1\",\"datePublished\":\"2026-04-29T15:08:36+00:00\",\"author\":{\"@id\":\"https:\\\/\\\/elhijodelllanero.mx\\\/#\\\/schema\\\/person\\\/c7f8c86c55c1eab44ae2b93a9628245f\"},\"breadcrumb\":{\"@id\":\"https:\\\/\\\/elhijodelllanero.mx\\\/index.php\\\/2026\\\/04\\\/29\\\/arranca-vacunacion-masiva-en-villagran\\\/#breadcrumb\"},\"inLanguage\":\"es\",\"potentialAction\":[{\"@type\":\"ReadAction\",\"target\":[\"https:\\\/\\\/elhijodelllanero.mx\\\/index.php\\\/2026\\\/04\\\/29\\\/arranca-vacunacion-masiva-en-villagran\\\/\"]}]},{\"@type\":\"ImageObject\",\"inLanguage\":\"es\",\"@id\":\"https:\\\/\\\/elhijodelllanero.mx\\\/index.php\\\/2026\\\/04\\\/29\\\/arranca-vacunacion-masiva-en-villagran\\\/#primaryimage\",\"url\":\"https:\\\/\\\/i0.wp.com\\\/elhijodelllanero.mx\\\/wp-content\\\/uploads\\\/2026\\\/04\\\/98a8a4b0-83b9-43d6-8474-ee4422806b95.jpeg?fit=2560%2C2034&ssl=1\",\"contentUrl\":\"https:\\\/\\\/i0.wp.com\\\/elhijodelllanero.mx\\\/wp-content\\\/uploads\\\/2026\\\/04\\\/98a8a4b0-83b9-43d6-8474-ee4422806b95.jpeg?fit=2560%2C2034&ssl=1\",\"width\":2560,\"height\":2034},{\"@type\":\"BreadcrumbList\",\"@id\":\"https:\\\/\\\/elhijodelllanero.mx\\\/index.php\\\/2026\\\/04\\\/29\\\/arranca-vacunacion-masiva-en-villagran\\\/#breadcrumb\",\"itemListElement\":[{\"@type\":\"ListItem\",\"position\":1,\"name\":\"Portada\",\"item\":\"https:\\\/\\\/elhijodelllanero.mx\\\/\"},{\"@type\":\"ListItem\",\"position\":2,\"name\":\"Arranca vacunaci\u00f3n masiva en Villagr\u00e1n.\"}]},{\"@type\":\"WebSite\",\"@id\":\"https:\\\/\\\/elhijodelllanero.mx\\\/#website\",\"url\":\"https:\\\/\\\/elhijodelllanero.mx\\\/\",\"name\":\"El Hijo del llanero solititito\",\"description\":\"\",\"potentialAction\":[{\"@type\":\"SearchAction\",\"target\":{\"@type\":\"EntryPoint\",\"urlTemplate\":\"https:\\\/\\\/elhijodelllanero.mx\\\/?s={search_term_string}\"},\"query-input\":{\"@type\":\"PropertyValueSpecification\",\"valueRequired\":true,\"valueName\":\"search_term_string\"}}],\"inLanguage\":\"es\"},{\"@type\":\"Person\",\"@id\":\"https:\\\/\\\/elhijodelllanero.mx\\\/#\\\/schema\\\/person\\\/c7f8c86c55c1eab44ae2b93a9628245f\",\"name\":\"Mar\u00eda de la Paz Rodarte Ram\u00edrez\",\"image\":{\"@type\":\"ImageObject\",\"inLanguage\":\"es\",\"@id\":\"https:\\\/\\\/secure.gravatar.com\\\/avatar\\\/1f38f8518b09a266af73da2bce78d69e7d1275299970134ed62f572e0487e1d0?s=96&d=mm&r=g\",\"url\":\"https:\\\/\\\/secure.gravatar.com\\\/avatar\\\/1f38f8518b09a266af73da2bce78d69e7d1275299970134ed62f572e0487e1d0?s=96&d=mm&r=g\",\"contentUrl\":\"https:\\\/\\\/secure.gravatar.com\\\/avatar\\\/1f38f8518b09a266af73da2bce78d69e7d1275299970134ed62f572e0487e1d0?s=96&d=mm&r=g\",\"caption\":\"Mar\u00eda de la Paz Rodarte Ram\u00edrez\"},\"sameAs\":[\"https:\\\/\\\/www.elhijodelllanero.mx\"],\"url\":\"https:\\\/\\\/elhijodelllanero.mx\\\/index.php\\\/author\\\/maricuas\\\/\"}]}<\/script>\n<!-- \/ Yoast SEO plugin. -->","yoast_head_json":{"title":"Arranca vacunaci\u00f3n masiva en Villagr\u00e1n. - El Hijo del llanero solititito","robots":{"index":"index","follow":"follow","max-snippet":"max-snippet:-1","max-image-preview":"max-image-preview:large","max-video-preview":"max-video-preview:-1"},"canonical":"https:\/\/elhijodelllanero.mx\/index.php\/2026\/04\/29\/arranca-vacunacion-masiva-en-villagran\/","og_locale":"es_ES","og_type":"article","og_title":"Arranca vacunaci\u00f3n masiva en Villagr\u00e1n. - El Hijo del llanero solititito","og_description":"Villagr\u00e1n, Gto. 29 de abril del 2026.- Con la meta de reforzar la prevenci\u00f3n de enfermedades y actualizar esqumas de inmunizaci\u00f3n, en Villagr\u00e1n inici\u00f3 la Semana Nacional de Vacunaci\u00f3n 2026, jornada que permanecer\u00e1 activa hasta el pr\u00f3ximo 2 de mayo en distintos puntos del municipio. El arranque oficial se realiz\u00f3 en el CAISES Municipal, donde [&hellip;]","og_url":"https:\/\/elhijodelllanero.mx\/index.php\/2026\/04\/29\/arranca-vacunacion-masiva-en-villagran\/","og_site_name":"El Hijo del llanero solititito","article_published_time":"2026-04-29T15:08:36+00:00","og_image":[{"width":2560,"height":2034,"url":"https:\/\/elhijodelllanero.mx\/wp-content\/uploads\/2026\/04\/98a8a4b0-83b9-43d6-8474-ee4422806b95.jpeg","type":"image\/jpeg"}],"author":"Mar\u00eda de la Paz Rodarte Ram\u00edrez","twitter_card":"summary_large_image","twitter_misc":{"Escrito por":"Mar\u00eda de la Paz Rodarte Ram\u00edrez","Tiempo de lectura":"2 minutos"},"schema":{"@context":"https:\/\/schema.org","@graph":[{"@type":"Article","@id":"https:\/\/elhijodelllanero.mx\/index.php\/2026\/04\/29\/arranca-vacunacion-masiva-en-villagran\/#article","isPartOf":{"@id":"https:\/\/elhijodelllanero.mx\/index.php\/2026\/04\/29\/arranca-vacunacion-masiva-en-villagran\/"},"author":{"name":"Mar\u00eda de la Paz Rodarte Ram\u00edrez","@id":"https:\/\/elhijodelllanero.mx\/#\/schema\/person\/c7f8c86c55c1eab44ae2b93a9628245f"},"headline":"Arranca vacunaci\u00f3n masiva en Villagr\u00e1n.","datePublished":"2026-04-29T15:08:36+00:00","mainEntityOfPage":{"@id":"https:\/\/elhijodelllanero.mx\/index.php\/2026\/04\/29\/arranca-vacunacion-masiva-en-villagran\/"},"wordCount":281,"commentCount":0,"image":{"@id":"https:\/\/elhijodelllanero.mx\/index.php\/2026\/04\/29\/arranca-vacunacion-masiva-en-villagran\/#primaryimage"},"thumbnailUrl":"https:\/\/i0.wp.com\/elhijodelllanero.mx\/wp-content\/uploads\/2026\/04\/98a8a4b0-83b9-43d6-8474-ee4422806b95.jpeg?fit=2560%2C2034&ssl=1","articleSection":["MUNICIPIOS","Villagr\u00e1n"],"inLanguage":"es","potentialAction":[{"@type":"CommentAction","name":"Comment","target":["https:\/\/elhijodelllanero.mx\/index.php\/2026\/04\/29\/arranca-vacunacion-masiva-en-villagran\/#respond"]}]},{"@type":"WebPage","@id":"https:\/\/elhijodelllanero.mx\/index.php\/2026\/04\/29\/arranca-vacunacion-masiva-en-villagran\/","url":"https:\/\/elhijodelllanero.mx\/index.php\/2026\/04\/29\/arranca-vacunacion-masiva-en-villagran\/","name":"Arranca vacunaci\u00f3n masiva en Villagr\u00e1n. - El Hijo del llanero solititito","isPartOf":{"@id":"https:\/\/elhijodelllanero.mx\/#website"},"primaryImageOfPage":{"@id":"https:\/\/elhijodelllanero.mx\/index.php\/2026\/04\/29\/arranca-vacunacion-masiva-en-villagran\/#primaryimage"},"image":{"@id":"https:\/\/elhijodelllanero.mx\/index.php\/2026\/04\/29\/arranca-vacunacion-masiva-en-villagran\/#primaryimage"},"thumbnailUrl":"https:\/\/i0.wp.com\/elhijodelllanero.mx\/wp-content\/uploads\/2026\/04\/98a8a4b0-83b9-43d6-8474-ee4422806b95.jpeg?fit=2560%2C2034&ssl=1","datePublished":"2026-04-29T15:08:36+00:00","author":{"@id":"https:\/\/elhijodelllanero.mx\/#\/schema\/person\/c7f8c86c55c1eab44ae2b93a9628245f"},"breadcrumb":{"@id":"https:\/\/elhijodelllanero.mx\/index.php\/2026\/04\/29\/arranca-vacunacion-masiva-en-villagran\/#breadcrumb"},"inLanguage":"es","potentialAction":[{"@type":"ReadAction","target":["https:\/\/elhijodelllanero.mx\/index.php\/2026\/04\/29\/arranca-vacunacion-masiva-en-villagran\/"]}]},{"@type":"ImageObject","inLanguage":"es","@id":"https:\/\/elhijodelllanero.mx\/index.php\/2026\/04\/29\/arranca-vacunacion-masiva-en-villagran\/#primaryimage","url":"https:\/\/i0.wp.com\/elhijodelllanero.mx\/wp-content\/uploads\/2026\/04\/98a8a4b0-83b9-43d6-8474-ee4422806b95.jpeg?fit=2560%2C2034&ssl=1","contentUrl":"https:\/\/i0.wp.com\/elhijodelllanero.mx\/wp-content\/uploads\/2026\/04\/98a8a4b0-83b9-43d6-8474-ee4422806b95.jpeg?fit=2560%2C2034&ssl=1","width":2560,"height":2034},{"@type":"BreadcrumbList","@id":"https:\/\/elhijodelllanero.mx\/index.php\/2026\/04\/29\/arranca-vacunacion-masiva-en-villagran\/#breadcrumb","itemListElement":[{"@type":"ListItem","position":1,"name":"Portada","item":"https:\/\/elhijodelllanero.mx\/"},{"@type":"ListItem","position":2,"name":"Arranca vacunaci\u00f3n masiva en Villagr\u00e1n."}]},{"@type":"WebSite","@id":"https:\/\/elhijodelllanero.mx\/#website","url":"https:\/\/elhijodelllanero.mx\/","name":"El Hijo del llanero solititito","description":"","potentialAction":[{"@type":"SearchAction","target":{"@type":"EntryPoint","urlTemplate":"https:\/\/elhijodelllanero.mx\/?s={search_term_string}"},"query-input":{"@type":"PropertyValueSpecification","valueRequired":true,"valueName":"search_term_string"}}],"inLanguage":"es"},{"@type":"Person","@id":"https:\/\/elhijodelllanero.mx\/#\/schema\/person\/c7f8c86c55c1eab44ae2b93a9628245f","name":"Mar\u00eda de la Paz Rodarte Ram\u00edrez","image":{"@type":"ImageObject","inLanguage":"es","@id":"https:\/\/secure.gravatar.com\/avatar\/1f38f8518b09a266af73da2bce78d69e7d1275299970134ed62f572e0487e1d0?s=96&d=mm&r=g","url":"https:\/\/secure.gravatar.com\/avatar\/1f38f8518b09a266af73da2bce78d69e7d1275299970134ed62f572e0487e1d0?s=96&d=mm&r=g","contentUrl":"https:\/\/secure.gravatar.com\/avatar\/1f38f8518b09a266af73da2bce78d69e7d1275299970134ed62f572e0487e1d0?s=96&d=mm&r=g","caption":"Mar\u00eda de la Paz Rodarte Ram\u00edrez"},"sameAs":["https:\/\/www.elhijodelllanero.mx"],"url":"https:\/\/elhijodelllanero.mx\/index.php\/author\/maricuas\/"}]}},"jetpack_featured_media_url":"https:\/\/i0.wp.com\/elhijodelllanero.mx\/wp-content\/uploads\/2026\/04\/98a8a4b0-83b9-43d6-8474-ee4422806b95.jpeg?fit=2560%2C2034&ssl=1","jetpack-related-posts":[],"jetpack_sharing_enabled":true,"_links":{"self":[{"href":"https:\/\/elhijodelllanero.mx\/index.php\/wp-json\/wp\/v2\/posts\/14204","targetHints":{"allow":["GET"]}}],"collection":[{"href":"https:\/\/elhijodelllanero.mx\/index.php\/wp-json\/wp\/v2\/posts"}],"about":[{"href":"https:\/\/elhijodelllanero.mx\/index.php\/wp-json\/wp\/v2\/types\/post"}],"author":[{"embeddable":true,"href":"https:\/\/elhijodelllanero.mx\/index.php\/wp-json\/wp\/v2\/users\/3"}],"replies":[{"embeddable":true,"href":"https:\/\/elhijodelllanero.mx\/index.php\/wp-json\/wp\/v2\/comments?post=14204"}],"version-history":[{"count":1,"href":"https:\/\/elhijodelllanero.mx\/index.php\/wp-json\/wp\/v2\/posts\/14204\/revisions"}],"predecessor-version":[{"id":14206,"href":"https:\/\/elhijodelllanero.mx\/index.php\/wp-json\/wp\/v2\/posts\/14204\/revisions\/14206"}],"wp:featuredmedia":[{"embeddable":true,"href":"https:\/\/elhijodelllanero.mx\/index.php\/wp-json\/wp\/v2\/media\/14205"}],"wp:attachment":[{"href":"https:\/\/elhijodelllanero.mx\/index.php\/wp-json\/wp\/v2\/media?parent=14204"}],"wp:term":[{"taxonomy":"category","embeddable":true,"href":"https:\/\/elhijodelllanero.mx\/index.php\/wp-json\/wp\/v2\/categories?post=14204"},{"taxonomy":"post_tag","embeddable":true,"href":"https:\/\/elhijodelllanero.mx\/index.php\/wp-json\/wp\/v2\/tags?post=14204"}],"curies":[{"name":"wp","href":"https:\/\/api.w.org\/{rel}","templated":true}]}}