{"id":14207,"date":"2026-04-29T09:16:46","date_gmt":"2026-04-29T15:16:46","guid":{"rendered":"https:\/\/elhijodelllanero.mx\/?p=14207"},"modified":"2026-04-29T09:16:46","modified_gmt":"2026-04-29T15:16:46","slug":"mas-agua-para-el-campo-y-menos-promesas-al-aire-arrancan-obras-de-bordearia-en-el-penon","status":"publish","type":"post","link":"https:\/\/elhijodelllanero.mx\/index.php\/2026\/04\/29\/mas-agua-para-el-campo-y-menos-promesas-al-aire-arrancan-obras-de-bordearia-en-el-penon\/","title":{"rendered":"M\u00e1s agua para el campo y menos promesas al aire, arrancan obras de bordear\u00eda en El Pe\u00f1on."},"content":{"rendered":"<p>Apaseo el Grande, Gto. 29 de abril del 2026.- Con el objetivo de fortalecer la captaci\u00f3n de agua y respaldar al sector agropecuario, el Gobierno Municipal puso en marcha las obras de border\u00eda en la comunidad de El Pe\u00f1\u00f3n, una acci\u00f3n enfocada en mejorar las condiciones del campo antes de la temporada de lluvias.<\/p>\n<p>El arranque fue encabezado por el alcalde Jos\u00e9 Luis \u201cChelis\u201d Oliveros Usabiaga, quien destac\u00f3 la importancia de mantener el trabajo conjunto con ejidatarios y productores para que los apoyos lleguen de manera oportuna y realmente beneficien a las comunidades rurales.<\/p>\n<p>\u201cEl campo mexicano necesita mucho de sus ejidatarios\u2026 y a m\u00ed me corresponde que los apoyos lleguen a tiempo, con maquinaria eficaz y eficiente\u201d, expres\u00f3.<\/p>\n<p>El presidente municipal pidi\u00f3 a las y los productores acercarse a los programas de apoyo, especialmente a proyectos comunitarios como los bordos, ya que permiten un mejor aprovechamiento del agua y benefician a m\u00e1s familias de manera directa.<\/p>\n<p>Adem\u00e1s, aprovech\u00f3 para invitar a la poblaci\u00f3n a tramitar la tarjeta de salud municipal, con la que pueden acceder a consultas m\u00e9dicas, medicamentos, estudios cl\u00ednicos y atenci\u00f3n dental. Porque en M\u00e9xico uno ya no sabe si cuidar primero la cosecha o sobrevivir al sistema de salud.<\/p>\n<p>El director de Obras P\u00fablicas, Marcos Ornelas Maga\u00f1a, inform\u00f3 que este a\u00f1o se proyecta atender al menos a 20 beneficiarios directos mediante cerca de 350 horas de trabajo coordinadas con la Secretar\u00eda del Campo, buscando concluir antes de que inicien las lluvias.<\/p>\n<p>Por su parte, el director de Desarrollo Agropecuario, Octavio Licea Rojas, se\u00f1al\u00f3 que este a\u00f1o arrancaron con mejores condiciones operativas y maquinaria disponible, lo que permitir\u00e1 avanzar con mayor rapidez en beneficio del campo apaseense.<\/p>\n<p>&nbsp;<\/p>\n","protected":false},"excerpt":{"rendered":"<p>Apaseo el Grande, Gto. 29 de abril del 2026.- Con el objetivo de fortalecer la captaci\u00f3n de agua y respaldar al sector agropecuario, el Gobierno Municipal puso en marcha las obras de border\u00eda en la comunidad de El Pe\u00f1\u00f3n, una acci\u00f3n enfocada en mejorar las condiciones del campo antes de la temporada de lluvias. El [&hellip;]<\/p>\n","protected":false},"author":3,"featured_media":0,"comment_status":"open","ping_status":"closed","sticky":false,"template":"","format":"standard","meta":{"_jetpack_newsletter_access":"","_jetpack_dont_email_post_to_subs":false,"_jetpack_newsletter_tier_id":0,"_jetpack_memberships_contains_paywalled_content":false,"_jetpack_memberships_contains_paid_content":false,"footnotes":""},"categories":[78,76],"tags":[],"class_list":{"0":"post-14207","1":"post","2":"type-post","3":"status-publish","4":"format-standard","6":"category-apaseo-el-grande","7":"category-municipios"},"yoast_head":"<!-- This site is optimized with the Yoast SEO plugin v27.3 - https:\/\/yoast.com\/product\/yoast-seo-wordpress\/ -->\n<title>M\u00e1s agua para el campo y menos promesas al aire, arrancan obras de bordear\u00eda en El Pe\u00f1on. - El Hijo del llanero solititito<\/title>\n<meta name=\"robots\" content=\"index, follow, max-snippet:-1, max-image-preview:large, max-video-preview:-1\" \/>\n<link rel=\"canonical\" href=\"https:\/\/elhijodelllanero.mx\/index.php\/2026\/04\/29\/mas-agua-para-el-campo-y-menos-promesas-al-aire-arrancan-obras-de-bordearia-en-el-penon\/\" \/>\n<meta property=\"og:locale\" content=\"es_ES\" \/>\n<meta property=\"og:type\" content=\"article\" \/>\n<meta property=\"og:title\" content=\"M\u00e1s agua para el campo y menos promesas al aire, arrancan obras de bordear\u00eda en El Pe\u00f1on. - El Hijo del llanero solititito\" \/>\n<meta property=\"og:description\" content=\"Apaseo el Grande, Gto. 29 de abril del 2026.- Con el objetivo de fortalecer la captaci\u00f3n de agua y respaldar al sector agropecuario, el Gobierno Municipal puso en marcha las obras de border\u00eda en la comunidad de El Pe\u00f1\u00f3n, una acci\u00f3n enfocada en mejorar las condiciones del campo antes de la temporada de lluvias. El [&hellip;]\" \/>\n<meta property=\"og:url\" content=\"https:\/\/elhijodelllanero.mx\/index.php\/2026\/04\/29\/mas-agua-para-el-campo-y-menos-promesas-al-aire-arrancan-obras-de-bordearia-en-el-penon\/\" \/>\n<meta property=\"og:site_name\" content=\"El Hijo del llanero solititito\" \/>\n<meta property=\"article:published_time\" content=\"2026-04-29T15:16:46+00:00\" \/>\n<meta name=\"author\" content=\"Mar\u00eda de la Paz Rodarte Ram\u00edrez\" \/>\n<meta name=\"twitter:card\" content=\"summary_large_image\" \/>\n<meta name=\"twitter:label1\" content=\"Escrito por\" \/>\n\t<meta name=\"twitter:data1\" content=\"Mar\u00eda de la Paz Rodarte Ram\u00edrez\" \/>\n\t<meta name=\"twitter:label2\" content=\"Tiempo de lectura\" \/>\n\t<meta name=\"twitter:data2\" content=\"2 minutos\" \/>\n<script type=\"application\/ld+json\" class=\"yoast-schema-graph\">{\"@context\":\"https:\\\/\\\/schema.org\",\"@graph\":[{\"@type\":\"Article\",\"@id\":\"https:\\\/\\\/elhijodelllanero.mx\\\/index.php\\\/2026\\\/04\\\/29\\\/mas-agua-para-el-campo-y-menos-promesas-al-aire-arrancan-obras-de-bordearia-en-el-penon\\\/#article\",\"isPartOf\":{\"@id\":\"https:\\\/\\\/elhijodelllanero.mx\\\/index.php\\\/2026\\\/04\\\/29\\\/mas-agua-para-el-campo-y-menos-promesas-al-aire-arrancan-obras-de-bordearia-en-el-penon\\\/\"},\"author\":{\"name\":\"Mar\u00eda de la Paz Rodarte Ram\u00edrez\",\"@id\":\"https:\\\/\\\/elhijodelllanero.mx\\\/#\\\/schema\\\/person\\\/c7f8c86c55c1eab44ae2b93a9628245f\"},\"headline\":\"M\u00e1s agua para el campo y menos promesas al aire, arrancan obras de bordear\u00eda en El Pe\u00f1on.\",\"datePublished\":\"2026-04-29T15:16:46+00:00\",\"mainEntityOfPage\":{\"@id\":\"https:\\\/\\\/elhijodelllanero.mx\\\/index.php\\\/2026\\\/04\\\/29\\\/mas-agua-para-el-campo-y-menos-promesas-al-aire-arrancan-obras-de-bordearia-en-el-penon\\\/\"},\"wordCount\":315,\"commentCount\":0,\"articleSection\":[\"APASEO EL GRANDE\",\"MUNICIPIOS\"],\"inLanguage\":\"es\",\"potentialAction\":[{\"@type\":\"CommentAction\",\"name\":\"Comment\",\"target\":[\"https:\\\/\\\/elhijodelllanero.mx\\\/index.php\\\/2026\\\/04\\\/29\\\/mas-agua-para-el-campo-y-menos-promesas-al-aire-arrancan-obras-de-bordearia-en-el-penon\\\/#respond\"]}]},{\"@type\":\"WebPage\",\"@id\":\"https:\\\/\\\/elhijodelllanero.mx\\\/index.php\\\/2026\\\/04\\\/29\\\/mas-agua-para-el-campo-y-menos-promesas-al-aire-arrancan-obras-de-bordearia-en-el-penon\\\/\",\"url\":\"https:\\\/\\\/elhijodelllanero.mx\\\/index.php\\\/2026\\\/04\\\/29\\\/mas-agua-para-el-campo-y-menos-promesas-al-aire-arrancan-obras-de-bordearia-en-el-penon\\\/\",\"name\":\"M\u00e1s agua para el campo y menos promesas al aire, arrancan obras de bordear\u00eda en El Pe\u00f1on. - El Hijo del llanero solititito\",\"isPartOf\":{\"@id\":\"https:\\\/\\\/elhijodelllanero.mx\\\/#website\"},\"datePublished\":\"2026-04-29T15:16:46+00:00\",\"author\":{\"@id\":\"https:\\\/\\\/elhijodelllanero.mx\\\/#\\\/schema\\\/person\\\/c7f8c86c55c1eab44ae2b93a9628245f\"},\"breadcrumb\":{\"@id\":\"https:\\\/\\\/elhijodelllanero.mx\\\/index.php\\\/2026\\\/04\\\/29\\\/mas-agua-para-el-campo-y-menos-promesas-al-aire-arrancan-obras-de-bordearia-en-el-penon\\\/#breadcrumb\"},\"inLanguage\":\"es\",\"potentialAction\":[{\"@type\":\"ReadAction\",\"target\":[\"https:\\\/\\\/elhijodelllanero.mx\\\/index.php\\\/2026\\\/04\\\/29\\\/mas-agua-para-el-campo-y-menos-promesas-al-aire-arrancan-obras-de-bordearia-en-el-penon\\\/\"]}]},{\"@type\":\"BreadcrumbList\",\"@id\":\"https:\\\/\\\/elhijodelllanero.mx\\\/index.php\\\/2026\\\/04\\\/29\\\/mas-agua-para-el-campo-y-menos-promesas-al-aire-arrancan-obras-de-bordearia-en-el-penon\\\/#breadcrumb\",\"itemListElement\":[{\"@type\":\"ListItem\",\"position\":1,\"name\":\"Portada\",\"item\":\"https:\\\/\\\/elhijodelllanero.mx\\\/\"},{\"@type\":\"ListItem\",\"position\":2,\"name\":\"M\u00e1s agua para el campo y menos promesas al aire, arrancan obras de bordear\u00eda en El Pe\u00f1on.\"}]},{\"@type\":\"WebSite\",\"@id\":\"https:\\\/\\\/elhijodelllanero.mx\\\/#website\",\"url\":\"https:\\\/\\\/elhijodelllanero.mx\\\/\",\"name\":\"El Hijo del llanero solititito\",\"description\":\"\",\"potentialAction\":[{\"@type\":\"SearchAction\",\"target\":{\"@type\":\"EntryPoint\",\"urlTemplate\":\"https:\\\/\\\/elhijodelllanero.mx\\\/?s={search_term_string}\"},\"query-input\":{\"@type\":\"PropertyValueSpecification\",\"valueRequired\":true,\"valueName\":\"search_term_string\"}}],\"inLanguage\":\"es\"},{\"@type\":\"Person\",\"@id\":\"https:\\\/\\\/elhijodelllanero.mx\\\/#\\\/schema\\\/person\\\/c7f8c86c55c1eab44ae2b93a9628245f\",\"name\":\"Mar\u00eda de la Paz Rodarte Ram\u00edrez\",\"image\":{\"@type\":\"ImageObject\",\"inLanguage\":\"es\",\"@id\":\"https:\\\/\\\/secure.gravatar.com\\\/avatar\\\/1f38f8518b09a266af73da2bce78d69e7d1275299970134ed62f572e0487e1d0?s=96&d=mm&r=g\",\"url\":\"https:\\\/\\\/secure.gravatar.com\\\/avatar\\\/1f38f8518b09a266af73da2bce78d69e7d1275299970134ed62f572e0487e1d0?s=96&d=mm&r=g\",\"contentUrl\":\"https:\\\/\\\/secure.gravatar.com\\\/avatar\\\/1f38f8518b09a266af73da2bce78d69e7d1275299970134ed62f572e0487e1d0?s=96&d=mm&r=g\",\"caption\":\"Mar\u00eda de la Paz Rodarte Ram\u00edrez\"},\"sameAs\":[\"https:\\\/\\\/www.elhijodelllanero.mx\"],\"url\":\"https:\\\/\\\/elhijodelllanero.mx\\\/index.php\\\/author\\\/maricuas\\\/\"}]}<\/script>\n<!-- \/ Yoast SEO plugin. -->","yoast_head_json":{"title":"M\u00e1s agua para el campo y menos promesas al aire, arrancan obras de bordear\u00eda en El Pe\u00f1on. - El Hijo del llanero solititito","robots":{"index":"index","follow":"follow","max-snippet":"max-snippet:-1","max-image-preview":"max-image-preview:large","max-video-preview":"max-video-preview:-1"},"canonical":"https:\/\/elhijodelllanero.mx\/index.php\/2026\/04\/29\/mas-agua-para-el-campo-y-menos-promesas-al-aire-arrancan-obras-de-bordearia-en-el-penon\/","og_locale":"es_ES","og_type":"article","og_title":"M\u00e1s agua para el campo y menos promesas al aire, arrancan obras de bordear\u00eda en El Pe\u00f1on. - El Hijo del llanero solititito","og_description":"Apaseo el Grande, Gto. 29 de abril del 2026.- Con el objetivo de fortalecer la captaci\u00f3n de agua y respaldar al sector agropecuario, el Gobierno Municipal puso en marcha las obras de border\u00eda en la comunidad de El Pe\u00f1\u00f3n, una acci\u00f3n enfocada en mejorar las condiciones del campo antes de la temporada de lluvias. El [&hellip;]","og_url":"https:\/\/elhijodelllanero.mx\/index.php\/2026\/04\/29\/mas-agua-para-el-campo-y-menos-promesas-al-aire-arrancan-obras-de-bordearia-en-el-penon\/","og_site_name":"El Hijo del llanero solititito","article_published_time":"2026-04-29T15:16:46+00:00","author":"Mar\u00eda de la Paz Rodarte Ram\u00edrez","twitter_card":"summary_large_image","twitter_misc":{"Escrito por":"Mar\u00eda de la Paz Rodarte Ram\u00edrez","Tiempo de lectura":"2 minutos"},"schema":{"@context":"https:\/\/schema.org","@graph":[{"@type":"Article","@id":"https:\/\/elhijodelllanero.mx\/index.php\/2026\/04\/29\/mas-agua-para-el-campo-y-menos-promesas-al-aire-arrancan-obras-de-bordearia-en-el-penon\/#article","isPartOf":{"@id":"https:\/\/elhijodelllanero.mx\/index.php\/2026\/04\/29\/mas-agua-para-el-campo-y-menos-promesas-al-aire-arrancan-obras-de-bordearia-en-el-penon\/"},"author":{"name":"Mar\u00eda de la Paz Rodarte Ram\u00edrez","@id":"https:\/\/elhijodelllanero.mx\/#\/schema\/person\/c7f8c86c55c1eab44ae2b93a9628245f"},"headline":"M\u00e1s agua para el campo y menos promesas al aire, arrancan obras de bordear\u00eda en El Pe\u00f1on.","datePublished":"2026-04-29T15:16:46+00:00","mainEntityOfPage":{"@id":"https:\/\/elhijodelllanero.mx\/index.php\/2026\/04\/29\/mas-agua-para-el-campo-y-menos-promesas-al-aire-arrancan-obras-de-bordearia-en-el-penon\/"},"wordCount":315,"commentCount":0,"articleSection":["APASEO EL GRANDE","MUNICIPIOS"],"inLanguage":"es","potentialAction":[{"@type":"CommentAction","name":"Comment","target":["https:\/\/elhijodelllanero.mx\/index.php\/2026\/04\/29\/mas-agua-para-el-campo-y-menos-promesas-al-aire-arrancan-obras-de-bordearia-en-el-penon\/#respond"]}]},{"@type":"WebPage","@id":"https:\/\/elhijodelllanero.mx\/index.php\/2026\/04\/29\/mas-agua-para-el-campo-y-menos-promesas-al-aire-arrancan-obras-de-bordearia-en-el-penon\/","url":"https:\/\/elhijodelllanero.mx\/index.php\/2026\/04\/29\/mas-agua-para-el-campo-y-menos-promesas-al-aire-arrancan-obras-de-bordearia-en-el-penon\/","name":"M\u00e1s agua para el campo y menos promesas al aire, arrancan obras de bordear\u00eda en El Pe\u00f1on. - El Hijo del llanero solititito","isPartOf":{"@id":"https:\/\/elhijodelllanero.mx\/#website"},"datePublished":"2026-04-29T15:16:46+00:00","author":{"@id":"https:\/\/elhijodelllanero.mx\/#\/schema\/person\/c7f8c86c55c1eab44ae2b93a9628245f"},"breadcrumb":{"@id":"https:\/\/elhijodelllanero.mx\/index.php\/2026\/04\/29\/mas-agua-para-el-campo-y-menos-promesas-al-aire-arrancan-obras-de-bordearia-en-el-penon\/#breadcrumb"},"inLanguage":"es","potentialAction":[{"@type":"ReadAction","target":["https:\/\/elhijodelllanero.mx\/index.php\/2026\/04\/29\/mas-agua-para-el-campo-y-menos-promesas-al-aire-arrancan-obras-de-bordearia-en-el-penon\/"]}]},{"@type":"BreadcrumbList","@id":"https:\/\/elhijodelllanero.mx\/index.php\/2026\/04\/29\/mas-agua-para-el-campo-y-menos-promesas-al-aire-arrancan-obras-de-bordearia-en-el-penon\/#breadcrumb","itemListElement":[{"@type":"ListItem","position":1,"name":"Portada","item":"https:\/\/elhijodelllanero.mx\/"},{"@type":"ListItem","position":2,"name":"M\u00e1s agua para el campo y menos promesas al aire, arrancan obras de bordear\u00eda en El Pe\u00f1on."}]},{"@type":"WebSite","@id":"https:\/\/elhijodelllanero.mx\/#website","url":"https:\/\/elhijodelllanero.mx\/","name":"El Hijo del llanero solititito","description":"","potentialAction":[{"@type":"SearchAction","target":{"@type":"EntryPoint","urlTemplate":"https:\/\/elhijodelllanero.mx\/?s={search_term_string}"},"query-input":{"@type":"PropertyValueSpecification","valueRequired":true,"valueName":"search_term_string"}}],"inLanguage":"es"},{"@type":"Person","@id":"https:\/\/elhijodelllanero.mx\/#\/schema\/person\/c7f8c86c55c1eab44ae2b93a9628245f","name":"Mar\u00eda de la Paz Rodarte Ram\u00edrez","image":{"@type":"ImageObject","inLanguage":"es","@id":"https:\/\/secure.gravatar.com\/avatar\/1f38f8518b09a266af73da2bce78d69e7d1275299970134ed62f572e0487e1d0?s=96&d=mm&r=g","url":"https:\/\/secure.gravatar.com\/avatar\/1f38f8518b09a266af73da2bce78d69e7d1275299970134ed62f572e0487e1d0?s=96&d=mm&r=g","contentUrl":"https:\/\/secure.gravatar.com\/avatar\/1f38f8518b09a266af73da2bce78d69e7d1275299970134ed62f572e0487e1d0?s=96&d=mm&r=g","caption":"Mar\u00eda de la Paz Rodarte Ram\u00edrez"},"sameAs":["https:\/\/www.elhijodelllanero.mx"],"url":"https:\/\/elhijodelllanero.mx\/index.php\/author\/maricuas\/"}]}},"jetpack_featured_media_url":"","jetpack-related-posts":[],"jetpack_sharing_enabled":true,"_links":{"self":[{"href":"https:\/\/elhijodelllanero.mx\/index.php\/wp-json\/wp\/v2\/posts\/14207","targetHints":{"allow":["GET"]}}],"collection":[{"href":"https:\/\/elhijodelllanero.mx\/index.php\/wp-json\/wp\/v2\/posts"}],"about":[{"href":"https:\/\/elhijodelllanero.mx\/index.php\/wp-json\/wp\/v2\/types\/post"}],"author":[{"embeddable":true,"href":"https:\/\/elhijodelllanero.mx\/index.php\/wp-json\/wp\/v2\/users\/3"}],"replies":[{"embeddable":true,"href":"https:\/\/elhijodelllanero.mx\/index.php\/wp-json\/wp\/v2\/comments?post=14207"}],"version-history":[{"count":1,"href":"https:\/\/elhijodelllanero.mx\/index.php\/wp-json\/wp\/v2\/posts\/14207\/revisions"}],"predecessor-version":[{"id":14209,"href":"https:\/\/elhijodelllanero.mx\/index.php\/wp-json\/wp\/v2\/posts\/14207\/revisions\/14209"}],"wp:attachment":[{"href":"https:\/\/elhijodelllanero.mx\/index.php\/wp-json\/wp\/v2\/media?parent=14207"}],"wp:term":[{"taxonomy":"category","embeddable":true,"href":"https:\/\/elhijodelllanero.mx\/index.php\/wp-json\/wp\/v2\/categories?post=14207"},{"taxonomy":"post_tag","embeddable":true,"href":"https:\/\/elhijodelllanero.mx\/index.php\/wp-json\/wp\/v2\/tags?post=14207"}],"curies":[{"name":"wp","href":"https:\/\/api.w.org\/{rel}","templated":true}]}}