{"id":14210,"date":"2026-04-29T09:29:46","date_gmt":"2026-04-29T15:29:46","guid":{"rendered":"https:\/\/elhijodelllanero.mx\/?p=14210"},"modified":"2026-04-29T09:29:59","modified_gmt":"2026-04-29T15:29:59","slug":"confirman-denuncia-contra-regidora-en-villagran","status":"publish","type":"post","link":"https:\/\/elhijodelllanero.mx\/index.php\/2026\/04\/29\/confirman-denuncia-contra-regidora-en-villagran\/","title":{"rendered":"Confirman denuncia contra regidora en Villagr\u00e1n."},"content":{"rendered":"<p>Villagr\u00e1n, Gto. 29 de abril del 2026.- La alcaldesa Cinthia Teniente confirm\u00f3 que existe una denuncia contra la regidora de Movimiento Ciudadano, Ari Cuevas, por el presunto ingreso sin autorizaci\u00f3n a una instituci\u00f3n educativa del municipio, asunto que ya fue turnado a las instancias correspondientes para su revisi\u00f3n.<\/p>\n<p>Durante la m\u00e1s reciente sesi\u00f3n ordinaria de Ayuntamiento, la regidora emiti\u00f3 un posicionamiento en el que se\u00f1al\u00f3 presunta violencia institucional y cuestion\u00f3 que el gobierno municipal pretendiera investigar y sancionar el caso, adem\u00e1s de exigir acceso al expediente del procedimiento administrativo.<\/p>\n<p>Cuevas tambi\u00e9n asegur\u00f3 que los hechos que se le atribuyen no coinciden ni en fecha ni en lugar, aunque no detall\u00f3 p\u00fablicamente cu\u00e1l ser\u00eda la falta se\u00f1alada.<\/p>\n<p>Sobre ello, la presidenta municipal explic\u00f3 que la denuncia fue presentada por una autoridad educativa, luego de que presuntamente la edil ingresara a un plantel sin permiso, motivo por el cual el Ayuntamiento aprob\u00f3 turnar el caso tanto a Contralor\u00eda como a la instancia correspondiente.<\/p>\n<p>\u201cEfectivamente existe una denuncia por parte de una autoridad educativa por un posible acto de ingresar sin permiso a una instituci\u00f3n educativa, el proceso ya se encuentra d\u00e1ndose cause y se emiti\u00f3 un acuerdo de Ayuntamiento en donde nos pronunciamos para poder turnar el tema a la contralor\u00eda y tambi\u00e9n a la instancia correspondiente\u201d.<\/p>\n<p>La alcaldesa se\u00f1al\u00f3 que el procedimiento sigue su curso y que la regidora ya expres\u00f3 su postura p\u00fablica sobre el tema, mientras que Ari Cuevas insisti\u00f3 en que se trata de una persecuci\u00f3n pol\u00edtica.<\/p>\n<p>No es la primera vez que surgen diferencias entre la regidora y la actual administraci\u00f3n municipal, ya que en febrero tambi\u00e9n hubo se\u00f1alamientos tras una jornada de limpieza realizada en la colonia La Venta.<\/p>\n","protected":false},"excerpt":{"rendered":"<p>Villagr\u00e1n, Gto. 29 de abril del 2026.- La alcaldesa Cinthia Teniente confirm\u00f3 que existe una denuncia contra la regidora de Movimiento Ciudadano, Ari Cuevas, por el presunto ingreso sin autorizaci\u00f3n a una instituci\u00f3n educativa del municipio, asunto que ya fue turnado a las instancias correspondientes para su revisi\u00f3n. Durante la m\u00e1s reciente sesi\u00f3n ordinaria de [&hellip;]<\/p>\n","protected":false},"author":3,"featured_media":14211,"comment_status":"open","ping_status":"closed","sticky":false,"template":"","format":"standard","meta":{"_jetpack_newsletter_access":"","_jetpack_dont_email_post_to_subs":false,"_jetpack_newsletter_tier_id":0,"_jetpack_memberships_contains_paywalled_content":false,"_jetpack_memberships_contains_paid_content":false,"footnotes":""},"categories":[76,85],"tags":[],"class_list":{"0":"post-14210","1":"post","2":"type-post","3":"status-publish","4":"format-standard","5":"has-post-thumbnail","7":"category-municipios","8":"category-villagran"},"yoast_head":"<!-- This site is optimized with the Yoast SEO plugin v27.3 - https:\/\/yoast.com\/product\/yoast-seo-wordpress\/ -->\n<title>Confirman denuncia contra regidora en Villagr\u00e1n. - El Hijo del llanero solititito<\/title>\n<meta name=\"robots\" content=\"index, follow, max-snippet:-1, max-image-preview:large, max-video-preview:-1\" \/>\n<link rel=\"canonical\" href=\"https:\/\/elhijodelllanero.mx\/index.php\/2026\/04\/29\/confirman-denuncia-contra-regidora-en-villagran\/\" \/>\n<meta property=\"og:locale\" content=\"es_ES\" \/>\n<meta property=\"og:type\" content=\"article\" \/>\n<meta property=\"og:title\" content=\"Confirman denuncia contra regidora en Villagr\u00e1n. - El Hijo del llanero solititito\" \/>\n<meta property=\"og:description\" content=\"Villagr\u00e1n, Gto. 29 de abril del 2026.- La alcaldesa Cinthia Teniente confirm\u00f3 que existe una denuncia contra la regidora de Movimiento Ciudadano, Ari Cuevas, por el presunto ingreso sin autorizaci\u00f3n a una instituci\u00f3n educativa del municipio, asunto que ya fue turnado a las instancias correspondientes para su revisi\u00f3n. Durante la m\u00e1s reciente sesi\u00f3n ordinaria de [&hellip;]\" \/>\n<meta property=\"og:url\" content=\"https:\/\/elhijodelllanero.mx\/index.php\/2026\/04\/29\/confirman-denuncia-contra-regidora-en-villagran\/\" \/>\n<meta property=\"og:site_name\" content=\"El Hijo del llanero solititito\" \/>\n<meta property=\"article:published_time\" content=\"2026-04-29T15:29:46+00:00\" \/>\n<meta property=\"article:modified_time\" content=\"2026-04-29T15:29:59+00:00\" \/>\n<meta property=\"og:image\" content=\"https:\/\/elhijodelllanero.mx\/wp-content\/uploads\/2026\/04\/48ff1c4e-d5b6-44d4-beea-ee59cf83b46b.jpeg\" \/>\n\t<meta property=\"og:image:width\" content=\"1304\" \/>\n\t<meta property=\"og:image:height\" content=\"1600\" \/>\n\t<meta property=\"og:image:type\" content=\"image\/jpeg\" \/>\n<meta name=\"author\" content=\"Mar\u00eda de la Paz Rodarte Ram\u00edrez\" \/>\n<meta name=\"twitter:card\" content=\"summary_large_image\" \/>\n<meta name=\"twitter:label1\" content=\"Escrito por\" \/>\n\t<meta name=\"twitter:data1\" content=\"Mar\u00eda de la Paz Rodarte Ram\u00edrez\" \/>\n\t<meta name=\"twitter:label2\" content=\"Tiempo de lectura\" \/>\n\t<meta name=\"twitter:data2\" content=\"2 minutos\" \/>\n<script type=\"application\/ld+json\" class=\"yoast-schema-graph\">{\"@context\":\"https:\\\/\\\/schema.org\",\"@graph\":[{\"@type\":\"Article\",\"@id\":\"https:\\\/\\\/elhijodelllanero.mx\\\/index.php\\\/2026\\\/04\\\/29\\\/confirman-denuncia-contra-regidora-en-villagran\\\/#article\",\"isPartOf\":{\"@id\":\"https:\\\/\\\/elhijodelllanero.mx\\\/index.php\\\/2026\\\/04\\\/29\\\/confirman-denuncia-contra-regidora-en-villagran\\\/\"},\"author\":{\"name\":\"Mar\u00eda de la Paz Rodarte Ram\u00edrez\",\"@id\":\"https:\\\/\\\/elhijodelllanero.mx\\\/#\\\/schema\\\/person\\\/c7f8c86c55c1eab44ae2b93a9628245f\"},\"headline\":\"Confirman denuncia contra regidora en Villagr\u00e1n.\",\"datePublished\":\"2026-04-29T15:29:46+00:00\",\"dateModified\":\"2026-04-29T15:29:59+00:00\",\"mainEntityOfPage\":{\"@id\":\"https:\\\/\\\/elhijodelllanero.mx\\\/index.php\\\/2026\\\/04\\\/29\\\/confirman-denuncia-contra-regidora-en-villagran\\\/\"},\"wordCount\":314,\"commentCount\":0,\"image\":{\"@id\":\"https:\\\/\\\/elhijodelllanero.mx\\\/index.php\\\/2026\\\/04\\\/29\\\/confirman-denuncia-contra-regidora-en-villagran\\\/#primaryimage\"},\"thumbnailUrl\":\"https:\\\/\\\/i0.wp.com\\\/elhijodelllanero.mx\\\/wp-content\\\/uploads\\\/2026\\\/04\\\/48ff1c4e-d5b6-44d4-beea-ee59cf83b46b.jpeg?fit=1304%2C1600&ssl=1\",\"articleSection\":[\"MUNICIPIOS\",\"Villagr\u00e1n\"],\"inLanguage\":\"es\",\"potentialAction\":[{\"@type\":\"CommentAction\",\"name\":\"Comment\",\"target\":[\"https:\\\/\\\/elhijodelllanero.mx\\\/index.php\\\/2026\\\/04\\\/29\\\/confirman-denuncia-contra-regidora-en-villagran\\\/#respond\"]}]},{\"@type\":\"WebPage\",\"@id\":\"https:\\\/\\\/elhijodelllanero.mx\\\/index.php\\\/2026\\\/04\\\/29\\\/confirman-denuncia-contra-regidora-en-villagran\\\/\",\"url\":\"https:\\\/\\\/elhijodelllanero.mx\\\/index.php\\\/2026\\\/04\\\/29\\\/confirman-denuncia-contra-regidora-en-villagran\\\/\",\"name\":\"Confirman denuncia contra regidora en Villagr\u00e1n. - El Hijo del llanero solititito\",\"isPartOf\":{\"@id\":\"https:\\\/\\\/elhijodelllanero.mx\\\/#website\"},\"primaryImageOfPage\":{\"@id\":\"https:\\\/\\\/elhijodelllanero.mx\\\/index.php\\\/2026\\\/04\\\/29\\\/confirman-denuncia-contra-regidora-en-villagran\\\/#primaryimage\"},\"image\":{\"@id\":\"https:\\\/\\\/elhijodelllanero.mx\\\/index.php\\\/2026\\\/04\\\/29\\\/confirman-denuncia-contra-regidora-en-villagran\\\/#primaryimage\"},\"thumbnailUrl\":\"https:\\\/\\\/i0.wp.com\\\/elhijodelllanero.mx\\\/wp-content\\\/uploads\\\/2026\\\/04\\\/48ff1c4e-d5b6-44d4-beea-ee59cf83b46b.jpeg?fit=1304%2C1600&ssl=1\",\"datePublished\":\"2026-04-29T15:29:46+00:00\",\"dateModified\":\"2026-04-29T15:29:59+00:00\",\"author\":{\"@id\":\"https:\\\/\\\/elhijodelllanero.mx\\\/#\\\/schema\\\/person\\\/c7f8c86c55c1eab44ae2b93a9628245f\"},\"breadcrumb\":{\"@id\":\"https:\\\/\\\/elhijodelllanero.mx\\\/index.php\\\/2026\\\/04\\\/29\\\/confirman-denuncia-contra-regidora-en-villagran\\\/#breadcrumb\"},\"inLanguage\":\"es\",\"potentialAction\":[{\"@type\":\"ReadAction\",\"target\":[\"https:\\\/\\\/elhijodelllanero.mx\\\/index.php\\\/2026\\\/04\\\/29\\\/confirman-denuncia-contra-regidora-en-villagran\\\/\"]}]},{\"@type\":\"ImageObject\",\"inLanguage\":\"es\",\"@id\":\"https:\\\/\\\/elhijodelllanero.mx\\\/index.php\\\/2026\\\/04\\\/29\\\/confirman-denuncia-contra-regidora-en-villagran\\\/#primaryimage\",\"url\":\"https:\\\/\\\/i0.wp.com\\\/elhijodelllanero.mx\\\/wp-content\\\/uploads\\\/2026\\\/04\\\/48ff1c4e-d5b6-44d4-beea-ee59cf83b46b.jpeg?fit=1304%2C1600&ssl=1\",\"contentUrl\":\"https:\\\/\\\/i0.wp.com\\\/elhijodelllanero.mx\\\/wp-content\\\/uploads\\\/2026\\\/04\\\/48ff1c4e-d5b6-44d4-beea-ee59cf83b46b.jpeg?fit=1304%2C1600&ssl=1\",\"width\":1304,\"height\":1600},{\"@type\":\"BreadcrumbList\",\"@id\":\"https:\\\/\\\/elhijodelllanero.mx\\\/index.php\\\/2026\\\/04\\\/29\\\/confirman-denuncia-contra-regidora-en-villagran\\\/#breadcrumb\",\"itemListElement\":[{\"@type\":\"ListItem\",\"position\":1,\"name\":\"Portada\",\"item\":\"https:\\\/\\\/elhijodelllanero.mx\\\/\"},{\"@type\":\"ListItem\",\"position\":2,\"name\":\"Confirman denuncia contra regidora en Villagr\u00e1n.\"}]},{\"@type\":\"WebSite\",\"@id\":\"https:\\\/\\\/elhijodelllanero.mx\\\/#website\",\"url\":\"https:\\\/\\\/elhijodelllanero.mx\\\/\",\"name\":\"El Hijo del llanero solititito\",\"description\":\"\",\"potentialAction\":[{\"@type\":\"SearchAction\",\"target\":{\"@type\":\"EntryPoint\",\"urlTemplate\":\"https:\\\/\\\/elhijodelllanero.mx\\\/?s={search_term_string}\"},\"query-input\":{\"@type\":\"PropertyValueSpecification\",\"valueRequired\":true,\"valueName\":\"search_term_string\"}}],\"inLanguage\":\"es\"},{\"@type\":\"Person\",\"@id\":\"https:\\\/\\\/elhijodelllanero.mx\\\/#\\\/schema\\\/person\\\/c7f8c86c55c1eab44ae2b93a9628245f\",\"name\":\"Mar\u00eda de la Paz Rodarte Ram\u00edrez\",\"image\":{\"@type\":\"ImageObject\",\"inLanguage\":\"es\",\"@id\":\"https:\\\/\\\/secure.gravatar.com\\\/avatar\\\/1f38f8518b09a266af73da2bce78d69e7d1275299970134ed62f572e0487e1d0?s=96&d=mm&r=g\",\"url\":\"https:\\\/\\\/secure.gravatar.com\\\/avatar\\\/1f38f8518b09a266af73da2bce78d69e7d1275299970134ed62f572e0487e1d0?s=96&d=mm&r=g\",\"contentUrl\":\"https:\\\/\\\/secure.gravatar.com\\\/avatar\\\/1f38f8518b09a266af73da2bce78d69e7d1275299970134ed62f572e0487e1d0?s=96&d=mm&r=g\",\"caption\":\"Mar\u00eda de la Paz Rodarte Ram\u00edrez\"},\"sameAs\":[\"https:\\\/\\\/www.elhijodelllanero.mx\"],\"url\":\"https:\\\/\\\/elhijodelllanero.mx\\\/index.php\\\/author\\\/maricuas\\\/\"}]}<\/script>\n<!-- \/ Yoast SEO plugin. -->","yoast_head_json":{"title":"Confirman denuncia contra regidora en Villagr\u00e1n. - El Hijo del llanero solititito","robots":{"index":"index","follow":"follow","max-snippet":"max-snippet:-1","max-image-preview":"max-image-preview:large","max-video-preview":"max-video-preview:-1"},"canonical":"https:\/\/elhijodelllanero.mx\/index.php\/2026\/04\/29\/confirman-denuncia-contra-regidora-en-villagran\/","og_locale":"es_ES","og_type":"article","og_title":"Confirman denuncia contra regidora en Villagr\u00e1n. - El Hijo del llanero solititito","og_description":"Villagr\u00e1n, Gto. 29 de abril del 2026.- La alcaldesa Cinthia Teniente confirm\u00f3 que existe una denuncia contra la regidora de Movimiento Ciudadano, Ari Cuevas, por el presunto ingreso sin autorizaci\u00f3n a una instituci\u00f3n educativa del municipio, asunto que ya fue turnado a las instancias correspondientes para su revisi\u00f3n. Durante la m\u00e1s reciente sesi\u00f3n ordinaria de [&hellip;]","og_url":"https:\/\/elhijodelllanero.mx\/index.php\/2026\/04\/29\/confirman-denuncia-contra-regidora-en-villagran\/","og_site_name":"El Hijo del llanero solititito","article_published_time":"2026-04-29T15:29:46+00:00","article_modified_time":"2026-04-29T15:29:59+00:00","og_image":[{"width":1304,"height":1600,"url":"https:\/\/elhijodelllanero.mx\/wp-content\/uploads\/2026\/04\/48ff1c4e-d5b6-44d4-beea-ee59cf83b46b.jpeg","type":"image\/jpeg"}],"author":"Mar\u00eda de la Paz Rodarte Ram\u00edrez","twitter_card":"summary_large_image","twitter_misc":{"Escrito por":"Mar\u00eda de la Paz Rodarte Ram\u00edrez","Tiempo de lectura":"2 minutos"},"schema":{"@context":"https:\/\/schema.org","@graph":[{"@type":"Article","@id":"https:\/\/elhijodelllanero.mx\/index.php\/2026\/04\/29\/confirman-denuncia-contra-regidora-en-villagran\/#article","isPartOf":{"@id":"https:\/\/elhijodelllanero.mx\/index.php\/2026\/04\/29\/confirman-denuncia-contra-regidora-en-villagran\/"},"author":{"name":"Mar\u00eda de la Paz Rodarte Ram\u00edrez","@id":"https:\/\/elhijodelllanero.mx\/#\/schema\/person\/c7f8c86c55c1eab44ae2b93a9628245f"},"headline":"Confirman denuncia contra regidora en Villagr\u00e1n.","datePublished":"2026-04-29T15:29:46+00:00","dateModified":"2026-04-29T15:29:59+00:00","mainEntityOfPage":{"@id":"https:\/\/elhijodelllanero.mx\/index.php\/2026\/04\/29\/confirman-denuncia-contra-regidora-en-villagran\/"},"wordCount":314,"commentCount":0,"image":{"@id":"https:\/\/elhijodelllanero.mx\/index.php\/2026\/04\/29\/confirman-denuncia-contra-regidora-en-villagran\/#primaryimage"},"thumbnailUrl":"https:\/\/i0.wp.com\/elhijodelllanero.mx\/wp-content\/uploads\/2026\/04\/48ff1c4e-d5b6-44d4-beea-ee59cf83b46b.jpeg?fit=1304%2C1600&ssl=1","articleSection":["MUNICIPIOS","Villagr\u00e1n"],"inLanguage":"es","potentialAction":[{"@type":"CommentAction","name":"Comment","target":["https:\/\/elhijodelllanero.mx\/index.php\/2026\/04\/29\/confirman-denuncia-contra-regidora-en-villagran\/#respond"]}]},{"@type":"WebPage","@id":"https:\/\/elhijodelllanero.mx\/index.php\/2026\/04\/29\/confirman-denuncia-contra-regidora-en-villagran\/","url":"https:\/\/elhijodelllanero.mx\/index.php\/2026\/04\/29\/confirman-denuncia-contra-regidora-en-villagran\/","name":"Confirman denuncia contra regidora en Villagr\u00e1n. - El Hijo del llanero solititito","isPartOf":{"@id":"https:\/\/elhijodelllanero.mx\/#website"},"primaryImageOfPage":{"@id":"https:\/\/elhijodelllanero.mx\/index.php\/2026\/04\/29\/confirman-denuncia-contra-regidora-en-villagran\/#primaryimage"},"image":{"@id":"https:\/\/elhijodelllanero.mx\/index.php\/2026\/04\/29\/confirman-denuncia-contra-regidora-en-villagran\/#primaryimage"},"thumbnailUrl":"https:\/\/i0.wp.com\/elhijodelllanero.mx\/wp-content\/uploads\/2026\/04\/48ff1c4e-d5b6-44d4-beea-ee59cf83b46b.jpeg?fit=1304%2C1600&ssl=1","datePublished":"2026-04-29T15:29:46+00:00","dateModified":"2026-04-29T15:29:59+00:00","author":{"@id":"https:\/\/elhijodelllanero.mx\/#\/schema\/person\/c7f8c86c55c1eab44ae2b93a9628245f"},"breadcrumb":{"@id":"https:\/\/elhijodelllanero.mx\/index.php\/2026\/04\/29\/confirman-denuncia-contra-regidora-en-villagran\/#breadcrumb"},"inLanguage":"es","potentialAction":[{"@type":"ReadAction","target":["https:\/\/elhijodelllanero.mx\/index.php\/2026\/04\/29\/confirman-denuncia-contra-regidora-en-villagran\/"]}]},{"@type":"ImageObject","inLanguage":"es","@id":"https:\/\/elhijodelllanero.mx\/index.php\/2026\/04\/29\/confirman-denuncia-contra-regidora-en-villagran\/#primaryimage","url":"https:\/\/i0.wp.com\/elhijodelllanero.mx\/wp-content\/uploads\/2026\/04\/48ff1c4e-d5b6-44d4-beea-ee59cf83b46b.jpeg?fit=1304%2C1600&ssl=1","contentUrl":"https:\/\/i0.wp.com\/elhijodelllanero.mx\/wp-content\/uploads\/2026\/04\/48ff1c4e-d5b6-44d4-beea-ee59cf83b46b.jpeg?fit=1304%2C1600&ssl=1","width":1304,"height":1600},{"@type":"BreadcrumbList","@id":"https:\/\/elhijodelllanero.mx\/index.php\/2026\/04\/29\/confirman-denuncia-contra-regidora-en-villagran\/#breadcrumb","itemListElement":[{"@type":"ListItem","position":1,"name":"Portada","item":"https:\/\/elhijodelllanero.mx\/"},{"@type":"ListItem","position":2,"name":"Confirman denuncia contra regidora en Villagr\u00e1n."}]},{"@type":"WebSite","@id":"https:\/\/elhijodelllanero.mx\/#website","url":"https:\/\/elhijodelllanero.mx\/","name":"El Hijo del llanero solititito","description":"","potentialAction":[{"@type":"SearchAction","target":{"@type":"EntryPoint","urlTemplate":"https:\/\/elhijodelllanero.mx\/?s={search_term_string}"},"query-input":{"@type":"PropertyValueSpecification","valueRequired":true,"valueName":"search_term_string"}}],"inLanguage":"es"},{"@type":"Person","@id":"https:\/\/elhijodelllanero.mx\/#\/schema\/person\/c7f8c86c55c1eab44ae2b93a9628245f","name":"Mar\u00eda de la Paz Rodarte Ram\u00edrez","image":{"@type":"ImageObject","inLanguage":"es","@id":"https:\/\/secure.gravatar.com\/avatar\/1f38f8518b09a266af73da2bce78d69e7d1275299970134ed62f572e0487e1d0?s=96&d=mm&r=g","url":"https:\/\/secure.gravatar.com\/avatar\/1f38f8518b09a266af73da2bce78d69e7d1275299970134ed62f572e0487e1d0?s=96&d=mm&r=g","contentUrl":"https:\/\/secure.gravatar.com\/avatar\/1f38f8518b09a266af73da2bce78d69e7d1275299970134ed62f572e0487e1d0?s=96&d=mm&r=g","caption":"Mar\u00eda de la Paz Rodarte Ram\u00edrez"},"sameAs":["https:\/\/www.elhijodelllanero.mx"],"url":"https:\/\/elhijodelllanero.mx\/index.php\/author\/maricuas\/"}]}},"jetpack_featured_media_url":"https:\/\/i0.wp.com\/elhijodelllanero.mx\/wp-content\/uploads\/2026\/04\/48ff1c4e-d5b6-44d4-beea-ee59cf83b46b.jpeg?fit=1304%2C1600&ssl=1","jetpack-related-posts":[],"jetpack_sharing_enabled":true,"_links":{"self":[{"href":"https:\/\/elhijodelllanero.mx\/index.php\/wp-json\/wp\/v2\/posts\/14210","targetHints":{"allow":["GET"]}}],"collection":[{"href":"https:\/\/elhijodelllanero.mx\/index.php\/wp-json\/wp\/v2\/posts"}],"about":[{"href":"https:\/\/elhijodelllanero.mx\/index.php\/wp-json\/wp\/v2\/types\/post"}],"author":[{"embeddable":true,"href":"https:\/\/elhijodelllanero.mx\/index.php\/wp-json\/wp\/v2\/users\/3"}],"replies":[{"embeddable":true,"href":"https:\/\/elhijodelllanero.mx\/index.php\/wp-json\/wp\/v2\/comments?post=14210"}],"version-history":[{"count":1,"href":"https:\/\/elhijodelllanero.mx\/index.php\/wp-json\/wp\/v2\/posts\/14210\/revisions"}],"predecessor-version":[{"id":14212,"href":"https:\/\/elhijodelllanero.mx\/index.php\/wp-json\/wp\/v2\/posts\/14210\/revisions\/14212"}],"wp:featuredmedia":[{"embeddable":true,"href":"https:\/\/elhijodelllanero.mx\/index.php\/wp-json\/wp\/v2\/media\/14211"}],"wp:attachment":[{"href":"https:\/\/elhijodelllanero.mx\/index.php\/wp-json\/wp\/v2\/media?parent=14210"}],"wp:term":[{"taxonomy":"category","embeddable":true,"href":"https:\/\/elhijodelllanero.mx\/index.php\/wp-json\/wp\/v2\/categories?post=14210"},{"taxonomy":"post_tag","embeddable":true,"href":"https:\/\/elhijodelllanero.mx\/index.php\/wp-json\/wp\/v2\/tags?post=14210"}],"curies":[{"name":"wp","href":"https:\/\/api.w.org\/{rel}","templated":true}]}}