{"id":14222,"date":"2026-04-29T17:42:50","date_gmt":"2026-04-29T23:42:50","guid":{"rendered":"https:\/\/elhijodelllanero.mx\/?p=14222"},"modified":"2026-04-29T17:42:50","modified_gmt":"2026-04-29T23:42:50","slug":"tres-semanas-mas-de-paciencia-en-torres-landa-jumapa-mantendra-cierre-por-obra-sanitaria","status":"publish","type":"post","link":"https:\/\/elhijodelllanero.mx\/index.php\/2026\/04\/29\/tres-semanas-mas-de-paciencia-en-torres-landa-jumapa-mantendra-cierre-por-obra-sanitaria\/","title":{"rendered":"Tres semanas m\u00e1s de paciencia en Torres Landa: JUMAPA mantendr\u00e1 cierre por obra sanitaria."},"content":{"rendered":"<p>Celaya, Gto. 29 de abril del 2026.- Porque al parecer el tr\u00e1fico en Celaya todav\u00eda ten\u00eda margen para empeorar, uno de los cuerpos de la avenida Juan Jos\u00e9 Torres Landa, a la altura de la Liga Municipal de Futbol, permanecer\u00e1 cerrado durante aproximadamente tres semanas m\u00e1s debido a los trabajos de infraestructura hidr\u00e1ulica que realiza la Junta Municipal de Agua Potable y Alcantarillado (JUMAPA).<\/p>\n<p>El director del organismo, Sa\u00fal Trejo, inform\u00f3 que esta etapa corresponde a la recta final de la obra sobre la avenida 12 de Octubre, en el tramo que conecta el camino a San Jos\u00e9 de Guanajuato con la avenida Torres Landa, donde ser\u00e1 necesario construir un pozo de visita que permita la interconexi\u00f3n con la red sanitaria que conduce hacia El Sauz.<\/p>\n<p>Y no, no pod\u00eda hacerse en un lugar m\u00e1s sencillo: el pozo debe construirse justo en medio de la avenida, porque claramente la tranquilidad vial era excesiva.<\/p>\n<p>\u201cEstamos por terminar el tramo de San Jos\u00e9 de Guanajuato y Torres Landa y para poder terminar esa obra tenemos que hacer un pozo de visita para poderlo interconectar con la red hacia El Sauz este pozo de visita pues bueno est\u00e1 precisamente en el centro de la avenida Torres Landa, por lo tanto tendremos que hacer ah\u00ed la divisi\u00f3n de un de contraflujo para terminar esos trabajos, una vez ya terminados que son aproximadamente tres semanas pues bueno ya estaremos en posibilidades de que se reabra la circulaci\u00f3n a la ciudadan\u00eda\u201d, explic\u00f3.<\/p>\n<p>Debido a ello, JUMAPA pidi\u00f3 a los automovilistas circular con precauci\u00f3n sobre Torres Landa, a la altura de la avenida Sauz, frente a la Liga Municipal, donde actualmente se concentra el cierre y donde se habilitar\u00e1 un carril en contraflujo para evitar que el caos vial se convierta en deporte extremo.<\/p>\n<p>Las labores contemplan excavaciones profundas, instalaci\u00f3n del tramo de tuber\u00eda faltante y la construcci\u00f3n civil del pozo con tabique y cemento, trabajos que estar\u00e1n a cargo de un contratista especializado y que requieren condiciones t\u00e9cnicas espec\u00edficas. En otras palabras: no es cosa de tapar con tierra y esperar lo mejor.<\/p>\n<p>\u201cSi es un trabajo complejo va bastante profundidad es un trabajo que requiere de ciertas condiciones t\u00e9cnicas para poderse llevar a cabo pues nos va a tomar ese tiempo aproximadamente estar\u00eda liberado en tres semanas aproximadamente el ya el tramo de la el camino a San Jos\u00e9 de Guanajuato a Torres Landa estar liberado en tres semanas, frente a la liga s\u00ed frente a la liga que es lo \u00fanico que tenemos bloqueado ah\u00ed\u201d, detall\u00f3.<\/p>\n<p>El funcionario tambi\u00e9n precis\u00f3 que esta fase no representa un gasto adicional, ya que forma parte del contrato original de la obra, cuyo costo oscila entre los 2.5 y 2.6 millones de pesos.<\/p>\n<p>As\u00ed que por ahora no queda m\u00e1s que armarse de paciencia, salir m\u00e1s temprano de casa y asumir que en Celaya los cierres viales ya no son un problema: son pr\u00e1cticamente una tradici\u00f3n municipal.<\/p>\n","protected":false},"excerpt":{"rendered":"<p>Celaya, Gto. 29 de abril del 2026.- Porque al parecer el tr\u00e1fico en Celaya todav\u00eda ten\u00eda margen para empeorar, uno de los cuerpos de la avenida Juan Jos\u00e9 Torres Landa, a la altura de la Liga Municipal de Futbol, permanecer\u00e1 cerrado durante aproximadamente tres semanas m\u00e1s debido a los trabajos de infraestructura hidr\u00e1ulica que realiza [&hellip;]<\/p>\n","protected":false},"author":3,"featured_media":14223,"comment_status":"open","ping_status":"closed","sticky":false,"template":"","format":"standard","meta":{"_jetpack_newsletter_access":"","_jetpack_dont_email_post_to_subs":false,"_jetpack_newsletter_tier_id":0,"_jetpack_memberships_contains_paywalled_content":false,"_jetpack_memberships_contains_paid_content":false,"footnotes":""},"categories":[74],"tags":[],"class_list":{"0":"post-14222","1":"post","2":"type-post","3":"status-publish","4":"format-standard","5":"has-post-thumbnail","7":"category-celaya"},"yoast_head":"<!-- This site is optimized with the Yoast SEO plugin v27.3 - https:\/\/yoast.com\/product\/yoast-seo-wordpress\/ -->\n<title>Tres semanas m\u00e1s de paciencia en Torres Landa: JUMAPA mantendr\u00e1 cierre por obra sanitaria. - El Hijo del llanero solititito<\/title>\n<meta name=\"robots\" content=\"index, follow, max-snippet:-1, max-image-preview:large, max-video-preview:-1\" \/>\n<link rel=\"canonical\" href=\"https:\/\/elhijodelllanero.mx\/index.php\/2026\/04\/29\/tres-semanas-mas-de-paciencia-en-torres-landa-jumapa-mantendra-cierre-por-obra-sanitaria\/\" \/>\n<meta property=\"og:locale\" content=\"es_ES\" \/>\n<meta property=\"og:type\" content=\"article\" \/>\n<meta property=\"og:title\" content=\"Tres semanas m\u00e1s de paciencia en Torres Landa: JUMAPA mantendr\u00e1 cierre por obra sanitaria. - El Hijo del llanero solititito\" \/>\n<meta property=\"og:description\" content=\"Celaya, Gto. 29 de abril del 2026.- Porque al parecer el tr\u00e1fico en Celaya todav\u00eda ten\u00eda margen para empeorar, uno de los cuerpos de la avenida Juan Jos\u00e9 Torres Landa, a la altura de la Liga Municipal de Futbol, permanecer\u00e1 cerrado durante aproximadamente tres semanas m\u00e1s debido a los trabajos de infraestructura hidr\u00e1ulica que realiza [&hellip;]\" \/>\n<meta property=\"og:url\" content=\"https:\/\/elhijodelllanero.mx\/index.php\/2026\/04\/29\/tres-semanas-mas-de-paciencia-en-torres-landa-jumapa-mantendra-cierre-por-obra-sanitaria\/\" \/>\n<meta property=\"og:site_name\" content=\"El Hijo del llanero solititito\" \/>\n<meta property=\"article:published_time\" content=\"2026-04-29T23:42:50+00:00\" \/>\n<meta property=\"og:image\" content=\"https:\/\/elhijodelllanero.mx\/wp-content\/uploads\/2026\/04\/708128e9-bc71-4470-a412-73d46d1c6b3c.jpeg\" \/>\n\t<meta property=\"og:image:width\" content=\"993\" \/>\n\t<meta property=\"og:image:height\" content=\"1232\" \/>\n\t<meta property=\"og:image:type\" content=\"image\/jpeg\" \/>\n<meta name=\"author\" content=\"Mar\u00eda de la Paz Rodarte Ram\u00edrez\" \/>\n<meta name=\"twitter:card\" content=\"summary_large_image\" \/>\n<meta name=\"twitter:label1\" content=\"Escrito por\" \/>\n\t<meta name=\"twitter:data1\" content=\"Mar\u00eda de la Paz Rodarte Ram\u00edrez\" \/>\n\t<meta name=\"twitter:label2\" content=\"Tiempo de lectura\" \/>\n\t<meta name=\"twitter:data2\" content=\"3 minutos\" \/>\n<script type=\"application\/ld+json\" class=\"yoast-schema-graph\">{\"@context\":\"https:\\\/\\\/schema.org\",\"@graph\":[{\"@type\":\"Article\",\"@id\":\"https:\\\/\\\/elhijodelllanero.mx\\\/index.php\\\/2026\\\/04\\\/29\\\/tres-semanas-mas-de-paciencia-en-torres-landa-jumapa-mantendra-cierre-por-obra-sanitaria\\\/#article\",\"isPartOf\":{\"@id\":\"https:\\\/\\\/elhijodelllanero.mx\\\/index.php\\\/2026\\\/04\\\/29\\\/tres-semanas-mas-de-paciencia-en-torres-landa-jumapa-mantendra-cierre-por-obra-sanitaria\\\/\"},\"author\":{\"name\":\"Mar\u00eda de la Paz Rodarte Ram\u00edrez\",\"@id\":\"https:\\\/\\\/elhijodelllanero.mx\\\/#\\\/schema\\\/person\\\/c7f8c86c55c1eab44ae2b93a9628245f\"},\"headline\":\"Tres semanas m\u00e1s de paciencia en Torres Landa: JUMAPA mantendr\u00e1 cierre por obra sanitaria.\",\"datePublished\":\"2026-04-29T23:42:50+00:00\",\"mainEntityOfPage\":{\"@id\":\"https:\\\/\\\/elhijodelllanero.mx\\\/index.php\\\/2026\\\/04\\\/29\\\/tres-semanas-mas-de-paciencia-en-torres-landa-jumapa-mantendra-cierre-por-obra-sanitaria\\\/\"},\"wordCount\":526,\"commentCount\":0,\"image\":{\"@id\":\"https:\\\/\\\/elhijodelllanero.mx\\\/index.php\\\/2026\\\/04\\\/29\\\/tres-semanas-mas-de-paciencia-en-torres-landa-jumapa-mantendra-cierre-por-obra-sanitaria\\\/#primaryimage\"},\"thumbnailUrl\":\"https:\\\/\\\/i0.wp.com\\\/elhijodelllanero.mx\\\/wp-content\\\/uploads\\\/2026\\\/04\\\/708128e9-bc71-4470-a412-73d46d1c6b3c.jpeg?fit=993%2C1232&ssl=1\",\"articleSection\":[\"CELAYA\"],\"inLanguage\":\"es\",\"potentialAction\":[{\"@type\":\"CommentAction\",\"name\":\"Comment\",\"target\":[\"https:\\\/\\\/elhijodelllanero.mx\\\/index.php\\\/2026\\\/04\\\/29\\\/tres-semanas-mas-de-paciencia-en-torres-landa-jumapa-mantendra-cierre-por-obra-sanitaria\\\/#respond\"]}]},{\"@type\":\"WebPage\",\"@id\":\"https:\\\/\\\/elhijodelllanero.mx\\\/index.php\\\/2026\\\/04\\\/29\\\/tres-semanas-mas-de-paciencia-en-torres-landa-jumapa-mantendra-cierre-por-obra-sanitaria\\\/\",\"url\":\"https:\\\/\\\/elhijodelllanero.mx\\\/index.php\\\/2026\\\/04\\\/29\\\/tres-semanas-mas-de-paciencia-en-torres-landa-jumapa-mantendra-cierre-por-obra-sanitaria\\\/\",\"name\":\"Tres semanas m\u00e1s de paciencia en Torres Landa: JUMAPA mantendr\u00e1 cierre por obra sanitaria. - El Hijo del llanero solititito\",\"isPartOf\":{\"@id\":\"https:\\\/\\\/elhijodelllanero.mx\\\/#website\"},\"primaryImageOfPage\":{\"@id\":\"https:\\\/\\\/elhijodelllanero.mx\\\/index.php\\\/2026\\\/04\\\/29\\\/tres-semanas-mas-de-paciencia-en-torres-landa-jumapa-mantendra-cierre-por-obra-sanitaria\\\/#primaryimage\"},\"image\":{\"@id\":\"https:\\\/\\\/elhijodelllanero.mx\\\/index.php\\\/2026\\\/04\\\/29\\\/tres-semanas-mas-de-paciencia-en-torres-landa-jumapa-mantendra-cierre-por-obra-sanitaria\\\/#primaryimage\"},\"thumbnailUrl\":\"https:\\\/\\\/i0.wp.com\\\/elhijodelllanero.mx\\\/wp-content\\\/uploads\\\/2026\\\/04\\\/708128e9-bc71-4470-a412-73d46d1c6b3c.jpeg?fit=993%2C1232&ssl=1\",\"datePublished\":\"2026-04-29T23:42:50+00:00\",\"author\":{\"@id\":\"https:\\\/\\\/elhijodelllanero.mx\\\/#\\\/schema\\\/person\\\/c7f8c86c55c1eab44ae2b93a9628245f\"},\"breadcrumb\":{\"@id\":\"https:\\\/\\\/elhijodelllanero.mx\\\/index.php\\\/2026\\\/04\\\/29\\\/tres-semanas-mas-de-paciencia-en-torres-landa-jumapa-mantendra-cierre-por-obra-sanitaria\\\/#breadcrumb\"},\"inLanguage\":\"es\",\"potentialAction\":[{\"@type\":\"ReadAction\",\"target\":[\"https:\\\/\\\/elhijodelllanero.mx\\\/index.php\\\/2026\\\/04\\\/29\\\/tres-semanas-mas-de-paciencia-en-torres-landa-jumapa-mantendra-cierre-por-obra-sanitaria\\\/\"]}]},{\"@type\":\"ImageObject\",\"inLanguage\":\"es\",\"@id\":\"https:\\\/\\\/elhijodelllanero.mx\\\/index.php\\\/2026\\\/04\\\/29\\\/tres-semanas-mas-de-paciencia-en-torres-landa-jumapa-mantendra-cierre-por-obra-sanitaria\\\/#primaryimage\",\"url\":\"https:\\\/\\\/i0.wp.com\\\/elhijodelllanero.mx\\\/wp-content\\\/uploads\\\/2026\\\/04\\\/708128e9-bc71-4470-a412-73d46d1c6b3c.jpeg?fit=993%2C1232&ssl=1\",\"contentUrl\":\"https:\\\/\\\/i0.wp.com\\\/elhijodelllanero.mx\\\/wp-content\\\/uploads\\\/2026\\\/04\\\/708128e9-bc71-4470-a412-73d46d1c6b3c.jpeg?fit=993%2C1232&ssl=1\",\"width\":993,\"height\":1232},{\"@type\":\"BreadcrumbList\",\"@id\":\"https:\\\/\\\/elhijodelllanero.mx\\\/index.php\\\/2026\\\/04\\\/29\\\/tres-semanas-mas-de-paciencia-en-torres-landa-jumapa-mantendra-cierre-por-obra-sanitaria\\\/#breadcrumb\",\"itemListElement\":[{\"@type\":\"ListItem\",\"position\":1,\"name\":\"Portada\",\"item\":\"https:\\\/\\\/elhijodelllanero.mx\\\/\"},{\"@type\":\"ListItem\",\"position\":2,\"name\":\"Tres semanas m\u00e1s de paciencia en Torres Landa: JUMAPA mantendr\u00e1 cierre por obra sanitaria.\"}]},{\"@type\":\"WebSite\",\"@id\":\"https:\\\/\\\/elhijodelllanero.mx\\\/#website\",\"url\":\"https:\\\/\\\/elhijodelllanero.mx\\\/\",\"name\":\"El Hijo del llanero solititito\",\"description\":\"\",\"potentialAction\":[{\"@type\":\"SearchAction\",\"target\":{\"@type\":\"EntryPoint\",\"urlTemplate\":\"https:\\\/\\\/elhijodelllanero.mx\\\/?s={search_term_string}\"},\"query-input\":{\"@type\":\"PropertyValueSpecification\",\"valueRequired\":true,\"valueName\":\"search_term_string\"}}],\"inLanguage\":\"es\"},{\"@type\":\"Person\",\"@id\":\"https:\\\/\\\/elhijodelllanero.mx\\\/#\\\/schema\\\/person\\\/c7f8c86c55c1eab44ae2b93a9628245f\",\"name\":\"Mar\u00eda de la Paz Rodarte Ram\u00edrez\",\"image\":{\"@type\":\"ImageObject\",\"inLanguage\":\"es\",\"@id\":\"https:\\\/\\\/secure.gravatar.com\\\/avatar\\\/1f38f8518b09a266af73da2bce78d69e7d1275299970134ed62f572e0487e1d0?s=96&d=mm&r=g\",\"url\":\"https:\\\/\\\/secure.gravatar.com\\\/avatar\\\/1f38f8518b09a266af73da2bce78d69e7d1275299970134ed62f572e0487e1d0?s=96&d=mm&r=g\",\"contentUrl\":\"https:\\\/\\\/secure.gravatar.com\\\/avatar\\\/1f38f8518b09a266af73da2bce78d69e7d1275299970134ed62f572e0487e1d0?s=96&d=mm&r=g\",\"caption\":\"Mar\u00eda de la Paz Rodarte Ram\u00edrez\"},\"sameAs\":[\"https:\\\/\\\/www.elhijodelllanero.mx\"],\"url\":\"https:\\\/\\\/elhijodelllanero.mx\\\/index.php\\\/author\\\/maricuas\\\/\"}]}<\/script>\n<!-- \/ Yoast SEO plugin. -->","yoast_head_json":{"title":"Tres semanas m\u00e1s de paciencia en Torres Landa: JUMAPA mantendr\u00e1 cierre por obra sanitaria. - El Hijo del llanero solititito","robots":{"index":"index","follow":"follow","max-snippet":"max-snippet:-1","max-image-preview":"max-image-preview:large","max-video-preview":"max-video-preview:-1"},"canonical":"https:\/\/elhijodelllanero.mx\/index.php\/2026\/04\/29\/tres-semanas-mas-de-paciencia-en-torres-landa-jumapa-mantendra-cierre-por-obra-sanitaria\/","og_locale":"es_ES","og_type":"article","og_title":"Tres semanas m\u00e1s de paciencia en Torres Landa: JUMAPA mantendr\u00e1 cierre por obra sanitaria. - El Hijo del llanero solititito","og_description":"Celaya, Gto. 29 de abril del 2026.- Porque al parecer el tr\u00e1fico en Celaya todav\u00eda ten\u00eda margen para empeorar, uno de los cuerpos de la avenida Juan Jos\u00e9 Torres Landa, a la altura de la Liga Municipal de Futbol, permanecer\u00e1 cerrado durante aproximadamente tres semanas m\u00e1s debido a los trabajos de infraestructura hidr\u00e1ulica que realiza [&hellip;]","og_url":"https:\/\/elhijodelllanero.mx\/index.php\/2026\/04\/29\/tres-semanas-mas-de-paciencia-en-torres-landa-jumapa-mantendra-cierre-por-obra-sanitaria\/","og_site_name":"El Hijo del llanero solititito","article_published_time":"2026-04-29T23:42:50+00:00","og_image":[{"width":993,"height":1232,"url":"https:\/\/elhijodelllanero.mx\/wp-content\/uploads\/2026\/04\/708128e9-bc71-4470-a412-73d46d1c6b3c.jpeg","type":"image\/jpeg"}],"author":"Mar\u00eda de la Paz Rodarte Ram\u00edrez","twitter_card":"summary_large_image","twitter_misc":{"Escrito por":"Mar\u00eda de la Paz Rodarte Ram\u00edrez","Tiempo de lectura":"3 minutos"},"schema":{"@context":"https:\/\/schema.org","@graph":[{"@type":"Article","@id":"https:\/\/elhijodelllanero.mx\/index.php\/2026\/04\/29\/tres-semanas-mas-de-paciencia-en-torres-landa-jumapa-mantendra-cierre-por-obra-sanitaria\/#article","isPartOf":{"@id":"https:\/\/elhijodelllanero.mx\/index.php\/2026\/04\/29\/tres-semanas-mas-de-paciencia-en-torres-landa-jumapa-mantendra-cierre-por-obra-sanitaria\/"},"author":{"name":"Mar\u00eda de la Paz Rodarte Ram\u00edrez","@id":"https:\/\/elhijodelllanero.mx\/#\/schema\/person\/c7f8c86c55c1eab44ae2b93a9628245f"},"headline":"Tres semanas m\u00e1s de paciencia en Torres Landa: JUMAPA mantendr\u00e1 cierre por obra sanitaria.","datePublished":"2026-04-29T23:42:50+00:00","mainEntityOfPage":{"@id":"https:\/\/elhijodelllanero.mx\/index.php\/2026\/04\/29\/tres-semanas-mas-de-paciencia-en-torres-landa-jumapa-mantendra-cierre-por-obra-sanitaria\/"},"wordCount":526,"commentCount":0,"image":{"@id":"https:\/\/elhijodelllanero.mx\/index.php\/2026\/04\/29\/tres-semanas-mas-de-paciencia-en-torres-landa-jumapa-mantendra-cierre-por-obra-sanitaria\/#primaryimage"},"thumbnailUrl":"https:\/\/i0.wp.com\/elhijodelllanero.mx\/wp-content\/uploads\/2026\/04\/708128e9-bc71-4470-a412-73d46d1c6b3c.jpeg?fit=993%2C1232&ssl=1","articleSection":["CELAYA"],"inLanguage":"es","potentialAction":[{"@type":"CommentAction","name":"Comment","target":["https:\/\/elhijodelllanero.mx\/index.php\/2026\/04\/29\/tres-semanas-mas-de-paciencia-en-torres-landa-jumapa-mantendra-cierre-por-obra-sanitaria\/#respond"]}]},{"@type":"WebPage","@id":"https:\/\/elhijodelllanero.mx\/index.php\/2026\/04\/29\/tres-semanas-mas-de-paciencia-en-torres-landa-jumapa-mantendra-cierre-por-obra-sanitaria\/","url":"https:\/\/elhijodelllanero.mx\/index.php\/2026\/04\/29\/tres-semanas-mas-de-paciencia-en-torres-landa-jumapa-mantendra-cierre-por-obra-sanitaria\/","name":"Tres semanas m\u00e1s de paciencia en Torres Landa: JUMAPA mantendr\u00e1 cierre por obra sanitaria. - El Hijo del llanero solititito","isPartOf":{"@id":"https:\/\/elhijodelllanero.mx\/#website"},"primaryImageOfPage":{"@id":"https:\/\/elhijodelllanero.mx\/index.php\/2026\/04\/29\/tres-semanas-mas-de-paciencia-en-torres-landa-jumapa-mantendra-cierre-por-obra-sanitaria\/#primaryimage"},"image":{"@id":"https:\/\/elhijodelllanero.mx\/index.php\/2026\/04\/29\/tres-semanas-mas-de-paciencia-en-torres-landa-jumapa-mantendra-cierre-por-obra-sanitaria\/#primaryimage"},"thumbnailUrl":"https:\/\/i0.wp.com\/elhijodelllanero.mx\/wp-content\/uploads\/2026\/04\/708128e9-bc71-4470-a412-73d46d1c6b3c.jpeg?fit=993%2C1232&ssl=1","datePublished":"2026-04-29T23:42:50+00:00","author":{"@id":"https:\/\/elhijodelllanero.mx\/#\/schema\/person\/c7f8c86c55c1eab44ae2b93a9628245f"},"breadcrumb":{"@id":"https:\/\/elhijodelllanero.mx\/index.php\/2026\/04\/29\/tres-semanas-mas-de-paciencia-en-torres-landa-jumapa-mantendra-cierre-por-obra-sanitaria\/#breadcrumb"},"inLanguage":"es","potentialAction":[{"@type":"ReadAction","target":["https:\/\/elhijodelllanero.mx\/index.php\/2026\/04\/29\/tres-semanas-mas-de-paciencia-en-torres-landa-jumapa-mantendra-cierre-por-obra-sanitaria\/"]}]},{"@type":"ImageObject","inLanguage":"es","@id":"https:\/\/elhijodelllanero.mx\/index.php\/2026\/04\/29\/tres-semanas-mas-de-paciencia-en-torres-landa-jumapa-mantendra-cierre-por-obra-sanitaria\/#primaryimage","url":"https:\/\/i0.wp.com\/elhijodelllanero.mx\/wp-content\/uploads\/2026\/04\/708128e9-bc71-4470-a412-73d46d1c6b3c.jpeg?fit=993%2C1232&ssl=1","contentUrl":"https:\/\/i0.wp.com\/elhijodelllanero.mx\/wp-content\/uploads\/2026\/04\/708128e9-bc71-4470-a412-73d46d1c6b3c.jpeg?fit=993%2C1232&ssl=1","width":993,"height":1232},{"@type":"BreadcrumbList","@id":"https:\/\/elhijodelllanero.mx\/index.php\/2026\/04\/29\/tres-semanas-mas-de-paciencia-en-torres-landa-jumapa-mantendra-cierre-por-obra-sanitaria\/#breadcrumb","itemListElement":[{"@type":"ListItem","position":1,"name":"Portada","item":"https:\/\/elhijodelllanero.mx\/"},{"@type":"ListItem","position":2,"name":"Tres semanas m\u00e1s de paciencia en Torres Landa: JUMAPA mantendr\u00e1 cierre por obra sanitaria."}]},{"@type":"WebSite","@id":"https:\/\/elhijodelllanero.mx\/#website","url":"https:\/\/elhijodelllanero.mx\/","name":"El Hijo del llanero solititito","description":"","potentialAction":[{"@type":"SearchAction","target":{"@type":"EntryPoint","urlTemplate":"https:\/\/elhijodelllanero.mx\/?s={search_term_string}"},"query-input":{"@type":"PropertyValueSpecification","valueRequired":true,"valueName":"search_term_string"}}],"inLanguage":"es"},{"@type":"Person","@id":"https:\/\/elhijodelllanero.mx\/#\/schema\/person\/c7f8c86c55c1eab44ae2b93a9628245f","name":"Mar\u00eda de la Paz Rodarte Ram\u00edrez","image":{"@type":"ImageObject","inLanguage":"es","@id":"https:\/\/secure.gravatar.com\/avatar\/1f38f8518b09a266af73da2bce78d69e7d1275299970134ed62f572e0487e1d0?s=96&d=mm&r=g","url":"https:\/\/secure.gravatar.com\/avatar\/1f38f8518b09a266af73da2bce78d69e7d1275299970134ed62f572e0487e1d0?s=96&d=mm&r=g","contentUrl":"https:\/\/secure.gravatar.com\/avatar\/1f38f8518b09a266af73da2bce78d69e7d1275299970134ed62f572e0487e1d0?s=96&d=mm&r=g","caption":"Mar\u00eda de la Paz Rodarte Ram\u00edrez"},"sameAs":["https:\/\/www.elhijodelllanero.mx"],"url":"https:\/\/elhijodelllanero.mx\/index.php\/author\/maricuas\/"}]}},"jetpack_featured_media_url":"https:\/\/i0.wp.com\/elhijodelllanero.mx\/wp-content\/uploads\/2026\/04\/708128e9-bc71-4470-a412-73d46d1c6b3c.jpeg?fit=993%2C1232&ssl=1","jetpack-related-posts":[],"jetpack_sharing_enabled":true,"_links":{"self":[{"href":"https:\/\/elhijodelllanero.mx\/index.php\/wp-json\/wp\/v2\/posts\/14222","targetHints":{"allow":["GET"]}}],"collection":[{"href":"https:\/\/elhijodelllanero.mx\/index.php\/wp-json\/wp\/v2\/posts"}],"about":[{"href":"https:\/\/elhijodelllanero.mx\/index.php\/wp-json\/wp\/v2\/types\/post"}],"author":[{"embeddable":true,"href":"https:\/\/elhijodelllanero.mx\/index.php\/wp-json\/wp\/v2\/users\/3"}],"replies":[{"embeddable":true,"href":"https:\/\/elhijodelllanero.mx\/index.php\/wp-json\/wp\/v2\/comments?post=14222"}],"version-history":[{"count":1,"href":"https:\/\/elhijodelllanero.mx\/index.php\/wp-json\/wp\/v2\/posts\/14222\/revisions"}],"predecessor-version":[{"id":14224,"href":"https:\/\/elhijodelllanero.mx\/index.php\/wp-json\/wp\/v2\/posts\/14222\/revisions\/14224"}],"wp:featuredmedia":[{"embeddable":true,"href":"https:\/\/elhijodelllanero.mx\/index.php\/wp-json\/wp\/v2\/media\/14223"}],"wp:attachment":[{"href":"https:\/\/elhijodelllanero.mx\/index.php\/wp-json\/wp\/v2\/media?parent=14222"}],"wp:term":[{"taxonomy":"category","embeddable":true,"href":"https:\/\/elhijodelllanero.mx\/index.php\/wp-json\/wp\/v2\/categories?post=14222"},{"taxonomy":"post_tag","embeddable":true,"href":"https:\/\/elhijodelllanero.mx\/index.php\/wp-json\/wp\/v2\/tags?post=14222"}],"curies":[{"name":"wp","href":"https:\/\/api.w.org\/{rel}","templated":true}]}}