{"id":1501,"date":"2023-10-25T21:43:02","date_gmt":"2023-10-25T21:43:02","guid":{"rendered":"https:\/\/elhijodelllanero.mx\/?p=1501"},"modified":"2023-10-25T21:43:06","modified_gmt":"2023-10-25T21:43:06","slug":"inauguran-autoridades-municipales-y-educativas-cancha-de-tenis-en-el-tecnologico-de-roque","status":"publish","type":"post","link":"https:\/\/elhijodelllanero.mx\/index.php\/2023\/10\/25\/inauguran-autoridades-municipales-y-educativas-cancha-de-tenis-en-el-tecnologico-de-roque\/","title":{"rendered":"Inauguran autoridades municipales y educativas cancha de tenis en el Tecnol\u00f3gico de Roque"},"content":{"rendered":"\n<p><\/p>\n\n\n\n<p>Celaya, Gto., 25 octubre 2023.- Para contribuir a la formaci\u00f3n integral de los estudiantes a trav\u00e9s del deporte, el Gobierno Municipal construy\u00f3 una cancha de tenis en las instalaciones del Tecnol\u00f3gico Nacional de M\u00e9xico en Roque y este mi\u00e9rcoles el presidente municipal, Javier Mendoza M\u00e1rquez, acudi\u00f3 a la instituci\u00f3n para inaugurar esta nueva infraestructura.<br>Acompa\u00f1ado por estudiantes y la directora del plantel, Nayelli Ram\u00edrez, el presidente municipal dio por inaugurado este espacio en el que se invirtieron 1.93 millones de pesos para su construcci\u00f3n.<br>\u201cEsperemos que esta cancha sea solamente un medio, un espacio de convivencia y de promoci\u00f3n del deporte. Aprovechen mucho esta cancha y vamos a seguir trabajando con ustedes, cu\u00eddenla porque se hizo con gran esfuerzo\u201d, dijo el presidente Mendoza M\u00e1rquez, a los estudiantes.<br>A nombre de la comunidad \u201cCarneros\u201d del Tecnol\u00f3gico de Roque, la directora Nayelli Ram\u00edrez agradeci\u00f3 al presidente municipal por esta obra que representa un espacio m\u00e1s de recreaci\u00f3n y convivencia.<br>El director de Obras P\u00fablicas del municipio, Marco Antonio Hern\u00e1ndez, detall\u00f3 que la cancha tiene dimensiones de 19 por 36 metros. Se realizaron trabajos desde compactaci\u00f3n de terreno hasta colocaci\u00f3n de piso de concreto de 10 cent\u00edmetros de espesor, acabados y enmallado.<br>Al evento de inauguraci\u00f3n tambi\u00e9n asistieron directores de las dependencias municipales y directivos del TecNM Roque.<\/p>\n","protected":false},"excerpt":{"rendered":"<p>Celaya, Gto., 25 octubre 2023.- Para contribuir a la formaci\u00f3n integral de los estudiantes a trav\u00e9s del deporte, el Gobierno Municipal construy\u00f3 una cancha de tenis en las instalaciones del Tecnol\u00f3gico Nacional de M\u00e9xico en Roque y este mi\u00e9rcoles el presidente municipal, Javier Mendoza M\u00e1rquez, acudi\u00f3 a la instituci\u00f3n para inaugurar esta nueva infraestructura.Acompa\u00f1ado por [&hellip;]<\/p>\n","protected":false},"author":1,"featured_media":1504,"comment_status":"open","ping_status":"closed","sticky":false,"template":"","format":"standard","meta":{"_jetpack_newsletter_access":"","_jetpack_dont_email_post_to_subs":false,"_jetpack_newsletter_tier_id":0,"_jetpack_memberships_contains_paywalled_content":false,"_jetpack_memberships_contains_paid_content":false,"footnotes":""},"categories":[40],"tags":[],"class_list":{"0":"post-1501","1":"post","2":"type-post","3":"status-publish","4":"format-standard","5":"has-post-thumbnail","7":"category-deportes"},"yoast_head":"<!-- This site is optimized with the Yoast SEO plugin v27.3 - https:\/\/yoast.com\/product\/yoast-seo-wordpress\/ -->\n<title>Inauguran autoridades municipales y educativas cancha de tenis en el Tecnol\u00f3gico de Roque - El Hijo del llanero solititito<\/title>\n<meta name=\"robots\" content=\"index, follow, max-snippet:-1, max-image-preview:large, max-video-preview:-1\" \/>\n<link rel=\"canonical\" href=\"https:\/\/elhijodelllanero.mx\/index.php\/2023\/10\/25\/inauguran-autoridades-municipales-y-educativas-cancha-de-tenis-en-el-tecnologico-de-roque\/\" \/>\n<meta property=\"og:locale\" content=\"es_ES\" \/>\n<meta property=\"og:type\" content=\"article\" \/>\n<meta property=\"og:title\" content=\"Inauguran autoridades municipales y educativas cancha de tenis en el Tecnol\u00f3gico de Roque - El Hijo del llanero solititito\" \/>\n<meta property=\"og:description\" content=\"Celaya, Gto., 25 octubre 2023.- Para contribuir a la formaci\u00f3n integral de los estudiantes a trav\u00e9s del deporte, el Gobierno Municipal construy\u00f3 una cancha de tenis en las instalaciones del Tecnol\u00f3gico Nacional de M\u00e9xico en Roque y este mi\u00e9rcoles el presidente municipal, Javier Mendoza M\u00e1rquez, acudi\u00f3 a la instituci\u00f3n para inaugurar esta nueva infraestructura.Acompa\u00f1ado por [&hellip;]\" \/>\n<meta property=\"og:url\" content=\"https:\/\/elhijodelllanero.mx\/index.php\/2023\/10\/25\/inauguran-autoridades-municipales-y-educativas-cancha-de-tenis-en-el-tecnologico-de-roque\/\" \/>\n<meta property=\"og:site_name\" content=\"El Hijo del llanero solititito\" \/>\n<meta property=\"article:published_time\" content=\"2023-10-25T21:43:02+00:00\" \/>\n<meta property=\"article:modified_time\" content=\"2023-10-25T21:43:06+00:00\" \/>\n<meta property=\"og:image\" content=\"https:\/\/elhijodelllanero.mx\/wp-content\/uploads\/2023\/10\/IMG-20231025-WA0058.jpg\" \/>\n\t<meta property=\"og:image:width\" content=\"1024\" \/>\n\t<meta property=\"og:image:height\" content=\"724\" \/>\n\t<meta property=\"og:image:type\" content=\"image\/jpeg\" \/>\n<meta name=\"author\" content=\"Redaccion\" \/>\n<meta name=\"twitter:card\" content=\"summary_large_image\" \/>\n<meta name=\"twitter:label1\" content=\"Escrito por\" \/>\n\t<meta name=\"twitter:data1\" content=\"Redaccion\" \/>\n\t<meta name=\"twitter:label2\" content=\"Tiempo de lectura\" \/>\n\t<meta name=\"twitter:data2\" content=\"1 minuto\" \/>\n<script type=\"application\/ld+json\" class=\"yoast-schema-graph\">{\"@context\":\"https:\\\/\\\/schema.org\",\"@graph\":[{\"@type\":\"Article\",\"@id\":\"https:\\\/\\\/elhijodelllanero.mx\\\/index.php\\\/2023\\\/10\\\/25\\\/inauguran-autoridades-municipales-y-educativas-cancha-de-tenis-en-el-tecnologico-de-roque\\\/#article\",\"isPartOf\":{\"@id\":\"https:\\\/\\\/elhijodelllanero.mx\\\/index.php\\\/2023\\\/10\\\/25\\\/inauguran-autoridades-municipales-y-educativas-cancha-de-tenis-en-el-tecnologico-de-roque\\\/\"},\"author\":{\"name\":\"Redaccion\",\"@id\":\"https:\\\/\\\/elhijodelllanero.mx\\\/#\\\/schema\\\/person\\\/5dcfdd3db3a6f7e7906ef5d92cf7340b\"},\"headline\":\"Inauguran autoridades municipales y educativas cancha de tenis en el Tecnol\u00f3gico de Roque\",\"datePublished\":\"2023-10-25T21:43:02+00:00\",\"dateModified\":\"2023-10-25T21:43:06+00:00\",\"mainEntityOfPage\":{\"@id\":\"https:\\\/\\\/elhijodelllanero.mx\\\/index.php\\\/2023\\\/10\\\/25\\\/inauguran-autoridades-municipales-y-educativas-cancha-de-tenis-en-el-tecnologico-de-roque\\\/\"},\"wordCount\":248,\"commentCount\":0,\"image\":{\"@id\":\"https:\\\/\\\/elhijodelllanero.mx\\\/index.php\\\/2023\\\/10\\\/25\\\/inauguran-autoridades-municipales-y-educativas-cancha-de-tenis-en-el-tecnologico-de-roque\\\/#primaryimage\"},\"thumbnailUrl\":\"https:\\\/\\\/i0.wp.com\\\/elhijodelllanero.mx\\\/wp-content\\\/uploads\\\/2023\\\/10\\\/IMG-20231025-WA0058.jpg?fit=1024%2C724&ssl=1\",\"articleSection\":[\"DEPORTES\"],\"inLanguage\":\"es\",\"potentialAction\":[{\"@type\":\"CommentAction\",\"name\":\"Comment\",\"target\":[\"https:\\\/\\\/elhijodelllanero.mx\\\/index.php\\\/2023\\\/10\\\/25\\\/inauguran-autoridades-municipales-y-educativas-cancha-de-tenis-en-el-tecnologico-de-roque\\\/#respond\"]}]},{\"@type\":\"WebPage\",\"@id\":\"https:\\\/\\\/elhijodelllanero.mx\\\/index.php\\\/2023\\\/10\\\/25\\\/inauguran-autoridades-municipales-y-educativas-cancha-de-tenis-en-el-tecnologico-de-roque\\\/\",\"url\":\"https:\\\/\\\/elhijodelllanero.mx\\\/index.php\\\/2023\\\/10\\\/25\\\/inauguran-autoridades-municipales-y-educativas-cancha-de-tenis-en-el-tecnologico-de-roque\\\/\",\"name\":\"Inauguran autoridades municipales y educativas cancha de tenis en el Tecnol\u00f3gico de Roque - El Hijo del llanero solititito\",\"isPartOf\":{\"@id\":\"https:\\\/\\\/elhijodelllanero.mx\\\/#website\"},\"primaryImageOfPage\":{\"@id\":\"https:\\\/\\\/elhijodelllanero.mx\\\/index.php\\\/2023\\\/10\\\/25\\\/inauguran-autoridades-municipales-y-educativas-cancha-de-tenis-en-el-tecnologico-de-roque\\\/#primaryimage\"},\"image\":{\"@id\":\"https:\\\/\\\/elhijodelllanero.mx\\\/index.php\\\/2023\\\/10\\\/25\\\/inauguran-autoridades-municipales-y-educativas-cancha-de-tenis-en-el-tecnologico-de-roque\\\/#primaryimage\"},\"thumbnailUrl\":\"https:\\\/\\\/i0.wp.com\\\/elhijodelllanero.mx\\\/wp-content\\\/uploads\\\/2023\\\/10\\\/IMG-20231025-WA0058.jpg?fit=1024%2C724&ssl=1\",\"datePublished\":\"2023-10-25T21:43:02+00:00\",\"dateModified\":\"2023-10-25T21:43:06+00:00\",\"author\":{\"@id\":\"https:\\\/\\\/elhijodelllanero.mx\\\/#\\\/schema\\\/person\\\/5dcfdd3db3a6f7e7906ef5d92cf7340b\"},\"breadcrumb\":{\"@id\":\"https:\\\/\\\/elhijodelllanero.mx\\\/index.php\\\/2023\\\/10\\\/25\\\/inauguran-autoridades-municipales-y-educativas-cancha-de-tenis-en-el-tecnologico-de-roque\\\/#breadcrumb\"},\"inLanguage\":\"es\",\"potentialAction\":[{\"@type\":\"ReadAction\",\"target\":[\"https:\\\/\\\/elhijodelllanero.mx\\\/index.php\\\/2023\\\/10\\\/25\\\/inauguran-autoridades-municipales-y-educativas-cancha-de-tenis-en-el-tecnologico-de-roque\\\/\"]}]},{\"@type\":\"ImageObject\",\"inLanguage\":\"es\",\"@id\":\"https:\\\/\\\/elhijodelllanero.mx\\\/index.php\\\/2023\\\/10\\\/25\\\/inauguran-autoridades-municipales-y-educativas-cancha-de-tenis-en-el-tecnologico-de-roque\\\/#primaryimage\",\"url\":\"https:\\\/\\\/i0.wp.com\\\/elhijodelllanero.mx\\\/wp-content\\\/uploads\\\/2023\\\/10\\\/IMG-20231025-WA0058.jpg?fit=1024%2C724&ssl=1\",\"contentUrl\":\"https:\\\/\\\/i0.wp.com\\\/elhijodelllanero.mx\\\/wp-content\\\/uploads\\\/2023\\\/10\\\/IMG-20231025-WA0058.jpg?fit=1024%2C724&ssl=1\",\"width\":1024,\"height\":724},{\"@type\":\"BreadcrumbList\",\"@id\":\"https:\\\/\\\/elhijodelllanero.mx\\\/index.php\\\/2023\\\/10\\\/25\\\/inauguran-autoridades-municipales-y-educativas-cancha-de-tenis-en-el-tecnologico-de-roque\\\/#breadcrumb\",\"itemListElement\":[{\"@type\":\"ListItem\",\"position\":1,\"name\":\"Portada\",\"item\":\"https:\\\/\\\/elhijodelllanero.mx\\\/\"},{\"@type\":\"ListItem\",\"position\":2,\"name\":\"Inauguran autoridades municipales y educativas cancha de tenis en el Tecnol\u00f3gico de Roque\"}]},{\"@type\":\"WebSite\",\"@id\":\"https:\\\/\\\/elhijodelllanero.mx\\\/#website\",\"url\":\"https:\\\/\\\/elhijodelllanero.mx\\\/\",\"name\":\"El Hijo del llanero solititito\",\"description\":\"\",\"potentialAction\":[{\"@type\":\"SearchAction\",\"target\":{\"@type\":\"EntryPoint\",\"urlTemplate\":\"https:\\\/\\\/elhijodelllanero.mx\\\/?s={search_term_string}\"},\"query-input\":{\"@type\":\"PropertyValueSpecification\",\"valueRequired\":true,\"valueName\":\"search_term_string\"}}],\"inLanguage\":\"es\"},{\"@type\":\"Person\",\"@id\":\"https:\\\/\\\/elhijodelllanero.mx\\\/#\\\/schema\\\/person\\\/5dcfdd3db3a6f7e7906ef5d92cf7340b\",\"name\":\"Redaccion\",\"image\":{\"@type\":\"ImageObject\",\"inLanguage\":\"es\",\"@id\":\"https:\\\/\\\/secure.gravatar.com\\\/avatar\\\/f65b913d6e7be363e7396f7fad32ab76d311fbb575fa7e623ec3ea4799f3b718?s=96&d=mm&r=g\",\"url\":\"https:\\\/\\\/secure.gravatar.com\\\/avatar\\\/f65b913d6e7be363e7396f7fad32ab76d311fbb575fa7e623ec3ea4799f3b718?s=96&d=mm&r=g\",\"contentUrl\":\"https:\\\/\\\/secure.gravatar.com\\\/avatar\\\/f65b913d6e7be363e7396f7fad32ab76d311fbb575fa7e623ec3ea4799f3b718?s=96&d=mm&r=g\",\"caption\":\"Redaccion\"},\"sameAs\":[\"https:\\\/\\\/www.elhijodelllanero.mx\"],\"url\":\"https:\\\/\\\/elhijodelllanero.mx\\\/index.php\\\/author\\\/admin_6smc8z8t\\\/\"}]}<\/script>\n<!-- \/ Yoast SEO plugin. -->","yoast_head_json":{"title":"Inauguran autoridades municipales y educativas cancha de tenis en el Tecnol\u00f3gico de Roque - El Hijo del llanero solititito","robots":{"index":"index","follow":"follow","max-snippet":"max-snippet:-1","max-image-preview":"max-image-preview:large","max-video-preview":"max-video-preview:-1"},"canonical":"https:\/\/elhijodelllanero.mx\/index.php\/2023\/10\/25\/inauguran-autoridades-municipales-y-educativas-cancha-de-tenis-en-el-tecnologico-de-roque\/","og_locale":"es_ES","og_type":"article","og_title":"Inauguran autoridades municipales y educativas cancha de tenis en el Tecnol\u00f3gico de Roque - El Hijo del llanero solititito","og_description":"Celaya, Gto., 25 octubre 2023.- Para contribuir a la formaci\u00f3n integral de los estudiantes a trav\u00e9s del deporte, el Gobierno Municipal construy\u00f3 una cancha de tenis en las instalaciones del Tecnol\u00f3gico Nacional de M\u00e9xico en Roque y este mi\u00e9rcoles el presidente municipal, Javier Mendoza M\u00e1rquez, acudi\u00f3 a la instituci\u00f3n para inaugurar esta nueva infraestructura.Acompa\u00f1ado por [&hellip;]","og_url":"https:\/\/elhijodelllanero.mx\/index.php\/2023\/10\/25\/inauguran-autoridades-municipales-y-educativas-cancha-de-tenis-en-el-tecnologico-de-roque\/","og_site_name":"El Hijo del llanero solititito","article_published_time":"2023-10-25T21:43:02+00:00","article_modified_time":"2023-10-25T21:43:06+00:00","og_image":[{"width":1024,"height":724,"url":"https:\/\/elhijodelllanero.mx\/wp-content\/uploads\/2023\/10\/IMG-20231025-WA0058.jpg","type":"image\/jpeg"}],"author":"Redaccion","twitter_card":"summary_large_image","twitter_misc":{"Escrito por":"Redaccion","Tiempo de lectura":"1 minuto"},"schema":{"@context":"https:\/\/schema.org","@graph":[{"@type":"Article","@id":"https:\/\/elhijodelllanero.mx\/index.php\/2023\/10\/25\/inauguran-autoridades-municipales-y-educativas-cancha-de-tenis-en-el-tecnologico-de-roque\/#article","isPartOf":{"@id":"https:\/\/elhijodelllanero.mx\/index.php\/2023\/10\/25\/inauguran-autoridades-municipales-y-educativas-cancha-de-tenis-en-el-tecnologico-de-roque\/"},"author":{"name":"Redaccion","@id":"https:\/\/elhijodelllanero.mx\/#\/schema\/person\/5dcfdd3db3a6f7e7906ef5d92cf7340b"},"headline":"Inauguran autoridades municipales y educativas cancha de tenis en el Tecnol\u00f3gico de Roque","datePublished":"2023-10-25T21:43:02+00:00","dateModified":"2023-10-25T21:43:06+00:00","mainEntityOfPage":{"@id":"https:\/\/elhijodelllanero.mx\/index.php\/2023\/10\/25\/inauguran-autoridades-municipales-y-educativas-cancha-de-tenis-en-el-tecnologico-de-roque\/"},"wordCount":248,"commentCount":0,"image":{"@id":"https:\/\/elhijodelllanero.mx\/index.php\/2023\/10\/25\/inauguran-autoridades-municipales-y-educativas-cancha-de-tenis-en-el-tecnologico-de-roque\/#primaryimage"},"thumbnailUrl":"https:\/\/i0.wp.com\/elhijodelllanero.mx\/wp-content\/uploads\/2023\/10\/IMG-20231025-WA0058.jpg?fit=1024%2C724&ssl=1","articleSection":["DEPORTES"],"inLanguage":"es","potentialAction":[{"@type":"CommentAction","name":"Comment","target":["https:\/\/elhijodelllanero.mx\/index.php\/2023\/10\/25\/inauguran-autoridades-municipales-y-educativas-cancha-de-tenis-en-el-tecnologico-de-roque\/#respond"]}]},{"@type":"WebPage","@id":"https:\/\/elhijodelllanero.mx\/index.php\/2023\/10\/25\/inauguran-autoridades-municipales-y-educativas-cancha-de-tenis-en-el-tecnologico-de-roque\/","url":"https:\/\/elhijodelllanero.mx\/index.php\/2023\/10\/25\/inauguran-autoridades-municipales-y-educativas-cancha-de-tenis-en-el-tecnologico-de-roque\/","name":"Inauguran autoridades municipales y educativas cancha de tenis en el Tecnol\u00f3gico de Roque - El Hijo del llanero solititito","isPartOf":{"@id":"https:\/\/elhijodelllanero.mx\/#website"},"primaryImageOfPage":{"@id":"https:\/\/elhijodelllanero.mx\/index.php\/2023\/10\/25\/inauguran-autoridades-municipales-y-educativas-cancha-de-tenis-en-el-tecnologico-de-roque\/#primaryimage"},"image":{"@id":"https:\/\/elhijodelllanero.mx\/index.php\/2023\/10\/25\/inauguran-autoridades-municipales-y-educativas-cancha-de-tenis-en-el-tecnologico-de-roque\/#primaryimage"},"thumbnailUrl":"https:\/\/i0.wp.com\/elhijodelllanero.mx\/wp-content\/uploads\/2023\/10\/IMG-20231025-WA0058.jpg?fit=1024%2C724&ssl=1","datePublished":"2023-10-25T21:43:02+00:00","dateModified":"2023-10-25T21:43:06+00:00","author":{"@id":"https:\/\/elhijodelllanero.mx\/#\/schema\/person\/5dcfdd3db3a6f7e7906ef5d92cf7340b"},"breadcrumb":{"@id":"https:\/\/elhijodelllanero.mx\/index.php\/2023\/10\/25\/inauguran-autoridades-municipales-y-educativas-cancha-de-tenis-en-el-tecnologico-de-roque\/#breadcrumb"},"inLanguage":"es","potentialAction":[{"@type":"ReadAction","target":["https:\/\/elhijodelllanero.mx\/index.php\/2023\/10\/25\/inauguran-autoridades-municipales-y-educativas-cancha-de-tenis-en-el-tecnologico-de-roque\/"]}]},{"@type":"ImageObject","inLanguage":"es","@id":"https:\/\/elhijodelllanero.mx\/index.php\/2023\/10\/25\/inauguran-autoridades-municipales-y-educativas-cancha-de-tenis-en-el-tecnologico-de-roque\/#primaryimage","url":"https:\/\/i0.wp.com\/elhijodelllanero.mx\/wp-content\/uploads\/2023\/10\/IMG-20231025-WA0058.jpg?fit=1024%2C724&ssl=1","contentUrl":"https:\/\/i0.wp.com\/elhijodelllanero.mx\/wp-content\/uploads\/2023\/10\/IMG-20231025-WA0058.jpg?fit=1024%2C724&ssl=1","width":1024,"height":724},{"@type":"BreadcrumbList","@id":"https:\/\/elhijodelllanero.mx\/index.php\/2023\/10\/25\/inauguran-autoridades-municipales-y-educativas-cancha-de-tenis-en-el-tecnologico-de-roque\/#breadcrumb","itemListElement":[{"@type":"ListItem","position":1,"name":"Portada","item":"https:\/\/elhijodelllanero.mx\/"},{"@type":"ListItem","position":2,"name":"Inauguran autoridades municipales y educativas cancha de tenis en el Tecnol\u00f3gico de Roque"}]},{"@type":"WebSite","@id":"https:\/\/elhijodelllanero.mx\/#website","url":"https:\/\/elhijodelllanero.mx\/","name":"El Hijo del llanero solititito","description":"","potentialAction":[{"@type":"SearchAction","target":{"@type":"EntryPoint","urlTemplate":"https:\/\/elhijodelllanero.mx\/?s={search_term_string}"},"query-input":{"@type":"PropertyValueSpecification","valueRequired":true,"valueName":"search_term_string"}}],"inLanguage":"es"},{"@type":"Person","@id":"https:\/\/elhijodelllanero.mx\/#\/schema\/person\/5dcfdd3db3a6f7e7906ef5d92cf7340b","name":"Redaccion","image":{"@type":"ImageObject","inLanguage":"es","@id":"https:\/\/secure.gravatar.com\/avatar\/f65b913d6e7be363e7396f7fad32ab76d311fbb575fa7e623ec3ea4799f3b718?s=96&d=mm&r=g","url":"https:\/\/secure.gravatar.com\/avatar\/f65b913d6e7be363e7396f7fad32ab76d311fbb575fa7e623ec3ea4799f3b718?s=96&d=mm&r=g","contentUrl":"https:\/\/secure.gravatar.com\/avatar\/f65b913d6e7be363e7396f7fad32ab76d311fbb575fa7e623ec3ea4799f3b718?s=96&d=mm&r=g","caption":"Redaccion"},"sameAs":["https:\/\/www.elhijodelllanero.mx"],"url":"https:\/\/elhijodelllanero.mx\/index.php\/author\/admin_6smc8z8t\/"}]}},"jetpack_featured_media_url":"https:\/\/i0.wp.com\/elhijodelllanero.mx\/wp-content\/uploads\/2023\/10\/IMG-20231025-WA0058.jpg?fit=1024%2C724&ssl=1","jetpack-related-posts":[],"jetpack_sharing_enabled":true,"_links":{"self":[{"href":"https:\/\/elhijodelllanero.mx\/index.php\/wp-json\/wp\/v2\/posts\/1501","targetHints":{"allow":["GET"]}}],"collection":[{"href":"https:\/\/elhijodelllanero.mx\/index.php\/wp-json\/wp\/v2\/posts"}],"about":[{"href":"https:\/\/elhijodelllanero.mx\/index.php\/wp-json\/wp\/v2\/types\/post"}],"author":[{"embeddable":true,"href":"https:\/\/elhijodelllanero.mx\/index.php\/wp-json\/wp\/v2\/users\/1"}],"replies":[{"embeddable":true,"href":"https:\/\/elhijodelllanero.mx\/index.php\/wp-json\/wp\/v2\/comments?post=1501"}],"version-history":[{"count":1,"href":"https:\/\/elhijodelllanero.mx\/index.php\/wp-json\/wp\/v2\/posts\/1501\/revisions"}],"predecessor-version":[{"id":1505,"href":"https:\/\/elhijodelllanero.mx\/index.php\/wp-json\/wp\/v2\/posts\/1501\/revisions\/1505"}],"wp:featuredmedia":[{"embeddable":true,"href":"https:\/\/elhijodelllanero.mx\/index.php\/wp-json\/wp\/v2\/media\/1504"}],"wp:attachment":[{"href":"https:\/\/elhijodelllanero.mx\/index.php\/wp-json\/wp\/v2\/media?parent=1501"}],"wp:term":[{"taxonomy":"category","embeddable":true,"href":"https:\/\/elhijodelllanero.mx\/index.php\/wp-json\/wp\/v2\/categories?post=1501"},{"taxonomy":"post_tag","embeddable":true,"href":"https:\/\/elhijodelllanero.mx\/index.php\/wp-json\/wp\/v2\/tags?post=1501"}],"curies":[{"name":"wp","href":"https:\/\/api.w.org\/{rel}","templated":true}]}}