{"id":1666,"date":"2023-10-27T00:02:41","date_gmt":"2023-10-27T00:02:41","guid":{"rendered":"https:\/\/elhijodelllanero.mx\/index.php\/2023\/10\/27\/realizan-gira-de-mentefactura-en-celaya\/"},"modified":"2023-10-27T00:02:41","modified_gmt":"2023-10-27T00:02:41","slug":"realizan-gira-de-mentefactura-en-celaya","status":"publish","type":"post","link":"https:\/\/elhijodelllanero.mx\/index.php\/2023\/10\/27\/realizan-gira-de-mentefactura-en-celaya\/","title":{"rendered":"Realizan Gira de Mentefactura en Celaya"},"content":{"rendered":"<p><a href=\"https:\/\/boletines.guanajuato.gob.mx\/wp-content\/uploads\/2023\/10\/WhatsApp-Image-2023-10-26-at-16.55.57-1.jpeg\"><\/a><\/p>\n<p><strong>Celaya, Guanajuato a 26 de octubre de 2023. \u00a0<\/strong>Con el objetivo de fortalecer los lazos con los aliados del Valle de la Mentefactura, as\u00ed como profundizar los v\u00ednculos estrat\u00e9gicos y detonadores a favor del desarrollo, la innovaci\u00f3n y el emprendimiento en de la regi\u00f3n de Celaya Guanajuato IDEA GTO llev\u00f3 a cabo una gira de Mentefactura por Celaya.<\/p>\n<p><strong>El HUB\u00b4i<\/strong> fue la primera parada en esta ruta, en donde se realiz\u00f3 un encuentro con integrantes de la Asociaci\u00f3n Mexicana de Mujeres Empresarias (AMEXME) cap\u00edtulo Celaya, durante esta visita se expuso el Programa Womentefactura, el cual est\u00e1 hecho a la medida de mujeres empresarias que buscan potenciar su desarrollo personal y profesional al actualizarse en temas como la aplicaci\u00f3n de la Inteligencia Artificial en sus negocios.<\/p>\n<p><strong>Agri Hern\u00e1ndez Hern\u00e1ndez<\/strong>, Presidenta de AMEXME cap\u00edtulo Celaya expres\u00f3 el inter\u00e9s de AMEXME por participar en Womentefactura pues la Asociaci\u00f3n est\u00e1 integrada por mujeres l\u00edderes, due\u00f1as de empresas para quienes el tema de Mentefactura es primordial.<\/p>\n<p>El siguiente punto de encuentro fue el Tecnol\u00f3gico de Roque donde se apertur\u00f3 el Gimnasio de Innovaci\u00f3n y Emprendimiento <strong>\u201cAGROTEC\u201d,<\/strong> un espacio que permitir\u00e1 a los alumnos desarrollar sus ideas m\u00e1s all\u00e1 de la academia y poder convertirlas en negocios rentables.<\/p>\n<p>Juan Antonio Reus Monta\u00f1o, Director General de IDEA GTO, expres\u00f3 que el Gimnasio de Innovaci\u00f3n es un espacio donde los alumnos del Tecnol\u00f3gico de Roque podr\u00e1n llegar a pensar, crear, conectar, y hablar de empresa, entender nuevos temas, como blockchain, internet de las cosas, metaverso, etc.<\/p>\n<p><strong><em>\u201cEn Guanajuato la juventud est\u00e1 en la agenda de todos los d\u00edas, siempre pensamos \u00bfde qu\u00e9 manera para poder asegurarles un mejor futuro?, Recuerden que las principales empresas tecnol\u00f3gicas, fueron creadas en la universidad, fundadas por compa\u00f1eros de escuela y ocurrieron ah\u00ed porque hab\u00eda tiempo de crear. Hoy estamos llegando a un momento donde m\u00e1s que llegar a ser importantes tenemos que hacer cosas que importen\u201d <\/em><\/strong>expres\u00f3.<\/p>\n<p>Tambi\u00e9n mencion\u00f3 que para que todas esas ideas que tienen los j\u00f3venes estar\u00e1n llegando Mil becas para que puedan incubar sus ideas de negocio, as\u00ed mismo invit\u00f3 a las j\u00f3venes a participar en Womentefactura pues esperan superar la meta y generar una comunidad de 450 mujeres inscritas en este programa.<\/p>\n<p><strong><em>\u201cCelaya es una tierra de oportunidades, no s\u00f3lo por su ubicaci\u00f3n geogr\u00e1fica estrat\u00e9gica para los negocios, si no por la calidad de su gente que diario trabajamos para tener una mejor calidad de vida y con ello una mejor ciudad. Hoy nos congratulamos porque ya formamos parte de esta red de gimnasios de innovaci\u00f3n y emprendimiento que impulsa y dirige IDEA GTO, buscando potenciar la econom\u00eda de nuestro municipio y nuestro estado\u201d <\/em><\/strong>fueron las palabras <strong>Javier Mendoza M\u00e1rquez,<\/strong> Presidente Municipal de Celaya.<\/p>\n<p>Por su parte<strong>, Nayelli del Carmen Ram\u00edrez Segovia,<\/strong> Rectora del Instituto Tecnol\u00f3gico de Roque Dio indic\u00f3 a los estudiantes y emprendedores que el gimnasio de emprendimiento es un compromiso con el crecimiento de los alumnos, con su visi\u00f3n de futuro, para lograr una comunidad.<\/p>\n<p><strong><em>\u201cHoy el Tecnol\u00f3gico de Roque tiene un claro compromiso con el crecimiento de las y los emprendedores, con su visi\u00f3n y con un futuro m\u00e1s brillante para nuestra comunidad. El gimnasio de emprendimiento AGROTEC ser\u00e1 un lugar de inspiraci\u00f3n, creatividad y aprendizaje para nuestros estudiantes donde podr\u00e1n desarrollar sus ideas y nuevas habilidades, y convertir sus sue\u00f1os en realidad.\u201d<\/em><\/strong> Indic\u00f3.<\/p>\n<p>Posteriormente se visit\u00f3 la empresa <strong>Sephnos, <\/strong>empresa 100% mexicana con presencia en los 5 continentes, destacada por investigar, innovar, dise\u00f1ar, fabricar, comercializar y exportar productos pl\u00e1sticos para el sector pecuario. Esta visita tuvo como objetivo de recorrer sus instalaciones, conocer de primera mano la innovaci\u00f3n que desarrollan, as\u00ed como mostrar las oportunidades que brinda el Valle de la Mentefactura.<\/p>\n<p>Por \u00faltimo, se llev\u00f3 a cabo la presentaci\u00f3n de Capital Startup Capital ante empresarios e inversionistas celayenses, ante los cuales se dieron a conocer los casos de \u00e9xito de Jos\u00e9 Luis Velazco, Fundador de BIOKRONE, Nicol\u00e1s \u00c1ngeles Govea, CEO de TERRALGAL ECO y Daniel Piceno CEO de KUIL<\/p>\n<p><strong>Juan Antonio Reus,<\/strong> Director General de IDEA GTO mencion\u00f3 que Capital Startup Capital no es s\u00f3lo un evento, es una estrategia la cual en su cuarta edici\u00f3n levanta el nivel teniendo como aliado estrat\u00e9gico a BBVA Spark, la unidad de innovaci\u00f3n del corporativo, haciendo hincapi\u00e9 en que hoy por hoy es la estrategia de inversi\u00f3n m\u00e1s importante que tiene el pa\u00eds.<\/p>\n<p><strong><em>\u201cCapital Startup Capital cuenta con tres fases, la primera de ellas es Formar Emprendedores que pases de ser emprendedores simples a ser Startups que puedan levantar capital, Fase dos, Formamos empresarios para que se conviertan en inversionistas, Frase tres sentar juntos a emprendedores con inversionistas; algo que les ayud\u00f3 mucho es haber levantado capital local al vincularlos con los fondos internacionales\u201d, <\/em><\/strong>coment\u00f3.<\/p>\n<p><strong>Daniel Piceno<\/strong> CEO de KUIL, habl\u00f3 de la importancia de exportar el talento y del nivel que logra una empresa al momento de bajar capital.<\/p>\n<p>Por su parte <strong>Jos\u00e9 Luis Velazco, <\/strong>Fundador de BIOKRONE indic\u00f3 que Capital Startup Capital es una plataforma importante para los emprendedores que cuentan con una visi\u00f3n clara de los que quieren lograr, pero sobre todo es una plataforma para compartir, conectar y conquistar nuevos mercados.<\/p>\n<p><strong>Adolfo Nicol\u00e1s \u00c1ngeles Govea<\/strong>, CEO de TERRALGAL ECO mencion\u00f3 que el tener instituciones que respalden a los emprendedores es importante pues los dirigen a tomar mejores decisiones y buscar oportunidades reales.<\/p>\n<p>Cabe mencionar que empresas como Biokrone y Terral Eco cuentan con experiencias internacionales al vincularse con empresas brasile\u00f1as a mediante el programa de Incubaci\u00f3n Cruzada Brasil M\u00e9xico, impulso brindado tambi\u00e9n por iniciativas como CSC.<\/p>\n<p>Capital Startup Capital se llevar\u00e1 a cabo los d\u00edas 8, 9 y 10 de noviembre en la hacienda Mar\u00eda Eugenio, en el municipio de Silao de la Victoria, donde se reunir\u00e1n inversionistas nacionales y extranjeros, empresarios, emprendedores y p\u00fablico general en la m\u00e1s importante iniciativa de capital de riesgo. Con acciones como esta el Valle de la Mentefactura coloca a los empresarios y emprendedores al centro de las oportunidades haciendo de Guanajuato la Grandeza de M\u00e9xico.<\/p>\n<p><a href=\"https:\/\/boletines.guanajuato.gob.mx\/wp-content\/uploads\/2023\/10\/WhatsApp-Image-2023-10-26-at-16.56.04-2.jpeg\"><\/a><\/p>\n<p><a href=\"https:\/\/boletines.guanajuato.gob.mx\/wp-content\/uploads\/2023\/10\/WhatsApp-Image-2023-10-26-at-16.56.04-1.jpeg\"><\/a><\/p>\n<p><a href=\"https:\/\/boletines.guanajuato.gob.mx\/wp-content\/uploads\/2023\/10\/WhatsApp-Image-2023-10-26-at-16.56.04.jpeg\"><\/a><\/p>\n<p><a href=\"https:\/\/boletines.guanajuato.gob.mx\/wp-content\/uploads\/2023\/10\/WhatsApp-Image-2023-10-26-at-16.56.03-1.jpeg\"><\/a><\/p>\n<p><a href=\"https:\/\/boletines.guanajuato.gob.mx\/wp-content\/uploads\/2023\/10\/WhatsApp-Image-2023-10-26-at-16.56.03.jpeg\"><\/a><\/p>\n<p><a href=\"https:\/\/boletines.guanajuato.gob.mx\/wp-content\/uploads\/2023\/10\/WhatsApp-Image-2023-10-26-at-16.56.02-1.jpeg\"><\/a><\/p>\n<p><a href=\"https:\/\/boletines.guanajuato.gob.mx\/wp-content\/uploads\/2023\/10\/WhatsApp-Image-2023-10-26-at-16.56.01.jpeg\"><\/a><\/p>\n<p><a href=\"https:\/\/boletines.guanajuato.gob.mx\/wp-content\/uploads\/2023\/10\/WhatsApp-Image-2023-10-26-at-16.55.59.jpeg\"><\/a><\/p>\n<p><a href=\"https:\/\/boletines.guanajuato.gob.mx\/wp-content\/uploads\/2023\/10\/WhatsApp-Image-2023-10-26-at-16.55.57.jpeg\"><\/a><\/p>\n<p><a href=\"https:\/\/boletines.guanajuato.gob.mx\/wp-content\/uploads\/2023\/10\/WhatsApp-Image-2023-10-26-at-16.54.50.jpeg\"><\/a><\/p>\n<p><a href=\"https:\/\/boletines.guanajuato.gob.mx\/wp-content\/uploads\/2023\/10\/celaya-3.jpg\"><\/a><\/p>\n<p><a href=\"https:\/\/boletines.guanajuato.gob.mx\/wp-content\/uploads\/2023\/10\/celaya-2-.jpg\"><\/a><\/p>\n<p><a href=\"https:\/\/boletines.guanajuato.gob.mx\/wp-content\/uploads\/2023\/10\/celaya-1-.jpg\"><\/a><\/p>","protected":false},"excerpt":{"rendered":"<p>Celaya, Guanajuato a 26 de octubre de 2023. \u00a0Con el objetivo de fortalecer los lazos con los aliados del Valle de la Mentefactura, as\u00ed como profundizar los v\u00ednculos estrat\u00e9gicos y detonadores a favor del desarrollo, la innovaci\u00f3n y el emprendimiento en de la regi\u00f3n de Celaya Guanajuato IDEA GTO llev\u00f3 a cabo una gira de [&hellip;]<\/p>\n","protected":false},"author":0,"featured_media":1667,"comment_status":"open","ping_status":"closed","sticky":false,"template":"","format":"standard","meta":{"_jetpack_newsletter_access":"","_jetpack_dont_email_post_to_subs":false,"_jetpack_newsletter_tier_id":0,"_jetpack_memberships_contains_paywalled_content":false,"_jetpack_memberships_contains_paid_content":false,"footnotes":""},"categories":[1],"tags":[],"class_list":{"0":"post-1666","1":"post","2":"type-post","3":"status-publish","4":"format-standard","5":"has-post-thumbnail","7":"category-uncategorized"},"yoast_head":"<!-- This site is optimized with the Yoast SEO plugin v27.3 - https:\/\/yoast.com\/product\/yoast-seo-wordpress\/ -->\n<title>Realizan Gira de Mentefactura en Celaya - El Hijo del llanero solititito<\/title>\n<meta name=\"robots\" content=\"index, follow, max-snippet:-1, max-image-preview:large, max-video-preview:-1\" \/>\n<link rel=\"canonical\" href=\"https:\/\/elhijodelllanero.mx\/index.php\/2023\/10\/27\/realizan-gira-de-mentefactura-en-celaya\/\" \/>\n<meta property=\"og:locale\" content=\"es_ES\" \/>\n<meta property=\"og:type\" content=\"article\" \/>\n<meta property=\"og:title\" content=\"Realizan Gira de Mentefactura en Celaya - El Hijo del llanero solititito\" \/>\n<meta property=\"og:description\" content=\"Celaya, Guanajuato a 26 de octubre de 2023. \u00a0Con el objetivo de fortalecer los lazos con los aliados del Valle de la Mentefactura, as\u00ed como profundizar los v\u00ednculos estrat\u00e9gicos y detonadores a favor del desarrollo, la innovaci\u00f3n y el emprendimiento en de la regi\u00f3n de Celaya Guanajuato IDEA GTO llev\u00f3 a cabo una gira de [&hellip;]\" \/>\n<meta property=\"og:url\" content=\"https:\/\/elhijodelllanero.mx\/index.php\/2023\/10\/27\/realizan-gira-de-mentefactura-en-celaya\/\" \/>\n<meta property=\"og:site_name\" content=\"El Hijo del llanero solititito\" \/>\n<meta property=\"article:published_time\" content=\"2023-10-27T00:02:41+00:00\" \/>\n<meta name=\"twitter:card\" content=\"summary_large_image\" \/>\n<meta name=\"twitter:label1\" content=\"Tiempo de lectura\" \/>\n\t<meta name=\"twitter:data1\" content=\"5 minutos\" \/>\n<script type=\"application\/ld+json\" class=\"yoast-schema-graph\">{\"@context\":\"https:\\\/\\\/schema.org\",\"@graph\":[{\"@type\":\"Article\",\"@id\":\"https:\\\/\\\/elhijodelllanero.mx\\\/index.php\\\/2023\\\/10\\\/27\\\/realizan-gira-de-mentefactura-en-celaya\\\/#article\",\"isPartOf\":{\"@id\":\"https:\\\/\\\/elhijodelllanero.mx\\\/index.php\\\/2023\\\/10\\\/27\\\/realizan-gira-de-mentefactura-en-celaya\\\/\"},\"author\":{\"name\":\"\",\"@id\":\"\"},\"headline\":\"Realizan Gira de Mentefactura en Celaya\",\"datePublished\":\"2023-10-27T00:02:41+00:00\",\"mainEntityOfPage\":{\"@id\":\"https:\\\/\\\/elhijodelllanero.mx\\\/index.php\\\/2023\\\/10\\\/27\\\/realizan-gira-de-mentefactura-en-celaya\\\/\"},\"wordCount\":1061,\"commentCount\":0,\"image\":{\"@id\":\"https:\\\/\\\/elhijodelllanero.mx\\\/index.php\\\/2023\\\/10\\\/27\\\/realizan-gira-de-mentefactura-en-celaya\\\/#primaryimage\"},\"thumbnailUrl\":\"https:\\\/\\\/i0.wp.com\\\/elhijodelllanero.mx\\\/wp-content\\\/uploads\\\/2023\\\/10\\\/WhatsApp-Image-2023-10-26-at-16.55.57-1-1024x683-hgR6AF.jpeg?fit=1024%2C683&ssl=1\",\"articleSection\":[\"Uncategorized\"],\"inLanguage\":\"es\",\"potentialAction\":[{\"@type\":\"CommentAction\",\"name\":\"Comment\",\"target\":[\"https:\\\/\\\/elhijodelllanero.mx\\\/index.php\\\/2023\\\/10\\\/27\\\/realizan-gira-de-mentefactura-en-celaya\\\/#respond\"]}]},{\"@type\":\"WebPage\",\"@id\":\"https:\\\/\\\/elhijodelllanero.mx\\\/index.php\\\/2023\\\/10\\\/27\\\/realizan-gira-de-mentefactura-en-celaya\\\/\",\"url\":\"https:\\\/\\\/elhijodelllanero.mx\\\/index.php\\\/2023\\\/10\\\/27\\\/realizan-gira-de-mentefactura-en-celaya\\\/\",\"name\":\"Realizan Gira de Mentefactura en Celaya - El Hijo del llanero solititito\",\"isPartOf\":{\"@id\":\"https:\\\/\\\/elhijodelllanero.mx\\\/#website\"},\"primaryImageOfPage\":{\"@id\":\"https:\\\/\\\/elhijodelllanero.mx\\\/index.php\\\/2023\\\/10\\\/27\\\/realizan-gira-de-mentefactura-en-celaya\\\/#primaryimage\"},\"image\":{\"@id\":\"https:\\\/\\\/elhijodelllanero.mx\\\/index.php\\\/2023\\\/10\\\/27\\\/realizan-gira-de-mentefactura-en-celaya\\\/#primaryimage\"},\"thumbnailUrl\":\"https:\\\/\\\/i0.wp.com\\\/elhijodelllanero.mx\\\/wp-content\\\/uploads\\\/2023\\\/10\\\/WhatsApp-Image-2023-10-26-at-16.55.57-1-1024x683-hgR6AF.jpeg?fit=1024%2C683&ssl=1\",\"datePublished\":\"2023-10-27T00:02:41+00:00\",\"author\":{\"@id\":\"\"},\"breadcrumb\":{\"@id\":\"https:\\\/\\\/elhijodelllanero.mx\\\/index.php\\\/2023\\\/10\\\/27\\\/realizan-gira-de-mentefactura-en-celaya\\\/#breadcrumb\"},\"inLanguage\":\"es\",\"potentialAction\":[{\"@type\":\"ReadAction\",\"target\":[\"https:\\\/\\\/elhijodelllanero.mx\\\/index.php\\\/2023\\\/10\\\/27\\\/realizan-gira-de-mentefactura-en-celaya\\\/\"]}]},{\"@type\":\"ImageObject\",\"inLanguage\":\"es\",\"@id\":\"https:\\\/\\\/elhijodelllanero.mx\\\/index.php\\\/2023\\\/10\\\/27\\\/realizan-gira-de-mentefactura-en-celaya\\\/#primaryimage\",\"url\":\"https:\\\/\\\/i0.wp.com\\\/elhijodelllanero.mx\\\/wp-content\\\/uploads\\\/2023\\\/10\\\/WhatsApp-Image-2023-10-26-at-16.55.57-1-1024x683-hgR6AF.jpeg?fit=1024%2C683&ssl=1\",\"contentUrl\":\"https:\\\/\\\/i0.wp.com\\\/elhijodelllanero.mx\\\/wp-content\\\/uploads\\\/2023\\\/10\\\/WhatsApp-Image-2023-10-26-at-16.55.57-1-1024x683-hgR6AF.jpeg?fit=1024%2C683&ssl=1\",\"width\":1024,\"height\":683},{\"@type\":\"BreadcrumbList\",\"@id\":\"https:\\\/\\\/elhijodelllanero.mx\\\/index.php\\\/2023\\\/10\\\/27\\\/realizan-gira-de-mentefactura-en-celaya\\\/#breadcrumb\",\"itemListElement\":[{\"@type\":\"ListItem\",\"position\":1,\"name\":\"Portada\",\"item\":\"https:\\\/\\\/elhijodelllanero.mx\\\/\"},{\"@type\":\"ListItem\",\"position\":2,\"name\":\"Realizan Gira de Mentefactura en Celaya\"}]},{\"@type\":\"WebSite\",\"@id\":\"https:\\\/\\\/elhijodelllanero.mx\\\/#website\",\"url\":\"https:\\\/\\\/elhijodelllanero.mx\\\/\",\"name\":\"El Hijo del llanero solititito\",\"description\":\"\",\"potentialAction\":[{\"@type\":\"SearchAction\",\"target\":{\"@type\":\"EntryPoint\",\"urlTemplate\":\"https:\\\/\\\/elhijodelllanero.mx\\\/?s={search_term_string}\"},\"query-input\":{\"@type\":\"PropertyValueSpecification\",\"valueRequired\":true,\"valueName\":\"search_term_string\"}}],\"inLanguage\":\"es\"}]}<\/script>\n<!-- \/ Yoast SEO plugin. -->","yoast_head_json":{"title":"Realizan Gira de Mentefactura en Celaya - El Hijo del llanero solititito","robots":{"index":"index","follow":"follow","max-snippet":"max-snippet:-1","max-image-preview":"max-image-preview:large","max-video-preview":"max-video-preview:-1"},"canonical":"https:\/\/elhijodelllanero.mx\/index.php\/2023\/10\/27\/realizan-gira-de-mentefactura-en-celaya\/","og_locale":"es_ES","og_type":"article","og_title":"Realizan Gira de Mentefactura en Celaya - El Hijo del llanero solititito","og_description":"Celaya, Guanajuato a 26 de octubre de 2023. \u00a0Con el objetivo de fortalecer los lazos con los aliados del Valle de la Mentefactura, as\u00ed como profundizar los v\u00ednculos estrat\u00e9gicos y detonadores a favor del desarrollo, la innovaci\u00f3n y el emprendimiento en de la regi\u00f3n de Celaya Guanajuato IDEA GTO llev\u00f3 a cabo una gira de [&hellip;]","og_url":"https:\/\/elhijodelllanero.mx\/index.php\/2023\/10\/27\/realizan-gira-de-mentefactura-en-celaya\/","og_site_name":"El Hijo del llanero solititito","article_published_time":"2023-10-27T00:02:41+00:00","twitter_card":"summary_large_image","twitter_misc":{"Tiempo de lectura":"5 minutos"},"schema":{"@context":"https:\/\/schema.org","@graph":[{"@type":"Article","@id":"https:\/\/elhijodelllanero.mx\/index.php\/2023\/10\/27\/realizan-gira-de-mentefactura-en-celaya\/#article","isPartOf":{"@id":"https:\/\/elhijodelllanero.mx\/index.php\/2023\/10\/27\/realizan-gira-de-mentefactura-en-celaya\/"},"author":{"name":"","@id":""},"headline":"Realizan Gira de Mentefactura en Celaya","datePublished":"2023-10-27T00:02:41+00:00","mainEntityOfPage":{"@id":"https:\/\/elhijodelllanero.mx\/index.php\/2023\/10\/27\/realizan-gira-de-mentefactura-en-celaya\/"},"wordCount":1061,"commentCount":0,"image":{"@id":"https:\/\/elhijodelllanero.mx\/index.php\/2023\/10\/27\/realizan-gira-de-mentefactura-en-celaya\/#primaryimage"},"thumbnailUrl":"https:\/\/i0.wp.com\/elhijodelllanero.mx\/wp-content\/uploads\/2023\/10\/WhatsApp-Image-2023-10-26-at-16.55.57-1-1024x683-hgR6AF.jpeg?fit=1024%2C683&ssl=1","articleSection":["Uncategorized"],"inLanguage":"es","potentialAction":[{"@type":"CommentAction","name":"Comment","target":["https:\/\/elhijodelllanero.mx\/index.php\/2023\/10\/27\/realizan-gira-de-mentefactura-en-celaya\/#respond"]}]},{"@type":"WebPage","@id":"https:\/\/elhijodelllanero.mx\/index.php\/2023\/10\/27\/realizan-gira-de-mentefactura-en-celaya\/","url":"https:\/\/elhijodelllanero.mx\/index.php\/2023\/10\/27\/realizan-gira-de-mentefactura-en-celaya\/","name":"Realizan Gira de Mentefactura en Celaya - El Hijo del llanero solititito","isPartOf":{"@id":"https:\/\/elhijodelllanero.mx\/#website"},"primaryImageOfPage":{"@id":"https:\/\/elhijodelllanero.mx\/index.php\/2023\/10\/27\/realizan-gira-de-mentefactura-en-celaya\/#primaryimage"},"image":{"@id":"https:\/\/elhijodelllanero.mx\/index.php\/2023\/10\/27\/realizan-gira-de-mentefactura-en-celaya\/#primaryimage"},"thumbnailUrl":"https:\/\/i0.wp.com\/elhijodelllanero.mx\/wp-content\/uploads\/2023\/10\/WhatsApp-Image-2023-10-26-at-16.55.57-1-1024x683-hgR6AF.jpeg?fit=1024%2C683&ssl=1","datePublished":"2023-10-27T00:02:41+00:00","author":{"@id":""},"breadcrumb":{"@id":"https:\/\/elhijodelllanero.mx\/index.php\/2023\/10\/27\/realizan-gira-de-mentefactura-en-celaya\/#breadcrumb"},"inLanguage":"es","potentialAction":[{"@type":"ReadAction","target":["https:\/\/elhijodelllanero.mx\/index.php\/2023\/10\/27\/realizan-gira-de-mentefactura-en-celaya\/"]}]},{"@type":"ImageObject","inLanguage":"es","@id":"https:\/\/elhijodelllanero.mx\/index.php\/2023\/10\/27\/realizan-gira-de-mentefactura-en-celaya\/#primaryimage","url":"https:\/\/i0.wp.com\/elhijodelllanero.mx\/wp-content\/uploads\/2023\/10\/WhatsApp-Image-2023-10-26-at-16.55.57-1-1024x683-hgR6AF.jpeg?fit=1024%2C683&ssl=1","contentUrl":"https:\/\/i0.wp.com\/elhijodelllanero.mx\/wp-content\/uploads\/2023\/10\/WhatsApp-Image-2023-10-26-at-16.55.57-1-1024x683-hgR6AF.jpeg?fit=1024%2C683&ssl=1","width":1024,"height":683},{"@type":"BreadcrumbList","@id":"https:\/\/elhijodelllanero.mx\/index.php\/2023\/10\/27\/realizan-gira-de-mentefactura-en-celaya\/#breadcrumb","itemListElement":[{"@type":"ListItem","position":1,"name":"Portada","item":"https:\/\/elhijodelllanero.mx\/"},{"@type":"ListItem","position":2,"name":"Realizan Gira de Mentefactura en Celaya"}]},{"@type":"WebSite","@id":"https:\/\/elhijodelllanero.mx\/#website","url":"https:\/\/elhijodelllanero.mx\/","name":"El Hijo del llanero solititito","description":"","potentialAction":[{"@type":"SearchAction","target":{"@type":"EntryPoint","urlTemplate":"https:\/\/elhijodelllanero.mx\/?s={search_term_string}"},"query-input":{"@type":"PropertyValueSpecification","valueRequired":true,"valueName":"search_term_string"}}],"inLanguage":"es"}]}},"jetpack_featured_media_url":"https:\/\/i0.wp.com\/elhijodelllanero.mx\/wp-content\/uploads\/2023\/10\/WhatsApp-Image-2023-10-26-at-16.55.57-1-1024x683-hgR6AF.jpeg?fit=1024%2C683&ssl=1","jetpack-related-posts":[],"jetpack_sharing_enabled":true,"_links":{"self":[{"href":"https:\/\/elhijodelllanero.mx\/index.php\/wp-json\/wp\/v2\/posts\/1666","targetHints":{"allow":["GET"]}}],"collection":[{"href":"https:\/\/elhijodelllanero.mx\/index.php\/wp-json\/wp\/v2\/posts"}],"about":[{"href":"https:\/\/elhijodelllanero.mx\/index.php\/wp-json\/wp\/v2\/types\/post"}],"replies":[{"embeddable":true,"href":"https:\/\/elhijodelllanero.mx\/index.php\/wp-json\/wp\/v2\/comments?post=1666"}],"version-history":[{"count":0,"href":"https:\/\/elhijodelllanero.mx\/index.php\/wp-json\/wp\/v2\/posts\/1666\/revisions"}],"wp:featuredmedia":[{"embeddable":true,"href":"https:\/\/elhijodelllanero.mx\/index.php\/wp-json\/wp\/v2\/media\/1667"}],"wp:attachment":[{"href":"https:\/\/elhijodelllanero.mx\/index.php\/wp-json\/wp\/v2\/media?parent=1666"}],"wp:term":[{"taxonomy":"category","embeddable":true,"href":"https:\/\/elhijodelllanero.mx\/index.php\/wp-json\/wp\/v2\/categories?post=1666"},{"taxonomy":"post_tag","embeddable":true,"href":"https:\/\/elhijodelllanero.mx\/index.php\/wp-json\/wp\/v2\/tags?post=1666"}],"curies":[{"name":"wp","href":"https:\/\/api.w.org\/{rel}","templated":true}]}}