{"id":2030,"date":"2023-10-31T22:19:50","date_gmt":"2023-10-31T22:19:50","guid":{"rendered":"https:\/\/elhijodelllanero.mx\/index.php\/2023\/10\/31\/presenta-miq-oferta-de-artes-visuales-en-el-51-festival-internacional-cervantino\/"},"modified":"2023-10-31T22:19:50","modified_gmt":"2023-10-31T22:19:50","slug":"presenta-miq-oferta-de-artes-visuales-en-el-51-festival-internacional-cervantino","status":"publish","type":"post","link":"https:\/\/elhijodelllanero.mx\/index.php\/2023\/10\/31\/presenta-miq-oferta-de-artes-visuales-en-el-51-festival-internacional-cervantino\/","title":{"rendered":"Presenta MIQ oferta de artes visuales en el 51 Festival Internacional Cervantino"},"content":{"rendered":"<p>El Museo Iconogr\u00e1fico del Quijote presenta tres exposiciones mayormente inspiradas en la literatura de Miguel de Cervantes y de Dante Alighieri como parte del circuito de exposiciones de artes visuales en el 51 Festival Internacional Cervantino para fortalecer la oferta cultural de expresiones art\u00edsticas de artistas internacionales.<\/p>\n<p>Durante la inauguraci\u00f3n, el director del MIQ Onofre S\u00e1nchez Menchero, resalt\u00f3 que el prop\u00f3sito de ofrecer exposiciones especiales durante el Festival Internacional Cervantino es \u201c\u2026Acercar a los visitantes y guanajuatenses una oferta art\u00edstica que refuerce su experiencia cultural en la Fiesta del Esp\u00edritu, con la distinci\u00f3n de vincular las artes visuales con la literatura, siempre fieles a nuestra vocaci\u00f3n Cervantina, legado de Eulalio Ferrer, fundador del MIQ.\u201d<\/p>\n<p><strong>\u00a0\u201cLa nueva vida de Dante\u201d Exposici\u00f3n colectiva por la Academia DeCinti Villal\u00f3n (DV); \u201cPaso a paso\u2026el mundo: Tiempo M\u00e9xico\u201d del artista irland\u00e9s Phil Kelly con acervo del Instituto Oviedo y Cultura Sor Juana; as\u00ed como \u201cRoc\u00edn, flaco y galgo corredor\u201d exposici\u00f3n colectiva de la colecci\u00f3n del MIQ,<\/strong> son las tres series de exposiciones temporales <strong>disponibles del 17 de octubre hasta febrero del 2024<\/strong> para los cerca de <strong>2500 visitantes que cada mes asisten al museo atra\u00eddos por su colecci\u00f3n <\/strong>considerada como la m\u00e1s vasta e importante del mundo inspirada en el Quijote y el mundo literario de Cervantes.<\/p>\n<p>\u201cPaso a paso\u2026el mundo: Tiempo M\u00e9xico\u201d es una exposici\u00f3n del artista irland\u00e9s Phil Kelly, nacionalizado mexicano fallecido en el 2010 quien dedic\u00f3 su obra a capturar el paisaje mexicano, particularmente el de la gran urbe de la Ciudad de M\u00e9xico, conformada por cerca de 50 piezas de la colecci\u00f3n del Instituto Oviedo a trav\u00e9s del Centro Cultural Sor Juana.<\/p>\n<p>Grisell Villasana, curadora de la obra destac\u00f3 que \u201cm\u00e1s que un pintor, la cr\u00edtica especializada lo reconoce como un cronista. La Colecci\u00f3n del Instituto Oviedo, resguarda un acervo de m\u00e1s de 140 piezas del autor, entre cuadros, bocetos y dibujos -incluyendo un gran mural sobre la ciudad de Le\u00f3n, Guanajuato. Compartir la obra de este autor a trav\u00e9s del Museo Iconogr\u00e1fico del Quijote es una gran oportunidad de conocer una mirada penetrante sobre un M\u00e9xico siempre diverso\u201d.<\/p>\n<p>\u00a0\u201cLa nueva vida de Dante\u201d es una exposici\u00f3n colectiva de la Academia Decinti Villal\u00f3n conformada por 10 artistas entre ellos: Alejandro Decinti, Antonio Decinti,\u00a0 Beatriz Jim\u00e9nez Murillo, y \u00d3scar Villal\u00f3n de pa\u00edses como Espa\u00f1a, Italia y M\u00e9xico. Los artistas de esta exposici\u00f3n presentan con diversas t\u00e9cnicas como pintura, dibujos, entre otros su propia visi\u00f3n del poder\u00edo sorpresivamente actual para la cultura y los artistas de hoy de la literatura de Dante Alighieri. Realizan un recorriendo pro los variados momentos hist\u00f3ricos, psicol\u00f3gicos, po\u00e9ticos y espirituales expresados en las p\u00e1ginas dantescas, que han desarrollado y expandido en cada uno su estilo y su personal visi\u00f3n del mundo.<\/p>\n<p>\u00a0\u201cRoc\u00edn, flaco y galgo corredor\u201d exposici\u00f3n colectiva de la colecci\u00f3n del MIQ, en el vasto tejido de aventuras quijotescas existen innumerables historias de la relaci\u00f3n cercana y leal que sostuvieron don Quijote y Sancho Panza, pero con esta exposici\u00f3n se reflexiona sobre el v\u00ednculo entre Rocinante y Rucio, fieles acompa\u00f1antes del Caballero de la triste figura y su escudero. Una serie que reconoce la importancia del respeto, de la generosidad y, por supuesto, de la amistad.<\/p>\n<p>Con cerca de 100 piezas de arte visual de nueva exhibici\u00f3n integradas en estas tres exposiciones, el Museo Iconogr\u00e1fico del Quijote se suma al circuito de exposiciones de artes visuales durante el Festival Internacional Cervantino (FIC) en sinergia con el Instituto Estatal de la Cultura y la Universidad de Guanajuato, con el objetivo de enriquecer la oferta art\u00edstica para visitantes y guanajuatenses, con la colaboraci\u00f3n del Gobierno del Estado de Guanajuato y la Fundaci\u00f3n Cervantina de M\u00e9xico A.C.<\/p>\n<p>El evento de inauguraci\u00f3n estuvo presidido por la Lic. Mariana Aymerich Ordo\u00f1ez, Directora del Festival Internacional Cervantino; el Lic. Onofre S\u00e1nchez Menchero, Director General del Museo Iconogr\u00e1fico del Quijote; la Lic. Mar\u00eda Adriana Camarena de Obeso, Directora del Instituto Estatal de la Cultura; Mtra. Paola Rebollo Huitr\u00f3n, Directora del Instituto Cultura Sor Juana del Instituto Oviedo; \u00a0Grisell Villasana, Curadora de la exposici\u00f3n de Phill Kelly; \u00a0el Dr. Jos\u00e9 Osvaldo Ch\u00e1vez Rodr\u00edguez, Director de Extensi\u00f3n Cultural de la Universidad de Guanajuato, y Heder Contreras artista representante del Colectivo de la Academia DeCinti Villal\u00f3n.<\/p>\n<p><a href=\"https:\/\/boletines.guanajuato.gob.mx\/wp-content\/uploads\/2023\/10\/ExpoFic-231017DSC_0954.jpg\"><\/a><\/p>\n<p><a href=\"https:\/\/boletines.guanajuato.gob.mx\/wp-content\/uploads\/2023\/10\/ExpoFic-231017DSC_0985.jpg\"><\/a><\/p>\n<p><a href=\"https:\/\/boletines.guanajuato.gob.mx\/wp-content\/uploads\/2023\/10\/ExpoFic-231017DSC_0993.jpg\"><\/a><\/p>\n<p><a href=\"https:\/\/boletines.guanajuato.gob.mx\/wp-content\/uploads\/2023\/10\/ExpoFic-231017DSC_1035.jpg\"><\/a><\/p>\n<p><a href=\"https:\/\/boletines.guanajuato.gob.mx\/wp-content\/uploads\/2023\/10\/ExpoFic-231017DSC_1104.jpg\"><\/a><\/p>","protected":false},"excerpt":{"rendered":"<p>El Museo Iconogr\u00e1fico del Quijote presenta tres exposiciones mayormente inspiradas en la literatura de Miguel de Cervantes y de Dante Alighieri como parte del circuito de exposiciones de artes visuales en el 51 Festival Internacional Cervantino para fortalecer la oferta cultural de expresiones art\u00edsticas de artistas internacionales. Durante la inauguraci\u00f3n, el director del MIQ Onofre [&hellip;]<\/p>\n","protected":false},"author":0,"featured_media":2031,"comment_status":"open","ping_status":"closed","sticky":false,"template":"","format":"standard","meta":{"_jetpack_newsletter_access":"","_jetpack_dont_email_post_to_subs":false,"_jetpack_newsletter_tier_id":0,"_jetpack_memberships_contains_paywalled_content":false,"_jetpack_memberships_contains_paid_content":false,"footnotes":""},"categories":[1],"tags":[],"class_list":{"0":"post-2030","1":"post","2":"type-post","3":"status-publish","4":"format-standard","5":"has-post-thumbnail","7":"category-uncategorized"},"yoast_head":"<!-- This site is optimized with the Yoast SEO plugin v27.3 - https:\/\/yoast.com\/product\/yoast-seo-wordpress\/ -->\n<title>Presenta MIQ oferta de artes visuales en el 51 Festival Internacional Cervantino - El Hijo del llanero solititito<\/title>\n<meta name=\"robots\" content=\"index, follow, max-snippet:-1, max-image-preview:large, max-video-preview:-1\" \/>\n<link rel=\"canonical\" href=\"https:\/\/elhijodelllanero.mx\/index.php\/2023\/10\/31\/presenta-miq-oferta-de-artes-visuales-en-el-51-festival-internacional-cervantino\/\" \/>\n<meta property=\"og:locale\" content=\"es_ES\" \/>\n<meta property=\"og:type\" content=\"article\" \/>\n<meta property=\"og:title\" content=\"Presenta MIQ oferta de artes visuales en el 51 Festival Internacional Cervantino - El Hijo del llanero solititito\" \/>\n<meta property=\"og:description\" content=\"El Museo Iconogr\u00e1fico del Quijote presenta tres exposiciones mayormente inspiradas en la literatura de Miguel de Cervantes y de Dante Alighieri como parte del circuito de exposiciones de artes visuales en el 51 Festival Internacional Cervantino para fortalecer la oferta cultural de expresiones art\u00edsticas de artistas internacionales. Durante la inauguraci\u00f3n, el director del MIQ Onofre [&hellip;]\" \/>\n<meta property=\"og:url\" content=\"https:\/\/elhijodelllanero.mx\/index.php\/2023\/10\/31\/presenta-miq-oferta-de-artes-visuales-en-el-51-festival-internacional-cervantino\/\" \/>\n<meta property=\"og:site_name\" content=\"El Hijo del llanero solititito\" \/>\n<meta property=\"article:published_time\" content=\"2023-10-31T22:19:50+00:00\" \/>\n<meta name=\"twitter:card\" content=\"summary_large_image\" \/>\n<meta name=\"twitter:label1\" content=\"Tiempo de lectura\" \/>\n\t<meta name=\"twitter:data1\" content=\"4 minutos\" \/>\n<script type=\"application\/ld+json\" class=\"yoast-schema-graph\">{\"@context\":\"https:\\\/\\\/schema.org\",\"@graph\":[{\"@type\":\"Article\",\"@id\":\"https:\\\/\\\/elhijodelllanero.mx\\\/index.php\\\/2023\\\/10\\\/31\\\/presenta-miq-oferta-de-artes-visuales-en-el-51-festival-internacional-cervantino\\\/#article\",\"isPartOf\":{\"@id\":\"https:\\\/\\\/elhijodelllanero.mx\\\/index.php\\\/2023\\\/10\\\/31\\\/presenta-miq-oferta-de-artes-visuales-en-el-51-festival-internacional-cervantino\\\/\"},\"author\":{\"name\":\"\",\"@id\":\"\"},\"headline\":\"Presenta MIQ oferta de artes visuales en el 51 Festival Internacional Cervantino\",\"datePublished\":\"2023-10-31T22:19:50+00:00\",\"mainEntityOfPage\":{\"@id\":\"https:\\\/\\\/elhijodelllanero.mx\\\/index.php\\\/2023\\\/10\\\/31\\\/presenta-miq-oferta-de-artes-visuales-en-el-51-festival-internacional-cervantino\\\/\"},\"wordCount\":777,\"commentCount\":0,\"image\":{\"@id\":\"https:\\\/\\\/elhijodelllanero.mx\\\/index.php\\\/2023\\\/10\\\/31\\\/presenta-miq-oferta-de-artes-visuales-en-el-51-festival-internacional-cervantino\\\/#primaryimage\"},\"thumbnailUrl\":\"https:\\\/\\\/i0.wp.com\\\/elhijodelllanero.mx\\\/wp-content\\\/uploads\\\/2023\\\/10\\\/ExpoFic-231017DSC_0954-sHHvEW.jpeg?fit=1024%2C681&ssl=1\",\"articleSection\":[\"Uncategorized\"],\"inLanguage\":\"es\",\"potentialAction\":[{\"@type\":\"CommentAction\",\"name\":\"Comment\",\"target\":[\"https:\\\/\\\/elhijodelllanero.mx\\\/index.php\\\/2023\\\/10\\\/31\\\/presenta-miq-oferta-de-artes-visuales-en-el-51-festival-internacional-cervantino\\\/#respond\"]}]},{\"@type\":\"WebPage\",\"@id\":\"https:\\\/\\\/elhijodelllanero.mx\\\/index.php\\\/2023\\\/10\\\/31\\\/presenta-miq-oferta-de-artes-visuales-en-el-51-festival-internacional-cervantino\\\/\",\"url\":\"https:\\\/\\\/elhijodelllanero.mx\\\/index.php\\\/2023\\\/10\\\/31\\\/presenta-miq-oferta-de-artes-visuales-en-el-51-festival-internacional-cervantino\\\/\",\"name\":\"Presenta MIQ oferta de artes visuales en el 51 Festival Internacional Cervantino - El Hijo del llanero solititito\",\"isPartOf\":{\"@id\":\"https:\\\/\\\/elhijodelllanero.mx\\\/#website\"},\"primaryImageOfPage\":{\"@id\":\"https:\\\/\\\/elhijodelllanero.mx\\\/index.php\\\/2023\\\/10\\\/31\\\/presenta-miq-oferta-de-artes-visuales-en-el-51-festival-internacional-cervantino\\\/#primaryimage\"},\"image\":{\"@id\":\"https:\\\/\\\/elhijodelllanero.mx\\\/index.php\\\/2023\\\/10\\\/31\\\/presenta-miq-oferta-de-artes-visuales-en-el-51-festival-internacional-cervantino\\\/#primaryimage\"},\"thumbnailUrl\":\"https:\\\/\\\/i0.wp.com\\\/elhijodelllanero.mx\\\/wp-content\\\/uploads\\\/2023\\\/10\\\/ExpoFic-231017DSC_0954-sHHvEW.jpeg?fit=1024%2C681&ssl=1\",\"datePublished\":\"2023-10-31T22:19:50+00:00\",\"author\":{\"@id\":\"\"},\"breadcrumb\":{\"@id\":\"https:\\\/\\\/elhijodelllanero.mx\\\/index.php\\\/2023\\\/10\\\/31\\\/presenta-miq-oferta-de-artes-visuales-en-el-51-festival-internacional-cervantino\\\/#breadcrumb\"},\"inLanguage\":\"es\",\"potentialAction\":[{\"@type\":\"ReadAction\",\"target\":[\"https:\\\/\\\/elhijodelllanero.mx\\\/index.php\\\/2023\\\/10\\\/31\\\/presenta-miq-oferta-de-artes-visuales-en-el-51-festival-internacional-cervantino\\\/\"]}]},{\"@type\":\"ImageObject\",\"inLanguage\":\"es\",\"@id\":\"https:\\\/\\\/elhijodelllanero.mx\\\/index.php\\\/2023\\\/10\\\/31\\\/presenta-miq-oferta-de-artes-visuales-en-el-51-festival-internacional-cervantino\\\/#primaryimage\",\"url\":\"https:\\\/\\\/i0.wp.com\\\/elhijodelllanero.mx\\\/wp-content\\\/uploads\\\/2023\\\/10\\\/ExpoFic-231017DSC_0954-sHHvEW.jpeg?fit=1024%2C681&ssl=1\",\"contentUrl\":\"https:\\\/\\\/i0.wp.com\\\/elhijodelllanero.mx\\\/wp-content\\\/uploads\\\/2023\\\/10\\\/ExpoFic-231017DSC_0954-sHHvEW.jpeg?fit=1024%2C681&ssl=1\",\"width\":1024,\"height\":681},{\"@type\":\"BreadcrumbList\",\"@id\":\"https:\\\/\\\/elhijodelllanero.mx\\\/index.php\\\/2023\\\/10\\\/31\\\/presenta-miq-oferta-de-artes-visuales-en-el-51-festival-internacional-cervantino\\\/#breadcrumb\",\"itemListElement\":[{\"@type\":\"ListItem\",\"position\":1,\"name\":\"Portada\",\"item\":\"https:\\\/\\\/elhijodelllanero.mx\\\/\"},{\"@type\":\"ListItem\",\"position\":2,\"name\":\"Presenta MIQ oferta de artes visuales en el 51 Festival Internacional Cervantino\"}]},{\"@type\":\"WebSite\",\"@id\":\"https:\\\/\\\/elhijodelllanero.mx\\\/#website\",\"url\":\"https:\\\/\\\/elhijodelllanero.mx\\\/\",\"name\":\"El Hijo del llanero solititito\",\"description\":\"\",\"potentialAction\":[{\"@type\":\"SearchAction\",\"target\":{\"@type\":\"EntryPoint\",\"urlTemplate\":\"https:\\\/\\\/elhijodelllanero.mx\\\/?s={search_term_string}\"},\"query-input\":{\"@type\":\"PropertyValueSpecification\",\"valueRequired\":true,\"valueName\":\"search_term_string\"}}],\"inLanguage\":\"es\"}]}<\/script>\n<!-- \/ Yoast SEO plugin. -->","yoast_head_json":{"title":"Presenta MIQ oferta de artes visuales en el 51 Festival Internacional Cervantino - El Hijo del llanero solititito","robots":{"index":"index","follow":"follow","max-snippet":"max-snippet:-1","max-image-preview":"max-image-preview:large","max-video-preview":"max-video-preview:-1"},"canonical":"https:\/\/elhijodelllanero.mx\/index.php\/2023\/10\/31\/presenta-miq-oferta-de-artes-visuales-en-el-51-festival-internacional-cervantino\/","og_locale":"es_ES","og_type":"article","og_title":"Presenta MIQ oferta de artes visuales en el 51 Festival Internacional Cervantino - El Hijo del llanero solititito","og_description":"El Museo Iconogr\u00e1fico del Quijote presenta tres exposiciones mayormente inspiradas en la literatura de Miguel de Cervantes y de Dante Alighieri como parte del circuito de exposiciones de artes visuales en el 51 Festival Internacional Cervantino para fortalecer la oferta cultural de expresiones art\u00edsticas de artistas internacionales. Durante la inauguraci\u00f3n, el director del MIQ Onofre [&hellip;]","og_url":"https:\/\/elhijodelllanero.mx\/index.php\/2023\/10\/31\/presenta-miq-oferta-de-artes-visuales-en-el-51-festival-internacional-cervantino\/","og_site_name":"El Hijo del llanero solititito","article_published_time":"2023-10-31T22:19:50+00:00","twitter_card":"summary_large_image","twitter_misc":{"Tiempo de lectura":"4 minutos"},"schema":{"@context":"https:\/\/schema.org","@graph":[{"@type":"Article","@id":"https:\/\/elhijodelllanero.mx\/index.php\/2023\/10\/31\/presenta-miq-oferta-de-artes-visuales-en-el-51-festival-internacional-cervantino\/#article","isPartOf":{"@id":"https:\/\/elhijodelllanero.mx\/index.php\/2023\/10\/31\/presenta-miq-oferta-de-artes-visuales-en-el-51-festival-internacional-cervantino\/"},"author":{"name":"","@id":""},"headline":"Presenta MIQ oferta de artes visuales en el 51 Festival Internacional Cervantino","datePublished":"2023-10-31T22:19:50+00:00","mainEntityOfPage":{"@id":"https:\/\/elhijodelllanero.mx\/index.php\/2023\/10\/31\/presenta-miq-oferta-de-artes-visuales-en-el-51-festival-internacional-cervantino\/"},"wordCount":777,"commentCount":0,"image":{"@id":"https:\/\/elhijodelllanero.mx\/index.php\/2023\/10\/31\/presenta-miq-oferta-de-artes-visuales-en-el-51-festival-internacional-cervantino\/#primaryimage"},"thumbnailUrl":"https:\/\/i0.wp.com\/elhijodelllanero.mx\/wp-content\/uploads\/2023\/10\/ExpoFic-231017DSC_0954-sHHvEW.jpeg?fit=1024%2C681&ssl=1","articleSection":["Uncategorized"],"inLanguage":"es","potentialAction":[{"@type":"CommentAction","name":"Comment","target":["https:\/\/elhijodelllanero.mx\/index.php\/2023\/10\/31\/presenta-miq-oferta-de-artes-visuales-en-el-51-festival-internacional-cervantino\/#respond"]}]},{"@type":"WebPage","@id":"https:\/\/elhijodelllanero.mx\/index.php\/2023\/10\/31\/presenta-miq-oferta-de-artes-visuales-en-el-51-festival-internacional-cervantino\/","url":"https:\/\/elhijodelllanero.mx\/index.php\/2023\/10\/31\/presenta-miq-oferta-de-artes-visuales-en-el-51-festival-internacional-cervantino\/","name":"Presenta MIQ oferta de artes visuales en el 51 Festival Internacional Cervantino - El Hijo del llanero solititito","isPartOf":{"@id":"https:\/\/elhijodelllanero.mx\/#website"},"primaryImageOfPage":{"@id":"https:\/\/elhijodelllanero.mx\/index.php\/2023\/10\/31\/presenta-miq-oferta-de-artes-visuales-en-el-51-festival-internacional-cervantino\/#primaryimage"},"image":{"@id":"https:\/\/elhijodelllanero.mx\/index.php\/2023\/10\/31\/presenta-miq-oferta-de-artes-visuales-en-el-51-festival-internacional-cervantino\/#primaryimage"},"thumbnailUrl":"https:\/\/i0.wp.com\/elhijodelllanero.mx\/wp-content\/uploads\/2023\/10\/ExpoFic-231017DSC_0954-sHHvEW.jpeg?fit=1024%2C681&ssl=1","datePublished":"2023-10-31T22:19:50+00:00","author":{"@id":""},"breadcrumb":{"@id":"https:\/\/elhijodelllanero.mx\/index.php\/2023\/10\/31\/presenta-miq-oferta-de-artes-visuales-en-el-51-festival-internacional-cervantino\/#breadcrumb"},"inLanguage":"es","potentialAction":[{"@type":"ReadAction","target":["https:\/\/elhijodelllanero.mx\/index.php\/2023\/10\/31\/presenta-miq-oferta-de-artes-visuales-en-el-51-festival-internacional-cervantino\/"]}]},{"@type":"ImageObject","inLanguage":"es","@id":"https:\/\/elhijodelllanero.mx\/index.php\/2023\/10\/31\/presenta-miq-oferta-de-artes-visuales-en-el-51-festival-internacional-cervantino\/#primaryimage","url":"https:\/\/i0.wp.com\/elhijodelllanero.mx\/wp-content\/uploads\/2023\/10\/ExpoFic-231017DSC_0954-sHHvEW.jpeg?fit=1024%2C681&ssl=1","contentUrl":"https:\/\/i0.wp.com\/elhijodelllanero.mx\/wp-content\/uploads\/2023\/10\/ExpoFic-231017DSC_0954-sHHvEW.jpeg?fit=1024%2C681&ssl=1","width":1024,"height":681},{"@type":"BreadcrumbList","@id":"https:\/\/elhijodelllanero.mx\/index.php\/2023\/10\/31\/presenta-miq-oferta-de-artes-visuales-en-el-51-festival-internacional-cervantino\/#breadcrumb","itemListElement":[{"@type":"ListItem","position":1,"name":"Portada","item":"https:\/\/elhijodelllanero.mx\/"},{"@type":"ListItem","position":2,"name":"Presenta MIQ oferta de artes visuales en el 51 Festival Internacional Cervantino"}]},{"@type":"WebSite","@id":"https:\/\/elhijodelllanero.mx\/#website","url":"https:\/\/elhijodelllanero.mx\/","name":"El Hijo del llanero solititito","description":"","potentialAction":[{"@type":"SearchAction","target":{"@type":"EntryPoint","urlTemplate":"https:\/\/elhijodelllanero.mx\/?s={search_term_string}"},"query-input":{"@type":"PropertyValueSpecification","valueRequired":true,"valueName":"search_term_string"}}],"inLanguage":"es"}]}},"jetpack_featured_media_url":"https:\/\/i0.wp.com\/elhijodelllanero.mx\/wp-content\/uploads\/2023\/10\/ExpoFic-231017DSC_0954-sHHvEW.jpeg?fit=1024%2C681&ssl=1","jetpack-related-posts":[],"jetpack_sharing_enabled":true,"_links":{"self":[{"href":"https:\/\/elhijodelllanero.mx\/index.php\/wp-json\/wp\/v2\/posts\/2030","targetHints":{"allow":["GET"]}}],"collection":[{"href":"https:\/\/elhijodelllanero.mx\/index.php\/wp-json\/wp\/v2\/posts"}],"about":[{"href":"https:\/\/elhijodelllanero.mx\/index.php\/wp-json\/wp\/v2\/types\/post"}],"replies":[{"embeddable":true,"href":"https:\/\/elhijodelllanero.mx\/index.php\/wp-json\/wp\/v2\/comments?post=2030"}],"version-history":[{"count":0,"href":"https:\/\/elhijodelllanero.mx\/index.php\/wp-json\/wp\/v2\/posts\/2030\/revisions"}],"wp:featuredmedia":[{"embeddable":true,"href":"https:\/\/elhijodelllanero.mx\/index.php\/wp-json\/wp\/v2\/media\/2031"}],"wp:attachment":[{"href":"https:\/\/elhijodelllanero.mx\/index.php\/wp-json\/wp\/v2\/media?parent=2030"}],"wp:term":[{"taxonomy":"category","embeddable":true,"href":"https:\/\/elhijodelllanero.mx\/index.php\/wp-json\/wp\/v2\/categories?post=2030"},{"taxonomy":"post_tag","embeddable":true,"href":"https:\/\/elhijodelllanero.mx\/index.php\/wp-json\/wp\/v2\/tags?post=2030"}],"curies":[{"name":"wp","href":"https:\/\/api.w.org\/{rel}","templated":true}]}}