{"id":3477,"date":"2024-01-05T22:38:57","date_gmt":"2024-01-05T22:38:57","guid":{"rendered":"https:\/\/elhijodelllanero.mx\/?p=3477"},"modified":"2024-01-05T22:38:57","modified_gmt":"2024-01-05T22:38:57","slug":"colapso-drenaje-en-calle-libertad-sera-rehabilitado-por-jumapa","status":"publish","type":"post","link":"https:\/\/elhijodelllanero.mx\/index.php\/2024\/01\/05\/colapso-drenaje-en-calle-libertad-sera-rehabilitado-por-jumapa\/","title":{"rendered":"Colaps\u00f3 drenaje en calle Libertad, ser\u00e1 rehabilitado por Jumapa."},"content":{"rendered":"<p>Celaya, Gto., 5 enero 2024.- Luego de que se dictamin\u00f3 un colapso en la red de drenaje en la calle Libertad, en la zona centro, la Junta Municipal de Agua Potable y Alcantarillado de Celaya (JUMAPA), iniciar\u00e1 las obras de rehabilitaci\u00f3n el pr\u00f3ximo lunes ocho de enero.<br \/>\nA finales del a\u00f1o pasado, durante la rehabilitaci\u00f3n de la red de agua potable en la calle Luis Cort\u00e1zar, se detect\u00f3 colapsada la red de drenaje, situaci\u00f3n que oblig\u00f3 a la JUMAPA a ampliar dicho proyecto y no s\u00f3lo rehabilitar la red de agua, sino tambi\u00e9n drenaje, para evitar problemas de contaminaci\u00f3n en la distribuci\u00f3n del vital l\u00edquido.<br \/>\nSin embargo, el dictamen tambi\u00e9n arroj\u00f3 colapso en la red de drenaje sobre la calle Libertad, que abarca desde Luis Cort\u00e1zar hasta el \u00e1rea peatonal, a un costado del mercado Morelos.<br \/>\nPor lo anterior se program\u00f3 su rehabilitaci\u00f3n, pero su ejecuci\u00f3n as\u00ed acordada con los comerciantes de la zona, iniciar despu\u00e9s de las festividades de diciembre y Reyes, a fin de no afectar sus ventas en este periodo.<br \/>\nLas obras a iniciar el pr\u00f3ximo lunes requieren del cierre a la circulaci\u00f3n vehicular en la calle Libertad, ya que en un esfuerzo de JUMAPA se trabajar\u00e1n dos frentes para aminorar tiempos, pero adem\u00e1s por la naturaleza de la obra, los trabajos van al centro del arroyo.<br \/>\nSe cuidar\u00e1 el paso para el peat\u00f3n para mantener la movilidad de la zona y el comercio, mientras que el tr\u00e1fico local se estar\u00e1 permitido en la medida de lo posible.<br \/>\nEl periodo de ejecuci\u00f3n programada es hasta la segunda semana de marzo y la longitud a rehabilitar es de poco m\u00e1s de 164 metros con 68 descargas sanitarias.<\/p>\n","protected":false},"excerpt":{"rendered":"<p>Celaya, Gto., 5 enero 2024.- Luego de que se dictamin\u00f3 un colapso en la red de drenaje en la calle Libertad, en la zona centro, la Junta Municipal de Agua Potable y Alcantarillado de Celaya (JUMAPA), iniciar\u00e1 las obras de rehabilitaci\u00f3n el pr\u00f3ximo lunes ocho de enero. A finales del a\u00f1o pasado, durante la rehabilitaci\u00f3n [&hellip;]<\/p>\n","protected":false},"author":1,"featured_media":3478,"comment_status":"open","ping_status":"closed","sticky":false,"template":"","format":"standard","meta":{"_jetpack_newsletter_access":"","_jetpack_dont_email_post_to_subs":false,"_jetpack_newsletter_tier_id":0,"_jetpack_memberships_contains_paywalled_content":false,"_jetpack_memberships_contains_paid_content":false,"footnotes":""},"categories":[74],"tags":[],"class_list":{"0":"post-3477","1":"post","2":"type-post","3":"status-publish","4":"format-standard","5":"has-post-thumbnail","7":"category-celaya"},"yoast_head":"<!-- This site is optimized with the Yoast SEO plugin v27.3 - https:\/\/yoast.com\/product\/yoast-seo-wordpress\/ -->\n<title>Colaps\u00f3 drenaje en calle Libertad, ser\u00e1 rehabilitado por Jumapa. - El Hijo del llanero solititito<\/title>\n<meta name=\"robots\" content=\"index, follow, max-snippet:-1, max-image-preview:large, max-video-preview:-1\" \/>\n<link rel=\"canonical\" href=\"https:\/\/elhijodelllanero.mx\/index.php\/2024\/01\/05\/colapso-drenaje-en-calle-libertad-sera-rehabilitado-por-jumapa\/\" \/>\n<meta property=\"og:locale\" content=\"es_ES\" \/>\n<meta property=\"og:type\" content=\"article\" \/>\n<meta property=\"og:title\" content=\"Colaps\u00f3 drenaje en calle Libertad, ser\u00e1 rehabilitado por Jumapa. - El Hijo del llanero solititito\" \/>\n<meta property=\"og:description\" content=\"Celaya, Gto., 5 enero 2024.- Luego de que se dictamin\u00f3 un colapso en la red de drenaje en la calle Libertad, en la zona centro, la Junta Municipal de Agua Potable y Alcantarillado de Celaya (JUMAPA), iniciar\u00e1 las obras de rehabilitaci\u00f3n el pr\u00f3ximo lunes ocho de enero. A finales del a\u00f1o pasado, durante la rehabilitaci\u00f3n [&hellip;]\" \/>\n<meta property=\"og:url\" content=\"https:\/\/elhijodelllanero.mx\/index.php\/2024\/01\/05\/colapso-drenaje-en-calle-libertad-sera-rehabilitado-por-jumapa\/\" \/>\n<meta property=\"og:site_name\" content=\"El Hijo del llanero solititito\" \/>\n<meta property=\"article:published_time\" content=\"2024-01-05T22:38:57+00:00\" \/>\n<meta property=\"og:image\" content=\"https:\/\/elhijodelllanero.mx\/wp-content\/uploads\/2024\/01\/IMG-20240105-WA0045.jpg\" \/>\n\t<meta property=\"og:image:width\" content=\"1024\" \/>\n\t<meta property=\"og:image:height\" content=\"768\" \/>\n\t<meta property=\"og:image:type\" content=\"image\/jpeg\" \/>\n<meta name=\"author\" content=\"Redaccion\" \/>\n<meta name=\"twitter:card\" content=\"summary_large_image\" \/>\n<meta name=\"twitter:label1\" content=\"Escrito por\" \/>\n\t<meta name=\"twitter:data1\" content=\"Redaccion\" \/>\n\t<meta name=\"twitter:label2\" content=\"Tiempo de lectura\" \/>\n\t<meta name=\"twitter:data2\" content=\"2 minutos\" \/>\n<script type=\"application\/ld+json\" class=\"yoast-schema-graph\">{\"@context\":\"https:\\\/\\\/schema.org\",\"@graph\":[{\"@type\":\"Article\",\"@id\":\"https:\\\/\\\/elhijodelllanero.mx\\\/index.php\\\/2024\\\/01\\\/05\\\/colapso-drenaje-en-calle-libertad-sera-rehabilitado-por-jumapa\\\/#article\",\"isPartOf\":{\"@id\":\"https:\\\/\\\/elhijodelllanero.mx\\\/index.php\\\/2024\\\/01\\\/05\\\/colapso-drenaje-en-calle-libertad-sera-rehabilitado-por-jumapa\\\/\"},\"author\":{\"name\":\"Redaccion\",\"@id\":\"https:\\\/\\\/elhijodelllanero.mx\\\/#\\\/schema\\\/person\\\/5dcfdd3db3a6f7e7906ef5d92cf7340b\"},\"headline\":\"Colaps\u00f3 drenaje en calle Libertad, ser\u00e1 rehabilitado por Jumapa.\",\"datePublished\":\"2024-01-05T22:38:57+00:00\",\"mainEntityOfPage\":{\"@id\":\"https:\\\/\\\/elhijodelllanero.mx\\\/index.php\\\/2024\\\/01\\\/05\\\/colapso-drenaje-en-calle-libertad-sera-rehabilitado-por-jumapa\\\/\"},\"wordCount\":309,\"commentCount\":0,\"image\":{\"@id\":\"https:\\\/\\\/elhijodelllanero.mx\\\/index.php\\\/2024\\\/01\\\/05\\\/colapso-drenaje-en-calle-libertad-sera-rehabilitado-por-jumapa\\\/#primaryimage\"},\"thumbnailUrl\":\"https:\\\/\\\/i0.wp.com\\\/elhijodelllanero.mx\\\/wp-content\\\/uploads\\\/2024\\\/01\\\/IMG-20240105-WA0045.jpg?fit=1024%2C768&ssl=1\",\"articleSection\":[\"CELAYA\"],\"inLanguage\":\"es\",\"potentialAction\":[{\"@type\":\"CommentAction\",\"name\":\"Comment\",\"target\":[\"https:\\\/\\\/elhijodelllanero.mx\\\/index.php\\\/2024\\\/01\\\/05\\\/colapso-drenaje-en-calle-libertad-sera-rehabilitado-por-jumapa\\\/#respond\"]}]},{\"@type\":\"WebPage\",\"@id\":\"https:\\\/\\\/elhijodelllanero.mx\\\/index.php\\\/2024\\\/01\\\/05\\\/colapso-drenaje-en-calle-libertad-sera-rehabilitado-por-jumapa\\\/\",\"url\":\"https:\\\/\\\/elhijodelllanero.mx\\\/index.php\\\/2024\\\/01\\\/05\\\/colapso-drenaje-en-calle-libertad-sera-rehabilitado-por-jumapa\\\/\",\"name\":\"Colaps\u00f3 drenaje en calle Libertad, ser\u00e1 rehabilitado por Jumapa. - El Hijo del llanero solititito\",\"isPartOf\":{\"@id\":\"https:\\\/\\\/elhijodelllanero.mx\\\/#website\"},\"primaryImageOfPage\":{\"@id\":\"https:\\\/\\\/elhijodelllanero.mx\\\/index.php\\\/2024\\\/01\\\/05\\\/colapso-drenaje-en-calle-libertad-sera-rehabilitado-por-jumapa\\\/#primaryimage\"},\"image\":{\"@id\":\"https:\\\/\\\/elhijodelllanero.mx\\\/index.php\\\/2024\\\/01\\\/05\\\/colapso-drenaje-en-calle-libertad-sera-rehabilitado-por-jumapa\\\/#primaryimage\"},\"thumbnailUrl\":\"https:\\\/\\\/i0.wp.com\\\/elhijodelllanero.mx\\\/wp-content\\\/uploads\\\/2024\\\/01\\\/IMG-20240105-WA0045.jpg?fit=1024%2C768&ssl=1\",\"datePublished\":\"2024-01-05T22:38:57+00:00\",\"author\":{\"@id\":\"https:\\\/\\\/elhijodelllanero.mx\\\/#\\\/schema\\\/person\\\/5dcfdd3db3a6f7e7906ef5d92cf7340b\"},\"breadcrumb\":{\"@id\":\"https:\\\/\\\/elhijodelllanero.mx\\\/index.php\\\/2024\\\/01\\\/05\\\/colapso-drenaje-en-calle-libertad-sera-rehabilitado-por-jumapa\\\/#breadcrumb\"},\"inLanguage\":\"es\",\"potentialAction\":[{\"@type\":\"ReadAction\",\"target\":[\"https:\\\/\\\/elhijodelllanero.mx\\\/index.php\\\/2024\\\/01\\\/05\\\/colapso-drenaje-en-calle-libertad-sera-rehabilitado-por-jumapa\\\/\"]}]},{\"@type\":\"ImageObject\",\"inLanguage\":\"es\",\"@id\":\"https:\\\/\\\/elhijodelllanero.mx\\\/index.php\\\/2024\\\/01\\\/05\\\/colapso-drenaje-en-calle-libertad-sera-rehabilitado-por-jumapa\\\/#primaryimage\",\"url\":\"https:\\\/\\\/i0.wp.com\\\/elhijodelllanero.mx\\\/wp-content\\\/uploads\\\/2024\\\/01\\\/IMG-20240105-WA0045.jpg?fit=1024%2C768&ssl=1\",\"contentUrl\":\"https:\\\/\\\/i0.wp.com\\\/elhijodelllanero.mx\\\/wp-content\\\/uploads\\\/2024\\\/01\\\/IMG-20240105-WA0045.jpg?fit=1024%2C768&ssl=1\",\"width\":1024,\"height\":768},{\"@type\":\"BreadcrumbList\",\"@id\":\"https:\\\/\\\/elhijodelllanero.mx\\\/index.php\\\/2024\\\/01\\\/05\\\/colapso-drenaje-en-calle-libertad-sera-rehabilitado-por-jumapa\\\/#breadcrumb\",\"itemListElement\":[{\"@type\":\"ListItem\",\"position\":1,\"name\":\"Portada\",\"item\":\"https:\\\/\\\/elhijodelllanero.mx\\\/\"},{\"@type\":\"ListItem\",\"position\":2,\"name\":\"Colaps\u00f3 drenaje en calle Libertad, ser\u00e1 rehabilitado por Jumapa.\"}]},{\"@type\":\"WebSite\",\"@id\":\"https:\\\/\\\/elhijodelllanero.mx\\\/#website\",\"url\":\"https:\\\/\\\/elhijodelllanero.mx\\\/\",\"name\":\"El Hijo del llanero solititito\",\"description\":\"\",\"potentialAction\":[{\"@type\":\"SearchAction\",\"target\":{\"@type\":\"EntryPoint\",\"urlTemplate\":\"https:\\\/\\\/elhijodelllanero.mx\\\/?s={search_term_string}\"},\"query-input\":{\"@type\":\"PropertyValueSpecification\",\"valueRequired\":true,\"valueName\":\"search_term_string\"}}],\"inLanguage\":\"es\"},{\"@type\":\"Person\",\"@id\":\"https:\\\/\\\/elhijodelllanero.mx\\\/#\\\/schema\\\/person\\\/5dcfdd3db3a6f7e7906ef5d92cf7340b\",\"name\":\"Redaccion\",\"image\":{\"@type\":\"ImageObject\",\"inLanguage\":\"es\",\"@id\":\"https:\\\/\\\/secure.gravatar.com\\\/avatar\\\/f65b913d6e7be363e7396f7fad32ab76d311fbb575fa7e623ec3ea4799f3b718?s=96&d=mm&r=g\",\"url\":\"https:\\\/\\\/secure.gravatar.com\\\/avatar\\\/f65b913d6e7be363e7396f7fad32ab76d311fbb575fa7e623ec3ea4799f3b718?s=96&d=mm&r=g\",\"contentUrl\":\"https:\\\/\\\/secure.gravatar.com\\\/avatar\\\/f65b913d6e7be363e7396f7fad32ab76d311fbb575fa7e623ec3ea4799f3b718?s=96&d=mm&r=g\",\"caption\":\"Redaccion\"},\"sameAs\":[\"https:\\\/\\\/www.elhijodelllanero.mx\"],\"url\":\"https:\\\/\\\/elhijodelllanero.mx\\\/index.php\\\/author\\\/admin_6smc8z8t\\\/\"}]}<\/script>\n<!-- \/ Yoast SEO plugin. -->","yoast_head_json":{"title":"Colaps\u00f3 drenaje en calle Libertad, ser\u00e1 rehabilitado por Jumapa. - El Hijo del llanero solititito","robots":{"index":"index","follow":"follow","max-snippet":"max-snippet:-1","max-image-preview":"max-image-preview:large","max-video-preview":"max-video-preview:-1"},"canonical":"https:\/\/elhijodelllanero.mx\/index.php\/2024\/01\/05\/colapso-drenaje-en-calle-libertad-sera-rehabilitado-por-jumapa\/","og_locale":"es_ES","og_type":"article","og_title":"Colaps\u00f3 drenaje en calle Libertad, ser\u00e1 rehabilitado por Jumapa. - El Hijo del llanero solititito","og_description":"Celaya, Gto., 5 enero 2024.- Luego de que se dictamin\u00f3 un colapso en la red de drenaje en la calle Libertad, en la zona centro, la Junta Municipal de Agua Potable y Alcantarillado de Celaya (JUMAPA), iniciar\u00e1 las obras de rehabilitaci\u00f3n el pr\u00f3ximo lunes ocho de enero. A finales del a\u00f1o pasado, durante la rehabilitaci\u00f3n [&hellip;]","og_url":"https:\/\/elhijodelllanero.mx\/index.php\/2024\/01\/05\/colapso-drenaje-en-calle-libertad-sera-rehabilitado-por-jumapa\/","og_site_name":"El Hijo del llanero solititito","article_published_time":"2024-01-05T22:38:57+00:00","og_image":[{"width":1024,"height":768,"url":"https:\/\/elhijodelllanero.mx\/wp-content\/uploads\/2024\/01\/IMG-20240105-WA0045.jpg","type":"image\/jpeg"}],"author":"Redaccion","twitter_card":"summary_large_image","twitter_misc":{"Escrito por":"Redaccion","Tiempo de lectura":"2 minutos"},"schema":{"@context":"https:\/\/schema.org","@graph":[{"@type":"Article","@id":"https:\/\/elhijodelllanero.mx\/index.php\/2024\/01\/05\/colapso-drenaje-en-calle-libertad-sera-rehabilitado-por-jumapa\/#article","isPartOf":{"@id":"https:\/\/elhijodelllanero.mx\/index.php\/2024\/01\/05\/colapso-drenaje-en-calle-libertad-sera-rehabilitado-por-jumapa\/"},"author":{"name":"Redaccion","@id":"https:\/\/elhijodelllanero.mx\/#\/schema\/person\/5dcfdd3db3a6f7e7906ef5d92cf7340b"},"headline":"Colaps\u00f3 drenaje en calle Libertad, ser\u00e1 rehabilitado por Jumapa.","datePublished":"2024-01-05T22:38:57+00:00","mainEntityOfPage":{"@id":"https:\/\/elhijodelllanero.mx\/index.php\/2024\/01\/05\/colapso-drenaje-en-calle-libertad-sera-rehabilitado-por-jumapa\/"},"wordCount":309,"commentCount":0,"image":{"@id":"https:\/\/elhijodelllanero.mx\/index.php\/2024\/01\/05\/colapso-drenaje-en-calle-libertad-sera-rehabilitado-por-jumapa\/#primaryimage"},"thumbnailUrl":"https:\/\/i0.wp.com\/elhijodelllanero.mx\/wp-content\/uploads\/2024\/01\/IMG-20240105-WA0045.jpg?fit=1024%2C768&ssl=1","articleSection":["CELAYA"],"inLanguage":"es","potentialAction":[{"@type":"CommentAction","name":"Comment","target":["https:\/\/elhijodelllanero.mx\/index.php\/2024\/01\/05\/colapso-drenaje-en-calle-libertad-sera-rehabilitado-por-jumapa\/#respond"]}]},{"@type":"WebPage","@id":"https:\/\/elhijodelllanero.mx\/index.php\/2024\/01\/05\/colapso-drenaje-en-calle-libertad-sera-rehabilitado-por-jumapa\/","url":"https:\/\/elhijodelllanero.mx\/index.php\/2024\/01\/05\/colapso-drenaje-en-calle-libertad-sera-rehabilitado-por-jumapa\/","name":"Colaps\u00f3 drenaje en calle Libertad, ser\u00e1 rehabilitado por Jumapa. - El Hijo del llanero solititito","isPartOf":{"@id":"https:\/\/elhijodelllanero.mx\/#website"},"primaryImageOfPage":{"@id":"https:\/\/elhijodelllanero.mx\/index.php\/2024\/01\/05\/colapso-drenaje-en-calle-libertad-sera-rehabilitado-por-jumapa\/#primaryimage"},"image":{"@id":"https:\/\/elhijodelllanero.mx\/index.php\/2024\/01\/05\/colapso-drenaje-en-calle-libertad-sera-rehabilitado-por-jumapa\/#primaryimage"},"thumbnailUrl":"https:\/\/i0.wp.com\/elhijodelllanero.mx\/wp-content\/uploads\/2024\/01\/IMG-20240105-WA0045.jpg?fit=1024%2C768&ssl=1","datePublished":"2024-01-05T22:38:57+00:00","author":{"@id":"https:\/\/elhijodelllanero.mx\/#\/schema\/person\/5dcfdd3db3a6f7e7906ef5d92cf7340b"},"breadcrumb":{"@id":"https:\/\/elhijodelllanero.mx\/index.php\/2024\/01\/05\/colapso-drenaje-en-calle-libertad-sera-rehabilitado-por-jumapa\/#breadcrumb"},"inLanguage":"es","potentialAction":[{"@type":"ReadAction","target":["https:\/\/elhijodelllanero.mx\/index.php\/2024\/01\/05\/colapso-drenaje-en-calle-libertad-sera-rehabilitado-por-jumapa\/"]}]},{"@type":"ImageObject","inLanguage":"es","@id":"https:\/\/elhijodelllanero.mx\/index.php\/2024\/01\/05\/colapso-drenaje-en-calle-libertad-sera-rehabilitado-por-jumapa\/#primaryimage","url":"https:\/\/i0.wp.com\/elhijodelllanero.mx\/wp-content\/uploads\/2024\/01\/IMG-20240105-WA0045.jpg?fit=1024%2C768&ssl=1","contentUrl":"https:\/\/i0.wp.com\/elhijodelllanero.mx\/wp-content\/uploads\/2024\/01\/IMG-20240105-WA0045.jpg?fit=1024%2C768&ssl=1","width":1024,"height":768},{"@type":"BreadcrumbList","@id":"https:\/\/elhijodelllanero.mx\/index.php\/2024\/01\/05\/colapso-drenaje-en-calle-libertad-sera-rehabilitado-por-jumapa\/#breadcrumb","itemListElement":[{"@type":"ListItem","position":1,"name":"Portada","item":"https:\/\/elhijodelllanero.mx\/"},{"@type":"ListItem","position":2,"name":"Colaps\u00f3 drenaje en calle Libertad, ser\u00e1 rehabilitado por Jumapa."}]},{"@type":"WebSite","@id":"https:\/\/elhijodelllanero.mx\/#website","url":"https:\/\/elhijodelllanero.mx\/","name":"El Hijo del llanero solititito","description":"","potentialAction":[{"@type":"SearchAction","target":{"@type":"EntryPoint","urlTemplate":"https:\/\/elhijodelllanero.mx\/?s={search_term_string}"},"query-input":{"@type":"PropertyValueSpecification","valueRequired":true,"valueName":"search_term_string"}}],"inLanguage":"es"},{"@type":"Person","@id":"https:\/\/elhijodelllanero.mx\/#\/schema\/person\/5dcfdd3db3a6f7e7906ef5d92cf7340b","name":"Redaccion","image":{"@type":"ImageObject","inLanguage":"es","@id":"https:\/\/secure.gravatar.com\/avatar\/f65b913d6e7be363e7396f7fad32ab76d311fbb575fa7e623ec3ea4799f3b718?s=96&d=mm&r=g","url":"https:\/\/secure.gravatar.com\/avatar\/f65b913d6e7be363e7396f7fad32ab76d311fbb575fa7e623ec3ea4799f3b718?s=96&d=mm&r=g","contentUrl":"https:\/\/secure.gravatar.com\/avatar\/f65b913d6e7be363e7396f7fad32ab76d311fbb575fa7e623ec3ea4799f3b718?s=96&d=mm&r=g","caption":"Redaccion"},"sameAs":["https:\/\/www.elhijodelllanero.mx"],"url":"https:\/\/elhijodelllanero.mx\/index.php\/author\/admin_6smc8z8t\/"}]}},"jetpack_featured_media_url":"https:\/\/i0.wp.com\/elhijodelllanero.mx\/wp-content\/uploads\/2024\/01\/IMG-20240105-WA0045.jpg?fit=1024%2C768&ssl=1","jetpack-related-posts":[],"jetpack_sharing_enabled":true,"_links":{"self":[{"href":"https:\/\/elhijodelllanero.mx\/index.php\/wp-json\/wp\/v2\/posts\/3477","targetHints":{"allow":["GET"]}}],"collection":[{"href":"https:\/\/elhijodelllanero.mx\/index.php\/wp-json\/wp\/v2\/posts"}],"about":[{"href":"https:\/\/elhijodelllanero.mx\/index.php\/wp-json\/wp\/v2\/types\/post"}],"author":[{"embeddable":true,"href":"https:\/\/elhijodelllanero.mx\/index.php\/wp-json\/wp\/v2\/users\/1"}],"replies":[{"embeddable":true,"href":"https:\/\/elhijodelllanero.mx\/index.php\/wp-json\/wp\/v2\/comments?post=3477"}],"version-history":[{"count":1,"href":"https:\/\/elhijodelllanero.mx\/index.php\/wp-json\/wp\/v2\/posts\/3477\/revisions"}],"predecessor-version":[{"id":3479,"href":"https:\/\/elhijodelllanero.mx\/index.php\/wp-json\/wp\/v2\/posts\/3477\/revisions\/3479"}],"wp:featuredmedia":[{"embeddable":true,"href":"https:\/\/elhijodelllanero.mx\/index.php\/wp-json\/wp\/v2\/media\/3478"}],"wp:attachment":[{"href":"https:\/\/elhijodelllanero.mx\/index.php\/wp-json\/wp\/v2\/media?parent=3477"}],"wp:term":[{"taxonomy":"category","embeddable":true,"href":"https:\/\/elhijodelllanero.mx\/index.php\/wp-json\/wp\/v2\/categories?post=3477"},{"taxonomy":"post_tag","embeddable":true,"href":"https:\/\/elhijodelllanero.mx\/index.php\/wp-json\/wp\/v2\/tags?post=3477"}],"curies":[{"name":"wp","href":"https:\/\/api.w.org\/{rel}","templated":true}]}}