{"id":4260,"date":"2024-02-07T23:00:33","date_gmt":"2024-02-07T23:00:33","guid":{"rendered":"https:\/\/elhijodelllanero.mx\/?p=4260"},"modified":"2024-02-07T23:00:34","modified_gmt":"2024-02-07T23:00:34","slug":"recupera-policia-salmantina-vehiculos-robados-2","status":"publish","type":"post","link":"https:\/\/elhijodelllanero.mx\/index.php\/2024\/02\/07\/recupera-policia-salmantina-vehiculos-robados-2\/","title":{"rendered":"Recupera polic\u00eda salmantina veh\u00edculos robados."},"content":{"rendered":"<p>&nbsp;<\/p>\n<p>Salamanca, Gto., 7 febrero 2024.- Como resultado de los patrullajes de vigilancia implementados por la Polic\u00eda Municipal, en diferentes hechos se recuperaron dos veh\u00edculos con reporte de robo vigente.<br \/>\nEl primero de estos hechos, se suscit\u00f3 en la calle Antonil de Mendoza, en la colonia Las Estancias, por lo que elementos de la Polic\u00eda Municipal arribaron al lugar, e iniciaron un operativo de b\u00fasqueda inmediata, dando con el paradero del autom\u00f3vil en la ciudad de Irapuato, siendo recuperado satisfactoriamente.<br \/>\nEn un segundo hecho, se atendi\u00f3 un reporte emitido al sistema de emergencias del 911, en el que se inform\u00f3 sobre el robo de un veh\u00edculo modelo Ford, y un remolque, ambos fueron recuperados en el camino que conecta la Comunidad de Los Prietos a La Capilla, por lo que fueron trasladados y puestos a disposici\u00f3n de las autoridades correspondientes.<br \/>\nLos reportes ciudadanos y las denuncias son imprescindibles para fortalecer el trabajo de Seguridad P\u00fablica.<br \/>\nSe insta a la poblaci\u00f3n a hacer un uso adecuado de la l\u00ednea de emergencias 911, la cual se encuentra a disposici\u00f3n de la ciudadan\u00eda las 24 horas del d\u00eda.<\/p>\n","protected":false},"excerpt":{"rendered":"<p>&nbsp; Salamanca, Gto., 7 febrero 2024.- Como resultado de los patrullajes de vigilancia implementados por la Polic\u00eda Municipal, en diferentes hechos se recuperaron dos veh\u00edculos con reporte de robo vigente. El primero de estos hechos, se suscit\u00f3 en la calle Antonil de Mendoza, en la colonia Las Estancias, por lo que elementos de la Polic\u00eda [&hellip;]<\/p>\n","protected":false},"author":1,"featured_media":4261,"comment_status":"open","ping_status":"closed","sticky":false,"template":"","format":"standard","meta":{"_jetpack_newsletter_access":"","_jetpack_dont_email_post_to_subs":false,"_jetpack_newsletter_tier_id":0,"_jetpack_memberships_contains_paywalled_content":false,"_jetpack_memberships_contains_paid_content":false,"footnotes":""},"categories":[84],"tags":[],"class_list":{"0":"post-4260","1":"post","2":"type-post","3":"status-publish","4":"format-standard","5":"has-post-thumbnail","7":"category-salamanca"},"yoast_head":"<!-- This site is optimized with the Yoast SEO plugin v27.3 - https:\/\/yoast.com\/product\/yoast-seo-wordpress\/ -->\n<title>Recupera polic\u00eda salmantina veh\u00edculos robados. - El Hijo del llanero solititito<\/title>\n<meta name=\"robots\" content=\"index, follow, max-snippet:-1, max-image-preview:large, max-video-preview:-1\" \/>\n<link rel=\"canonical\" href=\"https:\/\/elhijodelllanero.mx\/index.php\/2024\/02\/07\/recupera-policia-salmantina-vehiculos-robados-2\/\" \/>\n<meta property=\"og:locale\" content=\"es_ES\" \/>\n<meta property=\"og:type\" content=\"article\" \/>\n<meta property=\"og:title\" content=\"Recupera polic\u00eda salmantina veh\u00edculos robados. - El Hijo del llanero solititito\" \/>\n<meta property=\"og:description\" content=\"&nbsp; Salamanca, Gto., 7 febrero 2024.- Como resultado de los patrullajes de vigilancia implementados por la Polic\u00eda Municipal, en diferentes hechos se recuperaron dos veh\u00edculos con reporte de robo vigente. El primero de estos hechos, se suscit\u00f3 en la calle Antonil de Mendoza, en la colonia Las Estancias, por lo que elementos de la Polic\u00eda [&hellip;]\" \/>\n<meta property=\"og:url\" content=\"https:\/\/elhijodelllanero.mx\/index.php\/2024\/02\/07\/recupera-policia-salmantina-vehiculos-robados-2\/\" \/>\n<meta property=\"og:site_name\" content=\"El Hijo del llanero solititito\" \/>\n<meta property=\"article:published_time\" content=\"2024-02-07T23:00:33+00:00\" \/>\n<meta property=\"article:modified_time\" content=\"2024-02-07T23:00:34+00:00\" \/>\n<meta property=\"og:image\" content=\"https:\/\/elhijodelllanero.mx\/wp-content\/uploads\/2024\/02\/IMG-20240207-WA0061.jpg\" \/>\n\t<meta property=\"og:image:width\" content=\"1024\" \/>\n\t<meta property=\"og:image:height\" content=\"576\" \/>\n\t<meta property=\"og:image:type\" content=\"image\/jpeg\" \/>\n<meta name=\"author\" content=\"Redaccion\" \/>\n<meta name=\"twitter:card\" content=\"summary_large_image\" \/>\n<meta name=\"twitter:label1\" content=\"Escrito por\" \/>\n\t<meta name=\"twitter:data1\" content=\"Redaccion\" \/>\n\t<meta name=\"twitter:label2\" content=\"Tiempo de lectura\" \/>\n\t<meta name=\"twitter:data2\" content=\"2 minutos\" \/>\n<script type=\"application\/ld+json\" class=\"yoast-schema-graph\">{\"@context\":\"https:\\\/\\\/schema.org\",\"@graph\":[{\"@type\":\"Article\",\"@id\":\"https:\\\/\\\/elhijodelllanero.mx\\\/index.php\\\/2024\\\/02\\\/07\\\/recupera-policia-salmantina-vehiculos-robados-2\\\/#article\",\"isPartOf\":{\"@id\":\"https:\\\/\\\/elhijodelllanero.mx\\\/index.php\\\/2024\\\/02\\\/07\\\/recupera-policia-salmantina-vehiculos-robados-2\\\/\"},\"author\":{\"name\":\"Redaccion\",\"@id\":\"https:\\\/\\\/elhijodelllanero.mx\\\/#\\\/schema\\\/person\\\/5dcfdd3db3a6f7e7906ef5d92cf7340b\"},\"headline\":\"Recupera polic\u00eda salmantina veh\u00edculos robados.\",\"datePublished\":\"2024-02-07T23:00:33+00:00\",\"dateModified\":\"2024-02-07T23:00:34+00:00\",\"mainEntityOfPage\":{\"@id\":\"https:\\\/\\\/elhijodelllanero.mx\\\/index.php\\\/2024\\\/02\\\/07\\\/recupera-policia-salmantina-vehiculos-robados-2\\\/\"},\"wordCount\":201,\"commentCount\":0,\"image\":{\"@id\":\"https:\\\/\\\/elhijodelllanero.mx\\\/index.php\\\/2024\\\/02\\\/07\\\/recupera-policia-salmantina-vehiculos-robados-2\\\/#primaryimage\"},\"thumbnailUrl\":\"https:\\\/\\\/i0.wp.com\\\/elhijodelllanero.mx\\\/wp-content\\\/uploads\\\/2024\\\/02\\\/IMG-20240207-WA0061.jpg?fit=1024%2C576&ssl=1\",\"articleSection\":[\"SALAMANCA\"],\"inLanguage\":\"es\",\"potentialAction\":[{\"@type\":\"CommentAction\",\"name\":\"Comment\",\"target\":[\"https:\\\/\\\/elhijodelllanero.mx\\\/index.php\\\/2024\\\/02\\\/07\\\/recupera-policia-salmantina-vehiculos-robados-2\\\/#respond\"]}]},{\"@type\":\"WebPage\",\"@id\":\"https:\\\/\\\/elhijodelllanero.mx\\\/index.php\\\/2024\\\/02\\\/07\\\/recupera-policia-salmantina-vehiculos-robados-2\\\/\",\"url\":\"https:\\\/\\\/elhijodelllanero.mx\\\/index.php\\\/2024\\\/02\\\/07\\\/recupera-policia-salmantina-vehiculos-robados-2\\\/\",\"name\":\"Recupera polic\u00eda salmantina veh\u00edculos robados. - El Hijo del llanero solititito\",\"isPartOf\":{\"@id\":\"https:\\\/\\\/elhijodelllanero.mx\\\/#website\"},\"primaryImageOfPage\":{\"@id\":\"https:\\\/\\\/elhijodelllanero.mx\\\/index.php\\\/2024\\\/02\\\/07\\\/recupera-policia-salmantina-vehiculos-robados-2\\\/#primaryimage\"},\"image\":{\"@id\":\"https:\\\/\\\/elhijodelllanero.mx\\\/index.php\\\/2024\\\/02\\\/07\\\/recupera-policia-salmantina-vehiculos-robados-2\\\/#primaryimage\"},\"thumbnailUrl\":\"https:\\\/\\\/i0.wp.com\\\/elhijodelllanero.mx\\\/wp-content\\\/uploads\\\/2024\\\/02\\\/IMG-20240207-WA0061.jpg?fit=1024%2C576&ssl=1\",\"datePublished\":\"2024-02-07T23:00:33+00:00\",\"dateModified\":\"2024-02-07T23:00:34+00:00\",\"author\":{\"@id\":\"https:\\\/\\\/elhijodelllanero.mx\\\/#\\\/schema\\\/person\\\/5dcfdd3db3a6f7e7906ef5d92cf7340b\"},\"breadcrumb\":{\"@id\":\"https:\\\/\\\/elhijodelllanero.mx\\\/index.php\\\/2024\\\/02\\\/07\\\/recupera-policia-salmantina-vehiculos-robados-2\\\/#breadcrumb\"},\"inLanguage\":\"es\",\"potentialAction\":[{\"@type\":\"ReadAction\",\"target\":[\"https:\\\/\\\/elhijodelllanero.mx\\\/index.php\\\/2024\\\/02\\\/07\\\/recupera-policia-salmantina-vehiculos-robados-2\\\/\"]}]},{\"@type\":\"ImageObject\",\"inLanguage\":\"es\",\"@id\":\"https:\\\/\\\/elhijodelllanero.mx\\\/index.php\\\/2024\\\/02\\\/07\\\/recupera-policia-salmantina-vehiculos-robados-2\\\/#primaryimage\",\"url\":\"https:\\\/\\\/i0.wp.com\\\/elhijodelllanero.mx\\\/wp-content\\\/uploads\\\/2024\\\/02\\\/IMG-20240207-WA0061.jpg?fit=1024%2C576&ssl=1\",\"contentUrl\":\"https:\\\/\\\/i0.wp.com\\\/elhijodelllanero.mx\\\/wp-content\\\/uploads\\\/2024\\\/02\\\/IMG-20240207-WA0061.jpg?fit=1024%2C576&ssl=1\",\"width\":1024,\"height\":576},{\"@type\":\"BreadcrumbList\",\"@id\":\"https:\\\/\\\/elhijodelllanero.mx\\\/index.php\\\/2024\\\/02\\\/07\\\/recupera-policia-salmantina-vehiculos-robados-2\\\/#breadcrumb\",\"itemListElement\":[{\"@type\":\"ListItem\",\"position\":1,\"name\":\"Portada\",\"item\":\"https:\\\/\\\/elhijodelllanero.mx\\\/\"},{\"@type\":\"ListItem\",\"position\":2,\"name\":\"Recupera polic\u00eda salmantina veh\u00edculos robados.\"}]},{\"@type\":\"WebSite\",\"@id\":\"https:\\\/\\\/elhijodelllanero.mx\\\/#website\",\"url\":\"https:\\\/\\\/elhijodelllanero.mx\\\/\",\"name\":\"El Hijo del llanero solititito\",\"description\":\"\",\"potentialAction\":[{\"@type\":\"SearchAction\",\"target\":{\"@type\":\"EntryPoint\",\"urlTemplate\":\"https:\\\/\\\/elhijodelllanero.mx\\\/?s={search_term_string}\"},\"query-input\":{\"@type\":\"PropertyValueSpecification\",\"valueRequired\":true,\"valueName\":\"search_term_string\"}}],\"inLanguage\":\"es\"},{\"@type\":\"Person\",\"@id\":\"https:\\\/\\\/elhijodelllanero.mx\\\/#\\\/schema\\\/person\\\/5dcfdd3db3a6f7e7906ef5d92cf7340b\",\"name\":\"Redaccion\",\"image\":{\"@type\":\"ImageObject\",\"inLanguage\":\"es\",\"@id\":\"https:\\\/\\\/secure.gravatar.com\\\/avatar\\\/f65b913d6e7be363e7396f7fad32ab76d311fbb575fa7e623ec3ea4799f3b718?s=96&d=mm&r=g\",\"url\":\"https:\\\/\\\/secure.gravatar.com\\\/avatar\\\/f65b913d6e7be363e7396f7fad32ab76d311fbb575fa7e623ec3ea4799f3b718?s=96&d=mm&r=g\",\"contentUrl\":\"https:\\\/\\\/secure.gravatar.com\\\/avatar\\\/f65b913d6e7be363e7396f7fad32ab76d311fbb575fa7e623ec3ea4799f3b718?s=96&d=mm&r=g\",\"caption\":\"Redaccion\"},\"sameAs\":[\"https:\\\/\\\/www.elhijodelllanero.mx\"],\"url\":\"https:\\\/\\\/elhijodelllanero.mx\\\/index.php\\\/author\\\/admin_6smc8z8t\\\/\"}]}<\/script>\n<!-- \/ Yoast SEO plugin. -->","yoast_head_json":{"title":"Recupera polic\u00eda salmantina veh\u00edculos robados. - El Hijo del llanero solititito","robots":{"index":"index","follow":"follow","max-snippet":"max-snippet:-1","max-image-preview":"max-image-preview:large","max-video-preview":"max-video-preview:-1"},"canonical":"https:\/\/elhijodelllanero.mx\/index.php\/2024\/02\/07\/recupera-policia-salmantina-vehiculos-robados-2\/","og_locale":"es_ES","og_type":"article","og_title":"Recupera polic\u00eda salmantina veh\u00edculos robados. - El Hijo del llanero solititito","og_description":"&nbsp; Salamanca, Gto., 7 febrero 2024.- Como resultado de los patrullajes de vigilancia implementados por la Polic\u00eda Municipal, en diferentes hechos se recuperaron dos veh\u00edculos con reporte de robo vigente. El primero de estos hechos, se suscit\u00f3 en la calle Antonil de Mendoza, en la colonia Las Estancias, por lo que elementos de la Polic\u00eda [&hellip;]","og_url":"https:\/\/elhijodelllanero.mx\/index.php\/2024\/02\/07\/recupera-policia-salmantina-vehiculos-robados-2\/","og_site_name":"El Hijo del llanero solititito","article_published_time":"2024-02-07T23:00:33+00:00","article_modified_time":"2024-02-07T23:00:34+00:00","og_image":[{"width":1024,"height":576,"url":"https:\/\/elhijodelllanero.mx\/wp-content\/uploads\/2024\/02\/IMG-20240207-WA0061.jpg","type":"image\/jpeg"}],"author":"Redaccion","twitter_card":"summary_large_image","twitter_misc":{"Escrito por":"Redaccion","Tiempo de lectura":"2 minutos"},"schema":{"@context":"https:\/\/schema.org","@graph":[{"@type":"Article","@id":"https:\/\/elhijodelllanero.mx\/index.php\/2024\/02\/07\/recupera-policia-salmantina-vehiculos-robados-2\/#article","isPartOf":{"@id":"https:\/\/elhijodelllanero.mx\/index.php\/2024\/02\/07\/recupera-policia-salmantina-vehiculos-robados-2\/"},"author":{"name":"Redaccion","@id":"https:\/\/elhijodelllanero.mx\/#\/schema\/person\/5dcfdd3db3a6f7e7906ef5d92cf7340b"},"headline":"Recupera polic\u00eda salmantina veh\u00edculos robados.","datePublished":"2024-02-07T23:00:33+00:00","dateModified":"2024-02-07T23:00:34+00:00","mainEntityOfPage":{"@id":"https:\/\/elhijodelllanero.mx\/index.php\/2024\/02\/07\/recupera-policia-salmantina-vehiculos-robados-2\/"},"wordCount":201,"commentCount":0,"image":{"@id":"https:\/\/elhijodelllanero.mx\/index.php\/2024\/02\/07\/recupera-policia-salmantina-vehiculos-robados-2\/#primaryimage"},"thumbnailUrl":"https:\/\/i0.wp.com\/elhijodelllanero.mx\/wp-content\/uploads\/2024\/02\/IMG-20240207-WA0061.jpg?fit=1024%2C576&ssl=1","articleSection":["SALAMANCA"],"inLanguage":"es","potentialAction":[{"@type":"CommentAction","name":"Comment","target":["https:\/\/elhijodelllanero.mx\/index.php\/2024\/02\/07\/recupera-policia-salmantina-vehiculos-robados-2\/#respond"]}]},{"@type":"WebPage","@id":"https:\/\/elhijodelllanero.mx\/index.php\/2024\/02\/07\/recupera-policia-salmantina-vehiculos-robados-2\/","url":"https:\/\/elhijodelllanero.mx\/index.php\/2024\/02\/07\/recupera-policia-salmantina-vehiculos-robados-2\/","name":"Recupera polic\u00eda salmantina veh\u00edculos robados. - El Hijo del llanero solititito","isPartOf":{"@id":"https:\/\/elhijodelllanero.mx\/#website"},"primaryImageOfPage":{"@id":"https:\/\/elhijodelllanero.mx\/index.php\/2024\/02\/07\/recupera-policia-salmantina-vehiculos-robados-2\/#primaryimage"},"image":{"@id":"https:\/\/elhijodelllanero.mx\/index.php\/2024\/02\/07\/recupera-policia-salmantina-vehiculos-robados-2\/#primaryimage"},"thumbnailUrl":"https:\/\/i0.wp.com\/elhijodelllanero.mx\/wp-content\/uploads\/2024\/02\/IMG-20240207-WA0061.jpg?fit=1024%2C576&ssl=1","datePublished":"2024-02-07T23:00:33+00:00","dateModified":"2024-02-07T23:00:34+00:00","author":{"@id":"https:\/\/elhijodelllanero.mx\/#\/schema\/person\/5dcfdd3db3a6f7e7906ef5d92cf7340b"},"breadcrumb":{"@id":"https:\/\/elhijodelllanero.mx\/index.php\/2024\/02\/07\/recupera-policia-salmantina-vehiculos-robados-2\/#breadcrumb"},"inLanguage":"es","potentialAction":[{"@type":"ReadAction","target":["https:\/\/elhijodelllanero.mx\/index.php\/2024\/02\/07\/recupera-policia-salmantina-vehiculos-robados-2\/"]}]},{"@type":"ImageObject","inLanguage":"es","@id":"https:\/\/elhijodelllanero.mx\/index.php\/2024\/02\/07\/recupera-policia-salmantina-vehiculos-robados-2\/#primaryimage","url":"https:\/\/i0.wp.com\/elhijodelllanero.mx\/wp-content\/uploads\/2024\/02\/IMG-20240207-WA0061.jpg?fit=1024%2C576&ssl=1","contentUrl":"https:\/\/i0.wp.com\/elhijodelllanero.mx\/wp-content\/uploads\/2024\/02\/IMG-20240207-WA0061.jpg?fit=1024%2C576&ssl=1","width":1024,"height":576},{"@type":"BreadcrumbList","@id":"https:\/\/elhijodelllanero.mx\/index.php\/2024\/02\/07\/recupera-policia-salmantina-vehiculos-robados-2\/#breadcrumb","itemListElement":[{"@type":"ListItem","position":1,"name":"Portada","item":"https:\/\/elhijodelllanero.mx\/"},{"@type":"ListItem","position":2,"name":"Recupera polic\u00eda salmantina veh\u00edculos robados."}]},{"@type":"WebSite","@id":"https:\/\/elhijodelllanero.mx\/#website","url":"https:\/\/elhijodelllanero.mx\/","name":"El Hijo del llanero solititito","description":"","potentialAction":[{"@type":"SearchAction","target":{"@type":"EntryPoint","urlTemplate":"https:\/\/elhijodelllanero.mx\/?s={search_term_string}"},"query-input":{"@type":"PropertyValueSpecification","valueRequired":true,"valueName":"search_term_string"}}],"inLanguage":"es"},{"@type":"Person","@id":"https:\/\/elhijodelllanero.mx\/#\/schema\/person\/5dcfdd3db3a6f7e7906ef5d92cf7340b","name":"Redaccion","image":{"@type":"ImageObject","inLanguage":"es","@id":"https:\/\/secure.gravatar.com\/avatar\/f65b913d6e7be363e7396f7fad32ab76d311fbb575fa7e623ec3ea4799f3b718?s=96&d=mm&r=g","url":"https:\/\/secure.gravatar.com\/avatar\/f65b913d6e7be363e7396f7fad32ab76d311fbb575fa7e623ec3ea4799f3b718?s=96&d=mm&r=g","contentUrl":"https:\/\/secure.gravatar.com\/avatar\/f65b913d6e7be363e7396f7fad32ab76d311fbb575fa7e623ec3ea4799f3b718?s=96&d=mm&r=g","caption":"Redaccion"},"sameAs":["https:\/\/www.elhijodelllanero.mx"],"url":"https:\/\/elhijodelllanero.mx\/index.php\/author\/admin_6smc8z8t\/"}]}},"jetpack_featured_media_url":"https:\/\/i0.wp.com\/elhijodelllanero.mx\/wp-content\/uploads\/2024\/02\/IMG-20240207-WA0061.jpg?fit=1024%2C576&ssl=1","jetpack-related-posts":[],"jetpack_sharing_enabled":true,"_links":{"self":[{"href":"https:\/\/elhijodelllanero.mx\/index.php\/wp-json\/wp\/v2\/posts\/4260","targetHints":{"allow":["GET"]}}],"collection":[{"href":"https:\/\/elhijodelllanero.mx\/index.php\/wp-json\/wp\/v2\/posts"}],"about":[{"href":"https:\/\/elhijodelllanero.mx\/index.php\/wp-json\/wp\/v2\/types\/post"}],"author":[{"embeddable":true,"href":"https:\/\/elhijodelllanero.mx\/index.php\/wp-json\/wp\/v2\/users\/1"}],"replies":[{"embeddable":true,"href":"https:\/\/elhijodelllanero.mx\/index.php\/wp-json\/wp\/v2\/comments?post=4260"}],"version-history":[{"count":1,"href":"https:\/\/elhijodelllanero.mx\/index.php\/wp-json\/wp\/v2\/posts\/4260\/revisions"}],"predecessor-version":[{"id":4262,"href":"https:\/\/elhijodelllanero.mx\/index.php\/wp-json\/wp\/v2\/posts\/4260\/revisions\/4262"}],"wp:featuredmedia":[{"embeddable":true,"href":"https:\/\/elhijodelllanero.mx\/index.php\/wp-json\/wp\/v2\/media\/4261"}],"wp:attachment":[{"href":"https:\/\/elhijodelllanero.mx\/index.php\/wp-json\/wp\/v2\/media?parent=4260"}],"wp:term":[{"taxonomy":"category","embeddable":true,"href":"https:\/\/elhijodelllanero.mx\/index.php\/wp-json\/wp\/v2\/categories?post=4260"},{"taxonomy":"post_tag","embeddable":true,"href":"https:\/\/elhijodelllanero.mx\/index.php\/wp-json\/wp\/v2\/tags?post=4260"}],"curies":[{"name":"wp","href":"https:\/\/api.w.org\/{rel}","templated":true}]}}