{"id":4376,"date":"2024-02-13T21:44:59","date_gmt":"2024-02-13T21:44:59","guid":{"rendered":"https:\/\/elhijodelllanero.mx\/?p=4376"},"modified":"2024-02-13T21:44:59","modified_gmt":"2024-02-13T21:44:59","slug":"recuperan-policias-municipales-ocho-vehiculos-robados","status":"publish","type":"post","link":"https:\/\/elhijodelllanero.mx\/index.php\/2024\/02\/13\/recuperan-policias-municipales-ocho-vehiculos-robados\/","title":{"rendered":"Recuperan polic\u00edas municipales ocho veh\u00edculos robados."},"content":{"rendered":"<p>&nbsp;<\/p>\n<p>Comunicado de prensa.<br \/>\nCelaya, Gto., 13 febrero 2024.- La Secretar\u00eda de Seguridad Ciudadana de Celaya (SSCC), informa que en hechos distintos se logr\u00f3 la recuperaci\u00f3n de los ocho veh\u00edculos con reporte de robo e indicios.<br \/>\nEl primero fue recuperado minutos despu\u00e9s de ser reportado al 9-1-1, en la zona centro, cuando los elementos recibieron el alertamiento del robo de un veh\u00edculo Volkswagen golf en color gris. La denuncia oportuna ayud\u00f3 a su pronta recuperaci\u00f3n.<br \/>\nEn un segundo hecho, en la comunidad de San Jos\u00e9 de Guanajuato fueron recuperadas cuatro motocicletas, dos con reporte de robo y dos m\u00e1s con indicios.<br \/>\nFue mediante un recorrido de prevenci\u00f3n en dicha comunidad, momento en que visualizaron cuatro motocicletas obstruyendo el paso, por lo que, al verificar el estatus, dos arrojaron reporte de robo y dos mas contaban con alteraciones en los n\u00fameros de serie.<br \/>\nLas motocicletas son de la marca, Vento color negro, Italika 250z color negro, Italika F150 color negro e Italika 125 color azul, mismas que fueron puestas a disposici\u00f3n de la Fiscal\u00eda.<br \/>\nEn otro suceso, en colonia Alameda fue recuperada una motocicleta de la marca Italika GS150 color gris, con reporte de robo al 9-1-1. Fue al realizar dispositivos de b\u00fasqueda en dicha colonia.<br \/>\nEn otro hecho, en la colonia Los Pinos fue recuperada una camioneta de la marca Honda en color negro, misma que contaba con reporte de robo en el estado de Quer\u00e9taro.<br \/>\nDicha camioneta contaba con las chapas da\u00f1adas y al preguntar con vecinos indicaron que desconoc\u00edan su procedencia, fue que al solicitar el apoyo de c4 para la verificaci\u00f3n arrojo reporte de robo, por lo que fue asegurada.<br \/>\nFinalmente, en la colonia Vilas de los Arcos fue recuperada una motocicleta de la marca Vento en color negro, la cual estaba en presunto estado de abandono, y al verificar con plataformas, arroj\u00f3 reporte de robo vigente, siendo asegurada.<\/p>\n","protected":false},"excerpt":{"rendered":"<p>&nbsp; Comunicado de prensa. Celaya, Gto., 13 febrero 2024.- La Secretar\u00eda de Seguridad Ciudadana de Celaya (SSCC), informa que en hechos distintos se logr\u00f3 la recuperaci\u00f3n de los ocho veh\u00edculos con reporte de robo e indicios. El primero fue recuperado minutos despu\u00e9s de ser reportado al 9-1-1, en la zona centro, cuando los elementos recibieron [&hellip;]<\/p>\n","protected":false},"author":1,"featured_media":4378,"comment_status":"open","ping_status":"closed","sticky":false,"template":"","format":"standard","meta":{"_jetpack_newsletter_access":"","_jetpack_dont_email_post_to_subs":false,"_jetpack_newsletter_tier_id":0,"_jetpack_memberships_contains_paywalled_content":false,"_jetpack_memberships_contains_paid_content":false,"footnotes":""},"categories":[82],"tags":[],"class_list":{"0":"post-4376","1":"post","2":"type-post","3":"status-publish","4":"format-standard","5":"has-post-thumbnail","7":"category-policiaco"},"yoast_head":"<!-- This site is optimized with the Yoast SEO plugin v27.3 - https:\/\/yoast.com\/product\/yoast-seo-wordpress\/ -->\n<title>Recuperan polic\u00edas municipales ocho veh\u00edculos robados. - El Hijo del llanero solititito<\/title>\n<meta name=\"robots\" content=\"index, follow, max-snippet:-1, max-image-preview:large, max-video-preview:-1\" \/>\n<link rel=\"canonical\" href=\"https:\/\/elhijodelllanero.mx\/index.php\/2024\/02\/13\/recuperan-policias-municipales-ocho-vehiculos-robados\/\" \/>\n<meta property=\"og:locale\" content=\"es_ES\" \/>\n<meta property=\"og:type\" content=\"article\" \/>\n<meta property=\"og:title\" content=\"Recuperan polic\u00edas municipales ocho veh\u00edculos robados. - El Hijo del llanero solititito\" \/>\n<meta property=\"og:description\" content=\"&nbsp; Comunicado de prensa. Celaya, Gto., 13 febrero 2024.- La Secretar\u00eda de Seguridad Ciudadana de Celaya (SSCC), informa que en hechos distintos se logr\u00f3 la recuperaci\u00f3n de los ocho veh\u00edculos con reporte de robo e indicios. El primero fue recuperado minutos despu\u00e9s de ser reportado al 9-1-1, en la zona centro, cuando los elementos recibieron [&hellip;]\" \/>\n<meta property=\"og:url\" content=\"https:\/\/elhijodelllanero.mx\/index.php\/2024\/02\/13\/recuperan-policias-municipales-ocho-vehiculos-robados\/\" \/>\n<meta property=\"og:site_name\" content=\"El Hijo del llanero solititito\" \/>\n<meta property=\"article:published_time\" content=\"2024-02-13T21:44:59+00:00\" \/>\n<meta property=\"og:image\" content=\"https:\/\/elhijodelllanero.mx\/wp-content\/uploads\/2024\/02\/IMG-20240213-WA0036.jpg\" \/>\n\t<meta property=\"og:image:width\" content=\"1600\" \/>\n\t<meta property=\"og:image:height\" content=\"1204\" \/>\n\t<meta property=\"og:image:type\" content=\"image\/jpeg\" \/>\n<meta name=\"author\" content=\"Redaccion\" \/>\n<meta name=\"twitter:card\" content=\"summary_large_image\" \/>\n<meta name=\"twitter:label1\" content=\"Escrito por\" \/>\n\t<meta name=\"twitter:data1\" content=\"Redaccion\" \/>\n\t<meta name=\"twitter:label2\" content=\"Tiempo de lectura\" \/>\n\t<meta name=\"twitter:data2\" content=\"2 minutos\" \/>\n<script type=\"application\/ld+json\" class=\"yoast-schema-graph\">{\"@context\":\"https:\\\/\\\/schema.org\",\"@graph\":[{\"@type\":\"Article\",\"@id\":\"https:\\\/\\\/elhijodelllanero.mx\\\/index.php\\\/2024\\\/02\\\/13\\\/recuperan-policias-municipales-ocho-vehiculos-robados\\\/#article\",\"isPartOf\":{\"@id\":\"https:\\\/\\\/elhijodelllanero.mx\\\/index.php\\\/2024\\\/02\\\/13\\\/recuperan-policias-municipales-ocho-vehiculos-robados\\\/\"},\"author\":{\"name\":\"Redaccion\",\"@id\":\"https:\\\/\\\/elhijodelllanero.mx\\\/#\\\/schema\\\/person\\\/5dcfdd3db3a6f7e7906ef5d92cf7340b\"},\"headline\":\"Recuperan polic\u00edas municipales ocho veh\u00edculos robados.\",\"datePublished\":\"2024-02-13T21:44:59+00:00\",\"mainEntityOfPage\":{\"@id\":\"https:\\\/\\\/elhijodelllanero.mx\\\/index.php\\\/2024\\\/02\\\/13\\\/recuperan-policias-municipales-ocho-vehiculos-robados\\\/\"},\"wordCount\":336,\"commentCount\":0,\"image\":{\"@id\":\"https:\\\/\\\/elhijodelllanero.mx\\\/index.php\\\/2024\\\/02\\\/13\\\/recuperan-policias-municipales-ocho-vehiculos-robados\\\/#primaryimage\"},\"thumbnailUrl\":\"https:\\\/\\\/i0.wp.com\\\/elhijodelllanero.mx\\\/wp-content\\\/uploads\\\/2024\\\/02\\\/IMG-20240213-WA0036.jpg?fit=1600%2C1204&ssl=1\",\"articleSection\":[\"POLICIACO\"],\"inLanguage\":\"es\",\"potentialAction\":[{\"@type\":\"CommentAction\",\"name\":\"Comment\",\"target\":[\"https:\\\/\\\/elhijodelllanero.mx\\\/index.php\\\/2024\\\/02\\\/13\\\/recuperan-policias-municipales-ocho-vehiculos-robados\\\/#respond\"]}]},{\"@type\":\"WebPage\",\"@id\":\"https:\\\/\\\/elhijodelllanero.mx\\\/index.php\\\/2024\\\/02\\\/13\\\/recuperan-policias-municipales-ocho-vehiculos-robados\\\/\",\"url\":\"https:\\\/\\\/elhijodelllanero.mx\\\/index.php\\\/2024\\\/02\\\/13\\\/recuperan-policias-municipales-ocho-vehiculos-robados\\\/\",\"name\":\"Recuperan polic\u00edas municipales ocho veh\u00edculos robados. - El Hijo del llanero solititito\",\"isPartOf\":{\"@id\":\"https:\\\/\\\/elhijodelllanero.mx\\\/#website\"},\"primaryImageOfPage\":{\"@id\":\"https:\\\/\\\/elhijodelllanero.mx\\\/index.php\\\/2024\\\/02\\\/13\\\/recuperan-policias-municipales-ocho-vehiculos-robados\\\/#primaryimage\"},\"image\":{\"@id\":\"https:\\\/\\\/elhijodelllanero.mx\\\/index.php\\\/2024\\\/02\\\/13\\\/recuperan-policias-municipales-ocho-vehiculos-robados\\\/#primaryimage\"},\"thumbnailUrl\":\"https:\\\/\\\/i0.wp.com\\\/elhijodelllanero.mx\\\/wp-content\\\/uploads\\\/2024\\\/02\\\/IMG-20240213-WA0036.jpg?fit=1600%2C1204&ssl=1\",\"datePublished\":\"2024-02-13T21:44:59+00:00\",\"author\":{\"@id\":\"https:\\\/\\\/elhijodelllanero.mx\\\/#\\\/schema\\\/person\\\/5dcfdd3db3a6f7e7906ef5d92cf7340b\"},\"breadcrumb\":{\"@id\":\"https:\\\/\\\/elhijodelllanero.mx\\\/index.php\\\/2024\\\/02\\\/13\\\/recuperan-policias-municipales-ocho-vehiculos-robados\\\/#breadcrumb\"},\"inLanguage\":\"es\",\"potentialAction\":[{\"@type\":\"ReadAction\",\"target\":[\"https:\\\/\\\/elhijodelllanero.mx\\\/index.php\\\/2024\\\/02\\\/13\\\/recuperan-policias-municipales-ocho-vehiculos-robados\\\/\"]}]},{\"@type\":\"ImageObject\",\"inLanguage\":\"es\",\"@id\":\"https:\\\/\\\/elhijodelllanero.mx\\\/index.php\\\/2024\\\/02\\\/13\\\/recuperan-policias-municipales-ocho-vehiculos-robados\\\/#primaryimage\",\"url\":\"https:\\\/\\\/i0.wp.com\\\/elhijodelllanero.mx\\\/wp-content\\\/uploads\\\/2024\\\/02\\\/IMG-20240213-WA0036.jpg?fit=1600%2C1204&ssl=1\",\"contentUrl\":\"https:\\\/\\\/i0.wp.com\\\/elhijodelllanero.mx\\\/wp-content\\\/uploads\\\/2024\\\/02\\\/IMG-20240213-WA0036.jpg?fit=1600%2C1204&ssl=1\",\"width\":1600,\"height\":1204},{\"@type\":\"BreadcrumbList\",\"@id\":\"https:\\\/\\\/elhijodelllanero.mx\\\/index.php\\\/2024\\\/02\\\/13\\\/recuperan-policias-municipales-ocho-vehiculos-robados\\\/#breadcrumb\",\"itemListElement\":[{\"@type\":\"ListItem\",\"position\":1,\"name\":\"Portada\",\"item\":\"https:\\\/\\\/elhijodelllanero.mx\\\/\"},{\"@type\":\"ListItem\",\"position\":2,\"name\":\"Recuperan polic\u00edas municipales ocho veh\u00edculos robados.\"}]},{\"@type\":\"WebSite\",\"@id\":\"https:\\\/\\\/elhijodelllanero.mx\\\/#website\",\"url\":\"https:\\\/\\\/elhijodelllanero.mx\\\/\",\"name\":\"El Hijo del llanero solititito\",\"description\":\"\",\"potentialAction\":[{\"@type\":\"SearchAction\",\"target\":{\"@type\":\"EntryPoint\",\"urlTemplate\":\"https:\\\/\\\/elhijodelllanero.mx\\\/?s={search_term_string}\"},\"query-input\":{\"@type\":\"PropertyValueSpecification\",\"valueRequired\":true,\"valueName\":\"search_term_string\"}}],\"inLanguage\":\"es\"},{\"@type\":\"Person\",\"@id\":\"https:\\\/\\\/elhijodelllanero.mx\\\/#\\\/schema\\\/person\\\/5dcfdd3db3a6f7e7906ef5d92cf7340b\",\"name\":\"Redaccion\",\"image\":{\"@type\":\"ImageObject\",\"inLanguage\":\"es\",\"@id\":\"https:\\\/\\\/secure.gravatar.com\\\/avatar\\\/f65b913d6e7be363e7396f7fad32ab76d311fbb575fa7e623ec3ea4799f3b718?s=96&d=mm&r=g\",\"url\":\"https:\\\/\\\/secure.gravatar.com\\\/avatar\\\/f65b913d6e7be363e7396f7fad32ab76d311fbb575fa7e623ec3ea4799f3b718?s=96&d=mm&r=g\",\"contentUrl\":\"https:\\\/\\\/secure.gravatar.com\\\/avatar\\\/f65b913d6e7be363e7396f7fad32ab76d311fbb575fa7e623ec3ea4799f3b718?s=96&d=mm&r=g\",\"caption\":\"Redaccion\"},\"sameAs\":[\"https:\\\/\\\/www.elhijodelllanero.mx\"],\"url\":\"https:\\\/\\\/elhijodelllanero.mx\\\/index.php\\\/author\\\/admin_6smc8z8t\\\/\"}]}<\/script>\n<!-- \/ Yoast SEO plugin. -->","yoast_head_json":{"title":"Recuperan polic\u00edas municipales ocho veh\u00edculos robados. - El Hijo del llanero solititito","robots":{"index":"index","follow":"follow","max-snippet":"max-snippet:-1","max-image-preview":"max-image-preview:large","max-video-preview":"max-video-preview:-1"},"canonical":"https:\/\/elhijodelllanero.mx\/index.php\/2024\/02\/13\/recuperan-policias-municipales-ocho-vehiculos-robados\/","og_locale":"es_ES","og_type":"article","og_title":"Recuperan polic\u00edas municipales ocho veh\u00edculos robados. - El Hijo del llanero solititito","og_description":"&nbsp; Comunicado de prensa. Celaya, Gto., 13 febrero 2024.- La Secretar\u00eda de Seguridad Ciudadana de Celaya (SSCC), informa que en hechos distintos se logr\u00f3 la recuperaci\u00f3n de los ocho veh\u00edculos con reporte de robo e indicios. El primero fue recuperado minutos despu\u00e9s de ser reportado al 9-1-1, en la zona centro, cuando los elementos recibieron [&hellip;]","og_url":"https:\/\/elhijodelllanero.mx\/index.php\/2024\/02\/13\/recuperan-policias-municipales-ocho-vehiculos-robados\/","og_site_name":"El Hijo del llanero solititito","article_published_time":"2024-02-13T21:44:59+00:00","og_image":[{"width":1600,"height":1204,"url":"https:\/\/elhijodelllanero.mx\/wp-content\/uploads\/2024\/02\/IMG-20240213-WA0036.jpg","type":"image\/jpeg"}],"author":"Redaccion","twitter_card":"summary_large_image","twitter_misc":{"Escrito por":"Redaccion","Tiempo de lectura":"2 minutos"},"schema":{"@context":"https:\/\/schema.org","@graph":[{"@type":"Article","@id":"https:\/\/elhijodelllanero.mx\/index.php\/2024\/02\/13\/recuperan-policias-municipales-ocho-vehiculos-robados\/#article","isPartOf":{"@id":"https:\/\/elhijodelllanero.mx\/index.php\/2024\/02\/13\/recuperan-policias-municipales-ocho-vehiculos-robados\/"},"author":{"name":"Redaccion","@id":"https:\/\/elhijodelllanero.mx\/#\/schema\/person\/5dcfdd3db3a6f7e7906ef5d92cf7340b"},"headline":"Recuperan polic\u00edas municipales ocho veh\u00edculos robados.","datePublished":"2024-02-13T21:44:59+00:00","mainEntityOfPage":{"@id":"https:\/\/elhijodelllanero.mx\/index.php\/2024\/02\/13\/recuperan-policias-municipales-ocho-vehiculos-robados\/"},"wordCount":336,"commentCount":0,"image":{"@id":"https:\/\/elhijodelllanero.mx\/index.php\/2024\/02\/13\/recuperan-policias-municipales-ocho-vehiculos-robados\/#primaryimage"},"thumbnailUrl":"https:\/\/i0.wp.com\/elhijodelllanero.mx\/wp-content\/uploads\/2024\/02\/IMG-20240213-WA0036.jpg?fit=1600%2C1204&ssl=1","articleSection":["POLICIACO"],"inLanguage":"es","potentialAction":[{"@type":"CommentAction","name":"Comment","target":["https:\/\/elhijodelllanero.mx\/index.php\/2024\/02\/13\/recuperan-policias-municipales-ocho-vehiculos-robados\/#respond"]}]},{"@type":"WebPage","@id":"https:\/\/elhijodelllanero.mx\/index.php\/2024\/02\/13\/recuperan-policias-municipales-ocho-vehiculos-robados\/","url":"https:\/\/elhijodelllanero.mx\/index.php\/2024\/02\/13\/recuperan-policias-municipales-ocho-vehiculos-robados\/","name":"Recuperan polic\u00edas municipales ocho veh\u00edculos robados. - El Hijo del llanero solititito","isPartOf":{"@id":"https:\/\/elhijodelllanero.mx\/#website"},"primaryImageOfPage":{"@id":"https:\/\/elhijodelllanero.mx\/index.php\/2024\/02\/13\/recuperan-policias-municipales-ocho-vehiculos-robados\/#primaryimage"},"image":{"@id":"https:\/\/elhijodelllanero.mx\/index.php\/2024\/02\/13\/recuperan-policias-municipales-ocho-vehiculos-robados\/#primaryimage"},"thumbnailUrl":"https:\/\/i0.wp.com\/elhijodelllanero.mx\/wp-content\/uploads\/2024\/02\/IMG-20240213-WA0036.jpg?fit=1600%2C1204&ssl=1","datePublished":"2024-02-13T21:44:59+00:00","author":{"@id":"https:\/\/elhijodelllanero.mx\/#\/schema\/person\/5dcfdd3db3a6f7e7906ef5d92cf7340b"},"breadcrumb":{"@id":"https:\/\/elhijodelllanero.mx\/index.php\/2024\/02\/13\/recuperan-policias-municipales-ocho-vehiculos-robados\/#breadcrumb"},"inLanguage":"es","potentialAction":[{"@type":"ReadAction","target":["https:\/\/elhijodelllanero.mx\/index.php\/2024\/02\/13\/recuperan-policias-municipales-ocho-vehiculos-robados\/"]}]},{"@type":"ImageObject","inLanguage":"es","@id":"https:\/\/elhijodelllanero.mx\/index.php\/2024\/02\/13\/recuperan-policias-municipales-ocho-vehiculos-robados\/#primaryimage","url":"https:\/\/i0.wp.com\/elhijodelllanero.mx\/wp-content\/uploads\/2024\/02\/IMG-20240213-WA0036.jpg?fit=1600%2C1204&ssl=1","contentUrl":"https:\/\/i0.wp.com\/elhijodelllanero.mx\/wp-content\/uploads\/2024\/02\/IMG-20240213-WA0036.jpg?fit=1600%2C1204&ssl=1","width":1600,"height":1204},{"@type":"BreadcrumbList","@id":"https:\/\/elhijodelllanero.mx\/index.php\/2024\/02\/13\/recuperan-policias-municipales-ocho-vehiculos-robados\/#breadcrumb","itemListElement":[{"@type":"ListItem","position":1,"name":"Portada","item":"https:\/\/elhijodelllanero.mx\/"},{"@type":"ListItem","position":2,"name":"Recuperan polic\u00edas municipales ocho veh\u00edculos robados."}]},{"@type":"WebSite","@id":"https:\/\/elhijodelllanero.mx\/#website","url":"https:\/\/elhijodelllanero.mx\/","name":"El Hijo del llanero solititito","description":"","potentialAction":[{"@type":"SearchAction","target":{"@type":"EntryPoint","urlTemplate":"https:\/\/elhijodelllanero.mx\/?s={search_term_string}"},"query-input":{"@type":"PropertyValueSpecification","valueRequired":true,"valueName":"search_term_string"}}],"inLanguage":"es"},{"@type":"Person","@id":"https:\/\/elhijodelllanero.mx\/#\/schema\/person\/5dcfdd3db3a6f7e7906ef5d92cf7340b","name":"Redaccion","image":{"@type":"ImageObject","inLanguage":"es","@id":"https:\/\/secure.gravatar.com\/avatar\/f65b913d6e7be363e7396f7fad32ab76d311fbb575fa7e623ec3ea4799f3b718?s=96&d=mm&r=g","url":"https:\/\/secure.gravatar.com\/avatar\/f65b913d6e7be363e7396f7fad32ab76d311fbb575fa7e623ec3ea4799f3b718?s=96&d=mm&r=g","contentUrl":"https:\/\/secure.gravatar.com\/avatar\/f65b913d6e7be363e7396f7fad32ab76d311fbb575fa7e623ec3ea4799f3b718?s=96&d=mm&r=g","caption":"Redaccion"},"sameAs":["https:\/\/www.elhijodelllanero.mx"],"url":"https:\/\/elhijodelllanero.mx\/index.php\/author\/admin_6smc8z8t\/"}]}},"jetpack_featured_media_url":"https:\/\/i0.wp.com\/elhijodelllanero.mx\/wp-content\/uploads\/2024\/02\/IMG-20240213-WA0036.jpg?fit=1600%2C1204&ssl=1","jetpack-related-posts":[],"jetpack_sharing_enabled":true,"_links":{"self":[{"href":"https:\/\/elhijodelllanero.mx\/index.php\/wp-json\/wp\/v2\/posts\/4376","targetHints":{"allow":["GET"]}}],"collection":[{"href":"https:\/\/elhijodelllanero.mx\/index.php\/wp-json\/wp\/v2\/posts"}],"about":[{"href":"https:\/\/elhijodelllanero.mx\/index.php\/wp-json\/wp\/v2\/types\/post"}],"author":[{"embeddable":true,"href":"https:\/\/elhijodelllanero.mx\/index.php\/wp-json\/wp\/v2\/users\/1"}],"replies":[{"embeddable":true,"href":"https:\/\/elhijodelllanero.mx\/index.php\/wp-json\/wp\/v2\/comments?post=4376"}],"version-history":[{"count":1,"href":"https:\/\/elhijodelllanero.mx\/index.php\/wp-json\/wp\/v2\/posts\/4376\/revisions"}],"predecessor-version":[{"id":4379,"href":"https:\/\/elhijodelllanero.mx\/index.php\/wp-json\/wp\/v2\/posts\/4376\/revisions\/4379"}],"wp:featuredmedia":[{"embeddable":true,"href":"https:\/\/elhijodelllanero.mx\/index.php\/wp-json\/wp\/v2\/media\/4378"}],"wp:attachment":[{"href":"https:\/\/elhijodelllanero.mx\/index.php\/wp-json\/wp\/v2\/media?parent=4376"}],"wp:term":[{"taxonomy":"category","embeddable":true,"href":"https:\/\/elhijodelllanero.mx\/index.php\/wp-json\/wp\/v2\/categories?post=4376"},{"taxonomy":"post_tag","embeddable":true,"href":"https:\/\/elhijodelllanero.mx\/index.php\/wp-json\/wp\/v2\/tags?post=4376"}],"curies":[{"name":"wp","href":"https:\/\/api.w.org\/{rel}","templated":true}]}}