{"id":4380,"date":"2024-02-13T22:13:34","date_gmt":"2024-02-13T22:13:34","guid":{"rendered":"https:\/\/elhijodelllanero.mx\/?p=4380"},"modified":"2024-02-13T22:13:34","modified_gmt":"2024-02-13T22:13:34","slug":"ahora-fueron-ocho-los-detenidos-en-celaya-por-delitos-contra-la-salud","status":"publish","type":"post","link":"https:\/\/elhijodelllanero.mx\/index.php\/2024\/02\/13\/ahora-fueron-ocho-los-detenidos-en-celaya-por-delitos-contra-la-salud\/","title":{"rendered":"Ahora fueron ocho los detenidos en Celaya por delitos contra la salud."},"content":{"rendered":"<p>Celaya, Gto., 13 febrero 2024.- La Secretar\u00eda de Seguridad Ciudadana de Celaya (SSCC), informa que en diversos hechos la Polic\u00eda Municipal detuvo a ocho personas que se encontraban en posesi\u00f3n de 55 envoltorios de presunta droga, al realizar dispositivos de prevenci\u00f3n y vigilancia en varias colonias.<br \/>\nEl primer suceso ocurri\u00f3 en la colonia La Favorita cuando los elementos patrullaban la zona, momento en que visualizaron a dos hombres en motocicleta quienes al notar la presencia policial adoptaron una actividad evasiva, por lo que, para evitar fuentes de peligro, se les realiz\u00f3 una inspecci\u00f3n localizando r\u00e9plica de arma de fuego.<br \/>\nAdem\u00e1s de 5 bolsas que en su interior contiene una sustancia granulada con las caracter\u00edsticas propias a la droga conocida como cristal, una bolsa negra de pl\u00e1stico con hierba seca de color verde con las caracter\u00edsticas propias de la marihuana y una b\u00e1scula gramera.<br \/>\nLos presuntos se identificaron como, Rodrigo \u201cN\u201d de 31 a\u00f1os y Pedro \u201cN\u201d de 32, quienes en conjunto con lo robado fueron puestos a disposici\u00f3n de la Fiscal\u00eda.<br \/>\nEn un segundo hecho, en la colonia Enrique Colunga fue detenido Jos\u00e9 Luis \u201cN\u201d de 21 a\u00f1os por la posesi\u00f3n de 9 bolsitas que en su interior contiene sustancia granulada conocida como cristal.<br \/>\nFue mediante un patrullaje preventivo donde visualizaron a un hombre que realizaba sus necesidades en v\u00eda p\u00fablica y al se\u00f1alarle que era una falta administrativa, se le realiz\u00f3 una inspecci\u00f3n a fin de eliminar riesgos, localizando los estupefacientes.<br \/>\nEn la colonia Insurgentes fue detenido Antonio \u201cN\u201d de 37 a\u00f1os en posesi\u00f3n de 15 bolsitas que en su interior contiene sustancia granulada con las caracter\u00edsticas propias de la droga conocida como cristal.<br \/>\nEl suceso ocurri\u00f3 cuando los elementos de Polic\u00eda visualizaron a un hombre manejando a exceso de velocidad y zigzagueando quien al notar la presencia de la unidad denot\u00f3 una actitud evasiva, por que se le marco el alto y al inspeccionarlo, se le localiz\u00f3 la presunta droga.<br \/>\nEn otro hecho en la colonia Santa Rita fueron detenidos y puestos a disposici\u00f3n de la Fiscal\u00eda, Edgar Alejandro \u201cN\u201d 42 a\u00f1os, Erik Gabriel \u201cN\u201d 44 a\u00f1os y Marco \u201cN\u201d de 34 a\u00f1os en posesi\u00f3n de 20 bolsitas que en su interior contiene sustancia granulada con las caracter\u00edsticas propias de la droga conocida como cristal.<br \/>\nFue cuando se realizaba un patrullaje de prevenci\u00f3n y vigilancia en dicha colonia detectando a tres hombres ingiriendo bebidas alcoh\u00f3licas y al realizarles una inspecci\u00f3n para evitar fuentes de peligro se les localiz\u00f3 la presunta droga.<br \/>\nFinalmente, en la colonia Nat-Tah- Hi fue detenido Bryan \u201cN\u201d de 30 a\u00f1os quien al momento del patrullaje comenz\u00f3 a agredir con palabra altisonantes a los elementos de Polic\u00eda por lo que se le indic\u00f3 que estaba cometiendo una falta administrativa. Momentos despu\u00e9s para evitar fuentes de peligro se le realiz\u00f3 una inspecci\u00f3n, localizando 5 bolsitas con una sustancia granulada con las caracter\u00edsticas del cristal, por lo que fue detenido y puesto a disposici\u00f3n.<br \/>\nLa Secretar\u00eda de Seguridad Ciudadana continuara trabajando para contar con un mejor municipio.<\/p>\n","protected":false},"excerpt":{"rendered":"<p>Celaya, Gto., 13 febrero 2024.- La Secretar\u00eda de Seguridad Ciudadana de Celaya (SSCC), informa que en diversos hechos la Polic\u00eda Municipal detuvo a ocho personas que se encontraban en posesi\u00f3n de 55 envoltorios de presunta droga, al realizar dispositivos de prevenci\u00f3n y vigilancia en varias colonias. El primer suceso ocurri\u00f3 en la colonia La Favorita [&hellip;]<\/p>\n","protected":false},"author":1,"featured_media":4381,"comment_status":"open","ping_status":"closed","sticky":false,"template":"","format":"standard","meta":{"_jetpack_newsletter_access":"","_jetpack_dont_email_post_to_subs":false,"_jetpack_newsletter_tier_id":0,"_jetpack_memberships_contains_paywalled_content":false,"_jetpack_memberships_contains_paid_content":false,"footnotes":""},"categories":[82],"tags":[],"class_list":{"0":"post-4380","1":"post","2":"type-post","3":"status-publish","4":"format-standard","5":"has-post-thumbnail","7":"category-policiaco"},"yoast_head":"<!-- This site is optimized with the Yoast SEO plugin v27.3 - https:\/\/yoast.com\/product\/yoast-seo-wordpress\/ -->\n<title>Ahora fueron ocho los detenidos en Celaya por delitos contra la salud. - El Hijo del llanero solititito<\/title>\n<meta name=\"robots\" content=\"index, follow, max-snippet:-1, max-image-preview:large, max-video-preview:-1\" \/>\n<link rel=\"canonical\" href=\"https:\/\/elhijodelllanero.mx\/index.php\/2024\/02\/13\/ahora-fueron-ocho-los-detenidos-en-celaya-por-delitos-contra-la-salud\/\" \/>\n<meta property=\"og:locale\" content=\"es_ES\" \/>\n<meta property=\"og:type\" content=\"article\" \/>\n<meta property=\"og:title\" content=\"Ahora fueron ocho los detenidos en Celaya por delitos contra la salud. - El Hijo del llanero solititito\" \/>\n<meta property=\"og:description\" content=\"Celaya, Gto., 13 febrero 2024.- La Secretar\u00eda de Seguridad Ciudadana de Celaya (SSCC), informa que en diversos hechos la Polic\u00eda Municipal detuvo a ocho personas que se encontraban en posesi\u00f3n de 55 envoltorios de presunta droga, al realizar dispositivos de prevenci\u00f3n y vigilancia en varias colonias. El primer suceso ocurri\u00f3 en la colonia La Favorita [&hellip;]\" \/>\n<meta property=\"og:url\" content=\"https:\/\/elhijodelllanero.mx\/index.php\/2024\/02\/13\/ahora-fueron-ocho-los-detenidos-en-celaya-por-delitos-contra-la-salud\/\" \/>\n<meta property=\"og:site_name\" content=\"El Hijo del llanero solititito\" \/>\n<meta property=\"article:published_time\" content=\"2024-02-13T22:13:34+00:00\" \/>\n<meta property=\"og:image\" content=\"https:\/\/elhijodelllanero.mx\/wp-content\/uploads\/2024\/02\/IMG-20240213-WA0040.jpg\" \/>\n\t<meta property=\"og:image:width\" content=\"1360\" \/>\n\t<meta property=\"og:image:height\" content=\"864\" \/>\n\t<meta property=\"og:image:type\" content=\"image\/jpeg\" \/>\n<meta name=\"author\" content=\"Redaccion\" \/>\n<meta name=\"twitter:card\" content=\"summary_large_image\" \/>\n<meta name=\"twitter:label1\" content=\"Escrito por\" \/>\n\t<meta name=\"twitter:data1\" content=\"Redaccion\" \/>\n\t<meta name=\"twitter:label2\" content=\"Tiempo de lectura\" \/>\n\t<meta name=\"twitter:data2\" content=\"3 minutos\" \/>\n<script type=\"application\/ld+json\" class=\"yoast-schema-graph\">{\"@context\":\"https:\\\/\\\/schema.org\",\"@graph\":[{\"@type\":\"Article\",\"@id\":\"https:\\\/\\\/elhijodelllanero.mx\\\/index.php\\\/2024\\\/02\\\/13\\\/ahora-fueron-ocho-los-detenidos-en-celaya-por-delitos-contra-la-salud\\\/#article\",\"isPartOf\":{\"@id\":\"https:\\\/\\\/elhijodelllanero.mx\\\/index.php\\\/2024\\\/02\\\/13\\\/ahora-fueron-ocho-los-detenidos-en-celaya-por-delitos-contra-la-salud\\\/\"},\"author\":{\"name\":\"Redaccion\",\"@id\":\"https:\\\/\\\/elhijodelllanero.mx\\\/#\\\/schema\\\/person\\\/5dcfdd3db3a6f7e7906ef5d92cf7340b\"},\"headline\":\"Ahora fueron ocho los detenidos en Celaya por delitos contra la salud.\",\"datePublished\":\"2024-02-13T22:13:34+00:00\",\"mainEntityOfPage\":{\"@id\":\"https:\\\/\\\/elhijodelllanero.mx\\\/index.php\\\/2024\\\/02\\\/13\\\/ahora-fueron-ocho-los-detenidos-en-celaya-por-delitos-contra-la-salud\\\/\"},\"wordCount\":538,\"commentCount\":0,\"image\":{\"@id\":\"https:\\\/\\\/elhijodelllanero.mx\\\/index.php\\\/2024\\\/02\\\/13\\\/ahora-fueron-ocho-los-detenidos-en-celaya-por-delitos-contra-la-salud\\\/#primaryimage\"},\"thumbnailUrl\":\"https:\\\/\\\/i0.wp.com\\\/elhijodelllanero.mx\\\/wp-content\\\/uploads\\\/2024\\\/02\\\/IMG-20240213-WA0040.jpg?fit=1360%2C864&ssl=1\",\"articleSection\":[\"POLICIACO\"],\"inLanguage\":\"es\",\"potentialAction\":[{\"@type\":\"CommentAction\",\"name\":\"Comment\",\"target\":[\"https:\\\/\\\/elhijodelllanero.mx\\\/index.php\\\/2024\\\/02\\\/13\\\/ahora-fueron-ocho-los-detenidos-en-celaya-por-delitos-contra-la-salud\\\/#respond\"]}]},{\"@type\":\"WebPage\",\"@id\":\"https:\\\/\\\/elhijodelllanero.mx\\\/index.php\\\/2024\\\/02\\\/13\\\/ahora-fueron-ocho-los-detenidos-en-celaya-por-delitos-contra-la-salud\\\/\",\"url\":\"https:\\\/\\\/elhijodelllanero.mx\\\/index.php\\\/2024\\\/02\\\/13\\\/ahora-fueron-ocho-los-detenidos-en-celaya-por-delitos-contra-la-salud\\\/\",\"name\":\"Ahora fueron ocho los detenidos en Celaya por delitos contra la salud. - El Hijo del llanero solititito\",\"isPartOf\":{\"@id\":\"https:\\\/\\\/elhijodelllanero.mx\\\/#website\"},\"primaryImageOfPage\":{\"@id\":\"https:\\\/\\\/elhijodelllanero.mx\\\/index.php\\\/2024\\\/02\\\/13\\\/ahora-fueron-ocho-los-detenidos-en-celaya-por-delitos-contra-la-salud\\\/#primaryimage\"},\"image\":{\"@id\":\"https:\\\/\\\/elhijodelllanero.mx\\\/index.php\\\/2024\\\/02\\\/13\\\/ahora-fueron-ocho-los-detenidos-en-celaya-por-delitos-contra-la-salud\\\/#primaryimage\"},\"thumbnailUrl\":\"https:\\\/\\\/i0.wp.com\\\/elhijodelllanero.mx\\\/wp-content\\\/uploads\\\/2024\\\/02\\\/IMG-20240213-WA0040.jpg?fit=1360%2C864&ssl=1\",\"datePublished\":\"2024-02-13T22:13:34+00:00\",\"author\":{\"@id\":\"https:\\\/\\\/elhijodelllanero.mx\\\/#\\\/schema\\\/person\\\/5dcfdd3db3a6f7e7906ef5d92cf7340b\"},\"breadcrumb\":{\"@id\":\"https:\\\/\\\/elhijodelllanero.mx\\\/index.php\\\/2024\\\/02\\\/13\\\/ahora-fueron-ocho-los-detenidos-en-celaya-por-delitos-contra-la-salud\\\/#breadcrumb\"},\"inLanguage\":\"es\",\"potentialAction\":[{\"@type\":\"ReadAction\",\"target\":[\"https:\\\/\\\/elhijodelllanero.mx\\\/index.php\\\/2024\\\/02\\\/13\\\/ahora-fueron-ocho-los-detenidos-en-celaya-por-delitos-contra-la-salud\\\/\"]}]},{\"@type\":\"ImageObject\",\"inLanguage\":\"es\",\"@id\":\"https:\\\/\\\/elhijodelllanero.mx\\\/index.php\\\/2024\\\/02\\\/13\\\/ahora-fueron-ocho-los-detenidos-en-celaya-por-delitos-contra-la-salud\\\/#primaryimage\",\"url\":\"https:\\\/\\\/i0.wp.com\\\/elhijodelllanero.mx\\\/wp-content\\\/uploads\\\/2024\\\/02\\\/IMG-20240213-WA0040.jpg?fit=1360%2C864&ssl=1\",\"contentUrl\":\"https:\\\/\\\/i0.wp.com\\\/elhijodelllanero.mx\\\/wp-content\\\/uploads\\\/2024\\\/02\\\/IMG-20240213-WA0040.jpg?fit=1360%2C864&ssl=1\",\"width\":1360,\"height\":864},{\"@type\":\"BreadcrumbList\",\"@id\":\"https:\\\/\\\/elhijodelllanero.mx\\\/index.php\\\/2024\\\/02\\\/13\\\/ahora-fueron-ocho-los-detenidos-en-celaya-por-delitos-contra-la-salud\\\/#breadcrumb\",\"itemListElement\":[{\"@type\":\"ListItem\",\"position\":1,\"name\":\"Portada\",\"item\":\"https:\\\/\\\/elhijodelllanero.mx\\\/\"},{\"@type\":\"ListItem\",\"position\":2,\"name\":\"Ahora fueron ocho los detenidos en Celaya por delitos contra la salud.\"}]},{\"@type\":\"WebSite\",\"@id\":\"https:\\\/\\\/elhijodelllanero.mx\\\/#website\",\"url\":\"https:\\\/\\\/elhijodelllanero.mx\\\/\",\"name\":\"El Hijo del llanero solititito\",\"description\":\"\",\"potentialAction\":[{\"@type\":\"SearchAction\",\"target\":{\"@type\":\"EntryPoint\",\"urlTemplate\":\"https:\\\/\\\/elhijodelllanero.mx\\\/?s={search_term_string}\"},\"query-input\":{\"@type\":\"PropertyValueSpecification\",\"valueRequired\":true,\"valueName\":\"search_term_string\"}}],\"inLanguage\":\"es\"},{\"@type\":\"Person\",\"@id\":\"https:\\\/\\\/elhijodelllanero.mx\\\/#\\\/schema\\\/person\\\/5dcfdd3db3a6f7e7906ef5d92cf7340b\",\"name\":\"Redaccion\",\"image\":{\"@type\":\"ImageObject\",\"inLanguage\":\"es\",\"@id\":\"https:\\\/\\\/secure.gravatar.com\\\/avatar\\\/f65b913d6e7be363e7396f7fad32ab76d311fbb575fa7e623ec3ea4799f3b718?s=96&d=mm&r=g\",\"url\":\"https:\\\/\\\/secure.gravatar.com\\\/avatar\\\/f65b913d6e7be363e7396f7fad32ab76d311fbb575fa7e623ec3ea4799f3b718?s=96&d=mm&r=g\",\"contentUrl\":\"https:\\\/\\\/secure.gravatar.com\\\/avatar\\\/f65b913d6e7be363e7396f7fad32ab76d311fbb575fa7e623ec3ea4799f3b718?s=96&d=mm&r=g\",\"caption\":\"Redaccion\"},\"sameAs\":[\"https:\\\/\\\/www.elhijodelllanero.mx\"],\"url\":\"https:\\\/\\\/elhijodelllanero.mx\\\/index.php\\\/author\\\/admin_6smc8z8t\\\/\"}]}<\/script>\n<!-- \/ Yoast SEO plugin. -->","yoast_head_json":{"title":"Ahora fueron ocho los detenidos en Celaya por delitos contra la salud. - El Hijo del llanero solititito","robots":{"index":"index","follow":"follow","max-snippet":"max-snippet:-1","max-image-preview":"max-image-preview:large","max-video-preview":"max-video-preview:-1"},"canonical":"https:\/\/elhijodelllanero.mx\/index.php\/2024\/02\/13\/ahora-fueron-ocho-los-detenidos-en-celaya-por-delitos-contra-la-salud\/","og_locale":"es_ES","og_type":"article","og_title":"Ahora fueron ocho los detenidos en Celaya por delitos contra la salud. - El Hijo del llanero solititito","og_description":"Celaya, Gto., 13 febrero 2024.- La Secretar\u00eda de Seguridad Ciudadana de Celaya (SSCC), informa que en diversos hechos la Polic\u00eda Municipal detuvo a ocho personas que se encontraban en posesi\u00f3n de 55 envoltorios de presunta droga, al realizar dispositivos de prevenci\u00f3n y vigilancia en varias colonias. El primer suceso ocurri\u00f3 en la colonia La Favorita [&hellip;]","og_url":"https:\/\/elhijodelllanero.mx\/index.php\/2024\/02\/13\/ahora-fueron-ocho-los-detenidos-en-celaya-por-delitos-contra-la-salud\/","og_site_name":"El Hijo del llanero solititito","article_published_time":"2024-02-13T22:13:34+00:00","og_image":[{"width":1360,"height":864,"url":"https:\/\/elhijodelllanero.mx\/wp-content\/uploads\/2024\/02\/IMG-20240213-WA0040.jpg","type":"image\/jpeg"}],"author":"Redaccion","twitter_card":"summary_large_image","twitter_misc":{"Escrito por":"Redaccion","Tiempo de lectura":"3 minutos"},"schema":{"@context":"https:\/\/schema.org","@graph":[{"@type":"Article","@id":"https:\/\/elhijodelllanero.mx\/index.php\/2024\/02\/13\/ahora-fueron-ocho-los-detenidos-en-celaya-por-delitos-contra-la-salud\/#article","isPartOf":{"@id":"https:\/\/elhijodelllanero.mx\/index.php\/2024\/02\/13\/ahora-fueron-ocho-los-detenidos-en-celaya-por-delitos-contra-la-salud\/"},"author":{"name":"Redaccion","@id":"https:\/\/elhijodelllanero.mx\/#\/schema\/person\/5dcfdd3db3a6f7e7906ef5d92cf7340b"},"headline":"Ahora fueron ocho los detenidos en Celaya por delitos contra la salud.","datePublished":"2024-02-13T22:13:34+00:00","mainEntityOfPage":{"@id":"https:\/\/elhijodelllanero.mx\/index.php\/2024\/02\/13\/ahora-fueron-ocho-los-detenidos-en-celaya-por-delitos-contra-la-salud\/"},"wordCount":538,"commentCount":0,"image":{"@id":"https:\/\/elhijodelllanero.mx\/index.php\/2024\/02\/13\/ahora-fueron-ocho-los-detenidos-en-celaya-por-delitos-contra-la-salud\/#primaryimage"},"thumbnailUrl":"https:\/\/i0.wp.com\/elhijodelllanero.mx\/wp-content\/uploads\/2024\/02\/IMG-20240213-WA0040.jpg?fit=1360%2C864&ssl=1","articleSection":["POLICIACO"],"inLanguage":"es","potentialAction":[{"@type":"CommentAction","name":"Comment","target":["https:\/\/elhijodelllanero.mx\/index.php\/2024\/02\/13\/ahora-fueron-ocho-los-detenidos-en-celaya-por-delitos-contra-la-salud\/#respond"]}]},{"@type":"WebPage","@id":"https:\/\/elhijodelllanero.mx\/index.php\/2024\/02\/13\/ahora-fueron-ocho-los-detenidos-en-celaya-por-delitos-contra-la-salud\/","url":"https:\/\/elhijodelllanero.mx\/index.php\/2024\/02\/13\/ahora-fueron-ocho-los-detenidos-en-celaya-por-delitos-contra-la-salud\/","name":"Ahora fueron ocho los detenidos en Celaya por delitos contra la salud. - El Hijo del llanero solititito","isPartOf":{"@id":"https:\/\/elhijodelllanero.mx\/#website"},"primaryImageOfPage":{"@id":"https:\/\/elhijodelllanero.mx\/index.php\/2024\/02\/13\/ahora-fueron-ocho-los-detenidos-en-celaya-por-delitos-contra-la-salud\/#primaryimage"},"image":{"@id":"https:\/\/elhijodelllanero.mx\/index.php\/2024\/02\/13\/ahora-fueron-ocho-los-detenidos-en-celaya-por-delitos-contra-la-salud\/#primaryimage"},"thumbnailUrl":"https:\/\/i0.wp.com\/elhijodelllanero.mx\/wp-content\/uploads\/2024\/02\/IMG-20240213-WA0040.jpg?fit=1360%2C864&ssl=1","datePublished":"2024-02-13T22:13:34+00:00","author":{"@id":"https:\/\/elhijodelllanero.mx\/#\/schema\/person\/5dcfdd3db3a6f7e7906ef5d92cf7340b"},"breadcrumb":{"@id":"https:\/\/elhijodelllanero.mx\/index.php\/2024\/02\/13\/ahora-fueron-ocho-los-detenidos-en-celaya-por-delitos-contra-la-salud\/#breadcrumb"},"inLanguage":"es","potentialAction":[{"@type":"ReadAction","target":["https:\/\/elhijodelllanero.mx\/index.php\/2024\/02\/13\/ahora-fueron-ocho-los-detenidos-en-celaya-por-delitos-contra-la-salud\/"]}]},{"@type":"ImageObject","inLanguage":"es","@id":"https:\/\/elhijodelllanero.mx\/index.php\/2024\/02\/13\/ahora-fueron-ocho-los-detenidos-en-celaya-por-delitos-contra-la-salud\/#primaryimage","url":"https:\/\/i0.wp.com\/elhijodelllanero.mx\/wp-content\/uploads\/2024\/02\/IMG-20240213-WA0040.jpg?fit=1360%2C864&ssl=1","contentUrl":"https:\/\/i0.wp.com\/elhijodelllanero.mx\/wp-content\/uploads\/2024\/02\/IMG-20240213-WA0040.jpg?fit=1360%2C864&ssl=1","width":1360,"height":864},{"@type":"BreadcrumbList","@id":"https:\/\/elhijodelllanero.mx\/index.php\/2024\/02\/13\/ahora-fueron-ocho-los-detenidos-en-celaya-por-delitos-contra-la-salud\/#breadcrumb","itemListElement":[{"@type":"ListItem","position":1,"name":"Portada","item":"https:\/\/elhijodelllanero.mx\/"},{"@type":"ListItem","position":2,"name":"Ahora fueron ocho los detenidos en Celaya por delitos contra la salud."}]},{"@type":"WebSite","@id":"https:\/\/elhijodelllanero.mx\/#website","url":"https:\/\/elhijodelllanero.mx\/","name":"El Hijo del llanero solititito","description":"","potentialAction":[{"@type":"SearchAction","target":{"@type":"EntryPoint","urlTemplate":"https:\/\/elhijodelllanero.mx\/?s={search_term_string}"},"query-input":{"@type":"PropertyValueSpecification","valueRequired":true,"valueName":"search_term_string"}}],"inLanguage":"es"},{"@type":"Person","@id":"https:\/\/elhijodelllanero.mx\/#\/schema\/person\/5dcfdd3db3a6f7e7906ef5d92cf7340b","name":"Redaccion","image":{"@type":"ImageObject","inLanguage":"es","@id":"https:\/\/secure.gravatar.com\/avatar\/f65b913d6e7be363e7396f7fad32ab76d311fbb575fa7e623ec3ea4799f3b718?s=96&d=mm&r=g","url":"https:\/\/secure.gravatar.com\/avatar\/f65b913d6e7be363e7396f7fad32ab76d311fbb575fa7e623ec3ea4799f3b718?s=96&d=mm&r=g","contentUrl":"https:\/\/secure.gravatar.com\/avatar\/f65b913d6e7be363e7396f7fad32ab76d311fbb575fa7e623ec3ea4799f3b718?s=96&d=mm&r=g","caption":"Redaccion"},"sameAs":["https:\/\/www.elhijodelllanero.mx"],"url":"https:\/\/elhijodelllanero.mx\/index.php\/author\/admin_6smc8z8t\/"}]}},"jetpack_featured_media_url":"https:\/\/i0.wp.com\/elhijodelllanero.mx\/wp-content\/uploads\/2024\/02\/IMG-20240213-WA0040.jpg?fit=1360%2C864&ssl=1","jetpack-related-posts":[],"jetpack_sharing_enabled":true,"_links":{"self":[{"href":"https:\/\/elhijodelllanero.mx\/index.php\/wp-json\/wp\/v2\/posts\/4380","targetHints":{"allow":["GET"]}}],"collection":[{"href":"https:\/\/elhijodelllanero.mx\/index.php\/wp-json\/wp\/v2\/posts"}],"about":[{"href":"https:\/\/elhijodelllanero.mx\/index.php\/wp-json\/wp\/v2\/types\/post"}],"author":[{"embeddable":true,"href":"https:\/\/elhijodelllanero.mx\/index.php\/wp-json\/wp\/v2\/users\/1"}],"replies":[{"embeddable":true,"href":"https:\/\/elhijodelllanero.mx\/index.php\/wp-json\/wp\/v2\/comments?post=4380"}],"version-history":[{"count":1,"href":"https:\/\/elhijodelllanero.mx\/index.php\/wp-json\/wp\/v2\/posts\/4380\/revisions"}],"predecessor-version":[{"id":4382,"href":"https:\/\/elhijodelllanero.mx\/index.php\/wp-json\/wp\/v2\/posts\/4380\/revisions\/4382"}],"wp:featuredmedia":[{"embeddable":true,"href":"https:\/\/elhijodelllanero.mx\/index.php\/wp-json\/wp\/v2\/media\/4381"}],"wp:attachment":[{"href":"https:\/\/elhijodelllanero.mx\/index.php\/wp-json\/wp\/v2\/media?parent=4380"}],"wp:term":[{"taxonomy":"category","embeddable":true,"href":"https:\/\/elhijodelllanero.mx\/index.php\/wp-json\/wp\/v2\/categories?post=4380"},{"taxonomy":"post_tag","embeddable":true,"href":"https:\/\/elhijodelllanero.mx\/index.php\/wp-json\/wp\/v2\/tags?post=4380"}],"curies":[{"name":"wp","href":"https:\/\/api.w.org\/{rel}","templated":true}]}}