{"id":4383,"date":"2024-02-13T22:22:45","date_gmt":"2024-02-13T22:22:45","guid":{"rendered":"https:\/\/elhijodelllanero.mx\/?p=4383"},"modified":"2024-02-13T22:22:45","modified_gmt":"2024-02-13T22:22:45","slug":"iran-medio-centenar-de-abuelos-sin-fronteras-a-e-u-para-visitar-a-sus-familiares","status":"publish","type":"post","link":"https:\/\/elhijodelllanero.mx\/index.php\/2024\/02\/13\/iran-medio-centenar-de-abuelos-sin-fronteras-a-e-u-para-visitar-a-sus-familiares\/","title":{"rendered":"Ir\u00e1n medio centenar de \u201cAbuelos sin Fronteras\u201d a E.U. para visitar a sus familiares."},"content":{"rendered":"<p>Ir\u00e1n medio centenar de \u201cAbuelos sin<\/p>\n<p>Apaseo el Grande, Gto., 13 febrero 2024.- Inici\u00f3 la segunda etapa del programa \u201cAbuelos sin Fronteras\u201d, que coordina la Direcci\u00f3n de Desarrollo Social y que durante el 2023, logr\u00f3 la reunificaci\u00f3n de 50 familias en Estados Unidos.<br \/>\nEl Alcalde, Chelis Oliveros se dirigi\u00f3 a los ciudadanos agradeciendo la confianza en este programa ya que \u201ces a trav\u00e9s de estas asociaciones civiles, a trav\u00e9s del ciudadano como este gobierno ha encontrado la base para resolver muchos problemas que tenemos y enfrentamos\u201d, dijo.<br \/>\nAsimismo, se\u00f1al\u00f3 que este programa ha permitido \u201cencontrar ra\u00edces all\u00e1, del otro lado\u201d, y agradeci\u00f3 el acompa\u00f1amiento y seguimiento de Casa Guanajuato.<br \/>\nEsta segunda etapa inici\u00f3 con una reuni\u00f3n informativa en la presidencia municipal, en donde se detall\u00f3 que \u201cAbuelos sin Fronteras\u201d tiene como objetivo trabajar en la gesti\u00f3n para el tr\u00e1mite de visado para que las personas adultas mayores visiten a sus hijas e hijos radicados en el extranjero.<br \/>\nAdem\u00e1s de dar continuidad a la participaci\u00f3n de las organizaciones y\/o clubes de personas migrantes de guanajuatenses en el extranjero. En este sentido, se cont\u00f3 con la presencia de Iv\u00f3n Gonz\u00e1lez, representante de Casa Guanajuato Dallas-M\u00e9xico, quien reconoci\u00f3 el trabajo del Presidente Municipal y su equipo para lograr los objetivos.<br \/>\n\u201cSon pocos los alcaldes que se ocupan en temas tan importantes como \u00e9ste, que es la familia. Pocos se ocupan en reunificarlas\u201d, se\u00f1al\u00f3 Iv\u00f3n Gonz\u00e1lez, reiterando que en la primera estatal se logr\u00f3 reunificar a 50 familias.<br \/>\nEn el arranque de esta etapa se cont\u00f3 con la presencia del Director de Desarrollo Social, Francisco Mendoza Ramos y de la Secretaria del H. Ayuntamiento, Laura Navarro Jim\u00e9nez.<\/p>\n","protected":false},"excerpt":{"rendered":"<p>Ir\u00e1n medio centenar de \u201cAbuelos sin Apaseo el Grande, Gto., 13 febrero 2024.- Inici\u00f3 la segunda etapa del programa \u201cAbuelos sin Fronteras\u201d, que coordina la Direcci\u00f3n de Desarrollo Social y que durante el 2023, logr\u00f3 la reunificaci\u00f3n de 50 familias en Estados Unidos. El Alcalde, Chelis Oliveros se dirigi\u00f3 a los ciudadanos agradeciendo la confianza [&hellip;]<\/p>\n","protected":false},"author":1,"featured_media":4385,"comment_status":"open","ping_status":"closed","sticky":false,"template":"","format":"standard","meta":{"_jetpack_newsletter_access":"","_jetpack_dont_email_post_to_subs":false,"_jetpack_newsletter_tier_id":0,"_jetpack_memberships_contains_paywalled_content":false,"_jetpack_memberships_contains_paid_content":false,"footnotes":""},"categories":[78],"tags":[],"class_list":{"0":"post-4383","1":"post","2":"type-post","3":"status-publish","4":"format-standard","5":"has-post-thumbnail","7":"category-apaseo-el-grande"},"yoast_head":"<!-- This site is optimized with the Yoast SEO plugin v27.3 - https:\/\/yoast.com\/product\/yoast-seo-wordpress\/ -->\n<title>Ir\u00e1n medio centenar de \u201cAbuelos sin Fronteras\u201d a E.U. para visitar a sus familiares. - El Hijo del llanero solititito<\/title>\n<meta name=\"robots\" content=\"index, follow, max-snippet:-1, max-image-preview:large, max-video-preview:-1\" \/>\n<link rel=\"canonical\" href=\"https:\/\/elhijodelllanero.mx\/index.php\/2024\/02\/13\/iran-medio-centenar-de-abuelos-sin-fronteras-a-e-u-para-visitar-a-sus-familiares\/\" \/>\n<meta property=\"og:locale\" content=\"es_ES\" \/>\n<meta property=\"og:type\" content=\"article\" \/>\n<meta property=\"og:title\" content=\"Ir\u00e1n medio centenar de \u201cAbuelos sin Fronteras\u201d a E.U. para visitar a sus familiares. - El Hijo del llanero solititito\" \/>\n<meta property=\"og:description\" content=\"Ir\u00e1n medio centenar de \u201cAbuelos sin Apaseo el Grande, Gto., 13 febrero 2024.- Inici\u00f3 la segunda etapa del programa \u201cAbuelos sin Fronteras\u201d, que coordina la Direcci\u00f3n de Desarrollo Social y que durante el 2023, logr\u00f3 la reunificaci\u00f3n de 50 familias en Estados Unidos. El Alcalde, Chelis Oliveros se dirigi\u00f3 a los ciudadanos agradeciendo la confianza [&hellip;]\" \/>\n<meta property=\"og:url\" content=\"https:\/\/elhijodelllanero.mx\/index.php\/2024\/02\/13\/iran-medio-centenar-de-abuelos-sin-fronteras-a-e-u-para-visitar-a-sus-familiares\/\" \/>\n<meta property=\"og:site_name\" content=\"El Hijo del llanero solititito\" \/>\n<meta property=\"article:published_time\" content=\"2024-02-13T22:22:45+00:00\" \/>\n<meta property=\"og:image\" content=\"https:\/\/elhijodelllanero.mx\/wp-content\/uploads\/2024\/02\/IMG-20240213-WA0022.jpg\" \/>\n\t<meta property=\"og:image:width\" content=\"2560\" \/>\n\t<meta property=\"og:image:height\" content=\"1706\" \/>\n\t<meta property=\"og:image:type\" content=\"image\/jpeg\" \/>\n<meta name=\"author\" content=\"Redaccion\" \/>\n<meta name=\"twitter:card\" content=\"summary_large_image\" \/>\n<meta name=\"twitter:label1\" content=\"Escrito por\" \/>\n\t<meta name=\"twitter:data1\" content=\"Redaccion\" \/>\n\t<meta name=\"twitter:label2\" content=\"Tiempo de lectura\" \/>\n\t<meta name=\"twitter:data2\" content=\"2 minutos\" \/>\n<script type=\"application\/ld+json\" class=\"yoast-schema-graph\">{\"@context\":\"https:\\\/\\\/schema.org\",\"@graph\":[{\"@type\":\"Article\",\"@id\":\"https:\\\/\\\/elhijodelllanero.mx\\\/index.php\\\/2024\\\/02\\\/13\\\/iran-medio-centenar-de-abuelos-sin-fronteras-a-e-u-para-visitar-a-sus-familiares\\\/#article\",\"isPartOf\":{\"@id\":\"https:\\\/\\\/elhijodelllanero.mx\\\/index.php\\\/2024\\\/02\\\/13\\\/iran-medio-centenar-de-abuelos-sin-fronteras-a-e-u-para-visitar-a-sus-familiares\\\/\"},\"author\":{\"name\":\"Redaccion\",\"@id\":\"https:\\\/\\\/elhijodelllanero.mx\\\/#\\\/schema\\\/person\\\/5dcfdd3db3a6f7e7906ef5d92cf7340b\"},\"headline\":\"Ir\u00e1n medio centenar de \u201cAbuelos sin Fronteras\u201d a E.U. para visitar a sus familiares.\",\"datePublished\":\"2024-02-13T22:22:45+00:00\",\"mainEntityOfPage\":{\"@id\":\"https:\\\/\\\/elhijodelllanero.mx\\\/index.php\\\/2024\\\/02\\\/13\\\/iran-medio-centenar-de-abuelos-sin-fronteras-a-e-u-para-visitar-a-sus-familiares\\\/\"},\"wordCount\":306,\"commentCount\":0,\"image\":{\"@id\":\"https:\\\/\\\/elhijodelllanero.mx\\\/index.php\\\/2024\\\/02\\\/13\\\/iran-medio-centenar-de-abuelos-sin-fronteras-a-e-u-para-visitar-a-sus-familiares\\\/#primaryimage\"},\"thumbnailUrl\":\"https:\\\/\\\/i0.wp.com\\\/elhijodelllanero.mx\\\/wp-content\\\/uploads\\\/2024\\\/02\\\/IMG-20240213-WA0022.jpg?fit=2560%2C1706&ssl=1\",\"articleSection\":[\"APASEO EL GRANDE\"],\"inLanguage\":\"es\",\"potentialAction\":[{\"@type\":\"CommentAction\",\"name\":\"Comment\",\"target\":[\"https:\\\/\\\/elhijodelllanero.mx\\\/index.php\\\/2024\\\/02\\\/13\\\/iran-medio-centenar-de-abuelos-sin-fronteras-a-e-u-para-visitar-a-sus-familiares\\\/#respond\"]}]},{\"@type\":\"WebPage\",\"@id\":\"https:\\\/\\\/elhijodelllanero.mx\\\/index.php\\\/2024\\\/02\\\/13\\\/iran-medio-centenar-de-abuelos-sin-fronteras-a-e-u-para-visitar-a-sus-familiares\\\/\",\"url\":\"https:\\\/\\\/elhijodelllanero.mx\\\/index.php\\\/2024\\\/02\\\/13\\\/iran-medio-centenar-de-abuelos-sin-fronteras-a-e-u-para-visitar-a-sus-familiares\\\/\",\"name\":\"Ir\u00e1n medio centenar de \u201cAbuelos sin Fronteras\u201d a E.U. para visitar a sus familiares. - El Hijo del llanero solititito\",\"isPartOf\":{\"@id\":\"https:\\\/\\\/elhijodelllanero.mx\\\/#website\"},\"primaryImageOfPage\":{\"@id\":\"https:\\\/\\\/elhijodelllanero.mx\\\/index.php\\\/2024\\\/02\\\/13\\\/iran-medio-centenar-de-abuelos-sin-fronteras-a-e-u-para-visitar-a-sus-familiares\\\/#primaryimage\"},\"image\":{\"@id\":\"https:\\\/\\\/elhijodelllanero.mx\\\/index.php\\\/2024\\\/02\\\/13\\\/iran-medio-centenar-de-abuelos-sin-fronteras-a-e-u-para-visitar-a-sus-familiares\\\/#primaryimage\"},\"thumbnailUrl\":\"https:\\\/\\\/i0.wp.com\\\/elhijodelllanero.mx\\\/wp-content\\\/uploads\\\/2024\\\/02\\\/IMG-20240213-WA0022.jpg?fit=2560%2C1706&ssl=1\",\"datePublished\":\"2024-02-13T22:22:45+00:00\",\"author\":{\"@id\":\"https:\\\/\\\/elhijodelllanero.mx\\\/#\\\/schema\\\/person\\\/5dcfdd3db3a6f7e7906ef5d92cf7340b\"},\"breadcrumb\":{\"@id\":\"https:\\\/\\\/elhijodelllanero.mx\\\/index.php\\\/2024\\\/02\\\/13\\\/iran-medio-centenar-de-abuelos-sin-fronteras-a-e-u-para-visitar-a-sus-familiares\\\/#breadcrumb\"},\"inLanguage\":\"es\",\"potentialAction\":[{\"@type\":\"ReadAction\",\"target\":[\"https:\\\/\\\/elhijodelllanero.mx\\\/index.php\\\/2024\\\/02\\\/13\\\/iran-medio-centenar-de-abuelos-sin-fronteras-a-e-u-para-visitar-a-sus-familiares\\\/\"]}]},{\"@type\":\"ImageObject\",\"inLanguage\":\"es\",\"@id\":\"https:\\\/\\\/elhijodelllanero.mx\\\/index.php\\\/2024\\\/02\\\/13\\\/iran-medio-centenar-de-abuelos-sin-fronteras-a-e-u-para-visitar-a-sus-familiares\\\/#primaryimage\",\"url\":\"https:\\\/\\\/i0.wp.com\\\/elhijodelllanero.mx\\\/wp-content\\\/uploads\\\/2024\\\/02\\\/IMG-20240213-WA0022.jpg?fit=2560%2C1706&ssl=1\",\"contentUrl\":\"https:\\\/\\\/i0.wp.com\\\/elhijodelllanero.mx\\\/wp-content\\\/uploads\\\/2024\\\/02\\\/IMG-20240213-WA0022.jpg?fit=2560%2C1706&ssl=1\",\"width\":2560,\"height\":1706},{\"@type\":\"BreadcrumbList\",\"@id\":\"https:\\\/\\\/elhijodelllanero.mx\\\/index.php\\\/2024\\\/02\\\/13\\\/iran-medio-centenar-de-abuelos-sin-fronteras-a-e-u-para-visitar-a-sus-familiares\\\/#breadcrumb\",\"itemListElement\":[{\"@type\":\"ListItem\",\"position\":1,\"name\":\"Portada\",\"item\":\"https:\\\/\\\/elhijodelllanero.mx\\\/\"},{\"@type\":\"ListItem\",\"position\":2,\"name\":\"Ir\u00e1n medio centenar de \u201cAbuelos sin Fronteras\u201d a E.U. para visitar a sus familiares.\"}]},{\"@type\":\"WebSite\",\"@id\":\"https:\\\/\\\/elhijodelllanero.mx\\\/#website\",\"url\":\"https:\\\/\\\/elhijodelllanero.mx\\\/\",\"name\":\"El Hijo del llanero solititito\",\"description\":\"\",\"potentialAction\":[{\"@type\":\"SearchAction\",\"target\":{\"@type\":\"EntryPoint\",\"urlTemplate\":\"https:\\\/\\\/elhijodelllanero.mx\\\/?s={search_term_string}\"},\"query-input\":{\"@type\":\"PropertyValueSpecification\",\"valueRequired\":true,\"valueName\":\"search_term_string\"}}],\"inLanguage\":\"es\"},{\"@type\":\"Person\",\"@id\":\"https:\\\/\\\/elhijodelllanero.mx\\\/#\\\/schema\\\/person\\\/5dcfdd3db3a6f7e7906ef5d92cf7340b\",\"name\":\"Redaccion\",\"image\":{\"@type\":\"ImageObject\",\"inLanguage\":\"es\",\"@id\":\"https:\\\/\\\/secure.gravatar.com\\\/avatar\\\/f65b913d6e7be363e7396f7fad32ab76d311fbb575fa7e623ec3ea4799f3b718?s=96&d=mm&r=g\",\"url\":\"https:\\\/\\\/secure.gravatar.com\\\/avatar\\\/f65b913d6e7be363e7396f7fad32ab76d311fbb575fa7e623ec3ea4799f3b718?s=96&d=mm&r=g\",\"contentUrl\":\"https:\\\/\\\/secure.gravatar.com\\\/avatar\\\/f65b913d6e7be363e7396f7fad32ab76d311fbb575fa7e623ec3ea4799f3b718?s=96&d=mm&r=g\",\"caption\":\"Redaccion\"},\"sameAs\":[\"https:\\\/\\\/www.elhijodelllanero.mx\"],\"url\":\"https:\\\/\\\/elhijodelllanero.mx\\\/index.php\\\/author\\\/admin_6smc8z8t\\\/\"}]}<\/script>\n<!-- \/ Yoast SEO plugin. -->","yoast_head_json":{"title":"Ir\u00e1n medio centenar de \u201cAbuelos sin Fronteras\u201d a E.U. para visitar a sus familiares. - El Hijo del llanero solititito","robots":{"index":"index","follow":"follow","max-snippet":"max-snippet:-1","max-image-preview":"max-image-preview:large","max-video-preview":"max-video-preview:-1"},"canonical":"https:\/\/elhijodelllanero.mx\/index.php\/2024\/02\/13\/iran-medio-centenar-de-abuelos-sin-fronteras-a-e-u-para-visitar-a-sus-familiares\/","og_locale":"es_ES","og_type":"article","og_title":"Ir\u00e1n medio centenar de \u201cAbuelos sin Fronteras\u201d a E.U. para visitar a sus familiares. - El Hijo del llanero solititito","og_description":"Ir\u00e1n medio centenar de \u201cAbuelos sin Apaseo el Grande, Gto., 13 febrero 2024.- Inici\u00f3 la segunda etapa del programa \u201cAbuelos sin Fronteras\u201d, que coordina la Direcci\u00f3n de Desarrollo Social y que durante el 2023, logr\u00f3 la reunificaci\u00f3n de 50 familias en Estados Unidos. El Alcalde, Chelis Oliveros se dirigi\u00f3 a los ciudadanos agradeciendo la confianza [&hellip;]","og_url":"https:\/\/elhijodelllanero.mx\/index.php\/2024\/02\/13\/iran-medio-centenar-de-abuelos-sin-fronteras-a-e-u-para-visitar-a-sus-familiares\/","og_site_name":"El Hijo del llanero solititito","article_published_time":"2024-02-13T22:22:45+00:00","og_image":[{"width":2560,"height":1706,"url":"https:\/\/elhijodelllanero.mx\/wp-content\/uploads\/2024\/02\/IMG-20240213-WA0022.jpg","type":"image\/jpeg"}],"author":"Redaccion","twitter_card":"summary_large_image","twitter_misc":{"Escrito por":"Redaccion","Tiempo de lectura":"2 minutos"},"schema":{"@context":"https:\/\/schema.org","@graph":[{"@type":"Article","@id":"https:\/\/elhijodelllanero.mx\/index.php\/2024\/02\/13\/iran-medio-centenar-de-abuelos-sin-fronteras-a-e-u-para-visitar-a-sus-familiares\/#article","isPartOf":{"@id":"https:\/\/elhijodelllanero.mx\/index.php\/2024\/02\/13\/iran-medio-centenar-de-abuelos-sin-fronteras-a-e-u-para-visitar-a-sus-familiares\/"},"author":{"name":"Redaccion","@id":"https:\/\/elhijodelllanero.mx\/#\/schema\/person\/5dcfdd3db3a6f7e7906ef5d92cf7340b"},"headline":"Ir\u00e1n medio centenar de \u201cAbuelos sin Fronteras\u201d a E.U. para visitar a sus familiares.","datePublished":"2024-02-13T22:22:45+00:00","mainEntityOfPage":{"@id":"https:\/\/elhijodelllanero.mx\/index.php\/2024\/02\/13\/iran-medio-centenar-de-abuelos-sin-fronteras-a-e-u-para-visitar-a-sus-familiares\/"},"wordCount":306,"commentCount":0,"image":{"@id":"https:\/\/elhijodelllanero.mx\/index.php\/2024\/02\/13\/iran-medio-centenar-de-abuelos-sin-fronteras-a-e-u-para-visitar-a-sus-familiares\/#primaryimage"},"thumbnailUrl":"https:\/\/i0.wp.com\/elhijodelllanero.mx\/wp-content\/uploads\/2024\/02\/IMG-20240213-WA0022.jpg?fit=2560%2C1706&ssl=1","articleSection":["APASEO EL GRANDE"],"inLanguage":"es","potentialAction":[{"@type":"CommentAction","name":"Comment","target":["https:\/\/elhijodelllanero.mx\/index.php\/2024\/02\/13\/iran-medio-centenar-de-abuelos-sin-fronteras-a-e-u-para-visitar-a-sus-familiares\/#respond"]}]},{"@type":"WebPage","@id":"https:\/\/elhijodelllanero.mx\/index.php\/2024\/02\/13\/iran-medio-centenar-de-abuelos-sin-fronteras-a-e-u-para-visitar-a-sus-familiares\/","url":"https:\/\/elhijodelllanero.mx\/index.php\/2024\/02\/13\/iran-medio-centenar-de-abuelos-sin-fronteras-a-e-u-para-visitar-a-sus-familiares\/","name":"Ir\u00e1n medio centenar de \u201cAbuelos sin Fronteras\u201d a E.U. para visitar a sus familiares. - El Hijo del llanero solititito","isPartOf":{"@id":"https:\/\/elhijodelllanero.mx\/#website"},"primaryImageOfPage":{"@id":"https:\/\/elhijodelllanero.mx\/index.php\/2024\/02\/13\/iran-medio-centenar-de-abuelos-sin-fronteras-a-e-u-para-visitar-a-sus-familiares\/#primaryimage"},"image":{"@id":"https:\/\/elhijodelllanero.mx\/index.php\/2024\/02\/13\/iran-medio-centenar-de-abuelos-sin-fronteras-a-e-u-para-visitar-a-sus-familiares\/#primaryimage"},"thumbnailUrl":"https:\/\/i0.wp.com\/elhijodelllanero.mx\/wp-content\/uploads\/2024\/02\/IMG-20240213-WA0022.jpg?fit=2560%2C1706&ssl=1","datePublished":"2024-02-13T22:22:45+00:00","author":{"@id":"https:\/\/elhijodelllanero.mx\/#\/schema\/person\/5dcfdd3db3a6f7e7906ef5d92cf7340b"},"breadcrumb":{"@id":"https:\/\/elhijodelllanero.mx\/index.php\/2024\/02\/13\/iran-medio-centenar-de-abuelos-sin-fronteras-a-e-u-para-visitar-a-sus-familiares\/#breadcrumb"},"inLanguage":"es","potentialAction":[{"@type":"ReadAction","target":["https:\/\/elhijodelllanero.mx\/index.php\/2024\/02\/13\/iran-medio-centenar-de-abuelos-sin-fronteras-a-e-u-para-visitar-a-sus-familiares\/"]}]},{"@type":"ImageObject","inLanguage":"es","@id":"https:\/\/elhijodelllanero.mx\/index.php\/2024\/02\/13\/iran-medio-centenar-de-abuelos-sin-fronteras-a-e-u-para-visitar-a-sus-familiares\/#primaryimage","url":"https:\/\/i0.wp.com\/elhijodelllanero.mx\/wp-content\/uploads\/2024\/02\/IMG-20240213-WA0022.jpg?fit=2560%2C1706&ssl=1","contentUrl":"https:\/\/i0.wp.com\/elhijodelllanero.mx\/wp-content\/uploads\/2024\/02\/IMG-20240213-WA0022.jpg?fit=2560%2C1706&ssl=1","width":2560,"height":1706},{"@type":"BreadcrumbList","@id":"https:\/\/elhijodelllanero.mx\/index.php\/2024\/02\/13\/iran-medio-centenar-de-abuelos-sin-fronteras-a-e-u-para-visitar-a-sus-familiares\/#breadcrumb","itemListElement":[{"@type":"ListItem","position":1,"name":"Portada","item":"https:\/\/elhijodelllanero.mx\/"},{"@type":"ListItem","position":2,"name":"Ir\u00e1n medio centenar de \u201cAbuelos sin Fronteras\u201d a E.U. para visitar a sus familiares."}]},{"@type":"WebSite","@id":"https:\/\/elhijodelllanero.mx\/#website","url":"https:\/\/elhijodelllanero.mx\/","name":"El Hijo del llanero solititito","description":"","potentialAction":[{"@type":"SearchAction","target":{"@type":"EntryPoint","urlTemplate":"https:\/\/elhijodelllanero.mx\/?s={search_term_string}"},"query-input":{"@type":"PropertyValueSpecification","valueRequired":true,"valueName":"search_term_string"}}],"inLanguage":"es"},{"@type":"Person","@id":"https:\/\/elhijodelllanero.mx\/#\/schema\/person\/5dcfdd3db3a6f7e7906ef5d92cf7340b","name":"Redaccion","image":{"@type":"ImageObject","inLanguage":"es","@id":"https:\/\/secure.gravatar.com\/avatar\/f65b913d6e7be363e7396f7fad32ab76d311fbb575fa7e623ec3ea4799f3b718?s=96&d=mm&r=g","url":"https:\/\/secure.gravatar.com\/avatar\/f65b913d6e7be363e7396f7fad32ab76d311fbb575fa7e623ec3ea4799f3b718?s=96&d=mm&r=g","contentUrl":"https:\/\/secure.gravatar.com\/avatar\/f65b913d6e7be363e7396f7fad32ab76d311fbb575fa7e623ec3ea4799f3b718?s=96&d=mm&r=g","caption":"Redaccion"},"sameAs":["https:\/\/www.elhijodelllanero.mx"],"url":"https:\/\/elhijodelllanero.mx\/index.php\/author\/admin_6smc8z8t\/"}]}},"jetpack_featured_media_url":"https:\/\/i0.wp.com\/elhijodelllanero.mx\/wp-content\/uploads\/2024\/02\/IMG-20240213-WA0022.jpg?fit=2560%2C1706&ssl=1","jetpack-related-posts":[],"jetpack_sharing_enabled":true,"_links":{"self":[{"href":"https:\/\/elhijodelllanero.mx\/index.php\/wp-json\/wp\/v2\/posts\/4383","targetHints":{"allow":["GET"]}}],"collection":[{"href":"https:\/\/elhijodelllanero.mx\/index.php\/wp-json\/wp\/v2\/posts"}],"about":[{"href":"https:\/\/elhijodelllanero.mx\/index.php\/wp-json\/wp\/v2\/types\/post"}],"author":[{"embeddable":true,"href":"https:\/\/elhijodelllanero.mx\/index.php\/wp-json\/wp\/v2\/users\/1"}],"replies":[{"embeddable":true,"href":"https:\/\/elhijodelllanero.mx\/index.php\/wp-json\/wp\/v2\/comments?post=4383"}],"version-history":[{"count":1,"href":"https:\/\/elhijodelllanero.mx\/index.php\/wp-json\/wp\/v2\/posts\/4383\/revisions"}],"predecessor-version":[{"id":4386,"href":"https:\/\/elhijodelllanero.mx\/index.php\/wp-json\/wp\/v2\/posts\/4383\/revisions\/4386"}],"wp:featuredmedia":[{"embeddable":true,"href":"https:\/\/elhijodelllanero.mx\/index.php\/wp-json\/wp\/v2\/media\/4385"}],"wp:attachment":[{"href":"https:\/\/elhijodelllanero.mx\/index.php\/wp-json\/wp\/v2\/media?parent=4383"}],"wp:term":[{"taxonomy":"category","embeddable":true,"href":"https:\/\/elhijodelllanero.mx\/index.php\/wp-json\/wp\/v2\/categories?post=4383"},{"taxonomy":"post_tag","embeddable":true,"href":"https:\/\/elhijodelllanero.mx\/index.php\/wp-json\/wp\/v2\/tags?post=4383"}],"curies":[{"name":"wp","href":"https:\/\/api.w.org\/{rel}","templated":true}]}}