{"id":4392,"date":"2024-02-14T23:43:30","date_gmt":"2024-02-14T23:43:30","guid":{"rendered":"https:\/\/elhijodelllanero.mx\/?p=4392"},"modified":"2024-02-14T23:43:30","modified_gmt":"2024-02-14T23:43:30","slug":"entregan-equipamiento-a-pequenos-negocios-de-la-region","status":"publish","type":"post","link":"https:\/\/elhijodelllanero.mx\/index.php\/2024\/02\/14\/entregan-equipamiento-a-pequenos-negocios-de-la-region\/","title":{"rendered":"Entregan equipamiento a peque\u00f1os negocios de la regi\u00f3n."},"content":{"rendered":"<p>Celaya, Gto., 14 febrero 2024.- Para incentivar el auto empleo, la productividad y el desarrollo econ\u00f3mico de los guanajuatenses, fueron entregados apoyos en maquinaria, herramientas y equipamiento a 250 beneficiarios de 20 municipios, entre ellos varios celayenses, con una inversi\u00f3n de casi 7 millones de pesos.<br \/>\nAutoridades estatales mediante la Secretar\u00eda de Desarrollo Econ\u00f3mico Sustentable, junto con alcaldesas y alcaldes de la regi\u00f3n, entregaron equipo y herramientas para personas que tienen un negocio.<br \/>\nEl presidente municipal de Celaya, Javier Mendoza M\u00e1rquez, dio la bienvenida a los casi 500 asistentes.<br \/>\n\u201cLe agradezco al Gobierno del Estado de Guanajuato el apoyo para los beneficiarios de nuestra Celaya Bonita y de los beneficiarios de los municipios de la regi\u00f3n Laja Baj\u00edo. Gracias porque estos apoyos, que no son d\u00e1divas, incentivan el autoempleo, el emprendimiento, y en determinado momento la generaci\u00f3n de m\u00e1s puestos de trabajo\u201d, afirm\u00f3.<br \/>\nEl secretario de Desarrollo Econ\u00f3mico Sustentable, Ram\u00f3n Alfaro G\u00f3mez, dijo que estos programas sirven para facilitar las cosas a quienes tienen un negocio. \u201cConf\u00edo en Ti\u201d los respalda, expres\u00f3, y los exhort\u00f3 a que no desistan si hay alguna dificultad y que tengan por seguro que pueden contar con sus autoridades para apoyarlos.<br \/>\nDel programa \u201cGu\u00edas Empresariales\u201d se entregaron 72 equipamientos productivos con una inversi\u00f3n de m\u00e1s de 1 mill\u00f3n 600 mil pesos, a beneficiarios de la regi\u00f3n, a quienes les servir\u00e1 para ejercer un oficio u actividad econ\u00f3mica que les permita diversificar su ingreso y\/o la generaci\u00f3n de empleo.<br \/>\nDel programa \u201cConf\u00edo en Ti\u201d se entreg\u00f3 apoyo a 178 personas de diversos municipios por un monto de m\u00e1s de 5 millones 290 mil pesos para apoyarlos en el inicio de operaciones, consolidar su producci\u00f3n, desarrollo de mercado y herramienta.<br \/>\nSe apoyaron negocios de alba\u00f1iler\u00eda, autolavados, carnicer\u00edas, carpinter\u00eda, preparaci\u00f3n de alimentos, electricistas, estilistas, jardiner\u00eda, mec\u00e1nica, panader\u00eda, reposter\u00eda, plomer\u00eda, tortiller\u00edas, entre otros.<\/p>\n","protected":false},"excerpt":{"rendered":"<p>Celaya, Gto., 14 febrero 2024.- Para incentivar el auto empleo, la productividad y el desarrollo econ\u00f3mico de los guanajuatenses, fueron entregados apoyos en maquinaria, herramientas y equipamiento a 250 beneficiarios de 20 municipios, entre ellos varios celayenses, con una inversi\u00f3n de casi 7 millones de pesos. Autoridades estatales mediante la Secretar\u00eda de Desarrollo Econ\u00f3mico Sustentable, [&hellip;]<\/p>\n","protected":false},"author":1,"featured_media":4393,"comment_status":"open","ping_status":"closed","sticky":false,"template":"","format":"standard","meta":{"_jetpack_newsletter_access":"","_jetpack_dont_email_post_to_subs":false,"_jetpack_newsletter_tier_id":0,"_jetpack_memberships_contains_paywalled_content":false,"_jetpack_memberships_contains_paid_content":false,"footnotes":""},"categories":[74],"tags":[],"class_list":{"0":"post-4392","1":"post","2":"type-post","3":"status-publish","4":"format-standard","5":"has-post-thumbnail","7":"category-celaya"},"yoast_head":"<!-- This site is optimized with the Yoast SEO plugin v27.3 - https:\/\/yoast.com\/product\/yoast-seo-wordpress\/ -->\n<title>Entregan equipamiento a peque\u00f1os negocios de la regi\u00f3n. - El Hijo del llanero solititito<\/title>\n<meta name=\"robots\" content=\"index, follow, max-snippet:-1, max-image-preview:large, max-video-preview:-1\" \/>\n<link rel=\"canonical\" href=\"https:\/\/elhijodelllanero.mx\/index.php\/2024\/02\/14\/entregan-equipamiento-a-pequenos-negocios-de-la-region\/\" \/>\n<meta property=\"og:locale\" content=\"es_ES\" \/>\n<meta property=\"og:type\" content=\"article\" \/>\n<meta property=\"og:title\" content=\"Entregan equipamiento a peque\u00f1os negocios de la regi\u00f3n. - El Hijo del llanero solititito\" \/>\n<meta property=\"og:description\" content=\"Celaya, Gto., 14 febrero 2024.- Para incentivar el auto empleo, la productividad y el desarrollo econ\u00f3mico de los guanajuatenses, fueron entregados apoyos en maquinaria, herramientas y equipamiento a 250 beneficiarios de 20 municipios, entre ellos varios celayenses, con una inversi\u00f3n de casi 7 millones de pesos. Autoridades estatales mediante la Secretar\u00eda de Desarrollo Econ\u00f3mico Sustentable, [&hellip;]\" \/>\n<meta property=\"og:url\" content=\"https:\/\/elhijodelllanero.mx\/index.php\/2024\/02\/14\/entregan-equipamiento-a-pequenos-negocios-de-la-region\/\" \/>\n<meta property=\"og:site_name\" content=\"El Hijo del llanero solititito\" \/>\n<meta property=\"article:published_time\" content=\"2024-02-14T23:43:30+00:00\" \/>\n<meta property=\"og:image\" content=\"https:\/\/elhijodelllanero.mx\/wp-content\/uploads\/2024\/02\/IMG-20240214-WA0095.jpg\" \/>\n\t<meta property=\"og:image:width\" content=\"1280\" \/>\n\t<meta property=\"og:image:height\" content=\"853\" \/>\n\t<meta property=\"og:image:type\" content=\"image\/jpeg\" \/>\n<meta name=\"author\" content=\"Redaccion\" \/>\n<meta name=\"twitter:card\" content=\"summary_large_image\" \/>\n<meta name=\"twitter:label1\" content=\"Escrito por\" \/>\n\t<meta name=\"twitter:data1\" content=\"Redaccion\" \/>\n\t<meta name=\"twitter:label2\" content=\"Tiempo de lectura\" \/>\n\t<meta name=\"twitter:data2\" content=\"2 minutos\" \/>\n<script type=\"application\/ld+json\" class=\"yoast-schema-graph\">{\"@context\":\"https:\\\/\\\/schema.org\",\"@graph\":[{\"@type\":\"Article\",\"@id\":\"https:\\\/\\\/elhijodelllanero.mx\\\/index.php\\\/2024\\\/02\\\/14\\\/entregan-equipamiento-a-pequenos-negocios-de-la-region\\\/#article\",\"isPartOf\":{\"@id\":\"https:\\\/\\\/elhijodelllanero.mx\\\/index.php\\\/2024\\\/02\\\/14\\\/entregan-equipamiento-a-pequenos-negocios-de-la-region\\\/\"},\"author\":{\"name\":\"Redaccion\",\"@id\":\"https:\\\/\\\/elhijodelllanero.mx\\\/#\\\/schema\\\/person\\\/5dcfdd3db3a6f7e7906ef5d92cf7340b\"},\"headline\":\"Entregan equipamiento a peque\u00f1os negocios de la regi\u00f3n.\",\"datePublished\":\"2024-02-14T23:43:30+00:00\",\"mainEntityOfPage\":{\"@id\":\"https:\\\/\\\/elhijodelllanero.mx\\\/index.php\\\/2024\\\/02\\\/14\\\/entregan-equipamiento-a-pequenos-negocios-de-la-region\\\/\"},\"wordCount\":340,\"commentCount\":0,\"image\":{\"@id\":\"https:\\\/\\\/elhijodelllanero.mx\\\/index.php\\\/2024\\\/02\\\/14\\\/entregan-equipamiento-a-pequenos-negocios-de-la-region\\\/#primaryimage\"},\"thumbnailUrl\":\"https:\\\/\\\/i0.wp.com\\\/elhijodelllanero.mx\\\/wp-content\\\/uploads\\\/2024\\\/02\\\/IMG-20240214-WA0095.jpg?fit=1280%2C853&ssl=1\",\"articleSection\":[\"CELAYA\"],\"inLanguage\":\"es\",\"potentialAction\":[{\"@type\":\"CommentAction\",\"name\":\"Comment\",\"target\":[\"https:\\\/\\\/elhijodelllanero.mx\\\/index.php\\\/2024\\\/02\\\/14\\\/entregan-equipamiento-a-pequenos-negocios-de-la-region\\\/#respond\"]}]},{\"@type\":\"WebPage\",\"@id\":\"https:\\\/\\\/elhijodelllanero.mx\\\/index.php\\\/2024\\\/02\\\/14\\\/entregan-equipamiento-a-pequenos-negocios-de-la-region\\\/\",\"url\":\"https:\\\/\\\/elhijodelllanero.mx\\\/index.php\\\/2024\\\/02\\\/14\\\/entregan-equipamiento-a-pequenos-negocios-de-la-region\\\/\",\"name\":\"Entregan equipamiento a peque\u00f1os negocios de la regi\u00f3n. - El Hijo del llanero solititito\",\"isPartOf\":{\"@id\":\"https:\\\/\\\/elhijodelllanero.mx\\\/#website\"},\"primaryImageOfPage\":{\"@id\":\"https:\\\/\\\/elhijodelllanero.mx\\\/index.php\\\/2024\\\/02\\\/14\\\/entregan-equipamiento-a-pequenos-negocios-de-la-region\\\/#primaryimage\"},\"image\":{\"@id\":\"https:\\\/\\\/elhijodelllanero.mx\\\/index.php\\\/2024\\\/02\\\/14\\\/entregan-equipamiento-a-pequenos-negocios-de-la-region\\\/#primaryimage\"},\"thumbnailUrl\":\"https:\\\/\\\/i0.wp.com\\\/elhijodelllanero.mx\\\/wp-content\\\/uploads\\\/2024\\\/02\\\/IMG-20240214-WA0095.jpg?fit=1280%2C853&ssl=1\",\"datePublished\":\"2024-02-14T23:43:30+00:00\",\"author\":{\"@id\":\"https:\\\/\\\/elhijodelllanero.mx\\\/#\\\/schema\\\/person\\\/5dcfdd3db3a6f7e7906ef5d92cf7340b\"},\"breadcrumb\":{\"@id\":\"https:\\\/\\\/elhijodelllanero.mx\\\/index.php\\\/2024\\\/02\\\/14\\\/entregan-equipamiento-a-pequenos-negocios-de-la-region\\\/#breadcrumb\"},\"inLanguage\":\"es\",\"potentialAction\":[{\"@type\":\"ReadAction\",\"target\":[\"https:\\\/\\\/elhijodelllanero.mx\\\/index.php\\\/2024\\\/02\\\/14\\\/entregan-equipamiento-a-pequenos-negocios-de-la-region\\\/\"]}]},{\"@type\":\"ImageObject\",\"inLanguage\":\"es\",\"@id\":\"https:\\\/\\\/elhijodelllanero.mx\\\/index.php\\\/2024\\\/02\\\/14\\\/entregan-equipamiento-a-pequenos-negocios-de-la-region\\\/#primaryimage\",\"url\":\"https:\\\/\\\/i0.wp.com\\\/elhijodelllanero.mx\\\/wp-content\\\/uploads\\\/2024\\\/02\\\/IMG-20240214-WA0095.jpg?fit=1280%2C853&ssl=1\",\"contentUrl\":\"https:\\\/\\\/i0.wp.com\\\/elhijodelllanero.mx\\\/wp-content\\\/uploads\\\/2024\\\/02\\\/IMG-20240214-WA0095.jpg?fit=1280%2C853&ssl=1\",\"width\":1280,\"height\":853},{\"@type\":\"BreadcrumbList\",\"@id\":\"https:\\\/\\\/elhijodelllanero.mx\\\/index.php\\\/2024\\\/02\\\/14\\\/entregan-equipamiento-a-pequenos-negocios-de-la-region\\\/#breadcrumb\",\"itemListElement\":[{\"@type\":\"ListItem\",\"position\":1,\"name\":\"Portada\",\"item\":\"https:\\\/\\\/elhijodelllanero.mx\\\/\"},{\"@type\":\"ListItem\",\"position\":2,\"name\":\"Entregan equipamiento a peque\u00f1os negocios de la regi\u00f3n.\"}]},{\"@type\":\"WebSite\",\"@id\":\"https:\\\/\\\/elhijodelllanero.mx\\\/#website\",\"url\":\"https:\\\/\\\/elhijodelllanero.mx\\\/\",\"name\":\"El Hijo del llanero solititito\",\"description\":\"\",\"potentialAction\":[{\"@type\":\"SearchAction\",\"target\":{\"@type\":\"EntryPoint\",\"urlTemplate\":\"https:\\\/\\\/elhijodelllanero.mx\\\/?s={search_term_string}\"},\"query-input\":{\"@type\":\"PropertyValueSpecification\",\"valueRequired\":true,\"valueName\":\"search_term_string\"}}],\"inLanguage\":\"es\"},{\"@type\":\"Person\",\"@id\":\"https:\\\/\\\/elhijodelllanero.mx\\\/#\\\/schema\\\/person\\\/5dcfdd3db3a6f7e7906ef5d92cf7340b\",\"name\":\"Redaccion\",\"image\":{\"@type\":\"ImageObject\",\"inLanguage\":\"es\",\"@id\":\"https:\\\/\\\/secure.gravatar.com\\\/avatar\\\/f65b913d6e7be363e7396f7fad32ab76d311fbb575fa7e623ec3ea4799f3b718?s=96&d=mm&r=g\",\"url\":\"https:\\\/\\\/secure.gravatar.com\\\/avatar\\\/f65b913d6e7be363e7396f7fad32ab76d311fbb575fa7e623ec3ea4799f3b718?s=96&d=mm&r=g\",\"contentUrl\":\"https:\\\/\\\/secure.gravatar.com\\\/avatar\\\/f65b913d6e7be363e7396f7fad32ab76d311fbb575fa7e623ec3ea4799f3b718?s=96&d=mm&r=g\",\"caption\":\"Redaccion\"},\"sameAs\":[\"https:\\\/\\\/www.elhijodelllanero.mx\"],\"url\":\"https:\\\/\\\/elhijodelllanero.mx\\\/index.php\\\/author\\\/admin_6smc8z8t\\\/\"}]}<\/script>\n<!-- \/ Yoast SEO plugin. -->","yoast_head_json":{"title":"Entregan equipamiento a peque\u00f1os negocios de la regi\u00f3n. - El Hijo del llanero solititito","robots":{"index":"index","follow":"follow","max-snippet":"max-snippet:-1","max-image-preview":"max-image-preview:large","max-video-preview":"max-video-preview:-1"},"canonical":"https:\/\/elhijodelllanero.mx\/index.php\/2024\/02\/14\/entregan-equipamiento-a-pequenos-negocios-de-la-region\/","og_locale":"es_ES","og_type":"article","og_title":"Entregan equipamiento a peque\u00f1os negocios de la regi\u00f3n. - El Hijo del llanero solititito","og_description":"Celaya, Gto., 14 febrero 2024.- Para incentivar el auto empleo, la productividad y el desarrollo econ\u00f3mico de los guanajuatenses, fueron entregados apoyos en maquinaria, herramientas y equipamiento a 250 beneficiarios de 20 municipios, entre ellos varios celayenses, con una inversi\u00f3n de casi 7 millones de pesos. Autoridades estatales mediante la Secretar\u00eda de Desarrollo Econ\u00f3mico Sustentable, [&hellip;]","og_url":"https:\/\/elhijodelllanero.mx\/index.php\/2024\/02\/14\/entregan-equipamiento-a-pequenos-negocios-de-la-region\/","og_site_name":"El Hijo del llanero solititito","article_published_time":"2024-02-14T23:43:30+00:00","og_image":[{"width":1280,"height":853,"url":"https:\/\/elhijodelllanero.mx\/wp-content\/uploads\/2024\/02\/IMG-20240214-WA0095.jpg","type":"image\/jpeg"}],"author":"Redaccion","twitter_card":"summary_large_image","twitter_misc":{"Escrito por":"Redaccion","Tiempo de lectura":"2 minutos"},"schema":{"@context":"https:\/\/schema.org","@graph":[{"@type":"Article","@id":"https:\/\/elhijodelllanero.mx\/index.php\/2024\/02\/14\/entregan-equipamiento-a-pequenos-negocios-de-la-region\/#article","isPartOf":{"@id":"https:\/\/elhijodelllanero.mx\/index.php\/2024\/02\/14\/entregan-equipamiento-a-pequenos-negocios-de-la-region\/"},"author":{"name":"Redaccion","@id":"https:\/\/elhijodelllanero.mx\/#\/schema\/person\/5dcfdd3db3a6f7e7906ef5d92cf7340b"},"headline":"Entregan equipamiento a peque\u00f1os negocios de la regi\u00f3n.","datePublished":"2024-02-14T23:43:30+00:00","mainEntityOfPage":{"@id":"https:\/\/elhijodelllanero.mx\/index.php\/2024\/02\/14\/entregan-equipamiento-a-pequenos-negocios-de-la-region\/"},"wordCount":340,"commentCount":0,"image":{"@id":"https:\/\/elhijodelllanero.mx\/index.php\/2024\/02\/14\/entregan-equipamiento-a-pequenos-negocios-de-la-region\/#primaryimage"},"thumbnailUrl":"https:\/\/i0.wp.com\/elhijodelllanero.mx\/wp-content\/uploads\/2024\/02\/IMG-20240214-WA0095.jpg?fit=1280%2C853&ssl=1","articleSection":["CELAYA"],"inLanguage":"es","potentialAction":[{"@type":"CommentAction","name":"Comment","target":["https:\/\/elhijodelllanero.mx\/index.php\/2024\/02\/14\/entregan-equipamiento-a-pequenos-negocios-de-la-region\/#respond"]}]},{"@type":"WebPage","@id":"https:\/\/elhijodelllanero.mx\/index.php\/2024\/02\/14\/entregan-equipamiento-a-pequenos-negocios-de-la-region\/","url":"https:\/\/elhijodelllanero.mx\/index.php\/2024\/02\/14\/entregan-equipamiento-a-pequenos-negocios-de-la-region\/","name":"Entregan equipamiento a peque\u00f1os negocios de la regi\u00f3n. - El Hijo del llanero solititito","isPartOf":{"@id":"https:\/\/elhijodelllanero.mx\/#website"},"primaryImageOfPage":{"@id":"https:\/\/elhijodelllanero.mx\/index.php\/2024\/02\/14\/entregan-equipamiento-a-pequenos-negocios-de-la-region\/#primaryimage"},"image":{"@id":"https:\/\/elhijodelllanero.mx\/index.php\/2024\/02\/14\/entregan-equipamiento-a-pequenos-negocios-de-la-region\/#primaryimage"},"thumbnailUrl":"https:\/\/i0.wp.com\/elhijodelllanero.mx\/wp-content\/uploads\/2024\/02\/IMG-20240214-WA0095.jpg?fit=1280%2C853&ssl=1","datePublished":"2024-02-14T23:43:30+00:00","author":{"@id":"https:\/\/elhijodelllanero.mx\/#\/schema\/person\/5dcfdd3db3a6f7e7906ef5d92cf7340b"},"breadcrumb":{"@id":"https:\/\/elhijodelllanero.mx\/index.php\/2024\/02\/14\/entregan-equipamiento-a-pequenos-negocios-de-la-region\/#breadcrumb"},"inLanguage":"es","potentialAction":[{"@type":"ReadAction","target":["https:\/\/elhijodelllanero.mx\/index.php\/2024\/02\/14\/entregan-equipamiento-a-pequenos-negocios-de-la-region\/"]}]},{"@type":"ImageObject","inLanguage":"es","@id":"https:\/\/elhijodelllanero.mx\/index.php\/2024\/02\/14\/entregan-equipamiento-a-pequenos-negocios-de-la-region\/#primaryimage","url":"https:\/\/i0.wp.com\/elhijodelllanero.mx\/wp-content\/uploads\/2024\/02\/IMG-20240214-WA0095.jpg?fit=1280%2C853&ssl=1","contentUrl":"https:\/\/i0.wp.com\/elhijodelllanero.mx\/wp-content\/uploads\/2024\/02\/IMG-20240214-WA0095.jpg?fit=1280%2C853&ssl=1","width":1280,"height":853},{"@type":"BreadcrumbList","@id":"https:\/\/elhijodelllanero.mx\/index.php\/2024\/02\/14\/entregan-equipamiento-a-pequenos-negocios-de-la-region\/#breadcrumb","itemListElement":[{"@type":"ListItem","position":1,"name":"Portada","item":"https:\/\/elhijodelllanero.mx\/"},{"@type":"ListItem","position":2,"name":"Entregan equipamiento a peque\u00f1os negocios de la regi\u00f3n."}]},{"@type":"WebSite","@id":"https:\/\/elhijodelllanero.mx\/#website","url":"https:\/\/elhijodelllanero.mx\/","name":"El Hijo del llanero solititito","description":"","potentialAction":[{"@type":"SearchAction","target":{"@type":"EntryPoint","urlTemplate":"https:\/\/elhijodelllanero.mx\/?s={search_term_string}"},"query-input":{"@type":"PropertyValueSpecification","valueRequired":true,"valueName":"search_term_string"}}],"inLanguage":"es"},{"@type":"Person","@id":"https:\/\/elhijodelllanero.mx\/#\/schema\/person\/5dcfdd3db3a6f7e7906ef5d92cf7340b","name":"Redaccion","image":{"@type":"ImageObject","inLanguage":"es","@id":"https:\/\/secure.gravatar.com\/avatar\/f65b913d6e7be363e7396f7fad32ab76d311fbb575fa7e623ec3ea4799f3b718?s=96&d=mm&r=g","url":"https:\/\/secure.gravatar.com\/avatar\/f65b913d6e7be363e7396f7fad32ab76d311fbb575fa7e623ec3ea4799f3b718?s=96&d=mm&r=g","contentUrl":"https:\/\/secure.gravatar.com\/avatar\/f65b913d6e7be363e7396f7fad32ab76d311fbb575fa7e623ec3ea4799f3b718?s=96&d=mm&r=g","caption":"Redaccion"},"sameAs":["https:\/\/www.elhijodelllanero.mx"],"url":"https:\/\/elhijodelllanero.mx\/index.php\/author\/admin_6smc8z8t\/"}]}},"jetpack_featured_media_url":"https:\/\/i0.wp.com\/elhijodelllanero.mx\/wp-content\/uploads\/2024\/02\/IMG-20240214-WA0095.jpg?fit=1280%2C853&ssl=1","jetpack-related-posts":[],"jetpack_sharing_enabled":true,"_links":{"self":[{"href":"https:\/\/elhijodelllanero.mx\/index.php\/wp-json\/wp\/v2\/posts\/4392","targetHints":{"allow":["GET"]}}],"collection":[{"href":"https:\/\/elhijodelllanero.mx\/index.php\/wp-json\/wp\/v2\/posts"}],"about":[{"href":"https:\/\/elhijodelllanero.mx\/index.php\/wp-json\/wp\/v2\/types\/post"}],"author":[{"embeddable":true,"href":"https:\/\/elhijodelllanero.mx\/index.php\/wp-json\/wp\/v2\/users\/1"}],"replies":[{"embeddable":true,"href":"https:\/\/elhijodelllanero.mx\/index.php\/wp-json\/wp\/v2\/comments?post=4392"}],"version-history":[{"count":1,"href":"https:\/\/elhijodelllanero.mx\/index.php\/wp-json\/wp\/v2\/posts\/4392\/revisions"}],"predecessor-version":[{"id":4394,"href":"https:\/\/elhijodelllanero.mx\/index.php\/wp-json\/wp\/v2\/posts\/4392\/revisions\/4394"}],"wp:featuredmedia":[{"embeddable":true,"href":"https:\/\/elhijodelllanero.mx\/index.php\/wp-json\/wp\/v2\/media\/4393"}],"wp:attachment":[{"href":"https:\/\/elhijodelllanero.mx\/index.php\/wp-json\/wp\/v2\/media?parent=4392"}],"wp:term":[{"taxonomy":"category","embeddable":true,"href":"https:\/\/elhijodelllanero.mx\/index.php\/wp-json\/wp\/v2\/categories?post=4392"},{"taxonomy":"post_tag","embeddable":true,"href":"https:\/\/elhijodelllanero.mx\/index.php\/wp-json\/wp\/v2\/tags?post=4392"}],"curies":[{"name":"wp","href":"https:\/\/api.w.org\/{rel}","templated":true}]}}