{"id":4395,"date":"2024-02-14T23:47:55","date_gmt":"2024-02-14T23:47:55","guid":{"rendered":"https:\/\/elhijodelllanero.mx\/?p=4395"},"modified":"2024-02-14T23:47:55","modified_gmt":"2024-02-14T23:47:55","slug":"atiende-jumapa-colapso-de-drenaje-en-tramo-de-la-calle-jimenez","status":"publish","type":"post","link":"https:\/\/elhijodelllanero.mx\/index.php\/2024\/02\/14\/atiende-jumapa-colapso-de-drenaje-en-tramo-de-la-calle-jimenez\/","title":{"rendered":"Atiende JUMAPA colapso de drenaje en tramo de la calle Jim\u00e9nez"},"content":{"rendered":"<p>Cambiar\u00e1n red de agua y drenaje con m\u00e1s de 40 a\u00f1os, cerrar\u00e1n el tramo de Insurgentes a Leandro Valle.<\/p>\n<p>Celaya, Gto., 14 febrero 2024.- La Junta Municipal de Agua Potable y Alcantarillado de Celaya (JUMAPA) rehabilitar\u00e1 la red de agua potable y alcantarillado en una cuadra de la calle de Mariano Jim\u00e9nez, del barrio de San Antonio, la cual ya que perdi\u00f3 su vida \u00fatil.<br \/>\nSe trata del tramo que comprende de la calle Insurgentes a Leandro Valle, el cual derivado de una constante de atenci\u00f3n a desazolves y reparaciones de fugas de agua, se determin\u00f3 rehabilitar la red de agua potable y alcantarillado instalada en esta cuadra mencionada.<br \/>\nLos trabajos comenzar\u00e1n el pr\u00f3ximo viernes 16 de febrero, pero \u00fanicamente con acciones de trazo y corte, entre otras acciones preliminares al proceso de excavaci\u00f3n, por lo que el cierre v\u00eda se realizar\u00e1 en el transcurso de la pr\u00f3xima semana.<br \/>\nPara JUMAPA es muy importante mitigar las afectaciones por estos procesos constructivos necesarios para prevenir condiciones de salud p\u00fablica, adem\u00e1s de garantizar los servicios b\u00e1sicos que necesitan las familias, ya que al existir redes en malas condiciones puede contaminarse la red de agua potable que abastece a esta calle, entre otras afectaciones.<br \/>\nPor tal motivo, se pide la comprensi\u00f3n de los ciudadanos y automovilistas que por ah\u00ed transita, y recomienda a los automovilistas que utilizan esta arteria tomar precauciones y circular por v\u00edas alternas como la calle Galeana, que es la paralela a Jim\u00e9nez.<br \/>\nLa obra consta de la instalaci\u00f3n de casi 500 metros de nueva red de agua potable y drenaje, que incluyen 73 descargas y tomas domiciliarias.<br \/>\nEl periodo de ejecuci\u00f3n total de la obra es de alrededor 2 meses y medio, y se tiene una inversi\u00f3n de contrato por parte de JUMAPA de casi 3 millones de pesos. Sin embargo, se permitir\u00e1 el trafico local en la medida de lo posible o conforme avanza la obra.<br \/>\nEl compromiso de JUMAPA es respetar los tiempos de ejecuci\u00f3n programados, que es al 30 de abril.<\/p>\n","protected":false},"excerpt":{"rendered":"<p>Cambiar\u00e1n red de agua y drenaje con m\u00e1s de 40 a\u00f1os, cerrar\u00e1n el tramo de Insurgentes a Leandro Valle. Celaya, Gto., 14 febrero 2024.- La Junta Municipal de Agua Potable y Alcantarillado de Celaya (JUMAPA) rehabilitar\u00e1 la red de agua potable y alcantarillado en una cuadra de la calle de Mariano Jim\u00e9nez, del barrio de [&hellip;]<\/p>\n","protected":false},"author":1,"featured_media":4396,"comment_status":"open","ping_status":"closed","sticky":false,"template":"","format":"standard","meta":{"_jetpack_newsletter_access":"","_jetpack_dont_email_post_to_subs":false,"_jetpack_newsletter_tier_id":0,"_jetpack_memberships_contains_paywalled_content":false,"_jetpack_memberships_contains_paid_content":false,"footnotes":""},"categories":[74],"tags":[],"class_list":{"0":"post-4395","1":"post","2":"type-post","3":"status-publish","4":"format-standard","5":"has-post-thumbnail","7":"category-celaya"},"yoast_head":"<!-- This site is optimized with the Yoast SEO plugin v27.3 - https:\/\/yoast.com\/product\/yoast-seo-wordpress\/ -->\n<title>Atiende JUMAPA colapso de drenaje en tramo de la calle Jim\u00e9nez - El Hijo del llanero solititito<\/title>\n<meta name=\"robots\" content=\"index, follow, max-snippet:-1, max-image-preview:large, max-video-preview:-1\" \/>\n<link rel=\"canonical\" href=\"https:\/\/elhijodelllanero.mx\/index.php\/2024\/02\/14\/atiende-jumapa-colapso-de-drenaje-en-tramo-de-la-calle-jimenez\/\" \/>\n<meta property=\"og:locale\" content=\"es_ES\" \/>\n<meta property=\"og:type\" content=\"article\" \/>\n<meta property=\"og:title\" content=\"Atiende JUMAPA colapso de drenaje en tramo de la calle Jim\u00e9nez - El Hijo del llanero solititito\" \/>\n<meta property=\"og:description\" content=\"Cambiar\u00e1n red de agua y drenaje con m\u00e1s de 40 a\u00f1os, cerrar\u00e1n el tramo de Insurgentes a Leandro Valle. Celaya, Gto., 14 febrero 2024.- La Junta Municipal de Agua Potable y Alcantarillado de Celaya (JUMAPA) rehabilitar\u00e1 la red de agua potable y alcantarillado en una cuadra de la calle de Mariano Jim\u00e9nez, del barrio de [&hellip;]\" \/>\n<meta property=\"og:url\" content=\"https:\/\/elhijodelllanero.mx\/index.php\/2024\/02\/14\/atiende-jumapa-colapso-de-drenaje-en-tramo-de-la-calle-jimenez\/\" \/>\n<meta property=\"og:site_name\" content=\"El Hijo del llanero solititito\" \/>\n<meta property=\"article:published_time\" content=\"2024-02-14T23:47:55+00:00\" \/>\n<meta property=\"og:image\" content=\"https:\/\/elhijodelllanero.mx\/wp-content\/uploads\/2024\/02\/IMG-20240214-WA0096.jpg\" \/>\n\t<meta property=\"og:image:width\" content=\"1600\" \/>\n\t<meta property=\"og:image:height\" content=\"1200\" \/>\n\t<meta property=\"og:image:type\" content=\"image\/jpeg\" \/>\n<meta name=\"author\" content=\"Redaccion\" \/>\n<meta name=\"twitter:card\" content=\"summary_large_image\" \/>\n<meta name=\"twitter:label1\" content=\"Escrito por\" \/>\n\t<meta name=\"twitter:data1\" content=\"Redaccion\" \/>\n\t<meta name=\"twitter:label2\" content=\"Tiempo de lectura\" \/>\n\t<meta name=\"twitter:data2\" content=\"2 minutos\" \/>\n<script type=\"application\/ld+json\" class=\"yoast-schema-graph\">{\"@context\":\"https:\\\/\\\/schema.org\",\"@graph\":[{\"@type\":\"Article\",\"@id\":\"https:\\\/\\\/elhijodelllanero.mx\\\/index.php\\\/2024\\\/02\\\/14\\\/atiende-jumapa-colapso-de-drenaje-en-tramo-de-la-calle-jimenez\\\/#article\",\"isPartOf\":{\"@id\":\"https:\\\/\\\/elhijodelllanero.mx\\\/index.php\\\/2024\\\/02\\\/14\\\/atiende-jumapa-colapso-de-drenaje-en-tramo-de-la-calle-jimenez\\\/\"},\"author\":{\"name\":\"Redaccion\",\"@id\":\"https:\\\/\\\/elhijodelllanero.mx\\\/#\\\/schema\\\/person\\\/5dcfdd3db3a6f7e7906ef5d92cf7340b\"},\"headline\":\"Atiende JUMAPA colapso de drenaje en tramo de la calle Jim\u00e9nez\",\"datePublished\":\"2024-02-14T23:47:55+00:00\",\"mainEntityOfPage\":{\"@id\":\"https:\\\/\\\/elhijodelllanero.mx\\\/index.php\\\/2024\\\/02\\\/14\\\/atiende-jumapa-colapso-de-drenaje-en-tramo-de-la-calle-jimenez\\\/\"},\"wordCount\":360,\"commentCount\":0,\"image\":{\"@id\":\"https:\\\/\\\/elhijodelllanero.mx\\\/index.php\\\/2024\\\/02\\\/14\\\/atiende-jumapa-colapso-de-drenaje-en-tramo-de-la-calle-jimenez\\\/#primaryimage\"},\"thumbnailUrl\":\"https:\\\/\\\/i0.wp.com\\\/elhijodelllanero.mx\\\/wp-content\\\/uploads\\\/2024\\\/02\\\/IMG-20240214-WA0096.jpg?fit=1600%2C1200&ssl=1\",\"articleSection\":[\"CELAYA\"],\"inLanguage\":\"es\",\"potentialAction\":[{\"@type\":\"CommentAction\",\"name\":\"Comment\",\"target\":[\"https:\\\/\\\/elhijodelllanero.mx\\\/index.php\\\/2024\\\/02\\\/14\\\/atiende-jumapa-colapso-de-drenaje-en-tramo-de-la-calle-jimenez\\\/#respond\"]}]},{\"@type\":\"WebPage\",\"@id\":\"https:\\\/\\\/elhijodelllanero.mx\\\/index.php\\\/2024\\\/02\\\/14\\\/atiende-jumapa-colapso-de-drenaje-en-tramo-de-la-calle-jimenez\\\/\",\"url\":\"https:\\\/\\\/elhijodelllanero.mx\\\/index.php\\\/2024\\\/02\\\/14\\\/atiende-jumapa-colapso-de-drenaje-en-tramo-de-la-calle-jimenez\\\/\",\"name\":\"Atiende JUMAPA colapso de drenaje en tramo de la calle Jim\u00e9nez - El Hijo del llanero solititito\",\"isPartOf\":{\"@id\":\"https:\\\/\\\/elhijodelllanero.mx\\\/#website\"},\"primaryImageOfPage\":{\"@id\":\"https:\\\/\\\/elhijodelllanero.mx\\\/index.php\\\/2024\\\/02\\\/14\\\/atiende-jumapa-colapso-de-drenaje-en-tramo-de-la-calle-jimenez\\\/#primaryimage\"},\"image\":{\"@id\":\"https:\\\/\\\/elhijodelllanero.mx\\\/index.php\\\/2024\\\/02\\\/14\\\/atiende-jumapa-colapso-de-drenaje-en-tramo-de-la-calle-jimenez\\\/#primaryimage\"},\"thumbnailUrl\":\"https:\\\/\\\/i0.wp.com\\\/elhijodelllanero.mx\\\/wp-content\\\/uploads\\\/2024\\\/02\\\/IMG-20240214-WA0096.jpg?fit=1600%2C1200&ssl=1\",\"datePublished\":\"2024-02-14T23:47:55+00:00\",\"author\":{\"@id\":\"https:\\\/\\\/elhijodelllanero.mx\\\/#\\\/schema\\\/person\\\/5dcfdd3db3a6f7e7906ef5d92cf7340b\"},\"breadcrumb\":{\"@id\":\"https:\\\/\\\/elhijodelllanero.mx\\\/index.php\\\/2024\\\/02\\\/14\\\/atiende-jumapa-colapso-de-drenaje-en-tramo-de-la-calle-jimenez\\\/#breadcrumb\"},\"inLanguage\":\"es\",\"potentialAction\":[{\"@type\":\"ReadAction\",\"target\":[\"https:\\\/\\\/elhijodelllanero.mx\\\/index.php\\\/2024\\\/02\\\/14\\\/atiende-jumapa-colapso-de-drenaje-en-tramo-de-la-calle-jimenez\\\/\"]}]},{\"@type\":\"ImageObject\",\"inLanguage\":\"es\",\"@id\":\"https:\\\/\\\/elhijodelllanero.mx\\\/index.php\\\/2024\\\/02\\\/14\\\/atiende-jumapa-colapso-de-drenaje-en-tramo-de-la-calle-jimenez\\\/#primaryimage\",\"url\":\"https:\\\/\\\/i0.wp.com\\\/elhijodelllanero.mx\\\/wp-content\\\/uploads\\\/2024\\\/02\\\/IMG-20240214-WA0096.jpg?fit=1600%2C1200&ssl=1\",\"contentUrl\":\"https:\\\/\\\/i0.wp.com\\\/elhijodelllanero.mx\\\/wp-content\\\/uploads\\\/2024\\\/02\\\/IMG-20240214-WA0096.jpg?fit=1600%2C1200&ssl=1\",\"width\":1600,\"height\":1200},{\"@type\":\"BreadcrumbList\",\"@id\":\"https:\\\/\\\/elhijodelllanero.mx\\\/index.php\\\/2024\\\/02\\\/14\\\/atiende-jumapa-colapso-de-drenaje-en-tramo-de-la-calle-jimenez\\\/#breadcrumb\",\"itemListElement\":[{\"@type\":\"ListItem\",\"position\":1,\"name\":\"Portada\",\"item\":\"https:\\\/\\\/elhijodelllanero.mx\\\/\"},{\"@type\":\"ListItem\",\"position\":2,\"name\":\"Atiende JUMAPA colapso de drenaje en tramo de la calle Jim\u00e9nez\"}]},{\"@type\":\"WebSite\",\"@id\":\"https:\\\/\\\/elhijodelllanero.mx\\\/#website\",\"url\":\"https:\\\/\\\/elhijodelllanero.mx\\\/\",\"name\":\"El Hijo del llanero solititito\",\"description\":\"\",\"potentialAction\":[{\"@type\":\"SearchAction\",\"target\":{\"@type\":\"EntryPoint\",\"urlTemplate\":\"https:\\\/\\\/elhijodelllanero.mx\\\/?s={search_term_string}\"},\"query-input\":{\"@type\":\"PropertyValueSpecification\",\"valueRequired\":true,\"valueName\":\"search_term_string\"}}],\"inLanguage\":\"es\"},{\"@type\":\"Person\",\"@id\":\"https:\\\/\\\/elhijodelllanero.mx\\\/#\\\/schema\\\/person\\\/5dcfdd3db3a6f7e7906ef5d92cf7340b\",\"name\":\"Redaccion\",\"image\":{\"@type\":\"ImageObject\",\"inLanguage\":\"es\",\"@id\":\"https:\\\/\\\/secure.gravatar.com\\\/avatar\\\/f65b913d6e7be363e7396f7fad32ab76d311fbb575fa7e623ec3ea4799f3b718?s=96&d=mm&r=g\",\"url\":\"https:\\\/\\\/secure.gravatar.com\\\/avatar\\\/f65b913d6e7be363e7396f7fad32ab76d311fbb575fa7e623ec3ea4799f3b718?s=96&d=mm&r=g\",\"contentUrl\":\"https:\\\/\\\/secure.gravatar.com\\\/avatar\\\/f65b913d6e7be363e7396f7fad32ab76d311fbb575fa7e623ec3ea4799f3b718?s=96&d=mm&r=g\",\"caption\":\"Redaccion\"},\"sameAs\":[\"https:\\\/\\\/www.elhijodelllanero.mx\"],\"url\":\"https:\\\/\\\/elhijodelllanero.mx\\\/index.php\\\/author\\\/admin_6smc8z8t\\\/\"}]}<\/script>\n<!-- \/ Yoast SEO plugin. -->","yoast_head_json":{"title":"Atiende JUMAPA colapso de drenaje en tramo de la calle Jim\u00e9nez - El Hijo del llanero solititito","robots":{"index":"index","follow":"follow","max-snippet":"max-snippet:-1","max-image-preview":"max-image-preview:large","max-video-preview":"max-video-preview:-1"},"canonical":"https:\/\/elhijodelllanero.mx\/index.php\/2024\/02\/14\/atiende-jumapa-colapso-de-drenaje-en-tramo-de-la-calle-jimenez\/","og_locale":"es_ES","og_type":"article","og_title":"Atiende JUMAPA colapso de drenaje en tramo de la calle Jim\u00e9nez - El Hijo del llanero solititito","og_description":"Cambiar\u00e1n red de agua y drenaje con m\u00e1s de 40 a\u00f1os, cerrar\u00e1n el tramo de Insurgentes a Leandro Valle. Celaya, Gto., 14 febrero 2024.- La Junta Municipal de Agua Potable y Alcantarillado de Celaya (JUMAPA) rehabilitar\u00e1 la red de agua potable y alcantarillado en una cuadra de la calle de Mariano Jim\u00e9nez, del barrio de [&hellip;]","og_url":"https:\/\/elhijodelllanero.mx\/index.php\/2024\/02\/14\/atiende-jumapa-colapso-de-drenaje-en-tramo-de-la-calle-jimenez\/","og_site_name":"El Hijo del llanero solititito","article_published_time":"2024-02-14T23:47:55+00:00","og_image":[{"width":1600,"height":1200,"url":"https:\/\/elhijodelllanero.mx\/wp-content\/uploads\/2024\/02\/IMG-20240214-WA0096.jpg","type":"image\/jpeg"}],"author":"Redaccion","twitter_card":"summary_large_image","twitter_misc":{"Escrito por":"Redaccion","Tiempo de lectura":"2 minutos"},"schema":{"@context":"https:\/\/schema.org","@graph":[{"@type":"Article","@id":"https:\/\/elhijodelllanero.mx\/index.php\/2024\/02\/14\/atiende-jumapa-colapso-de-drenaje-en-tramo-de-la-calle-jimenez\/#article","isPartOf":{"@id":"https:\/\/elhijodelllanero.mx\/index.php\/2024\/02\/14\/atiende-jumapa-colapso-de-drenaje-en-tramo-de-la-calle-jimenez\/"},"author":{"name":"Redaccion","@id":"https:\/\/elhijodelllanero.mx\/#\/schema\/person\/5dcfdd3db3a6f7e7906ef5d92cf7340b"},"headline":"Atiende JUMAPA colapso de drenaje en tramo de la calle Jim\u00e9nez","datePublished":"2024-02-14T23:47:55+00:00","mainEntityOfPage":{"@id":"https:\/\/elhijodelllanero.mx\/index.php\/2024\/02\/14\/atiende-jumapa-colapso-de-drenaje-en-tramo-de-la-calle-jimenez\/"},"wordCount":360,"commentCount":0,"image":{"@id":"https:\/\/elhijodelllanero.mx\/index.php\/2024\/02\/14\/atiende-jumapa-colapso-de-drenaje-en-tramo-de-la-calle-jimenez\/#primaryimage"},"thumbnailUrl":"https:\/\/i0.wp.com\/elhijodelllanero.mx\/wp-content\/uploads\/2024\/02\/IMG-20240214-WA0096.jpg?fit=1600%2C1200&ssl=1","articleSection":["CELAYA"],"inLanguage":"es","potentialAction":[{"@type":"CommentAction","name":"Comment","target":["https:\/\/elhijodelllanero.mx\/index.php\/2024\/02\/14\/atiende-jumapa-colapso-de-drenaje-en-tramo-de-la-calle-jimenez\/#respond"]}]},{"@type":"WebPage","@id":"https:\/\/elhijodelllanero.mx\/index.php\/2024\/02\/14\/atiende-jumapa-colapso-de-drenaje-en-tramo-de-la-calle-jimenez\/","url":"https:\/\/elhijodelllanero.mx\/index.php\/2024\/02\/14\/atiende-jumapa-colapso-de-drenaje-en-tramo-de-la-calle-jimenez\/","name":"Atiende JUMAPA colapso de drenaje en tramo de la calle Jim\u00e9nez - El Hijo del llanero solititito","isPartOf":{"@id":"https:\/\/elhijodelllanero.mx\/#website"},"primaryImageOfPage":{"@id":"https:\/\/elhijodelllanero.mx\/index.php\/2024\/02\/14\/atiende-jumapa-colapso-de-drenaje-en-tramo-de-la-calle-jimenez\/#primaryimage"},"image":{"@id":"https:\/\/elhijodelllanero.mx\/index.php\/2024\/02\/14\/atiende-jumapa-colapso-de-drenaje-en-tramo-de-la-calle-jimenez\/#primaryimage"},"thumbnailUrl":"https:\/\/i0.wp.com\/elhijodelllanero.mx\/wp-content\/uploads\/2024\/02\/IMG-20240214-WA0096.jpg?fit=1600%2C1200&ssl=1","datePublished":"2024-02-14T23:47:55+00:00","author":{"@id":"https:\/\/elhijodelllanero.mx\/#\/schema\/person\/5dcfdd3db3a6f7e7906ef5d92cf7340b"},"breadcrumb":{"@id":"https:\/\/elhijodelllanero.mx\/index.php\/2024\/02\/14\/atiende-jumapa-colapso-de-drenaje-en-tramo-de-la-calle-jimenez\/#breadcrumb"},"inLanguage":"es","potentialAction":[{"@type":"ReadAction","target":["https:\/\/elhijodelllanero.mx\/index.php\/2024\/02\/14\/atiende-jumapa-colapso-de-drenaje-en-tramo-de-la-calle-jimenez\/"]}]},{"@type":"ImageObject","inLanguage":"es","@id":"https:\/\/elhijodelllanero.mx\/index.php\/2024\/02\/14\/atiende-jumapa-colapso-de-drenaje-en-tramo-de-la-calle-jimenez\/#primaryimage","url":"https:\/\/i0.wp.com\/elhijodelllanero.mx\/wp-content\/uploads\/2024\/02\/IMG-20240214-WA0096.jpg?fit=1600%2C1200&ssl=1","contentUrl":"https:\/\/i0.wp.com\/elhijodelllanero.mx\/wp-content\/uploads\/2024\/02\/IMG-20240214-WA0096.jpg?fit=1600%2C1200&ssl=1","width":1600,"height":1200},{"@type":"BreadcrumbList","@id":"https:\/\/elhijodelllanero.mx\/index.php\/2024\/02\/14\/atiende-jumapa-colapso-de-drenaje-en-tramo-de-la-calle-jimenez\/#breadcrumb","itemListElement":[{"@type":"ListItem","position":1,"name":"Portada","item":"https:\/\/elhijodelllanero.mx\/"},{"@type":"ListItem","position":2,"name":"Atiende JUMAPA colapso de drenaje en tramo de la calle Jim\u00e9nez"}]},{"@type":"WebSite","@id":"https:\/\/elhijodelllanero.mx\/#website","url":"https:\/\/elhijodelllanero.mx\/","name":"El Hijo del llanero solititito","description":"","potentialAction":[{"@type":"SearchAction","target":{"@type":"EntryPoint","urlTemplate":"https:\/\/elhijodelllanero.mx\/?s={search_term_string}"},"query-input":{"@type":"PropertyValueSpecification","valueRequired":true,"valueName":"search_term_string"}}],"inLanguage":"es"},{"@type":"Person","@id":"https:\/\/elhijodelllanero.mx\/#\/schema\/person\/5dcfdd3db3a6f7e7906ef5d92cf7340b","name":"Redaccion","image":{"@type":"ImageObject","inLanguage":"es","@id":"https:\/\/secure.gravatar.com\/avatar\/f65b913d6e7be363e7396f7fad32ab76d311fbb575fa7e623ec3ea4799f3b718?s=96&d=mm&r=g","url":"https:\/\/secure.gravatar.com\/avatar\/f65b913d6e7be363e7396f7fad32ab76d311fbb575fa7e623ec3ea4799f3b718?s=96&d=mm&r=g","contentUrl":"https:\/\/secure.gravatar.com\/avatar\/f65b913d6e7be363e7396f7fad32ab76d311fbb575fa7e623ec3ea4799f3b718?s=96&d=mm&r=g","caption":"Redaccion"},"sameAs":["https:\/\/www.elhijodelllanero.mx"],"url":"https:\/\/elhijodelllanero.mx\/index.php\/author\/admin_6smc8z8t\/"}]}},"jetpack_featured_media_url":"https:\/\/i0.wp.com\/elhijodelllanero.mx\/wp-content\/uploads\/2024\/02\/IMG-20240214-WA0096.jpg?fit=1600%2C1200&ssl=1","jetpack-related-posts":[],"jetpack_sharing_enabled":true,"_links":{"self":[{"href":"https:\/\/elhijodelllanero.mx\/index.php\/wp-json\/wp\/v2\/posts\/4395","targetHints":{"allow":["GET"]}}],"collection":[{"href":"https:\/\/elhijodelllanero.mx\/index.php\/wp-json\/wp\/v2\/posts"}],"about":[{"href":"https:\/\/elhijodelllanero.mx\/index.php\/wp-json\/wp\/v2\/types\/post"}],"author":[{"embeddable":true,"href":"https:\/\/elhijodelllanero.mx\/index.php\/wp-json\/wp\/v2\/users\/1"}],"replies":[{"embeddable":true,"href":"https:\/\/elhijodelllanero.mx\/index.php\/wp-json\/wp\/v2\/comments?post=4395"}],"version-history":[{"count":1,"href":"https:\/\/elhijodelllanero.mx\/index.php\/wp-json\/wp\/v2\/posts\/4395\/revisions"}],"predecessor-version":[{"id":4397,"href":"https:\/\/elhijodelllanero.mx\/index.php\/wp-json\/wp\/v2\/posts\/4395\/revisions\/4397"}],"wp:featuredmedia":[{"embeddable":true,"href":"https:\/\/elhijodelllanero.mx\/index.php\/wp-json\/wp\/v2\/media\/4396"}],"wp:attachment":[{"href":"https:\/\/elhijodelllanero.mx\/index.php\/wp-json\/wp\/v2\/media?parent=4395"}],"wp:term":[{"taxonomy":"category","embeddable":true,"href":"https:\/\/elhijodelllanero.mx\/index.php\/wp-json\/wp\/v2\/categories?post=4395"},{"taxonomy":"post_tag","embeddable":true,"href":"https:\/\/elhijodelllanero.mx\/index.php\/wp-json\/wp\/v2\/tags?post=4395"}],"curies":[{"name":"wp","href":"https:\/\/api.w.org\/{rel}","templated":true}]}}