{"id":4545,"date":"2024-02-20T20:54:39","date_gmt":"2024-02-20T20:54:39","guid":{"rendered":"https:\/\/elhijodelllanero.mx\/?p=4545"},"modified":"2024-02-20T20:54:39","modified_gmt":"2024-02-20T20:54:39","slug":"promueven-cultura-vial-en-escuelas-primarias","status":"publish","type":"post","link":"https:\/\/elhijodelllanero.mx\/index.php\/2024\/02\/20\/promueven-cultura-vial-en-escuelas-primarias\/","title":{"rendered":"Promueven cultura vial en escuelas primarias"},"content":{"rendered":"<p>Cortazar, Gto., 20 febrero 2024.- Con el fin de promover la cultura vial como una parte medular en toda sociedad, la Direcci\u00f3n de Tr\u00e1nsito y Movilidad realiza acciones en planteles escolares en beneficio de alumnos, padres de familia y personal docente.<\/p>\n<p>Alejandro Laguna, director de Tr\u00e1nsito y Movilidad Municipal, destac\u00f3 que \u201cLa educaci\u00f3n vial es importante por varias razones, en primer lugar, es esencial para prevenir accidentes de tr\u00e1fico y reducir el n\u00famero de muertes y lesiones en este tipo de hechos, la educaci\u00f3n vial fomenta el respeto a las normas de tr\u00e1fico, mejora la convivencia entre los conductores y peatones, y promueve un cambio cultural hacia la seguridad vial, ya que es una herramienta importante para reducir el impacto ambiental del transporte y fomentar la movilidad sostenible\u201d.<br \/>\nDe la misma forma, dijo que \u201cEstamos interviniendo en las escuelas con pl\u00e1ticas tanto a padres, maestros y ni\u00f1os, especialmente estamos trabajando en primarias, ya que en esta edad es donde los ni\u00f1os aprenden m\u00e1s, ah\u00ed les ense\u00f1amos sobre los se\u00f1alamientos viales, lugares prohibidos, as\u00ed como sobre manejo de un veh\u00edculo de motor, qu\u00e9 requisitos debe de cumplir el conductor, esto con el objetivo de que los conocimientos adquiridos sean replicados\u201d.<br \/>\nAgreg\u00f3 que \u201cEn este momento estamos en las escuelas Revoluci\u00f3n, Morelos, Leona Vicario, \u00c1ngel Le\u00f3n Torres, y Padre Hidalgo, en pr\u00f3ximas fechas estaremos interviniendo en las escuelas Justo Sierra y la Universidad Continente Americano; vamos a estar haciendo circuitos viales para que los ni\u00f1os, espec\u00edficamente, est\u00e9n manejando un veh\u00edculo, no precisamente de motor, para participar y adquirir conocimientos sobre el manejo de veh\u00edculos de manera f\u00edsica y pr\u00e1ctica\u201d.<br \/>\nPor \u00faltimo, mencion\u00f3 que \u201cA los adultos les solicitamos sobre todo que tengan la cultura de respetar los se\u00f1alamientos viales para prevenir accidentes, actualmente enfrentamos varios retos en el campo de la educaci\u00f3n vial, uno de los principales desaf\u00edos es la falta de conciencia sobre la importancia de la seguridad vial, tanto entre los conductores como entre los peatones, as\u00ed como la falta de cultura vial y respeto a las normas de tr\u00e1fico, por lo que debemos de seguir trabajando en este tema con el fin de abonar a esta cultura y mejorar todos como sociedad\u201d, concluy\u00f3.<\/p>\n","protected":false},"excerpt":{"rendered":"<p>Cortazar, Gto., 20 febrero 2024.- Con el fin de promover la cultura vial como una parte medular en toda sociedad, la Direcci\u00f3n de Tr\u00e1nsito y Movilidad realiza acciones en planteles escolares en beneficio de alumnos, padres de familia y personal docente. Alejandro Laguna, director de Tr\u00e1nsito y Movilidad Municipal, destac\u00f3 que \u201cLa educaci\u00f3n vial es [&hellip;]<\/p>\n","protected":false},"author":1,"featured_media":4546,"comment_status":"open","ping_status":"closed","sticky":false,"template":"","format":"standard","meta":{"_jetpack_newsletter_access":"","_jetpack_dont_email_post_to_subs":false,"_jetpack_newsletter_tier_id":0,"_jetpack_memberships_contains_paywalled_content":false,"_jetpack_memberships_contains_paid_content":false,"footnotes":""},"categories":[77],"tags":[],"class_list":{"0":"post-4545","1":"post","2":"type-post","3":"status-publish","4":"format-standard","5":"has-post-thumbnail","7":"category-cortazar"},"yoast_head":"<!-- This site is optimized with the Yoast SEO plugin v27.3 - https:\/\/yoast.com\/product\/yoast-seo-wordpress\/ -->\n<title>Promueven cultura vial en escuelas primarias - El Hijo del llanero solititito<\/title>\n<meta name=\"robots\" content=\"index, follow, max-snippet:-1, max-image-preview:large, max-video-preview:-1\" \/>\n<link rel=\"canonical\" href=\"https:\/\/elhijodelllanero.mx\/index.php\/2024\/02\/20\/promueven-cultura-vial-en-escuelas-primarias\/\" \/>\n<meta property=\"og:locale\" content=\"es_ES\" \/>\n<meta property=\"og:type\" content=\"article\" \/>\n<meta property=\"og:title\" content=\"Promueven cultura vial en escuelas primarias - El Hijo del llanero solititito\" \/>\n<meta property=\"og:description\" content=\"Cortazar, Gto., 20 febrero 2024.- Con el fin de promover la cultura vial como una parte medular en toda sociedad, la Direcci\u00f3n de Tr\u00e1nsito y Movilidad realiza acciones en planteles escolares en beneficio de alumnos, padres de familia y personal docente. Alejandro Laguna, director de Tr\u00e1nsito y Movilidad Municipal, destac\u00f3 que \u201cLa educaci\u00f3n vial es [&hellip;]\" \/>\n<meta property=\"og:url\" content=\"https:\/\/elhijodelllanero.mx\/index.php\/2024\/02\/20\/promueven-cultura-vial-en-escuelas-primarias\/\" \/>\n<meta property=\"og:site_name\" content=\"El Hijo del llanero solititito\" \/>\n<meta property=\"article:published_time\" content=\"2024-02-20T20:54:39+00:00\" \/>\n<meta property=\"og:image\" content=\"https:\/\/elhijodelllanero.mx\/wp-content\/uploads\/2024\/02\/IMG-20240220-WA0027.jpg\" \/>\n\t<meta property=\"og:image:width\" content=\"1280\" \/>\n\t<meta property=\"og:image:height\" content=\"960\" \/>\n\t<meta property=\"og:image:type\" content=\"image\/jpeg\" \/>\n<meta name=\"author\" content=\"Redaccion\" \/>\n<meta name=\"twitter:card\" content=\"summary_large_image\" \/>\n<meta name=\"twitter:label1\" content=\"Escrito por\" \/>\n\t<meta name=\"twitter:data1\" content=\"Redaccion\" \/>\n\t<meta name=\"twitter:label2\" content=\"Tiempo de lectura\" \/>\n\t<meta name=\"twitter:data2\" content=\"2 minutos\" \/>\n<script type=\"application\/ld+json\" class=\"yoast-schema-graph\">{\"@context\":\"https:\\\/\\\/schema.org\",\"@graph\":[{\"@type\":\"Article\",\"@id\":\"https:\\\/\\\/elhijodelllanero.mx\\\/index.php\\\/2024\\\/02\\\/20\\\/promueven-cultura-vial-en-escuelas-primarias\\\/#article\",\"isPartOf\":{\"@id\":\"https:\\\/\\\/elhijodelllanero.mx\\\/index.php\\\/2024\\\/02\\\/20\\\/promueven-cultura-vial-en-escuelas-primarias\\\/\"},\"author\":{\"name\":\"Redaccion\",\"@id\":\"https:\\\/\\\/elhijodelllanero.mx\\\/#\\\/schema\\\/person\\\/5dcfdd3db3a6f7e7906ef5d92cf7340b\"},\"headline\":\"Promueven cultura vial en escuelas primarias\",\"datePublished\":\"2024-02-20T20:54:39+00:00\",\"mainEntityOfPage\":{\"@id\":\"https:\\\/\\\/elhijodelllanero.mx\\\/index.php\\\/2024\\\/02\\\/20\\\/promueven-cultura-vial-en-escuelas-primarias\\\/\"},\"wordCount\":398,\"commentCount\":0,\"image\":{\"@id\":\"https:\\\/\\\/elhijodelllanero.mx\\\/index.php\\\/2024\\\/02\\\/20\\\/promueven-cultura-vial-en-escuelas-primarias\\\/#primaryimage\"},\"thumbnailUrl\":\"https:\\\/\\\/i0.wp.com\\\/elhijodelllanero.mx\\\/wp-content\\\/uploads\\\/2024\\\/02\\\/IMG-20240220-WA0027.jpg?fit=1280%2C960&ssl=1\",\"articleSection\":[\"CORTAZAR\"],\"inLanguage\":\"es\",\"potentialAction\":[{\"@type\":\"CommentAction\",\"name\":\"Comment\",\"target\":[\"https:\\\/\\\/elhijodelllanero.mx\\\/index.php\\\/2024\\\/02\\\/20\\\/promueven-cultura-vial-en-escuelas-primarias\\\/#respond\"]}]},{\"@type\":\"WebPage\",\"@id\":\"https:\\\/\\\/elhijodelllanero.mx\\\/index.php\\\/2024\\\/02\\\/20\\\/promueven-cultura-vial-en-escuelas-primarias\\\/\",\"url\":\"https:\\\/\\\/elhijodelllanero.mx\\\/index.php\\\/2024\\\/02\\\/20\\\/promueven-cultura-vial-en-escuelas-primarias\\\/\",\"name\":\"Promueven cultura vial en escuelas primarias - El Hijo del llanero solititito\",\"isPartOf\":{\"@id\":\"https:\\\/\\\/elhijodelllanero.mx\\\/#website\"},\"primaryImageOfPage\":{\"@id\":\"https:\\\/\\\/elhijodelllanero.mx\\\/index.php\\\/2024\\\/02\\\/20\\\/promueven-cultura-vial-en-escuelas-primarias\\\/#primaryimage\"},\"image\":{\"@id\":\"https:\\\/\\\/elhijodelllanero.mx\\\/index.php\\\/2024\\\/02\\\/20\\\/promueven-cultura-vial-en-escuelas-primarias\\\/#primaryimage\"},\"thumbnailUrl\":\"https:\\\/\\\/i0.wp.com\\\/elhijodelllanero.mx\\\/wp-content\\\/uploads\\\/2024\\\/02\\\/IMG-20240220-WA0027.jpg?fit=1280%2C960&ssl=1\",\"datePublished\":\"2024-02-20T20:54:39+00:00\",\"author\":{\"@id\":\"https:\\\/\\\/elhijodelllanero.mx\\\/#\\\/schema\\\/person\\\/5dcfdd3db3a6f7e7906ef5d92cf7340b\"},\"breadcrumb\":{\"@id\":\"https:\\\/\\\/elhijodelllanero.mx\\\/index.php\\\/2024\\\/02\\\/20\\\/promueven-cultura-vial-en-escuelas-primarias\\\/#breadcrumb\"},\"inLanguage\":\"es\",\"potentialAction\":[{\"@type\":\"ReadAction\",\"target\":[\"https:\\\/\\\/elhijodelllanero.mx\\\/index.php\\\/2024\\\/02\\\/20\\\/promueven-cultura-vial-en-escuelas-primarias\\\/\"]}]},{\"@type\":\"ImageObject\",\"inLanguage\":\"es\",\"@id\":\"https:\\\/\\\/elhijodelllanero.mx\\\/index.php\\\/2024\\\/02\\\/20\\\/promueven-cultura-vial-en-escuelas-primarias\\\/#primaryimage\",\"url\":\"https:\\\/\\\/i0.wp.com\\\/elhijodelllanero.mx\\\/wp-content\\\/uploads\\\/2024\\\/02\\\/IMG-20240220-WA0027.jpg?fit=1280%2C960&ssl=1\",\"contentUrl\":\"https:\\\/\\\/i0.wp.com\\\/elhijodelllanero.mx\\\/wp-content\\\/uploads\\\/2024\\\/02\\\/IMG-20240220-WA0027.jpg?fit=1280%2C960&ssl=1\",\"width\":1280,\"height\":960},{\"@type\":\"BreadcrumbList\",\"@id\":\"https:\\\/\\\/elhijodelllanero.mx\\\/index.php\\\/2024\\\/02\\\/20\\\/promueven-cultura-vial-en-escuelas-primarias\\\/#breadcrumb\",\"itemListElement\":[{\"@type\":\"ListItem\",\"position\":1,\"name\":\"Portada\",\"item\":\"https:\\\/\\\/elhijodelllanero.mx\\\/\"},{\"@type\":\"ListItem\",\"position\":2,\"name\":\"Promueven cultura vial en escuelas primarias\"}]},{\"@type\":\"WebSite\",\"@id\":\"https:\\\/\\\/elhijodelllanero.mx\\\/#website\",\"url\":\"https:\\\/\\\/elhijodelllanero.mx\\\/\",\"name\":\"El Hijo del llanero solititito\",\"description\":\"\",\"potentialAction\":[{\"@type\":\"SearchAction\",\"target\":{\"@type\":\"EntryPoint\",\"urlTemplate\":\"https:\\\/\\\/elhijodelllanero.mx\\\/?s={search_term_string}\"},\"query-input\":{\"@type\":\"PropertyValueSpecification\",\"valueRequired\":true,\"valueName\":\"search_term_string\"}}],\"inLanguage\":\"es\"},{\"@type\":\"Person\",\"@id\":\"https:\\\/\\\/elhijodelllanero.mx\\\/#\\\/schema\\\/person\\\/5dcfdd3db3a6f7e7906ef5d92cf7340b\",\"name\":\"Redaccion\",\"image\":{\"@type\":\"ImageObject\",\"inLanguage\":\"es\",\"@id\":\"https:\\\/\\\/secure.gravatar.com\\\/avatar\\\/f65b913d6e7be363e7396f7fad32ab76d311fbb575fa7e623ec3ea4799f3b718?s=96&d=mm&r=g\",\"url\":\"https:\\\/\\\/secure.gravatar.com\\\/avatar\\\/f65b913d6e7be363e7396f7fad32ab76d311fbb575fa7e623ec3ea4799f3b718?s=96&d=mm&r=g\",\"contentUrl\":\"https:\\\/\\\/secure.gravatar.com\\\/avatar\\\/f65b913d6e7be363e7396f7fad32ab76d311fbb575fa7e623ec3ea4799f3b718?s=96&d=mm&r=g\",\"caption\":\"Redaccion\"},\"sameAs\":[\"https:\\\/\\\/www.elhijodelllanero.mx\"],\"url\":\"https:\\\/\\\/elhijodelllanero.mx\\\/index.php\\\/author\\\/admin_6smc8z8t\\\/\"}]}<\/script>\n<!-- \/ Yoast SEO plugin. -->","yoast_head_json":{"title":"Promueven cultura vial en escuelas primarias - El Hijo del llanero solititito","robots":{"index":"index","follow":"follow","max-snippet":"max-snippet:-1","max-image-preview":"max-image-preview:large","max-video-preview":"max-video-preview:-1"},"canonical":"https:\/\/elhijodelllanero.mx\/index.php\/2024\/02\/20\/promueven-cultura-vial-en-escuelas-primarias\/","og_locale":"es_ES","og_type":"article","og_title":"Promueven cultura vial en escuelas primarias - El Hijo del llanero solititito","og_description":"Cortazar, Gto., 20 febrero 2024.- Con el fin de promover la cultura vial como una parte medular en toda sociedad, la Direcci\u00f3n de Tr\u00e1nsito y Movilidad realiza acciones en planteles escolares en beneficio de alumnos, padres de familia y personal docente. Alejandro Laguna, director de Tr\u00e1nsito y Movilidad Municipal, destac\u00f3 que \u201cLa educaci\u00f3n vial es [&hellip;]","og_url":"https:\/\/elhijodelllanero.mx\/index.php\/2024\/02\/20\/promueven-cultura-vial-en-escuelas-primarias\/","og_site_name":"El Hijo del llanero solititito","article_published_time":"2024-02-20T20:54:39+00:00","og_image":[{"width":1280,"height":960,"url":"https:\/\/elhijodelllanero.mx\/wp-content\/uploads\/2024\/02\/IMG-20240220-WA0027.jpg","type":"image\/jpeg"}],"author":"Redaccion","twitter_card":"summary_large_image","twitter_misc":{"Escrito por":"Redaccion","Tiempo de lectura":"2 minutos"},"schema":{"@context":"https:\/\/schema.org","@graph":[{"@type":"Article","@id":"https:\/\/elhijodelllanero.mx\/index.php\/2024\/02\/20\/promueven-cultura-vial-en-escuelas-primarias\/#article","isPartOf":{"@id":"https:\/\/elhijodelllanero.mx\/index.php\/2024\/02\/20\/promueven-cultura-vial-en-escuelas-primarias\/"},"author":{"name":"Redaccion","@id":"https:\/\/elhijodelllanero.mx\/#\/schema\/person\/5dcfdd3db3a6f7e7906ef5d92cf7340b"},"headline":"Promueven cultura vial en escuelas primarias","datePublished":"2024-02-20T20:54:39+00:00","mainEntityOfPage":{"@id":"https:\/\/elhijodelllanero.mx\/index.php\/2024\/02\/20\/promueven-cultura-vial-en-escuelas-primarias\/"},"wordCount":398,"commentCount":0,"image":{"@id":"https:\/\/elhijodelllanero.mx\/index.php\/2024\/02\/20\/promueven-cultura-vial-en-escuelas-primarias\/#primaryimage"},"thumbnailUrl":"https:\/\/i0.wp.com\/elhijodelllanero.mx\/wp-content\/uploads\/2024\/02\/IMG-20240220-WA0027.jpg?fit=1280%2C960&ssl=1","articleSection":["CORTAZAR"],"inLanguage":"es","potentialAction":[{"@type":"CommentAction","name":"Comment","target":["https:\/\/elhijodelllanero.mx\/index.php\/2024\/02\/20\/promueven-cultura-vial-en-escuelas-primarias\/#respond"]}]},{"@type":"WebPage","@id":"https:\/\/elhijodelllanero.mx\/index.php\/2024\/02\/20\/promueven-cultura-vial-en-escuelas-primarias\/","url":"https:\/\/elhijodelllanero.mx\/index.php\/2024\/02\/20\/promueven-cultura-vial-en-escuelas-primarias\/","name":"Promueven cultura vial en escuelas primarias - El Hijo del llanero solititito","isPartOf":{"@id":"https:\/\/elhijodelllanero.mx\/#website"},"primaryImageOfPage":{"@id":"https:\/\/elhijodelllanero.mx\/index.php\/2024\/02\/20\/promueven-cultura-vial-en-escuelas-primarias\/#primaryimage"},"image":{"@id":"https:\/\/elhijodelllanero.mx\/index.php\/2024\/02\/20\/promueven-cultura-vial-en-escuelas-primarias\/#primaryimage"},"thumbnailUrl":"https:\/\/i0.wp.com\/elhijodelllanero.mx\/wp-content\/uploads\/2024\/02\/IMG-20240220-WA0027.jpg?fit=1280%2C960&ssl=1","datePublished":"2024-02-20T20:54:39+00:00","author":{"@id":"https:\/\/elhijodelllanero.mx\/#\/schema\/person\/5dcfdd3db3a6f7e7906ef5d92cf7340b"},"breadcrumb":{"@id":"https:\/\/elhijodelllanero.mx\/index.php\/2024\/02\/20\/promueven-cultura-vial-en-escuelas-primarias\/#breadcrumb"},"inLanguage":"es","potentialAction":[{"@type":"ReadAction","target":["https:\/\/elhijodelllanero.mx\/index.php\/2024\/02\/20\/promueven-cultura-vial-en-escuelas-primarias\/"]}]},{"@type":"ImageObject","inLanguage":"es","@id":"https:\/\/elhijodelllanero.mx\/index.php\/2024\/02\/20\/promueven-cultura-vial-en-escuelas-primarias\/#primaryimage","url":"https:\/\/i0.wp.com\/elhijodelllanero.mx\/wp-content\/uploads\/2024\/02\/IMG-20240220-WA0027.jpg?fit=1280%2C960&ssl=1","contentUrl":"https:\/\/i0.wp.com\/elhijodelllanero.mx\/wp-content\/uploads\/2024\/02\/IMG-20240220-WA0027.jpg?fit=1280%2C960&ssl=1","width":1280,"height":960},{"@type":"BreadcrumbList","@id":"https:\/\/elhijodelllanero.mx\/index.php\/2024\/02\/20\/promueven-cultura-vial-en-escuelas-primarias\/#breadcrumb","itemListElement":[{"@type":"ListItem","position":1,"name":"Portada","item":"https:\/\/elhijodelllanero.mx\/"},{"@type":"ListItem","position":2,"name":"Promueven cultura vial en escuelas primarias"}]},{"@type":"WebSite","@id":"https:\/\/elhijodelllanero.mx\/#website","url":"https:\/\/elhijodelllanero.mx\/","name":"El Hijo del llanero solititito","description":"","potentialAction":[{"@type":"SearchAction","target":{"@type":"EntryPoint","urlTemplate":"https:\/\/elhijodelllanero.mx\/?s={search_term_string}"},"query-input":{"@type":"PropertyValueSpecification","valueRequired":true,"valueName":"search_term_string"}}],"inLanguage":"es"},{"@type":"Person","@id":"https:\/\/elhijodelllanero.mx\/#\/schema\/person\/5dcfdd3db3a6f7e7906ef5d92cf7340b","name":"Redaccion","image":{"@type":"ImageObject","inLanguage":"es","@id":"https:\/\/secure.gravatar.com\/avatar\/f65b913d6e7be363e7396f7fad32ab76d311fbb575fa7e623ec3ea4799f3b718?s=96&d=mm&r=g","url":"https:\/\/secure.gravatar.com\/avatar\/f65b913d6e7be363e7396f7fad32ab76d311fbb575fa7e623ec3ea4799f3b718?s=96&d=mm&r=g","contentUrl":"https:\/\/secure.gravatar.com\/avatar\/f65b913d6e7be363e7396f7fad32ab76d311fbb575fa7e623ec3ea4799f3b718?s=96&d=mm&r=g","caption":"Redaccion"},"sameAs":["https:\/\/www.elhijodelllanero.mx"],"url":"https:\/\/elhijodelllanero.mx\/index.php\/author\/admin_6smc8z8t\/"}]}},"jetpack_featured_media_url":"https:\/\/i0.wp.com\/elhijodelllanero.mx\/wp-content\/uploads\/2024\/02\/IMG-20240220-WA0027.jpg?fit=1280%2C960&ssl=1","jetpack-related-posts":[],"jetpack_sharing_enabled":true,"_links":{"self":[{"href":"https:\/\/elhijodelllanero.mx\/index.php\/wp-json\/wp\/v2\/posts\/4545","targetHints":{"allow":["GET"]}}],"collection":[{"href":"https:\/\/elhijodelllanero.mx\/index.php\/wp-json\/wp\/v2\/posts"}],"about":[{"href":"https:\/\/elhijodelllanero.mx\/index.php\/wp-json\/wp\/v2\/types\/post"}],"author":[{"embeddable":true,"href":"https:\/\/elhijodelllanero.mx\/index.php\/wp-json\/wp\/v2\/users\/1"}],"replies":[{"embeddable":true,"href":"https:\/\/elhijodelllanero.mx\/index.php\/wp-json\/wp\/v2\/comments?post=4545"}],"version-history":[{"count":1,"href":"https:\/\/elhijodelllanero.mx\/index.php\/wp-json\/wp\/v2\/posts\/4545\/revisions"}],"predecessor-version":[{"id":4547,"href":"https:\/\/elhijodelllanero.mx\/index.php\/wp-json\/wp\/v2\/posts\/4545\/revisions\/4547"}],"wp:featuredmedia":[{"embeddable":true,"href":"https:\/\/elhijodelllanero.mx\/index.php\/wp-json\/wp\/v2\/media\/4546"}],"wp:attachment":[{"href":"https:\/\/elhijodelllanero.mx\/index.php\/wp-json\/wp\/v2\/media?parent=4545"}],"wp:term":[{"taxonomy":"category","embeddable":true,"href":"https:\/\/elhijodelllanero.mx\/index.php\/wp-json\/wp\/v2\/categories?post=4545"},{"taxonomy":"post_tag","embeddable":true,"href":"https:\/\/elhijodelllanero.mx\/index.php\/wp-json\/wp\/v2\/tags?post=4545"}],"curies":[{"name":"wp","href":"https:\/\/api.w.org\/{rel}","templated":true}]}}