{"id":4549,"date":"2024-02-20T21:26:57","date_gmt":"2024-02-20T21:26:57","guid":{"rendered":"https:\/\/elhijodelllanero.mx\/?p=4549"},"modified":"2024-02-20T21:26:57","modified_gmt":"2024-02-20T21:26:57","slug":"concluyeron-capacitacion-agentes-miembros-de-la-policia-turistica","status":"publish","type":"post","link":"https:\/\/elhijodelllanero.mx\/index.php\/2024\/02\/20\/concluyeron-capacitacion-agentes-miembros-de-la-policia-turistica\/","title":{"rendered":"Concluyeron capacitaci\u00f3n agentes miembros de la Polic\u00eda Tur\u00edstica."},"content":{"rendered":"<p>&nbsp;<\/p>\n<p>Celaya, Gto., 20 febrero 2024.- Culmin\u00f3 la capacitaci\u00f3n a personal de la Polic\u00eda Tur\u00edstica y Comercial sobre \u201cEstrategias y herramientas de afrontamiento, para la confiabilidad e interacci\u00f3n verbal y no verbal\u201d, misma que se llev\u00f3 acabo en las instalaciones del Instituto para la Formaci\u00f3n Policial (INFOPOL).<br \/>\nLa Secretar\u00eda de Seguridad Ciudadana de Celaya (SSCC) informa que lo anterior fue derivado de las alianzas estrat\u00e9gicas con la Fundaci\u00f3n Actuando por Guanajuato con la finalidad de contribuir en la construcci\u00f3n de una sociedad m\u00e1s segura.<br \/>\nEsta capacitaci\u00f3n est\u00e1 enfocado a la seguridad personal, apoyado en la comunicaci\u00f3n no verbal mediante la prevenci\u00f3n a trav\u00e9s de la percepci\u00f3n de indicios previos a un delito agresivo y a la detecci\u00f3n de se\u00f1ales no verbales de violencia de g\u00e9nero y trata de personas.<br \/>\n\u201cTenemos en puerta continuar con mas capacitaciones, mismas que estan hechas a la medida, mejorando la calidad de lo que hacemos mejoramos la calidad de lo que somos.\u201d Coment\u00f3 Manuel P\u00e9rez Sandi Cuen Director Regional de Celaya de Actuando por Guanajuato.<br \/>\n\u201cGracias ustedes (Polic\u00edas) que se suman a Celaya, que se suman a la seguridad, m\u00e1s cercanas a la sociedad, ustedes son unos profesionales al hacer cumplir la ley.\u201d Mencion\u00f3 en su participaci\u00f3n el Secretario de Seguridad Ciudadana de Celaya, Jes\u00fas Rivera Peralta.<br \/>\nDe igual forma, particip\u00f3 el Presidente de Actuando por Guanajuato, Juan Carlos Usabiaga del Moral, el Director de Protecci\u00f3n Civil y Bomberos, el Titular de la Polic\u00eda Tur\u00edstica y Comercial de Celaya, Fernando Arias Ram\u00edrez.<br \/>\nLa Secretaria de Seguridad continuar\u00e1 trabajando estrat\u00e9gicamente para capacitar y dignificar la labor policial a fin de mejor la atenci\u00f3n a las y los celayenses.<\/p>\n","protected":false},"excerpt":{"rendered":"<p>&nbsp; Celaya, Gto., 20 febrero 2024.- Culmin\u00f3 la capacitaci\u00f3n a personal de la Polic\u00eda Tur\u00edstica y Comercial sobre \u201cEstrategias y herramientas de afrontamiento, para la confiabilidad e interacci\u00f3n verbal y no verbal\u201d, misma que se llev\u00f3 acabo en las instalaciones del Instituto para la Formaci\u00f3n Policial (INFOPOL). La Secretar\u00eda de Seguridad Ciudadana de Celaya (SSCC) [&hellip;]<\/p>\n","protected":false},"author":1,"featured_media":4550,"comment_status":"open","ping_status":"closed","sticky":false,"template":"","format":"standard","meta":{"_jetpack_newsletter_access":"","_jetpack_dont_email_post_to_subs":false,"_jetpack_newsletter_tier_id":0,"_jetpack_memberships_contains_paywalled_content":false,"_jetpack_memberships_contains_paid_content":false,"footnotes":""},"categories":[74],"tags":[],"class_list":{"0":"post-4549","1":"post","2":"type-post","3":"status-publish","4":"format-standard","5":"has-post-thumbnail","7":"category-celaya"},"yoast_head":"<!-- This site is optimized with the Yoast SEO plugin v27.3 - https:\/\/yoast.com\/product\/yoast-seo-wordpress\/ -->\n<title>Concluyeron capacitaci\u00f3n agentes miembros de la Polic\u00eda Tur\u00edstica. - El Hijo del llanero solititito<\/title>\n<meta name=\"robots\" content=\"index, follow, max-snippet:-1, max-image-preview:large, max-video-preview:-1\" \/>\n<link rel=\"canonical\" href=\"https:\/\/elhijodelllanero.mx\/index.php\/2024\/02\/20\/concluyeron-capacitacion-agentes-miembros-de-la-policia-turistica\/\" \/>\n<meta property=\"og:locale\" content=\"es_ES\" \/>\n<meta property=\"og:type\" content=\"article\" \/>\n<meta property=\"og:title\" content=\"Concluyeron capacitaci\u00f3n agentes miembros de la Polic\u00eda Tur\u00edstica. - El Hijo del llanero solititito\" \/>\n<meta property=\"og:description\" content=\"&nbsp; Celaya, Gto., 20 febrero 2024.- Culmin\u00f3 la capacitaci\u00f3n a personal de la Polic\u00eda Tur\u00edstica y Comercial sobre \u201cEstrategias y herramientas de afrontamiento, para la confiabilidad e interacci\u00f3n verbal y no verbal\u201d, misma que se llev\u00f3 acabo en las instalaciones del Instituto para la Formaci\u00f3n Policial (INFOPOL). La Secretar\u00eda de Seguridad Ciudadana de Celaya (SSCC) [&hellip;]\" \/>\n<meta property=\"og:url\" content=\"https:\/\/elhijodelllanero.mx\/index.php\/2024\/02\/20\/concluyeron-capacitacion-agentes-miembros-de-la-policia-turistica\/\" \/>\n<meta property=\"og:site_name\" content=\"El Hijo del llanero solititito\" \/>\n<meta property=\"article:published_time\" content=\"2024-02-20T21:26:57+00:00\" \/>\n<meta property=\"og:image\" content=\"https:\/\/elhijodelllanero.mx\/wp-content\/uploads\/2024\/02\/IMG-20240220-WA0028.jpg\" \/>\n\t<meta property=\"og:image:width\" content=\"1600\" \/>\n\t<meta property=\"og:image:height\" content=\"1200\" \/>\n\t<meta property=\"og:image:type\" content=\"image\/jpeg\" \/>\n<meta name=\"author\" content=\"Redaccion\" \/>\n<meta name=\"twitter:card\" content=\"summary_large_image\" \/>\n<meta name=\"twitter:label1\" content=\"Escrito por\" \/>\n\t<meta name=\"twitter:data1\" content=\"Redaccion\" \/>\n\t<meta name=\"twitter:label2\" content=\"Tiempo de lectura\" \/>\n\t<meta name=\"twitter:data2\" content=\"2 minutos\" \/>\n<script type=\"application\/ld+json\" class=\"yoast-schema-graph\">{\"@context\":\"https:\\\/\\\/schema.org\",\"@graph\":[{\"@type\":\"Article\",\"@id\":\"https:\\\/\\\/elhijodelllanero.mx\\\/index.php\\\/2024\\\/02\\\/20\\\/concluyeron-capacitacion-agentes-miembros-de-la-policia-turistica\\\/#article\",\"isPartOf\":{\"@id\":\"https:\\\/\\\/elhijodelllanero.mx\\\/index.php\\\/2024\\\/02\\\/20\\\/concluyeron-capacitacion-agentes-miembros-de-la-policia-turistica\\\/\"},\"author\":{\"name\":\"Redaccion\",\"@id\":\"https:\\\/\\\/elhijodelllanero.mx\\\/#\\\/schema\\\/person\\\/5dcfdd3db3a6f7e7906ef5d92cf7340b\"},\"headline\":\"Concluyeron capacitaci\u00f3n agentes miembros de la Polic\u00eda Tur\u00edstica.\",\"datePublished\":\"2024-02-20T21:26:57+00:00\",\"mainEntityOfPage\":{\"@id\":\"https:\\\/\\\/elhijodelllanero.mx\\\/index.php\\\/2024\\\/02\\\/20\\\/concluyeron-capacitacion-agentes-miembros-de-la-policia-turistica\\\/\"},\"wordCount\":311,\"commentCount\":0,\"image\":{\"@id\":\"https:\\\/\\\/elhijodelllanero.mx\\\/index.php\\\/2024\\\/02\\\/20\\\/concluyeron-capacitacion-agentes-miembros-de-la-policia-turistica\\\/#primaryimage\"},\"thumbnailUrl\":\"https:\\\/\\\/i0.wp.com\\\/elhijodelllanero.mx\\\/wp-content\\\/uploads\\\/2024\\\/02\\\/IMG-20240220-WA0028.jpg?fit=1600%2C1200&ssl=1\",\"articleSection\":[\"CELAYA\"],\"inLanguage\":\"es\",\"potentialAction\":[{\"@type\":\"CommentAction\",\"name\":\"Comment\",\"target\":[\"https:\\\/\\\/elhijodelllanero.mx\\\/index.php\\\/2024\\\/02\\\/20\\\/concluyeron-capacitacion-agentes-miembros-de-la-policia-turistica\\\/#respond\"]}]},{\"@type\":\"WebPage\",\"@id\":\"https:\\\/\\\/elhijodelllanero.mx\\\/index.php\\\/2024\\\/02\\\/20\\\/concluyeron-capacitacion-agentes-miembros-de-la-policia-turistica\\\/\",\"url\":\"https:\\\/\\\/elhijodelllanero.mx\\\/index.php\\\/2024\\\/02\\\/20\\\/concluyeron-capacitacion-agentes-miembros-de-la-policia-turistica\\\/\",\"name\":\"Concluyeron capacitaci\u00f3n agentes miembros de la Polic\u00eda Tur\u00edstica. - El Hijo del llanero solititito\",\"isPartOf\":{\"@id\":\"https:\\\/\\\/elhijodelllanero.mx\\\/#website\"},\"primaryImageOfPage\":{\"@id\":\"https:\\\/\\\/elhijodelllanero.mx\\\/index.php\\\/2024\\\/02\\\/20\\\/concluyeron-capacitacion-agentes-miembros-de-la-policia-turistica\\\/#primaryimage\"},\"image\":{\"@id\":\"https:\\\/\\\/elhijodelllanero.mx\\\/index.php\\\/2024\\\/02\\\/20\\\/concluyeron-capacitacion-agentes-miembros-de-la-policia-turistica\\\/#primaryimage\"},\"thumbnailUrl\":\"https:\\\/\\\/i0.wp.com\\\/elhijodelllanero.mx\\\/wp-content\\\/uploads\\\/2024\\\/02\\\/IMG-20240220-WA0028.jpg?fit=1600%2C1200&ssl=1\",\"datePublished\":\"2024-02-20T21:26:57+00:00\",\"author\":{\"@id\":\"https:\\\/\\\/elhijodelllanero.mx\\\/#\\\/schema\\\/person\\\/5dcfdd3db3a6f7e7906ef5d92cf7340b\"},\"breadcrumb\":{\"@id\":\"https:\\\/\\\/elhijodelllanero.mx\\\/index.php\\\/2024\\\/02\\\/20\\\/concluyeron-capacitacion-agentes-miembros-de-la-policia-turistica\\\/#breadcrumb\"},\"inLanguage\":\"es\",\"potentialAction\":[{\"@type\":\"ReadAction\",\"target\":[\"https:\\\/\\\/elhijodelllanero.mx\\\/index.php\\\/2024\\\/02\\\/20\\\/concluyeron-capacitacion-agentes-miembros-de-la-policia-turistica\\\/\"]}]},{\"@type\":\"ImageObject\",\"inLanguage\":\"es\",\"@id\":\"https:\\\/\\\/elhijodelllanero.mx\\\/index.php\\\/2024\\\/02\\\/20\\\/concluyeron-capacitacion-agentes-miembros-de-la-policia-turistica\\\/#primaryimage\",\"url\":\"https:\\\/\\\/i0.wp.com\\\/elhijodelllanero.mx\\\/wp-content\\\/uploads\\\/2024\\\/02\\\/IMG-20240220-WA0028.jpg?fit=1600%2C1200&ssl=1\",\"contentUrl\":\"https:\\\/\\\/i0.wp.com\\\/elhijodelllanero.mx\\\/wp-content\\\/uploads\\\/2024\\\/02\\\/IMG-20240220-WA0028.jpg?fit=1600%2C1200&ssl=1\",\"width\":1600,\"height\":1200},{\"@type\":\"BreadcrumbList\",\"@id\":\"https:\\\/\\\/elhijodelllanero.mx\\\/index.php\\\/2024\\\/02\\\/20\\\/concluyeron-capacitacion-agentes-miembros-de-la-policia-turistica\\\/#breadcrumb\",\"itemListElement\":[{\"@type\":\"ListItem\",\"position\":1,\"name\":\"Portada\",\"item\":\"https:\\\/\\\/elhijodelllanero.mx\\\/\"},{\"@type\":\"ListItem\",\"position\":2,\"name\":\"Concluyeron capacitaci\u00f3n agentes miembros de la Polic\u00eda Tur\u00edstica.\"}]},{\"@type\":\"WebSite\",\"@id\":\"https:\\\/\\\/elhijodelllanero.mx\\\/#website\",\"url\":\"https:\\\/\\\/elhijodelllanero.mx\\\/\",\"name\":\"El Hijo del llanero solititito\",\"description\":\"\",\"potentialAction\":[{\"@type\":\"SearchAction\",\"target\":{\"@type\":\"EntryPoint\",\"urlTemplate\":\"https:\\\/\\\/elhijodelllanero.mx\\\/?s={search_term_string}\"},\"query-input\":{\"@type\":\"PropertyValueSpecification\",\"valueRequired\":true,\"valueName\":\"search_term_string\"}}],\"inLanguage\":\"es\"},{\"@type\":\"Person\",\"@id\":\"https:\\\/\\\/elhijodelllanero.mx\\\/#\\\/schema\\\/person\\\/5dcfdd3db3a6f7e7906ef5d92cf7340b\",\"name\":\"Redaccion\",\"image\":{\"@type\":\"ImageObject\",\"inLanguage\":\"es\",\"@id\":\"https:\\\/\\\/secure.gravatar.com\\\/avatar\\\/f65b913d6e7be363e7396f7fad32ab76d311fbb575fa7e623ec3ea4799f3b718?s=96&d=mm&r=g\",\"url\":\"https:\\\/\\\/secure.gravatar.com\\\/avatar\\\/f65b913d6e7be363e7396f7fad32ab76d311fbb575fa7e623ec3ea4799f3b718?s=96&d=mm&r=g\",\"contentUrl\":\"https:\\\/\\\/secure.gravatar.com\\\/avatar\\\/f65b913d6e7be363e7396f7fad32ab76d311fbb575fa7e623ec3ea4799f3b718?s=96&d=mm&r=g\",\"caption\":\"Redaccion\"},\"sameAs\":[\"https:\\\/\\\/www.elhijodelllanero.mx\"],\"url\":\"https:\\\/\\\/elhijodelllanero.mx\\\/index.php\\\/author\\\/admin_6smc8z8t\\\/\"}]}<\/script>\n<!-- \/ Yoast SEO plugin. -->","yoast_head_json":{"title":"Concluyeron capacitaci\u00f3n agentes miembros de la Polic\u00eda Tur\u00edstica. - El Hijo del llanero solititito","robots":{"index":"index","follow":"follow","max-snippet":"max-snippet:-1","max-image-preview":"max-image-preview:large","max-video-preview":"max-video-preview:-1"},"canonical":"https:\/\/elhijodelllanero.mx\/index.php\/2024\/02\/20\/concluyeron-capacitacion-agentes-miembros-de-la-policia-turistica\/","og_locale":"es_ES","og_type":"article","og_title":"Concluyeron capacitaci\u00f3n agentes miembros de la Polic\u00eda Tur\u00edstica. - El Hijo del llanero solititito","og_description":"&nbsp; Celaya, Gto., 20 febrero 2024.- Culmin\u00f3 la capacitaci\u00f3n a personal de la Polic\u00eda Tur\u00edstica y Comercial sobre \u201cEstrategias y herramientas de afrontamiento, para la confiabilidad e interacci\u00f3n verbal y no verbal\u201d, misma que se llev\u00f3 acabo en las instalaciones del Instituto para la Formaci\u00f3n Policial (INFOPOL). La Secretar\u00eda de Seguridad Ciudadana de Celaya (SSCC) [&hellip;]","og_url":"https:\/\/elhijodelllanero.mx\/index.php\/2024\/02\/20\/concluyeron-capacitacion-agentes-miembros-de-la-policia-turistica\/","og_site_name":"El Hijo del llanero solititito","article_published_time":"2024-02-20T21:26:57+00:00","og_image":[{"width":1600,"height":1200,"url":"https:\/\/elhijodelllanero.mx\/wp-content\/uploads\/2024\/02\/IMG-20240220-WA0028.jpg","type":"image\/jpeg"}],"author":"Redaccion","twitter_card":"summary_large_image","twitter_misc":{"Escrito por":"Redaccion","Tiempo de lectura":"2 minutos"},"schema":{"@context":"https:\/\/schema.org","@graph":[{"@type":"Article","@id":"https:\/\/elhijodelllanero.mx\/index.php\/2024\/02\/20\/concluyeron-capacitacion-agentes-miembros-de-la-policia-turistica\/#article","isPartOf":{"@id":"https:\/\/elhijodelllanero.mx\/index.php\/2024\/02\/20\/concluyeron-capacitacion-agentes-miembros-de-la-policia-turistica\/"},"author":{"name":"Redaccion","@id":"https:\/\/elhijodelllanero.mx\/#\/schema\/person\/5dcfdd3db3a6f7e7906ef5d92cf7340b"},"headline":"Concluyeron capacitaci\u00f3n agentes miembros de la Polic\u00eda Tur\u00edstica.","datePublished":"2024-02-20T21:26:57+00:00","mainEntityOfPage":{"@id":"https:\/\/elhijodelllanero.mx\/index.php\/2024\/02\/20\/concluyeron-capacitacion-agentes-miembros-de-la-policia-turistica\/"},"wordCount":311,"commentCount":0,"image":{"@id":"https:\/\/elhijodelllanero.mx\/index.php\/2024\/02\/20\/concluyeron-capacitacion-agentes-miembros-de-la-policia-turistica\/#primaryimage"},"thumbnailUrl":"https:\/\/i0.wp.com\/elhijodelllanero.mx\/wp-content\/uploads\/2024\/02\/IMG-20240220-WA0028.jpg?fit=1600%2C1200&ssl=1","articleSection":["CELAYA"],"inLanguage":"es","potentialAction":[{"@type":"CommentAction","name":"Comment","target":["https:\/\/elhijodelllanero.mx\/index.php\/2024\/02\/20\/concluyeron-capacitacion-agentes-miembros-de-la-policia-turistica\/#respond"]}]},{"@type":"WebPage","@id":"https:\/\/elhijodelllanero.mx\/index.php\/2024\/02\/20\/concluyeron-capacitacion-agentes-miembros-de-la-policia-turistica\/","url":"https:\/\/elhijodelllanero.mx\/index.php\/2024\/02\/20\/concluyeron-capacitacion-agentes-miembros-de-la-policia-turistica\/","name":"Concluyeron capacitaci\u00f3n agentes miembros de la Polic\u00eda Tur\u00edstica. - El Hijo del llanero solititito","isPartOf":{"@id":"https:\/\/elhijodelllanero.mx\/#website"},"primaryImageOfPage":{"@id":"https:\/\/elhijodelllanero.mx\/index.php\/2024\/02\/20\/concluyeron-capacitacion-agentes-miembros-de-la-policia-turistica\/#primaryimage"},"image":{"@id":"https:\/\/elhijodelllanero.mx\/index.php\/2024\/02\/20\/concluyeron-capacitacion-agentes-miembros-de-la-policia-turistica\/#primaryimage"},"thumbnailUrl":"https:\/\/i0.wp.com\/elhijodelllanero.mx\/wp-content\/uploads\/2024\/02\/IMG-20240220-WA0028.jpg?fit=1600%2C1200&ssl=1","datePublished":"2024-02-20T21:26:57+00:00","author":{"@id":"https:\/\/elhijodelllanero.mx\/#\/schema\/person\/5dcfdd3db3a6f7e7906ef5d92cf7340b"},"breadcrumb":{"@id":"https:\/\/elhijodelllanero.mx\/index.php\/2024\/02\/20\/concluyeron-capacitacion-agentes-miembros-de-la-policia-turistica\/#breadcrumb"},"inLanguage":"es","potentialAction":[{"@type":"ReadAction","target":["https:\/\/elhijodelllanero.mx\/index.php\/2024\/02\/20\/concluyeron-capacitacion-agentes-miembros-de-la-policia-turistica\/"]}]},{"@type":"ImageObject","inLanguage":"es","@id":"https:\/\/elhijodelllanero.mx\/index.php\/2024\/02\/20\/concluyeron-capacitacion-agentes-miembros-de-la-policia-turistica\/#primaryimage","url":"https:\/\/i0.wp.com\/elhijodelllanero.mx\/wp-content\/uploads\/2024\/02\/IMG-20240220-WA0028.jpg?fit=1600%2C1200&ssl=1","contentUrl":"https:\/\/i0.wp.com\/elhijodelllanero.mx\/wp-content\/uploads\/2024\/02\/IMG-20240220-WA0028.jpg?fit=1600%2C1200&ssl=1","width":1600,"height":1200},{"@type":"BreadcrumbList","@id":"https:\/\/elhijodelllanero.mx\/index.php\/2024\/02\/20\/concluyeron-capacitacion-agentes-miembros-de-la-policia-turistica\/#breadcrumb","itemListElement":[{"@type":"ListItem","position":1,"name":"Portada","item":"https:\/\/elhijodelllanero.mx\/"},{"@type":"ListItem","position":2,"name":"Concluyeron capacitaci\u00f3n agentes miembros de la Polic\u00eda Tur\u00edstica."}]},{"@type":"WebSite","@id":"https:\/\/elhijodelllanero.mx\/#website","url":"https:\/\/elhijodelllanero.mx\/","name":"El Hijo del llanero solititito","description":"","potentialAction":[{"@type":"SearchAction","target":{"@type":"EntryPoint","urlTemplate":"https:\/\/elhijodelllanero.mx\/?s={search_term_string}"},"query-input":{"@type":"PropertyValueSpecification","valueRequired":true,"valueName":"search_term_string"}}],"inLanguage":"es"},{"@type":"Person","@id":"https:\/\/elhijodelllanero.mx\/#\/schema\/person\/5dcfdd3db3a6f7e7906ef5d92cf7340b","name":"Redaccion","image":{"@type":"ImageObject","inLanguage":"es","@id":"https:\/\/secure.gravatar.com\/avatar\/f65b913d6e7be363e7396f7fad32ab76d311fbb575fa7e623ec3ea4799f3b718?s=96&d=mm&r=g","url":"https:\/\/secure.gravatar.com\/avatar\/f65b913d6e7be363e7396f7fad32ab76d311fbb575fa7e623ec3ea4799f3b718?s=96&d=mm&r=g","contentUrl":"https:\/\/secure.gravatar.com\/avatar\/f65b913d6e7be363e7396f7fad32ab76d311fbb575fa7e623ec3ea4799f3b718?s=96&d=mm&r=g","caption":"Redaccion"},"sameAs":["https:\/\/www.elhijodelllanero.mx"],"url":"https:\/\/elhijodelllanero.mx\/index.php\/author\/admin_6smc8z8t\/"}]}},"jetpack_featured_media_url":"https:\/\/i0.wp.com\/elhijodelllanero.mx\/wp-content\/uploads\/2024\/02\/IMG-20240220-WA0028.jpg?fit=1600%2C1200&ssl=1","jetpack-related-posts":[],"jetpack_sharing_enabled":true,"_links":{"self":[{"href":"https:\/\/elhijodelllanero.mx\/index.php\/wp-json\/wp\/v2\/posts\/4549","targetHints":{"allow":["GET"]}}],"collection":[{"href":"https:\/\/elhijodelllanero.mx\/index.php\/wp-json\/wp\/v2\/posts"}],"about":[{"href":"https:\/\/elhijodelllanero.mx\/index.php\/wp-json\/wp\/v2\/types\/post"}],"author":[{"embeddable":true,"href":"https:\/\/elhijodelllanero.mx\/index.php\/wp-json\/wp\/v2\/users\/1"}],"replies":[{"embeddable":true,"href":"https:\/\/elhijodelllanero.mx\/index.php\/wp-json\/wp\/v2\/comments?post=4549"}],"version-history":[{"count":1,"href":"https:\/\/elhijodelllanero.mx\/index.php\/wp-json\/wp\/v2\/posts\/4549\/revisions"}],"predecessor-version":[{"id":4551,"href":"https:\/\/elhijodelllanero.mx\/index.php\/wp-json\/wp\/v2\/posts\/4549\/revisions\/4551"}],"wp:featuredmedia":[{"embeddable":true,"href":"https:\/\/elhijodelllanero.mx\/index.php\/wp-json\/wp\/v2\/media\/4550"}],"wp:attachment":[{"href":"https:\/\/elhijodelllanero.mx\/index.php\/wp-json\/wp\/v2\/media?parent=4549"}],"wp:term":[{"taxonomy":"category","embeddable":true,"href":"https:\/\/elhijodelllanero.mx\/index.php\/wp-json\/wp\/v2\/categories?post=4549"},{"taxonomy":"post_tag","embeddable":true,"href":"https:\/\/elhijodelllanero.mx\/index.php\/wp-json\/wp\/v2\/tags?post=4549"}],"curies":[{"name":"wp","href":"https:\/\/api.w.org\/{rel}","templated":true}]}}