{"id":4552,"date":"2024-02-20T21:34:24","date_gmt":"2024-02-20T21:34:24","guid":{"rendered":"https:\/\/elhijodelllanero.mx\/?p=4552"},"modified":"2024-02-20T21:34:24","modified_gmt":"2024-02-20T21:34:24","slug":"presentan-el-congreso-internacional-de-seguridad-ciudadana-y-procuracion-de-justicia","status":"publish","type":"post","link":"https:\/\/elhijodelllanero.mx\/index.php\/2024\/02\/20\/presentan-el-congreso-internacional-de-seguridad-ciudadana-y-procuracion-de-justicia\/","title":{"rendered":"Presentan el Congreso Internacional de Seguridad Ciudadana y Procuraci\u00f3n de Justicia."},"content":{"rendered":"<p>Le\u00f3n, Gto., 20 febrero 2024.- Se llev\u00f3 a cabo la presentaci\u00f3n oficial del Segundo Congreso Internacional de Seguridad Ciudadana y Procuraci\u00f3n de Justicia, programado para el pr\u00f3ximo 12 de marzo en esta misma ciudad.<br \/>\nLa presentaci\u00f3n estuvo a cargo de Alberto Capella, exsecretario del Consejo de Seguridad Ciudadana de Baja California, as\u00ed como exsecretario de seguridad en Tijuana, Morelos y Quintana Roo, y fundador de la iniciativa ciudadana \u201cConstruyendo Comunidad, Coco\u201d que organiza el congreso.<br \/>\nAlberto Capella destac\u00f3 que la elecci\u00f3n de Le\u00f3n como sede de este congreso responde a la necesidad apremiante de articular esfuerzos y sinergias ciudadanas en una visi\u00f3n participativa, donde la sociedad no solo sea espectadora o cr\u00edtica de las acciones institucionales, sino que participe activamente en la definici\u00f3n de las estrategias de seguridad y justicia.<br \/>\nEn sus palabras: \u00abla idea de hacerlo en esta entidad es precisamente por la gran necesidad que existe de articular el esfuerzo ciudadano en una visi\u00f3n m\u00e1s participativa, no \u00fanicamente como espectadores o cr\u00edticos de la acci\u00f3n o inacci\u00f3n institucional, sino de establecer qu\u00e9 es lo que la sociedad guanajuatense quiere en materia de seguridad y de procuraci\u00f3n de justicia\u201d.<br \/>\nEl evento se llevar\u00e1 a cabo en el Hotel Holiday Inn el pr\u00f3ximo 12 de marzo, y la entrada ser\u00e1 gratuita mediante registro digital.<br \/>\nCapella tambi\u00e9n abord\u00f3 el preocupante incremento de la violencia en los \u00faltimos a\u00f1os, destacando estad\u00edsticas que muestran un aumento sustancial en la cantidad de entidades federativas con complicaciones criminales. Hizo referencia a que durante la transici\u00f3n entre presidentes, el n\u00famero de entidades con complicaciones criminales ha ido en aumento, llegando a un total de 19 entidades con dificultades al inicio del actual gobierno. En t\u00e9rminos estad\u00edsticos, se\u00f1al\u00f3 que 29 entidades podr\u00edan presentar problemas similares en el pr\u00f3ximo periodo, siendo Tlaxcala, Campeche y Yucat\u00e1n las \u00fanicas excepciones en este an\u00e1lisis.<br \/>\nEl Segundo Congreso Internacional de Seguridad Ciudadana y Procuraci\u00f3n de Justicia se perfila como un espacio crucial para abordar estos desaf\u00edos y buscar soluciones colaborativas que involucren tanto a autoridades como a la sociedad civil en la construcci\u00f3n de entornos m\u00e1s seguros y justos.<\/p>\n","protected":false},"excerpt":{"rendered":"<p>Le\u00f3n, Gto., 20 febrero 2024.- Se llev\u00f3 a cabo la presentaci\u00f3n oficial del Segundo Congreso Internacional de Seguridad Ciudadana y Procuraci\u00f3n de Justicia, programado para el pr\u00f3ximo 12 de marzo en esta misma ciudad. La presentaci\u00f3n estuvo a cargo de Alberto Capella, exsecretario del Consejo de Seguridad Ciudadana de Baja California, as\u00ed como exsecretario de [&hellip;]<\/p>\n","protected":false},"author":1,"featured_media":4553,"comment_status":"open","ping_status":"closed","sticky":false,"template":"","format":"standard","meta":{"_jetpack_newsletter_access":"","_jetpack_dont_email_post_to_subs":false,"_jetpack_newsletter_tier_id":0,"_jetpack_memberships_contains_paywalled_content":false,"_jetpack_memberships_contains_paid_content":false,"footnotes":""},"categories":[38],"tags":[],"class_list":{"0":"post-4552","1":"post","2":"type-post","3":"status-publish","4":"format-standard","5":"has-post-thumbnail","7":"category-estado"},"yoast_head":"<!-- This site is optimized with the Yoast SEO plugin v27.3 - https:\/\/yoast.com\/product\/yoast-seo-wordpress\/ -->\n<title>Presentan el Congreso Internacional de Seguridad Ciudadana y Procuraci\u00f3n de Justicia. - El Hijo del llanero solititito<\/title>\n<meta name=\"robots\" content=\"index, follow, max-snippet:-1, max-image-preview:large, max-video-preview:-1\" \/>\n<link rel=\"canonical\" href=\"https:\/\/elhijodelllanero.mx\/index.php\/2024\/02\/20\/presentan-el-congreso-internacional-de-seguridad-ciudadana-y-procuracion-de-justicia\/\" \/>\n<meta property=\"og:locale\" content=\"es_ES\" \/>\n<meta property=\"og:type\" content=\"article\" \/>\n<meta property=\"og:title\" content=\"Presentan el Congreso Internacional de Seguridad Ciudadana y Procuraci\u00f3n de Justicia. - El Hijo del llanero solititito\" \/>\n<meta property=\"og:description\" content=\"Le\u00f3n, Gto., 20 febrero 2024.- Se llev\u00f3 a cabo la presentaci\u00f3n oficial del Segundo Congreso Internacional de Seguridad Ciudadana y Procuraci\u00f3n de Justicia, programado para el pr\u00f3ximo 12 de marzo en esta misma ciudad. La presentaci\u00f3n estuvo a cargo de Alberto Capella, exsecretario del Consejo de Seguridad Ciudadana de Baja California, as\u00ed como exsecretario de [&hellip;]\" \/>\n<meta property=\"og:url\" content=\"https:\/\/elhijodelllanero.mx\/index.php\/2024\/02\/20\/presentan-el-congreso-internacional-de-seguridad-ciudadana-y-procuracion-de-justicia\/\" \/>\n<meta property=\"og:site_name\" content=\"El Hijo del llanero solititito\" \/>\n<meta property=\"article:published_time\" content=\"2024-02-20T21:34:24+00:00\" \/>\n<meta property=\"og:image\" content=\"https:\/\/elhijodelllanero.mx\/wp-content\/uploads\/2024\/02\/IMG-20240220-WA0029.jpg\" \/>\n\t<meta property=\"og:image:width\" content=\"1268\" \/>\n\t<meta property=\"og:image:height\" content=\"1064\" \/>\n\t<meta property=\"og:image:type\" content=\"image\/jpeg\" \/>\n<meta name=\"author\" content=\"Redaccion\" \/>\n<meta name=\"twitter:card\" content=\"summary_large_image\" \/>\n<meta name=\"twitter:label1\" content=\"Escrito por\" \/>\n\t<meta name=\"twitter:data1\" content=\"Redaccion\" \/>\n\t<meta name=\"twitter:label2\" content=\"Tiempo de lectura\" \/>\n\t<meta name=\"twitter:data2\" content=\"2 minutos\" \/>\n<script type=\"application\/ld+json\" class=\"yoast-schema-graph\">{\"@context\":\"https:\\\/\\\/schema.org\",\"@graph\":[{\"@type\":\"Article\",\"@id\":\"https:\\\/\\\/elhijodelllanero.mx\\\/index.php\\\/2024\\\/02\\\/20\\\/presentan-el-congreso-internacional-de-seguridad-ciudadana-y-procuracion-de-justicia\\\/#article\",\"isPartOf\":{\"@id\":\"https:\\\/\\\/elhijodelllanero.mx\\\/index.php\\\/2024\\\/02\\\/20\\\/presentan-el-congreso-internacional-de-seguridad-ciudadana-y-procuracion-de-justicia\\\/\"},\"author\":{\"name\":\"Redaccion\",\"@id\":\"https:\\\/\\\/elhijodelllanero.mx\\\/#\\\/schema\\\/person\\\/5dcfdd3db3a6f7e7906ef5d92cf7340b\"},\"headline\":\"Presentan el Congreso Internacional de Seguridad Ciudadana y Procuraci\u00f3n de Justicia.\",\"datePublished\":\"2024-02-20T21:34:24+00:00\",\"mainEntityOfPage\":{\"@id\":\"https:\\\/\\\/elhijodelllanero.mx\\\/index.php\\\/2024\\\/02\\\/20\\\/presentan-el-congreso-internacional-de-seguridad-ciudadana-y-procuracion-de-justicia\\\/\"},\"wordCount\":387,\"commentCount\":0,\"image\":{\"@id\":\"https:\\\/\\\/elhijodelllanero.mx\\\/index.php\\\/2024\\\/02\\\/20\\\/presentan-el-congreso-internacional-de-seguridad-ciudadana-y-procuracion-de-justicia\\\/#primaryimage\"},\"thumbnailUrl\":\"https:\\\/\\\/i0.wp.com\\\/elhijodelllanero.mx\\\/wp-content\\\/uploads\\\/2024\\\/02\\\/IMG-20240220-WA0029.jpg?fit=1268%2C1064&ssl=1\",\"articleSection\":[\"ESTADO\"],\"inLanguage\":\"es\",\"potentialAction\":[{\"@type\":\"CommentAction\",\"name\":\"Comment\",\"target\":[\"https:\\\/\\\/elhijodelllanero.mx\\\/index.php\\\/2024\\\/02\\\/20\\\/presentan-el-congreso-internacional-de-seguridad-ciudadana-y-procuracion-de-justicia\\\/#respond\"]}]},{\"@type\":\"WebPage\",\"@id\":\"https:\\\/\\\/elhijodelllanero.mx\\\/index.php\\\/2024\\\/02\\\/20\\\/presentan-el-congreso-internacional-de-seguridad-ciudadana-y-procuracion-de-justicia\\\/\",\"url\":\"https:\\\/\\\/elhijodelllanero.mx\\\/index.php\\\/2024\\\/02\\\/20\\\/presentan-el-congreso-internacional-de-seguridad-ciudadana-y-procuracion-de-justicia\\\/\",\"name\":\"Presentan el Congreso Internacional de Seguridad Ciudadana y Procuraci\u00f3n de Justicia. - El Hijo del llanero solititito\",\"isPartOf\":{\"@id\":\"https:\\\/\\\/elhijodelllanero.mx\\\/#website\"},\"primaryImageOfPage\":{\"@id\":\"https:\\\/\\\/elhijodelllanero.mx\\\/index.php\\\/2024\\\/02\\\/20\\\/presentan-el-congreso-internacional-de-seguridad-ciudadana-y-procuracion-de-justicia\\\/#primaryimage\"},\"image\":{\"@id\":\"https:\\\/\\\/elhijodelllanero.mx\\\/index.php\\\/2024\\\/02\\\/20\\\/presentan-el-congreso-internacional-de-seguridad-ciudadana-y-procuracion-de-justicia\\\/#primaryimage\"},\"thumbnailUrl\":\"https:\\\/\\\/i0.wp.com\\\/elhijodelllanero.mx\\\/wp-content\\\/uploads\\\/2024\\\/02\\\/IMG-20240220-WA0029.jpg?fit=1268%2C1064&ssl=1\",\"datePublished\":\"2024-02-20T21:34:24+00:00\",\"author\":{\"@id\":\"https:\\\/\\\/elhijodelllanero.mx\\\/#\\\/schema\\\/person\\\/5dcfdd3db3a6f7e7906ef5d92cf7340b\"},\"breadcrumb\":{\"@id\":\"https:\\\/\\\/elhijodelllanero.mx\\\/index.php\\\/2024\\\/02\\\/20\\\/presentan-el-congreso-internacional-de-seguridad-ciudadana-y-procuracion-de-justicia\\\/#breadcrumb\"},\"inLanguage\":\"es\",\"potentialAction\":[{\"@type\":\"ReadAction\",\"target\":[\"https:\\\/\\\/elhijodelllanero.mx\\\/index.php\\\/2024\\\/02\\\/20\\\/presentan-el-congreso-internacional-de-seguridad-ciudadana-y-procuracion-de-justicia\\\/\"]}]},{\"@type\":\"ImageObject\",\"inLanguage\":\"es\",\"@id\":\"https:\\\/\\\/elhijodelllanero.mx\\\/index.php\\\/2024\\\/02\\\/20\\\/presentan-el-congreso-internacional-de-seguridad-ciudadana-y-procuracion-de-justicia\\\/#primaryimage\",\"url\":\"https:\\\/\\\/i0.wp.com\\\/elhijodelllanero.mx\\\/wp-content\\\/uploads\\\/2024\\\/02\\\/IMG-20240220-WA0029.jpg?fit=1268%2C1064&ssl=1\",\"contentUrl\":\"https:\\\/\\\/i0.wp.com\\\/elhijodelllanero.mx\\\/wp-content\\\/uploads\\\/2024\\\/02\\\/IMG-20240220-WA0029.jpg?fit=1268%2C1064&ssl=1\",\"width\":1268,\"height\":1064},{\"@type\":\"BreadcrumbList\",\"@id\":\"https:\\\/\\\/elhijodelllanero.mx\\\/index.php\\\/2024\\\/02\\\/20\\\/presentan-el-congreso-internacional-de-seguridad-ciudadana-y-procuracion-de-justicia\\\/#breadcrumb\",\"itemListElement\":[{\"@type\":\"ListItem\",\"position\":1,\"name\":\"Portada\",\"item\":\"https:\\\/\\\/elhijodelllanero.mx\\\/\"},{\"@type\":\"ListItem\",\"position\":2,\"name\":\"Presentan el Congreso Internacional de Seguridad Ciudadana y Procuraci\u00f3n de Justicia.\"}]},{\"@type\":\"WebSite\",\"@id\":\"https:\\\/\\\/elhijodelllanero.mx\\\/#website\",\"url\":\"https:\\\/\\\/elhijodelllanero.mx\\\/\",\"name\":\"El Hijo del llanero solititito\",\"description\":\"\",\"potentialAction\":[{\"@type\":\"SearchAction\",\"target\":{\"@type\":\"EntryPoint\",\"urlTemplate\":\"https:\\\/\\\/elhijodelllanero.mx\\\/?s={search_term_string}\"},\"query-input\":{\"@type\":\"PropertyValueSpecification\",\"valueRequired\":true,\"valueName\":\"search_term_string\"}}],\"inLanguage\":\"es\"},{\"@type\":\"Person\",\"@id\":\"https:\\\/\\\/elhijodelllanero.mx\\\/#\\\/schema\\\/person\\\/5dcfdd3db3a6f7e7906ef5d92cf7340b\",\"name\":\"Redaccion\",\"image\":{\"@type\":\"ImageObject\",\"inLanguage\":\"es\",\"@id\":\"https:\\\/\\\/secure.gravatar.com\\\/avatar\\\/f65b913d6e7be363e7396f7fad32ab76d311fbb575fa7e623ec3ea4799f3b718?s=96&d=mm&r=g\",\"url\":\"https:\\\/\\\/secure.gravatar.com\\\/avatar\\\/f65b913d6e7be363e7396f7fad32ab76d311fbb575fa7e623ec3ea4799f3b718?s=96&d=mm&r=g\",\"contentUrl\":\"https:\\\/\\\/secure.gravatar.com\\\/avatar\\\/f65b913d6e7be363e7396f7fad32ab76d311fbb575fa7e623ec3ea4799f3b718?s=96&d=mm&r=g\",\"caption\":\"Redaccion\"},\"sameAs\":[\"https:\\\/\\\/www.elhijodelllanero.mx\"],\"url\":\"https:\\\/\\\/elhijodelllanero.mx\\\/index.php\\\/author\\\/admin_6smc8z8t\\\/\"}]}<\/script>\n<!-- \/ Yoast SEO plugin. -->","yoast_head_json":{"title":"Presentan el Congreso Internacional de Seguridad Ciudadana y Procuraci\u00f3n de Justicia. - El Hijo del llanero solititito","robots":{"index":"index","follow":"follow","max-snippet":"max-snippet:-1","max-image-preview":"max-image-preview:large","max-video-preview":"max-video-preview:-1"},"canonical":"https:\/\/elhijodelllanero.mx\/index.php\/2024\/02\/20\/presentan-el-congreso-internacional-de-seguridad-ciudadana-y-procuracion-de-justicia\/","og_locale":"es_ES","og_type":"article","og_title":"Presentan el Congreso Internacional de Seguridad Ciudadana y Procuraci\u00f3n de Justicia. - El Hijo del llanero solititito","og_description":"Le\u00f3n, Gto., 20 febrero 2024.- Se llev\u00f3 a cabo la presentaci\u00f3n oficial del Segundo Congreso Internacional de Seguridad Ciudadana y Procuraci\u00f3n de Justicia, programado para el pr\u00f3ximo 12 de marzo en esta misma ciudad. La presentaci\u00f3n estuvo a cargo de Alberto Capella, exsecretario del Consejo de Seguridad Ciudadana de Baja California, as\u00ed como exsecretario de [&hellip;]","og_url":"https:\/\/elhijodelllanero.mx\/index.php\/2024\/02\/20\/presentan-el-congreso-internacional-de-seguridad-ciudadana-y-procuracion-de-justicia\/","og_site_name":"El Hijo del llanero solititito","article_published_time":"2024-02-20T21:34:24+00:00","og_image":[{"width":1268,"height":1064,"url":"https:\/\/elhijodelllanero.mx\/wp-content\/uploads\/2024\/02\/IMG-20240220-WA0029.jpg","type":"image\/jpeg"}],"author":"Redaccion","twitter_card":"summary_large_image","twitter_misc":{"Escrito por":"Redaccion","Tiempo de lectura":"2 minutos"},"schema":{"@context":"https:\/\/schema.org","@graph":[{"@type":"Article","@id":"https:\/\/elhijodelllanero.mx\/index.php\/2024\/02\/20\/presentan-el-congreso-internacional-de-seguridad-ciudadana-y-procuracion-de-justicia\/#article","isPartOf":{"@id":"https:\/\/elhijodelllanero.mx\/index.php\/2024\/02\/20\/presentan-el-congreso-internacional-de-seguridad-ciudadana-y-procuracion-de-justicia\/"},"author":{"name":"Redaccion","@id":"https:\/\/elhijodelllanero.mx\/#\/schema\/person\/5dcfdd3db3a6f7e7906ef5d92cf7340b"},"headline":"Presentan el Congreso Internacional de Seguridad Ciudadana y Procuraci\u00f3n de Justicia.","datePublished":"2024-02-20T21:34:24+00:00","mainEntityOfPage":{"@id":"https:\/\/elhijodelllanero.mx\/index.php\/2024\/02\/20\/presentan-el-congreso-internacional-de-seguridad-ciudadana-y-procuracion-de-justicia\/"},"wordCount":387,"commentCount":0,"image":{"@id":"https:\/\/elhijodelllanero.mx\/index.php\/2024\/02\/20\/presentan-el-congreso-internacional-de-seguridad-ciudadana-y-procuracion-de-justicia\/#primaryimage"},"thumbnailUrl":"https:\/\/i0.wp.com\/elhijodelllanero.mx\/wp-content\/uploads\/2024\/02\/IMG-20240220-WA0029.jpg?fit=1268%2C1064&ssl=1","articleSection":["ESTADO"],"inLanguage":"es","potentialAction":[{"@type":"CommentAction","name":"Comment","target":["https:\/\/elhijodelllanero.mx\/index.php\/2024\/02\/20\/presentan-el-congreso-internacional-de-seguridad-ciudadana-y-procuracion-de-justicia\/#respond"]}]},{"@type":"WebPage","@id":"https:\/\/elhijodelllanero.mx\/index.php\/2024\/02\/20\/presentan-el-congreso-internacional-de-seguridad-ciudadana-y-procuracion-de-justicia\/","url":"https:\/\/elhijodelllanero.mx\/index.php\/2024\/02\/20\/presentan-el-congreso-internacional-de-seguridad-ciudadana-y-procuracion-de-justicia\/","name":"Presentan el Congreso Internacional de Seguridad Ciudadana y Procuraci\u00f3n de Justicia. - El Hijo del llanero solititito","isPartOf":{"@id":"https:\/\/elhijodelllanero.mx\/#website"},"primaryImageOfPage":{"@id":"https:\/\/elhijodelllanero.mx\/index.php\/2024\/02\/20\/presentan-el-congreso-internacional-de-seguridad-ciudadana-y-procuracion-de-justicia\/#primaryimage"},"image":{"@id":"https:\/\/elhijodelllanero.mx\/index.php\/2024\/02\/20\/presentan-el-congreso-internacional-de-seguridad-ciudadana-y-procuracion-de-justicia\/#primaryimage"},"thumbnailUrl":"https:\/\/i0.wp.com\/elhijodelllanero.mx\/wp-content\/uploads\/2024\/02\/IMG-20240220-WA0029.jpg?fit=1268%2C1064&ssl=1","datePublished":"2024-02-20T21:34:24+00:00","author":{"@id":"https:\/\/elhijodelllanero.mx\/#\/schema\/person\/5dcfdd3db3a6f7e7906ef5d92cf7340b"},"breadcrumb":{"@id":"https:\/\/elhijodelllanero.mx\/index.php\/2024\/02\/20\/presentan-el-congreso-internacional-de-seguridad-ciudadana-y-procuracion-de-justicia\/#breadcrumb"},"inLanguage":"es","potentialAction":[{"@type":"ReadAction","target":["https:\/\/elhijodelllanero.mx\/index.php\/2024\/02\/20\/presentan-el-congreso-internacional-de-seguridad-ciudadana-y-procuracion-de-justicia\/"]}]},{"@type":"ImageObject","inLanguage":"es","@id":"https:\/\/elhijodelllanero.mx\/index.php\/2024\/02\/20\/presentan-el-congreso-internacional-de-seguridad-ciudadana-y-procuracion-de-justicia\/#primaryimage","url":"https:\/\/i0.wp.com\/elhijodelllanero.mx\/wp-content\/uploads\/2024\/02\/IMG-20240220-WA0029.jpg?fit=1268%2C1064&ssl=1","contentUrl":"https:\/\/i0.wp.com\/elhijodelllanero.mx\/wp-content\/uploads\/2024\/02\/IMG-20240220-WA0029.jpg?fit=1268%2C1064&ssl=1","width":1268,"height":1064},{"@type":"BreadcrumbList","@id":"https:\/\/elhijodelllanero.mx\/index.php\/2024\/02\/20\/presentan-el-congreso-internacional-de-seguridad-ciudadana-y-procuracion-de-justicia\/#breadcrumb","itemListElement":[{"@type":"ListItem","position":1,"name":"Portada","item":"https:\/\/elhijodelllanero.mx\/"},{"@type":"ListItem","position":2,"name":"Presentan el Congreso Internacional de Seguridad Ciudadana y Procuraci\u00f3n de Justicia."}]},{"@type":"WebSite","@id":"https:\/\/elhijodelllanero.mx\/#website","url":"https:\/\/elhijodelllanero.mx\/","name":"El Hijo del llanero solititito","description":"","potentialAction":[{"@type":"SearchAction","target":{"@type":"EntryPoint","urlTemplate":"https:\/\/elhijodelllanero.mx\/?s={search_term_string}"},"query-input":{"@type":"PropertyValueSpecification","valueRequired":true,"valueName":"search_term_string"}}],"inLanguage":"es"},{"@type":"Person","@id":"https:\/\/elhijodelllanero.mx\/#\/schema\/person\/5dcfdd3db3a6f7e7906ef5d92cf7340b","name":"Redaccion","image":{"@type":"ImageObject","inLanguage":"es","@id":"https:\/\/secure.gravatar.com\/avatar\/f65b913d6e7be363e7396f7fad32ab76d311fbb575fa7e623ec3ea4799f3b718?s=96&d=mm&r=g","url":"https:\/\/secure.gravatar.com\/avatar\/f65b913d6e7be363e7396f7fad32ab76d311fbb575fa7e623ec3ea4799f3b718?s=96&d=mm&r=g","contentUrl":"https:\/\/secure.gravatar.com\/avatar\/f65b913d6e7be363e7396f7fad32ab76d311fbb575fa7e623ec3ea4799f3b718?s=96&d=mm&r=g","caption":"Redaccion"},"sameAs":["https:\/\/www.elhijodelllanero.mx"],"url":"https:\/\/elhijodelllanero.mx\/index.php\/author\/admin_6smc8z8t\/"}]}},"jetpack_featured_media_url":"https:\/\/i0.wp.com\/elhijodelllanero.mx\/wp-content\/uploads\/2024\/02\/IMG-20240220-WA0029.jpg?fit=1268%2C1064&ssl=1","jetpack-related-posts":[],"jetpack_sharing_enabled":true,"_links":{"self":[{"href":"https:\/\/elhijodelllanero.mx\/index.php\/wp-json\/wp\/v2\/posts\/4552","targetHints":{"allow":["GET"]}}],"collection":[{"href":"https:\/\/elhijodelllanero.mx\/index.php\/wp-json\/wp\/v2\/posts"}],"about":[{"href":"https:\/\/elhijodelllanero.mx\/index.php\/wp-json\/wp\/v2\/types\/post"}],"author":[{"embeddable":true,"href":"https:\/\/elhijodelllanero.mx\/index.php\/wp-json\/wp\/v2\/users\/1"}],"replies":[{"embeddable":true,"href":"https:\/\/elhijodelllanero.mx\/index.php\/wp-json\/wp\/v2\/comments?post=4552"}],"version-history":[{"count":1,"href":"https:\/\/elhijodelllanero.mx\/index.php\/wp-json\/wp\/v2\/posts\/4552\/revisions"}],"predecessor-version":[{"id":4554,"href":"https:\/\/elhijodelllanero.mx\/index.php\/wp-json\/wp\/v2\/posts\/4552\/revisions\/4554"}],"wp:featuredmedia":[{"embeddable":true,"href":"https:\/\/elhijodelllanero.mx\/index.php\/wp-json\/wp\/v2\/media\/4553"}],"wp:attachment":[{"href":"https:\/\/elhijodelllanero.mx\/index.php\/wp-json\/wp\/v2\/media?parent=4552"}],"wp:term":[{"taxonomy":"category","embeddable":true,"href":"https:\/\/elhijodelllanero.mx\/index.php\/wp-json\/wp\/v2\/categories?post=4552"},{"taxonomy":"post_tag","embeddable":true,"href":"https:\/\/elhijodelllanero.mx\/index.php\/wp-json\/wp\/v2\/tags?post=4552"}],"curies":[{"name":"wp","href":"https:\/\/api.w.org\/{rel}","templated":true}]}}