{"id":4555,"date":"2024-02-20T22:24:56","date_gmt":"2024-02-20T22:24:56","guid":{"rendered":"https:\/\/elhijodelllanero.mx\/?p=4555"},"modified":"2024-02-20T22:24:56","modified_gmt":"2024-02-20T22:24:56","slug":"construyen-estacion-de-emergencias-en-comunidad-la-estancia","status":"publish","type":"post","link":"https:\/\/elhijodelllanero.mx\/index.php\/2024\/02\/20\/construyen-estacion-de-emergencias-en-comunidad-la-estancia\/","title":{"rendered":"Construyen estaci\u00f3n de emergencias en comunidad \u201cLa Estancia\u201d."},"content":{"rendered":"<p style=\"text-align: left;\">\n<p>Apaseo el Grande, Gto., 20 febrero 2024.- \u201cDaniel Galindo S\u00e1nchez\u201d ser\u00e1 nombrada la nueva Estaci\u00f3n de Unidades de Emergencia en el Fraccionamiento la Estancia, que permitir\u00e1 reducir los tiempos de respuesta en la zona oriente del municipio.<br \/>\n\u201cEn palabras de sus compa\u00f1eros, entend\u00edamos su forma de vivir, que era siempre ayudar a los dem\u00e1s. Daniel hoy representa esa actitud de servicio que se tiene a trav\u00e9s de la protecci\u00f3n civil y la seguridad\u201d, manifest\u00f3 el Presidente Municipal, Jos\u00e9 Luis Oliveros Usabiaga en el arranque de esta nueva estaci\u00f3n que ser\u00e1 nombrada en honor al compa\u00f1ero del Cuerpo de Bomberos acaecido recientemente.<br \/>\nEn respuesta a una de las necesidades m\u00e1s sentidas en los Fraccionamientos de la Estancia, Balvanera, Villas del Rey y en comunidades como La Norita y El Castillo, se inici\u00f3 la construcci\u00f3n de la Estaci\u00f3n de Unidades de Emergencia estrat\u00e9gicamente ubicada que contar\u00e1 con personal de Protecci\u00f3n Civil, Bomberos y Servicios de Urgencias y que dar\u00e1 atenci\u00f3n inmediata a cualquier eventualidad.<br \/>\n\u201cCu\u00e1ntas veces no escuch\u00e9 sus quejas, sobre lo dif\u00edcil que era poder tener el auxilio de las unidades de protecci\u00f3n civil por diversas situaciones, es por ello que hoy hemos hecho esta inversi\u00f3n de manera consciente\u201d, se\u00f1al\u00f3 el Presidente Municipal.<br \/>\nAsimismo, enfatiz\u00f3 que el municipio est\u00e1 haciendo una inversi\u00f3n importante en materia de seguridad, priorizando la presencia permanente en esta zona que crece en poblaci\u00f3n y por ende debe ampliar tambi\u00e9n sus servicios. \u201cApaseo crece un 4% anual y seguir\u00e1 creciendo m\u00e1s en los pr\u00f3ximos a\u00f1os, por lo que no pod\u00edamos quedarnos atr\u00e1s en lo m\u00e1s importante: la protecci\u00f3n de los ciudadanos\u201d, expres\u00f3.<br \/>\nPor su parte, el Comisario de Seguridad P\u00fablica, Ulises Rodr\u00edguez Castrej\u00f3n, se\u00f1al\u00f3 que este es un logro m\u00e1s en beneficio de la ciudadan\u00eda y a\u00f1adi\u00f3 que los esfuerzos de la Direcci\u00f3n de Seguridad P\u00fablica, Tr\u00e1nsito, Vialidad y Protecci\u00f3n Civil est\u00e1n encaminados a preservar la tranquilidad individual y colectiva de la sociedad apaseense.<br \/>\nEn este sentido, reiter\u00f3 que la Estaci\u00f3n de Unidades de Emergencia debe garantizar el menor tiempo de respuesta ante una eventual incidencia, como eje primordial en el proceso de protecci\u00f3n de personas y bienes.<br \/>\nEsta obra representa una inversi\u00f3n de $1,030,293.64, que consiste en la construcci\u00f3n de una techumbre para unidades de emergencia: dos camiones, ambulancias y un espacio que albergar\u00e1 hasta a 12 personas del personal de emergencia.<br \/>\nEn el arranque de esta obra, se cont\u00f3 con la presencia de los titulares de los Cuerpos de Bomberos de Apaseo el Alto y Celaya.<\/p>\n","protected":false},"excerpt":{"rendered":"<p>Apaseo el Grande, Gto., 20 febrero 2024.- \u201cDaniel Galindo S\u00e1nchez\u201d ser\u00e1 nombrada la nueva Estaci\u00f3n de Unidades de Emergencia en el Fraccionamiento la Estancia, que permitir\u00e1 reducir los tiempos de respuesta en la zona oriente del municipio. \u201cEn palabras de sus compa\u00f1eros, entend\u00edamos su forma de vivir, que era siempre ayudar a los dem\u00e1s. Daniel [&hellip;]<\/p>\n","protected":false},"author":1,"featured_media":4556,"comment_status":"open","ping_status":"closed","sticky":false,"template":"","format":"standard","meta":{"_jetpack_newsletter_access":"","_jetpack_dont_email_post_to_subs":false,"_jetpack_newsletter_tier_id":0,"_jetpack_memberships_contains_paywalled_content":false,"_jetpack_memberships_contains_paid_content":false,"footnotes":""},"categories":[78],"tags":[],"class_list":{"0":"post-4555","1":"post","2":"type-post","3":"status-publish","4":"format-standard","5":"has-post-thumbnail","7":"category-apaseo-el-grande"},"yoast_head":"<!-- This site is optimized with the Yoast SEO plugin v27.3 - https:\/\/yoast.com\/product\/yoast-seo-wordpress\/ -->\n<title>Construyen estaci\u00f3n de emergencias en comunidad \u201cLa Estancia\u201d. - El Hijo del llanero solititito<\/title>\n<meta name=\"robots\" content=\"index, follow, max-snippet:-1, max-image-preview:large, max-video-preview:-1\" \/>\n<link rel=\"canonical\" href=\"https:\/\/elhijodelllanero.mx\/index.php\/2024\/02\/20\/construyen-estacion-de-emergencias-en-comunidad-la-estancia\/\" \/>\n<meta property=\"og:locale\" content=\"es_ES\" \/>\n<meta property=\"og:type\" content=\"article\" \/>\n<meta property=\"og:title\" content=\"Construyen estaci\u00f3n de emergencias en comunidad \u201cLa Estancia\u201d. - El Hijo del llanero solititito\" \/>\n<meta property=\"og:description\" content=\"Apaseo el Grande, Gto., 20 febrero 2024.- \u201cDaniel Galindo S\u00e1nchez\u201d ser\u00e1 nombrada la nueva Estaci\u00f3n de Unidades de Emergencia en el Fraccionamiento la Estancia, que permitir\u00e1 reducir los tiempos de respuesta en la zona oriente del municipio. \u201cEn palabras de sus compa\u00f1eros, entend\u00edamos su forma de vivir, que era siempre ayudar a los dem\u00e1s. Daniel [&hellip;]\" \/>\n<meta property=\"og:url\" content=\"https:\/\/elhijodelllanero.mx\/index.php\/2024\/02\/20\/construyen-estacion-de-emergencias-en-comunidad-la-estancia\/\" \/>\n<meta property=\"og:site_name\" content=\"El Hijo del llanero solititito\" \/>\n<meta property=\"article:published_time\" content=\"2024-02-20T22:24:56+00:00\" \/>\n<meta property=\"og:image\" content=\"https:\/\/elhijodelllanero.mx\/wp-content\/uploads\/2024\/02\/IMG-20240220-WA0067.jpg\" \/>\n\t<meta property=\"og:image:width\" content=\"1600\" \/>\n\t<meta property=\"og:image:height\" content=\"1065\" \/>\n\t<meta property=\"og:image:type\" content=\"image\/jpeg\" \/>\n<meta name=\"author\" content=\"Redaccion\" \/>\n<meta name=\"twitter:card\" content=\"summary_large_image\" \/>\n<meta name=\"twitter:label1\" content=\"Escrito por\" \/>\n\t<meta name=\"twitter:data1\" content=\"Redaccion\" \/>\n\t<meta name=\"twitter:label2\" content=\"Tiempo de lectura\" \/>\n\t<meta name=\"twitter:data2\" content=\"3 minutos\" \/>\n<script type=\"application\/ld+json\" class=\"yoast-schema-graph\">{\"@context\":\"https:\\\/\\\/schema.org\",\"@graph\":[{\"@type\":\"Article\",\"@id\":\"https:\\\/\\\/elhijodelllanero.mx\\\/index.php\\\/2024\\\/02\\\/20\\\/construyen-estacion-de-emergencias-en-comunidad-la-estancia\\\/#article\",\"isPartOf\":{\"@id\":\"https:\\\/\\\/elhijodelllanero.mx\\\/index.php\\\/2024\\\/02\\\/20\\\/construyen-estacion-de-emergencias-en-comunidad-la-estancia\\\/\"},\"author\":{\"name\":\"Redaccion\",\"@id\":\"https:\\\/\\\/elhijodelllanero.mx\\\/#\\\/schema\\\/person\\\/5dcfdd3db3a6f7e7906ef5d92cf7340b\"},\"headline\":\"Construyen estaci\u00f3n de emergencias en comunidad \u201cLa Estancia\u201d.\",\"datePublished\":\"2024-02-20T22:24:56+00:00\",\"mainEntityOfPage\":{\"@id\":\"https:\\\/\\\/elhijodelllanero.mx\\\/index.php\\\/2024\\\/02\\\/20\\\/construyen-estacion-de-emergencias-en-comunidad-la-estancia\\\/\"},\"wordCount\":462,\"commentCount\":0,\"image\":{\"@id\":\"https:\\\/\\\/elhijodelllanero.mx\\\/index.php\\\/2024\\\/02\\\/20\\\/construyen-estacion-de-emergencias-en-comunidad-la-estancia\\\/#primaryimage\"},\"thumbnailUrl\":\"https:\\\/\\\/i0.wp.com\\\/elhijodelllanero.mx\\\/wp-content\\\/uploads\\\/2024\\\/02\\\/IMG-20240220-WA0067.jpg?fit=1600%2C1065&ssl=1\",\"articleSection\":[\"APASEO EL GRANDE\"],\"inLanguage\":\"es\",\"potentialAction\":[{\"@type\":\"CommentAction\",\"name\":\"Comment\",\"target\":[\"https:\\\/\\\/elhijodelllanero.mx\\\/index.php\\\/2024\\\/02\\\/20\\\/construyen-estacion-de-emergencias-en-comunidad-la-estancia\\\/#respond\"]}]},{\"@type\":\"WebPage\",\"@id\":\"https:\\\/\\\/elhijodelllanero.mx\\\/index.php\\\/2024\\\/02\\\/20\\\/construyen-estacion-de-emergencias-en-comunidad-la-estancia\\\/\",\"url\":\"https:\\\/\\\/elhijodelllanero.mx\\\/index.php\\\/2024\\\/02\\\/20\\\/construyen-estacion-de-emergencias-en-comunidad-la-estancia\\\/\",\"name\":\"Construyen estaci\u00f3n de emergencias en comunidad \u201cLa Estancia\u201d. - El Hijo del llanero solititito\",\"isPartOf\":{\"@id\":\"https:\\\/\\\/elhijodelllanero.mx\\\/#website\"},\"primaryImageOfPage\":{\"@id\":\"https:\\\/\\\/elhijodelllanero.mx\\\/index.php\\\/2024\\\/02\\\/20\\\/construyen-estacion-de-emergencias-en-comunidad-la-estancia\\\/#primaryimage\"},\"image\":{\"@id\":\"https:\\\/\\\/elhijodelllanero.mx\\\/index.php\\\/2024\\\/02\\\/20\\\/construyen-estacion-de-emergencias-en-comunidad-la-estancia\\\/#primaryimage\"},\"thumbnailUrl\":\"https:\\\/\\\/i0.wp.com\\\/elhijodelllanero.mx\\\/wp-content\\\/uploads\\\/2024\\\/02\\\/IMG-20240220-WA0067.jpg?fit=1600%2C1065&ssl=1\",\"datePublished\":\"2024-02-20T22:24:56+00:00\",\"author\":{\"@id\":\"https:\\\/\\\/elhijodelllanero.mx\\\/#\\\/schema\\\/person\\\/5dcfdd3db3a6f7e7906ef5d92cf7340b\"},\"breadcrumb\":{\"@id\":\"https:\\\/\\\/elhijodelllanero.mx\\\/index.php\\\/2024\\\/02\\\/20\\\/construyen-estacion-de-emergencias-en-comunidad-la-estancia\\\/#breadcrumb\"},\"inLanguage\":\"es\",\"potentialAction\":[{\"@type\":\"ReadAction\",\"target\":[\"https:\\\/\\\/elhijodelllanero.mx\\\/index.php\\\/2024\\\/02\\\/20\\\/construyen-estacion-de-emergencias-en-comunidad-la-estancia\\\/\"]}]},{\"@type\":\"ImageObject\",\"inLanguage\":\"es\",\"@id\":\"https:\\\/\\\/elhijodelllanero.mx\\\/index.php\\\/2024\\\/02\\\/20\\\/construyen-estacion-de-emergencias-en-comunidad-la-estancia\\\/#primaryimage\",\"url\":\"https:\\\/\\\/i0.wp.com\\\/elhijodelllanero.mx\\\/wp-content\\\/uploads\\\/2024\\\/02\\\/IMG-20240220-WA0067.jpg?fit=1600%2C1065&ssl=1\",\"contentUrl\":\"https:\\\/\\\/i0.wp.com\\\/elhijodelllanero.mx\\\/wp-content\\\/uploads\\\/2024\\\/02\\\/IMG-20240220-WA0067.jpg?fit=1600%2C1065&ssl=1\",\"width\":1600,\"height\":1065},{\"@type\":\"BreadcrumbList\",\"@id\":\"https:\\\/\\\/elhijodelllanero.mx\\\/index.php\\\/2024\\\/02\\\/20\\\/construyen-estacion-de-emergencias-en-comunidad-la-estancia\\\/#breadcrumb\",\"itemListElement\":[{\"@type\":\"ListItem\",\"position\":1,\"name\":\"Portada\",\"item\":\"https:\\\/\\\/elhijodelllanero.mx\\\/\"},{\"@type\":\"ListItem\",\"position\":2,\"name\":\"Construyen estaci\u00f3n de emergencias en comunidad \u201cLa Estancia\u201d.\"}]},{\"@type\":\"WebSite\",\"@id\":\"https:\\\/\\\/elhijodelllanero.mx\\\/#website\",\"url\":\"https:\\\/\\\/elhijodelllanero.mx\\\/\",\"name\":\"El Hijo del llanero solititito\",\"description\":\"\",\"potentialAction\":[{\"@type\":\"SearchAction\",\"target\":{\"@type\":\"EntryPoint\",\"urlTemplate\":\"https:\\\/\\\/elhijodelllanero.mx\\\/?s={search_term_string}\"},\"query-input\":{\"@type\":\"PropertyValueSpecification\",\"valueRequired\":true,\"valueName\":\"search_term_string\"}}],\"inLanguage\":\"es\"},{\"@type\":\"Person\",\"@id\":\"https:\\\/\\\/elhijodelllanero.mx\\\/#\\\/schema\\\/person\\\/5dcfdd3db3a6f7e7906ef5d92cf7340b\",\"name\":\"Redaccion\",\"image\":{\"@type\":\"ImageObject\",\"inLanguage\":\"es\",\"@id\":\"https:\\\/\\\/secure.gravatar.com\\\/avatar\\\/f65b913d6e7be363e7396f7fad32ab76d311fbb575fa7e623ec3ea4799f3b718?s=96&d=mm&r=g\",\"url\":\"https:\\\/\\\/secure.gravatar.com\\\/avatar\\\/f65b913d6e7be363e7396f7fad32ab76d311fbb575fa7e623ec3ea4799f3b718?s=96&d=mm&r=g\",\"contentUrl\":\"https:\\\/\\\/secure.gravatar.com\\\/avatar\\\/f65b913d6e7be363e7396f7fad32ab76d311fbb575fa7e623ec3ea4799f3b718?s=96&d=mm&r=g\",\"caption\":\"Redaccion\"},\"sameAs\":[\"https:\\\/\\\/www.elhijodelllanero.mx\"],\"url\":\"https:\\\/\\\/elhijodelllanero.mx\\\/index.php\\\/author\\\/admin_6smc8z8t\\\/\"}]}<\/script>\n<!-- \/ Yoast SEO plugin. -->","yoast_head_json":{"title":"Construyen estaci\u00f3n de emergencias en comunidad \u201cLa Estancia\u201d. - El Hijo del llanero solititito","robots":{"index":"index","follow":"follow","max-snippet":"max-snippet:-1","max-image-preview":"max-image-preview:large","max-video-preview":"max-video-preview:-1"},"canonical":"https:\/\/elhijodelllanero.mx\/index.php\/2024\/02\/20\/construyen-estacion-de-emergencias-en-comunidad-la-estancia\/","og_locale":"es_ES","og_type":"article","og_title":"Construyen estaci\u00f3n de emergencias en comunidad \u201cLa Estancia\u201d. - El Hijo del llanero solititito","og_description":"Apaseo el Grande, Gto., 20 febrero 2024.- \u201cDaniel Galindo S\u00e1nchez\u201d ser\u00e1 nombrada la nueva Estaci\u00f3n de Unidades de Emergencia en el Fraccionamiento la Estancia, que permitir\u00e1 reducir los tiempos de respuesta en la zona oriente del municipio. \u201cEn palabras de sus compa\u00f1eros, entend\u00edamos su forma de vivir, que era siempre ayudar a los dem\u00e1s. Daniel [&hellip;]","og_url":"https:\/\/elhijodelllanero.mx\/index.php\/2024\/02\/20\/construyen-estacion-de-emergencias-en-comunidad-la-estancia\/","og_site_name":"El Hijo del llanero solititito","article_published_time":"2024-02-20T22:24:56+00:00","og_image":[{"width":1600,"height":1065,"url":"https:\/\/elhijodelllanero.mx\/wp-content\/uploads\/2024\/02\/IMG-20240220-WA0067.jpg","type":"image\/jpeg"}],"author":"Redaccion","twitter_card":"summary_large_image","twitter_misc":{"Escrito por":"Redaccion","Tiempo de lectura":"3 minutos"},"schema":{"@context":"https:\/\/schema.org","@graph":[{"@type":"Article","@id":"https:\/\/elhijodelllanero.mx\/index.php\/2024\/02\/20\/construyen-estacion-de-emergencias-en-comunidad-la-estancia\/#article","isPartOf":{"@id":"https:\/\/elhijodelllanero.mx\/index.php\/2024\/02\/20\/construyen-estacion-de-emergencias-en-comunidad-la-estancia\/"},"author":{"name":"Redaccion","@id":"https:\/\/elhijodelllanero.mx\/#\/schema\/person\/5dcfdd3db3a6f7e7906ef5d92cf7340b"},"headline":"Construyen estaci\u00f3n de emergencias en comunidad \u201cLa Estancia\u201d.","datePublished":"2024-02-20T22:24:56+00:00","mainEntityOfPage":{"@id":"https:\/\/elhijodelllanero.mx\/index.php\/2024\/02\/20\/construyen-estacion-de-emergencias-en-comunidad-la-estancia\/"},"wordCount":462,"commentCount":0,"image":{"@id":"https:\/\/elhijodelllanero.mx\/index.php\/2024\/02\/20\/construyen-estacion-de-emergencias-en-comunidad-la-estancia\/#primaryimage"},"thumbnailUrl":"https:\/\/i0.wp.com\/elhijodelllanero.mx\/wp-content\/uploads\/2024\/02\/IMG-20240220-WA0067.jpg?fit=1600%2C1065&ssl=1","articleSection":["APASEO EL GRANDE"],"inLanguage":"es","potentialAction":[{"@type":"CommentAction","name":"Comment","target":["https:\/\/elhijodelllanero.mx\/index.php\/2024\/02\/20\/construyen-estacion-de-emergencias-en-comunidad-la-estancia\/#respond"]}]},{"@type":"WebPage","@id":"https:\/\/elhijodelllanero.mx\/index.php\/2024\/02\/20\/construyen-estacion-de-emergencias-en-comunidad-la-estancia\/","url":"https:\/\/elhijodelllanero.mx\/index.php\/2024\/02\/20\/construyen-estacion-de-emergencias-en-comunidad-la-estancia\/","name":"Construyen estaci\u00f3n de emergencias en comunidad \u201cLa Estancia\u201d. - El Hijo del llanero solititito","isPartOf":{"@id":"https:\/\/elhijodelllanero.mx\/#website"},"primaryImageOfPage":{"@id":"https:\/\/elhijodelllanero.mx\/index.php\/2024\/02\/20\/construyen-estacion-de-emergencias-en-comunidad-la-estancia\/#primaryimage"},"image":{"@id":"https:\/\/elhijodelllanero.mx\/index.php\/2024\/02\/20\/construyen-estacion-de-emergencias-en-comunidad-la-estancia\/#primaryimage"},"thumbnailUrl":"https:\/\/i0.wp.com\/elhijodelllanero.mx\/wp-content\/uploads\/2024\/02\/IMG-20240220-WA0067.jpg?fit=1600%2C1065&ssl=1","datePublished":"2024-02-20T22:24:56+00:00","author":{"@id":"https:\/\/elhijodelllanero.mx\/#\/schema\/person\/5dcfdd3db3a6f7e7906ef5d92cf7340b"},"breadcrumb":{"@id":"https:\/\/elhijodelllanero.mx\/index.php\/2024\/02\/20\/construyen-estacion-de-emergencias-en-comunidad-la-estancia\/#breadcrumb"},"inLanguage":"es","potentialAction":[{"@type":"ReadAction","target":["https:\/\/elhijodelllanero.mx\/index.php\/2024\/02\/20\/construyen-estacion-de-emergencias-en-comunidad-la-estancia\/"]}]},{"@type":"ImageObject","inLanguage":"es","@id":"https:\/\/elhijodelllanero.mx\/index.php\/2024\/02\/20\/construyen-estacion-de-emergencias-en-comunidad-la-estancia\/#primaryimage","url":"https:\/\/i0.wp.com\/elhijodelllanero.mx\/wp-content\/uploads\/2024\/02\/IMG-20240220-WA0067.jpg?fit=1600%2C1065&ssl=1","contentUrl":"https:\/\/i0.wp.com\/elhijodelllanero.mx\/wp-content\/uploads\/2024\/02\/IMG-20240220-WA0067.jpg?fit=1600%2C1065&ssl=1","width":1600,"height":1065},{"@type":"BreadcrumbList","@id":"https:\/\/elhijodelllanero.mx\/index.php\/2024\/02\/20\/construyen-estacion-de-emergencias-en-comunidad-la-estancia\/#breadcrumb","itemListElement":[{"@type":"ListItem","position":1,"name":"Portada","item":"https:\/\/elhijodelllanero.mx\/"},{"@type":"ListItem","position":2,"name":"Construyen estaci\u00f3n de emergencias en comunidad \u201cLa Estancia\u201d."}]},{"@type":"WebSite","@id":"https:\/\/elhijodelllanero.mx\/#website","url":"https:\/\/elhijodelllanero.mx\/","name":"El Hijo del llanero solititito","description":"","potentialAction":[{"@type":"SearchAction","target":{"@type":"EntryPoint","urlTemplate":"https:\/\/elhijodelllanero.mx\/?s={search_term_string}"},"query-input":{"@type":"PropertyValueSpecification","valueRequired":true,"valueName":"search_term_string"}}],"inLanguage":"es"},{"@type":"Person","@id":"https:\/\/elhijodelllanero.mx\/#\/schema\/person\/5dcfdd3db3a6f7e7906ef5d92cf7340b","name":"Redaccion","image":{"@type":"ImageObject","inLanguage":"es","@id":"https:\/\/secure.gravatar.com\/avatar\/f65b913d6e7be363e7396f7fad32ab76d311fbb575fa7e623ec3ea4799f3b718?s=96&d=mm&r=g","url":"https:\/\/secure.gravatar.com\/avatar\/f65b913d6e7be363e7396f7fad32ab76d311fbb575fa7e623ec3ea4799f3b718?s=96&d=mm&r=g","contentUrl":"https:\/\/secure.gravatar.com\/avatar\/f65b913d6e7be363e7396f7fad32ab76d311fbb575fa7e623ec3ea4799f3b718?s=96&d=mm&r=g","caption":"Redaccion"},"sameAs":["https:\/\/www.elhijodelllanero.mx"],"url":"https:\/\/elhijodelllanero.mx\/index.php\/author\/admin_6smc8z8t\/"}]}},"jetpack_featured_media_url":"https:\/\/i0.wp.com\/elhijodelllanero.mx\/wp-content\/uploads\/2024\/02\/IMG-20240220-WA0067.jpg?fit=1600%2C1065&ssl=1","jetpack-related-posts":[],"jetpack_sharing_enabled":true,"_links":{"self":[{"href":"https:\/\/elhijodelllanero.mx\/index.php\/wp-json\/wp\/v2\/posts\/4555","targetHints":{"allow":["GET"]}}],"collection":[{"href":"https:\/\/elhijodelllanero.mx\/index.php\/wp-json\/wp\/v2\/posts"}],"about":[{"href":"https:\/\/elhijodelllanero.mx\/index.php\/wp-json\/wp\/v2\/types\/post"}],"author":[{"embeddable":true,"href":"https:\/\/elhijodelllanero.mx\/index.php\/wp-json\/wp\/v2\/users\/1"}],"replies":[{"embeddable":true,"href":"https:\/\/elhijodelllanero.mx\/index.php\/wp-json\/wp\/v2\/comments?post=4555"}],"version-history":[{"count":1,"href":"https:\/\/elhijodelllanero.mx\/index.php\/wp-json\/wp\/v2\/posts\/4555\/revisions"}],"predecessor-version":[{"id":4557,"href":"https:\/\/elhijodelllanero.mx\/index.php\/wp-json\/wp\/v2\/posts\/4555\/revisions\/4557"}],"wp:featuredmedia":[{"embeddable":true,"href":"https:\/\/elhijodelllanero.mx\/index.php\/wp-json\/wp\/v2\/media\/4556"}],"wp:attachment":[{"href":"https:\/\/elhijodelllanero.mx\/index.php\/wp-json\/wp\/v2\/media?parent=4555"}],"wp:term":[{"taxonomy":"category","embeddable":true,"href":"https:\/\/elhijodelllanero.mx\/index.php\/wp-json\/wp\/v2\/categories?post=4555"},{"taxonomy":"post_tag","embeddable":true,"href":"https:\/\/elhijodelllanero.mx\/index.php\/wp-json\/wp\/v2\/tags?post=4555"}],"curies":[{"name":"wp","href":"https:\/\/api.w.org\/{rel}","templated":true}]}}