{"id":4681,"date":"2024-02-25T19:36:56","date_gmt":"2024-02-25T19:36:56","guid":{"rendered":"https:\/\/elhijodelllanero.mx\/?p=4681"},"modified":"2024-02-25T19:36:56","modified_gmt":"2024-02-25T19:36:56","slug":"abanderan-en-apaseo-el-grande-a-instituciones-educativas","status":"publish","type":"post","link":"https:\/\/elhijodelllanero.mx\/index.php\/2024\/02\/25\/abanderan-en-apaseo-el-grande-a-instituciones-educativas\/","title":{"rendered":"Abanderan en Apaseo El Grande a instituciones educativas."},"content":{"rendered":"<p>&nbsp;<\/p>\n<p>Apaseo el Grande, Gto., 25 febrero 2024.- En el marco del D\u00eda de la Bandera, se realiz\u00f3 la ceremonia de incineraci\u00f3n y abanderamiento de 6 escoltas de instituciones educativas del Municipio.<br \/>\nEl Gobierno Municipal y la XVI Zona Militar, encabezaron la ceremonia de incineraci\u00f3n que se realiza conforme al Art\u00edculo 54 Bis de la Ley para el Escudo, La Bandera y el Himno Nacional, que estipula: cuando se requiera destruir alguna r\u00e9plica de la Bandera Nacional, se har\u00e1 mediante la Incineraci\u00f3n, en Acto Respetuoso y Solemne de conformidad con las especificaciones que el reglamento correspondiente determine.<br \/>\nEn este acto, las escoltas entregaron las banderas a reemplazar, las cuales fueron incineradas y expidieron humo verde, blanco y rojo en se\u00f1al de honor y s\u00edmbolo de despedida.<br \/>\nAsimismo, el Presidente Municipal, Jos\u00e9 Luis Oliveros Usabiaga tom\u00f3 la protesta de las escoltas abanderadas. \u201cVengo en nombre de M\u00e9xico, a encomendar a su patriotismo, esta bandera que simboliza su independencia, su honor, sus instituciones y la integridad de su territorio\u201d, enunci\u00f3 el Alcalde.<br \/>\nLas instituciones abanderadas son:<br \/>\nEsc. Primaria Benito Ju\u00e1rez &#8211; Caleras de Amexhe<br \/>\nEsc. Primaria Constituci\u00f3n &#8211; Caleras de Amexhe<br \/>\nEsc. Primaria 18 de Marzo &#8211; Coachit\u00ed<br \/>\nEsc. Primaria Constituci\u00f3n de 1857 &#8211; La Pur\u00edsima<br \/>\nEscuela Telesecundaria #318 &#8211; Cabecera Municipal<br \/>\nEscuela Telesecundaria # 556 &#8211; El Vicario<br \/>\nEl jard\u00edn principal fue la sede este acto c\u00edvico cuyo objetivo es desarrollar los valores de identidad y patriotismo, que identifican y hacen grande al pueblo de M\u00e9xico.<br \/>\nEn representaci\u00f3n de la XVI Zona Militar, se cont\u00f3 con la presencia del Capit\u00e1n Primero del Arma Blindada, Ren\u00e9 Espinoza Paz y por parte de la Delegaci\u00f3n Regional Educaci\u00f3n, Antonio Garc\u00eda Oliveros. Asimismo, estuvieron presentes integrantes del H. Ayuntamiento y Directores de la Administraci\u00f3n Municipal.<\/p>\n","protected":false},"excerpt":{"rendered":"<p>&nbsp; Apaseo el Grande, Gto., 25 febrero 2024.- En el marco del D\u00eda de la Bandera, se realiz\u00f3 la ceremonia de incineraci\u00f3n y abanderamiento de 6 escoltas de instituciones educativas del Municipio. El Gobierno Municipal y la XVI Zona Militar, encabezaron la ceremonia de incineraci\u00f3n que se realiza conforme al Art\u00edculo 54 Bis de la [&hellip;]<\/p>\n","protected":false},"author":1,"featured_media":4682,"comment_status":"open","ping_status":"closed","sticky":false,"template":"","format":"standard","meta":{"_jetpack_newsletter_access":"","_jetpack_dont_email_post_to_subs":false,"_jetpack_newsletter_tier_id":0,"_jetpack_memberships_contains_paywalled_content":false,"_jetpack_memberships_contains_paid_content":false,"footnotes":""},"categories":[78],"tags":[],"class_list":{"0":"post-4681","1":"post","2":"type-post","3":"status-publish","4":"format-standard","5":"has-post-thumbnail","7":"category-apaseo-el-grande"},"yoast_head":"<!-- This site is optimized with the Yoast SEO plugin v27.3 - https:\/\/yoast.com\/product\/yoast-seo-wordpress\/ -->\n<title>Abanderan en Apaseo El Grande a instituciones educativas. - El Hijo del llanero solititito<\/title>\n<meta name=\"robots\" content=\"index, follow, max-snippet:-1, max-image-preview:large, max-video-preview:-1\" \/>\n<link rel=\"canonical\" href=\"https:\/\/elhijodelllanero.mx\/index.php\/2024\/02\/25\/abanderan-en-apaseo-el-grande-a-instituciones-educativas\/\" \/>\n<meta property=\"og:locale\" content=\"es_ES\" \/>\n<meta property=\"og:type\" content=\"article\" \/>\n<meta property=\"og:title\" content=\"Abanderan en Apaseo El Grande a instituciones educativas. - El Hijo del llanero solititito\" \/>\n<meta property=\"og:description\" content=\"&nbsp; Apaseo el Grande, Gto., 25 febrero 2024.- En el marco del D\u00eda de la Bandera, se realiz\u00f3 la ceremonia de incineraci\u00f3n y abanderamiento de 6 escoltas de instituciones educativas del Municipio. El Gobierno Municipal y la XVI Zona Militar, encabezaron la ceremonia de incineraci\u00f3n que se realiza conforme al Art\u00edculo 54 Bis de la [&hellip;]\" \/>\n<meta property=\"og:url\" content=\"https:\/\/elhijodelllanero.mx\/index.php\/2024\/02\/25\/abanderan-en-apaseo-el-grande-a-instituciones-educativas\/\" \/>\n<meta property=\"og:site_name\" content=\"El Hijo del llanero solititito\" \/>\n<meta property=\"article:published_time\" content=\"2024-02-25T19:36:56+00:00\" \/>\n<meta property=\"og:image\" content=\"https:\/\/elhijodelllanero.mx\/wp-content\/uploads\/2024\/02\/IMG-20240224-WA0016.jpg\" \/>\n\t<meta property=\"og:image:width\" content=\"2560\" \/>\n\t<meta property=\"og:image:height\" content=\"1706\" \/>\n\t<meta property=\"og:image:type\" content=\"image\/jpeg\" \/>\n<meta name=\"author\" content=\"Redaccion\" \/>\n<meta name=\"twitter:card\" content=\"summary_large_image\" \/>\n<meta name=\"twitter:label1\" content=\"Escrito por\" \/>\n\t<meta name=\"twitter:data1\" content=\"Redaccion\" \/>\n\t<meta name=\"twitter:label2\" content=\"Tiempo de lectura\" \/>\n\t<meta name=\"twitter:data2\" content=\"2 minutos\" \/>\n<script type=\"application\/ld+json\" class=\"yoast-schema-graph\">{\"@context\":\"https:\\\/\\\/schema.org\",\"@graph\":[{\"@type\":\"Article\",\"@id\":\"https:\\\/\\\/elhijodelllanero.mx\\\/index.php\\\/2024\\\/02\\\/25\\\/abanderan-en-apaseo-el-grande-a-instituciones-educativas\\\/#article\",\"isPartOf\":{\"@id\":\"https:\\\/\\\/elhijodelllanero.mx\\\/index.php\\\/2024\\\/02\\\/25\\\/abanderan-en-apaseo-el-grande-a-instituciones-educativas\\\/\"},\"author\":{\"name\":\"Redaccion\",\"@id\":\"https:\\\/\\\/elhijodelllanero.mx\\\/#\\\/schema\\\/person\\\/5dcfdd3db3a6f7e7906ef5d92cf7340b\"},\"headline\":\"Abanderan en Apaseo El Grande a instituciones educativas.\",\"datePublished\":\"2024-02-25T19:36:56+00:00\",\"mainEntityOfPage\":{\"@id\":\"https:\\\/\\\/elhijodelllanero.mx\\\/index.php\\\/2024\\\/02\\\/25\\\/abanderan-en-apaseo-el-grande-a-instituciones-educativas\\\/\"},\"wordCount\":312,\"commentCount\":0,\"image\":{\"@id\":\"https:\\\/\\\/elhijodelllanero.mx\\\/index.php\\\/2024\\\/02\\\/25\\\/abanderan-en-apaseo-el-grande-a-instituciones-educativas\\\/#primaryimage\"},\"thumbnailUrl\":\"https:\\\/\\\/i0.wp.com\\\/elhijodelllanero.mx\\\/wp-content\\\/uploads\\\/2024\\\/02\\\/IMG-20240224-WA0016.jpg?fit=2560%2C1706&ssl=1\",\"articleSection\":[\"APASEO EL GRANDE\"],\"inLanguage\":\"es\",\"potentialAction\":[{\"@type\":\"CommentAction\",\"name\":\"Comment\",\"target\":[\"https:\\\/\\\/elhijodelllanero.mx\\\/index.php\\\/2024\\\/02\\\/25\\\/abanderan-en-apaseo-el-grande-a-instituciones-educativas\\\/#respond\"]}]},{\"@type\":\"WebPage\",\"@id\":\"https:\\\/\\\/elhijodelllanero.mx\\\/index.php\\\/2024\\\/02\\\/25\\\/abanderan-en-apaseo-el-grande-a-instituciones-educativas\\\/\",\"url\":\"https:\\\/\\\/elhijodelllanero.mx\\\/index.php\\\/2024\\\/02\\\/25\\\/abanderan-en-apaseo-el-grande-a-instituciones-educativas\\\/\",\"name\":\"Abanderan en Apaseo El Grande a instituciones educativas. - El Hijo del llanero solititito\",\"isPartOf\":{\"@id\":\"https:\\\/\\\/elhijodelllanero.mx\\\/#website\"},\"primaryImageOfPage\":{\"@id\":\"https:\\\/\\\/elhijodelllanero.mx\\\/index.php\\\/2024\\\/02\\\/25\\\/abanderan-en-apaseo-el-grande-a-instituciones-educativas\\\/#primaryimage\"},\"image\":{\"@id\":\"https:\\\/\\\/elhijodelllanero.mx\\\/index.php\\\/2024\\\/02\\\/25\\\/abanderan-en-apaseo-el-grande-a-instituciones-educativas\\\/#primaryimage\"},\"thumbnailUrl\":\"https:\\\/\\\/i0.wp.com\\\/elhijodelllanero.mx\\\/wp-content\\\/uploads\\\/2024\\\/02\\\/IMG-20240224-WA0016.jpg?fit=2560%2C1706&ssl=1\",\"datePublished\":\"2024-02-25T19:36:56+00:00\",\"author\":{\"@id\":\"https:\\\/\\\/elhijodelllanero.mx\\\/#\\\/schema\\\/person\\\/5dcfdd3db3a6f7e7906ef5d92cf7340b\"},\"breadcrumb\":{\"@id\":\"https:\\\/\\\/elhijodelllanero.mx\\\/index.php\\\/2024\\\/02\\\/25\\\/abanderan-en-apaseo-el-grande-a-instituciones-educativas\\\/#breadcrumb\"},\"inLanguage\":\"es\",\"potentialAction\":[{\"@type\":\"ReadAction\",\"target\":[\"https:\\\/\\\/elhijodelllanero.mx\\\/index.php\\\/2024\\\/02\\\/25\\\/abanderan-en-apaseo-el-grande-a-instituciones-educativas\\\/\"]}]},{\"@type\":\"ImageObject\",\"inLanguage\":\"es\",\"@id\":\"https:\\\/\\\/elhijodelllanero.mx\\\/index.php\\\/2024\\\/02\\\/25\\\/abanderan-en-apaseo-el-grande-a-instituciones-educativas\\\/#primaryimage\",\"url\":\"https:\\\/\\\/i0.wp.com\\\/elhijodelllanero.mx\\\/wp-content\\\/uploads\\\/2024\\\/02\\\/IMG-20240224-WA0016.jpg?fit=2560%2C1706&ssl=1\",\"contentUrl\":\"https:\\\/\\\/i0.wp.com\\\/elhijodelllanero.mx\\\/wp-content\\\/uploads\\\/2024\\\/02\\\/IMG-20240224-WA0016.jpg?fit=2560%2C1706&ssl=1\",\"width\":2560,\"height\":1706},{\"@type\":\"BreadcrumbList\",\"@id\":\"https:\\\/\\\/elhijodelllanero.mx\\\/index.php\\\/2024\\\/02\\\/25\\\/abanderan-en-apaseo-el-grande-a-instituciones-educativas\\\/#breadcrumb\",\"itemListElement\":[{\"@type\":\"ListItem\",\"position\":1,\"name\":\"Portada\",\"item\":\"https:\\\/\\\/elhijodelllanero.mx\\\/\"},{\"@type\":\"ListItem\",\"position\":2,\"name\":\"Abanderan en Apaseo El Grande a instituciones educativas.\"}]},{\"@type\":\"WebSite\",\"@id\":\"https:\\\/\\\/elhijodelllanero.mx\\\/#website\",\"url\":\"https:\\\/\\\/elhijodelllanero.mx\\\/\",\"name\":\"El Hijo del llanero solititito\",\"description\":\"\",\"potentialAction\":[{\"@type\":\"SearchAction\",\"target\":{\"@type\":\"EntryPoint\",\"urlTemplate\":\"https:\\\/\\\/elhijodelllanero.mx\\\/?s={search_term_string}\"},\"query-input\":{\"@type\":\"PropertyValueSpecification\",\"valueRequired\":true,\"valueName\":\"search_term_string\"}}],\"inLanguage\":\"es\"},{\"@type\":\"Person\",\"@id\":\"https:\\\/\\\/elhijodelllanero.mx\\\/#\\\/schema\\\/person\\\/5dcfdd3db3a6f7e7906ef5d92cf7340b\",\"name\":\"Redaccion\",\"image\":{\"@type\":\"ImageObject\",\"inLanguage\":\"es\",\"@id\":\"https:\\\/\\\/secure.gravatar.com\\\/avatar\\\/f65b913d6e7be363e7396f7fad32ab76d311fbb575fa7e623ec3ea4799f3b718?s=96&d=mm&r=g\",\"url\":\"https:\\\/\\\/secure.gravatar.com\\\/avatar\\\/f65b913d6e7be363e7396f7fad32ab76d311fbb575fa7e623ec3ea4799f3b718?s=96&d=mm&r=g\",\"contentUrl\":\"https:\\\/\\\/secure.gravatar.com\\\/avatar\\\/f65b913d6e7be363e7396f7fad32ab76d311fbb575fa7e623ec3ea4799f3b718?s=96&d=mm&r=g\",\"caption\":\"Redaccion\"},\"sameAs\":[\"https:\\\/\\\/www.elhijodelllanero.mx\"],\"url\":\"https:\\\/\\\/elhijodelllanero.mx\\\/index.php\\\/author\\\/admin_6smc8z8t\\\/\"}]}<\/script>\n<!-- \/ Yoast SEO plugin. -->","yoast_head_json":{"title":"Abanderan en Apaseo El Grande a instituciones educativas. - El Hijo del llanero solititito","robots":{"index":"index","follow":"follow","max-snippet":"max-snippet:-1","max-image-preview":"max-image-preview:large","max-video-preview":"max-video-preview:-1"},"canonical":"https:\/\/elhijodelllanero.mx\/index.php\/2024\/02\/25\/abanderan-en-apaseo-el-grande-a-instituciones-educativas\/","og_locale":"es_ES","og_type":"article","og_title":"Abanderan en Apaseo El Grande a instituciones educativas. - El Hijo del llanero solititito","og_description":"&nbsp; Apaseo el Grande, Gto., 25 febrero 2024.- En el marco del D\u00eda de la Bandera, se realiz\u00f3 la ceremonia de incineraci\u00f3n y abanderamiento de 6 escoltas de instituciones educativas del Municipio. El Gobierno Municipal y la XVI Zona Militar, encabezaron la ceremonia de incineraci\u00f3n que se realiza conforme al Art\u00edculo 54 Bis de la [&hellip;]","og_url":"https:\/\/elhijodelllanero.mx\/index.php\/2024\/02\/25\/abanderan-en-apaseo-el-grande-a-instituciones-educativas\/","og_site_name":"El Hijo del llanero solititito","article_published_time":"2024-02-25T19:36:56+00:00","og_image":[{"width":2560,"height":1706,"url":"https:\/\/elhijodelllanero.mx\/wp-content\/uploads\/2024\/02\/IMG-20240224-WA0016.jpg","type":"image\/jpeg"}],"author":"Redaccion","twitter_card":"summary_large_image","twitter_misc":{"Escrito por":"Redaccion","Tiempo de lectura":"2 minutos"},"schema":{"@context":"https:\/\/schema.org","@graph":[{"@type":"Article","@id":"https:\/\/elhijodelllanero.mx\/index.php\/2024\/02\/25\/abanderan-en-apaseo-el-grande-a-instituciones-educativas\/#article","isPartOf":{"@id":"https:\/\/elhijodelllanero.mx\/index.php\/2024\/02\/25\/abanderan-en-apaseo-el-grande-a-instituciones-educativas\/"},"author":{"name":"Redaccion","@id":"https:\/\/elhijodelllanero.mx\/#\/schema\/person\/5dcfdd3db3a6f7e7906ef5d92cf7340b"},"headline":"Abanderan en Apaseo El Grande a instituciones educativas.","datePublished":"2024-02-25T19:36:56+00:00","mainEntityOfPage":{"@id":"https:\/\/elhijodelllanero.mx\/index.php\/2024\/02\/25\/abanderan-en-apaseo-el-grande-a-instituciones-educativas\/"},"wordCount":312,"commentCount":0,"image":{"@id":"https:\/\/elhijodelllanero.mx\/index.php\/2024\/02\/25\/abanderan-en-apaseo-el-grande-a-instituciones-educativas\/#primaryimage"},"thumbnailUrl":"https:\/\/i0.wp.com\/elhijodelllanero.mx\/wp-content\/uploads\/2024\/02\/IMG-20240224-WA0016.jpg?fit=2560%2C1706&ssl=1","articleSection":["APASEO EL GRANDE"],"inLanguage":"es","potentialAction":[{"@type":"CommentAction","name":"Comment","target":["https:\/\/elhijodelllanero.mx\/index.php\/2024\/02\/25\/abanderan-en-apaseo-el-grande-a-instituciones-educativas\/#respond"]}]},{"@type":"WebPage","@id":"https:\/\/elhijodelllanero.mx\/index.php\/2024\/02\/25\/abanderan-en-apaseo-el-grande-a-instituciones-educativas\/","url":"https:\/\/elhijodelllanero.mx\/index.php\/2024\/02\/25\/abanderan-en-apaseo-el-grande-a-instituciones-educativas\/","name":"Abanderan en Apaseo El Grande a instituciones educativas. - El Hijo del llanero solititito","isPartOf":{"@id":"https:\/\/elhijodelllanero.mx\/#website"},"primaryImageOfPage":{"@id":"https:\/\/elhijodelllanero.mx\/index.php\/2024\/02\/25\/abanderan-en-apaseo-el-grande-a-instituciones-educativas\/#primaryimage"},"image":{"@id":"https:\/\/elhijodelllanero.mx\/index.php\/2024\/02\/25\/abanderan-en-apaseo-el-grande-a-instituciones-educativas\/#primaryimage"},"thumbnailUrl":"https:\/\/i0.wp.com\/elhijodelllanero.mx\/wp-content\/uploads\/2024\/02\/IMG-20240224-WA0016.jpg?fit=2560%2C1706&ssl=1","datePublished":"2024-02-25T19:36:56+00:00","author":{"@id":"https:\/\/elhijodelllanero.mx\/#\/schema\/person\/5dcfdd3db3a6f7e7906ef5d92cf7340b"},"breadcrumb":{"@id":"https:\/\/elhijodelllanero.mx\/index.php\/2024\/02\/25\/abanderan-en-apaseo-el-grande-a-instituciones-educativas\/#breadcrumb"},"inLanguage":"es","potentialAction":[{"@type":"ReadAction","target":["https:\/\/elhijodelllanero.mx\/index.php\/2024\/02\/25\/abanderan-en-apaseo-el-grande-a-instituciones-educativas\/"]}]},{"@type":"ImageObject","inLanguage":"es","@id":"https:\/\/elhijodelllanero.mx\/index.php\/2024\/02\/25\/abanderan-en-apaseo-el-grande-a-instituciones-educativas\/#primaryimage","url":"https:\/\/i0.wp.com\/elhijodelllanero.mx\/wp-content\/uploads\/2024\/02\/IMG-20240224-WA0016.jpg?fit=2560%2C1706&ssl=1","contentUrl":"https:\/\/i0.wp.com\/elhijodelllanero.mx\/wp-content\/uploads\/2024\/02\/IMG-20240224-WA0016.jpg?fit=2560%2C1706&ssl=1","width":2560,"height":1706},{"@type":"BreadcrumbList","@id":"https:\/\/elhijodelllanero.mx\/index.php\/2024\/02\/25\/abanderan-en-apaseo-el-grande-a-instituciones-educativas\/#breadcrumb","itemListElement":[{"@type":"ListItem","position":1,"name":"Portada","item":"https:\/\/elhijodelllanero.mx\/"},{"@type":"ListItem","position":2,"name":"Abanderan en Apaseo El Grande a instituciones educativas."}]},{"@type":"WebSite","@id":"https:\/\/elhijodelllanero.mx\/#website","url":"https:\/\/elhijodelllanero.mx\/","name":"El Hijo del llanero solititito","description":"","potentialAction":[{"@type":"SearchAction","target":{"@type":"EntryPoint","urlTemplate":"https:\/\/elhijodelllanero.mx\/?s={search_term_string}"},"query-input":{"@type":"PropertyValueSpecification","valueRequired":true,"valueName":"search_term_string"}}],"inLanguage":"es"},{"@type":"Person","@id":"https:\/\/elhijodelllanero.mx\/#\/schema\/person\/5dcfdd3db3a6f7e7906ef5d92cf7340b","name":"Redaccion","image":{"@type":"ImageObject","inLanguage":"es","@id":"https:\/\/secure.gravatar.com\/avatar\/f65b913d6e7be363e7396f7fad32ab76d311fbb575fa7e623ec3ea4799f3b718?s=96&d=mm&r=g","url":"https:\/\/secure.gravatar.com\/avatar\/f65b913d6e7be363e7396f7fad32ab76d311fbb575fa7e623ec3ea4799f3b718?s=96&d=mm&r=g","contentUrl":"https:\/\/secure.gravatar.com\/avatar\/f65b913d6e7be363e7396f7fad32ab76d311fbb575fa7e623ec3ea4799f3b718?s=96&d=mm&r=g","caption":"Redaccion"},"sameAs":["https:\/\/www.elhijodelllanero.mx"],"url":"https:\/\/elhijodelllanero.mx\/index.php\/author\/admin_6smc8z8t\/"}]}},"jetpack_featured_media_url":"https:\/\/i0.wp.com\/elhijodelllanero.mx\/wp-content\/uploads\/2024\/02\/IMG-20240224-WA0016.jpg?fit=2560%2C1706&ssl=1","jetpack-related-posts":[],"jetpack_sharing_enabled":true,"_links":{"self":[{"href":"https:\/\/elhijodelllanero.mx\/index.php\/wp-json\/wp\/v2\/posts\/4681","targetHints":{"allow":["GET"]}}],"collection":[{"href":"https:\/\/elhijodelllanero.mx\/index.php\/wp-json\/wp\/v2\/posts"}],"about":[{"href":"https:\/\/elhijodelllanero.mx\/index.php\/wp-json\/wp\/v2\/types\/post"}],"author":[{"embeddable":true,"href":"https:\/\/elhijodelllanero.mx\/index.php\/wp-json\/wp\/v2\/users\/1"}],"replies":[{"embeddable":true,"href":"https:\/\/elhijodelllanero.mx\/index.php\/wp-json\/wp\/v2\/comments?post=4681"}],"version-history":[{"count":1,"href":"https:\/\/elhijodelllanero.mx\/index.php\/wp-json\/wp\/v2\/posts\/4681\/revisions"}],"predecessor-version":[{"id":4683,"href":"https:\/\/elhijodelllanero.mx\/index.php\/wp-json\/wp\/v2\/posts\/4681\/revisions\/4683"}],"wp:featuredmedia":[{"embeddable":true,"href":"https:\/\/elhijodelllanero.mx\/index.php\/wp-json\/wp\/v2\/media\/4682"}],"wp:attachment":[{"href":"https:\/\/elhijodelllanero.mx\/index.php\/wp-json\/wp\/v2\/media?parent=4681"}],"wp:term":[{"taxonomy":"category","embeddable":true,"href":"https:\/\/elhijodelllanero.mx\/index.php\/wp-json\/wp\/v2\/categories?post=4681"},{"taxonomy":"post_tag","embeddable":true,"href":"https:\/\/elhijodelllanero.mx\/index.php\/wp-json\/wp\/v2\/tags?post=4681"}],"curies":[{"name":"wp","href":"https:\/\/api.w.org\/{rel}","templated":true}]}}