{"id":4686,"date":"2024-02-25T20:09:44","date_gmt":"2024-02-25T20:09:44","guid":{"rendered":"https:\/\/elhijodelllanero.mx\/?p=4686"},"modified":"2024-02-25T20:09:44","modified_gmt":"2024-02-25T20:09:44","slug":"concientizan-a-mas-de-700-jovenes-respecto-a-la-inclusion","status":"publish","type":"post","link":"https:\/\/elhijodelllanero.mx\/index.php\/2024\/02\/25\/concientizan-a-mas-de-700-jovenes-respecto-a-la-inclusion\/","title":{"rendered":"Concientizan a m\u00e1s de 700 j\u00f3venes respecto a la inclusi\u00f3n."},"content":{"rendered":"<p style=\"text-align: left;\">Celaya, Gto., 25 febrero 2024.- El Instituto Municipal para la Inclusi\u00f3n y Atenci\u00f3n de Personas con Discapacidad (INCLUDIS), junto la Direcci\u00f3n de Educaci\u00f3n de Celaya y el CECyTE Guanajuato Plantel Celaya I, llevaron a cabo la quinta edici\u00f3n del evento \u201cVIVE\u201d Vida, Ilusiones, Valores y \u00c9xito.<\/p>\n<p>El evento se llev\u00f3 a cabo en las instalaciones del CECyTE Guanajuato Plantel Celaya I a la 1 de la tarde, donde se dieron cita maestros y alumnos para escuchar las conferencias y participar en las actividades organizadas, a trav\u00e9s de las cuales experimentaron las dificultades que viven las personas con discapacidad y conocieron m\u00e1s sobre inclusi\u00f3n.<br \/>\nDurante el evento se realiz\u00f3 una conferencia para promover la inclusi\u00f3n, as\u00ed como m\u00f3dulos de las distintas dependencias que brindaron informaci\u00f3n a trav\u00e9s de actividades para los j\u00f3venes, para finalizar el evento los asistentes disfrutaron del Color Fest y un simulacro de un accidente automovil\u00edstico.<br \/>\nEl Regidor Michel \u00c1ngel Mart\u00ednez Orlanzzini, quien estuvo en representaci\u00f3n del Alcalde, Ing. Francisco Javier Mendoza M\u00e1rquez, comparti\u00f3 con los j\u00f3venes el mensaje del Alcalde.<br \/>\n\u201cNuestro alcalde, hace un momento que estaba con \u00e9l, me pidi\u00f3 que les comentara que cuentan con \u00e9l, que todo el apoyo precisamente es para ustedes y que lo m\u00e1s importante es que hagamos un gran equipo, juntos sociedad y gobierno\u201d, coment\u00f3 Michel \u00c1ngel Mart\u00ednez.<br \/>\nPor su parte la Maestra Ester Medina Rivera, Directora General del CECyTE Guanajuato, exhort\u00f3 a los j\u00f3venes a disfrutar del evento y aprovecharlo al m\u00e1ximo para aprender.<br \/>\n\u201cHoy quiero pedirles a todos ustedes que vivan este momento para que entiendan a las personas que de alguna manera no tienen las mismas capacidades, desarrollan otras y a veces lo que m\u00e1s aman es algo que a nosotros se nos ha olvidado, la vida\u201d agreg\u00f3 Ester Medina.<br \/>\nEl director de Desarrollo Social, Francisco Arregu\u00edn Arregu\u00edn les record\u00f3 a los j\u00f3venes la importancia de \u201cvalorar y cuidar la vida\u201d y saber que en un segundo todo puede cambiar y \u201cRealmente tener una discapacidad\u201d.<br \/>\nMientras que la Maestra Irma L\u00f3pez L\u00f3pez, Directora del CECyTEG Plantel Celaya I, les solicit\u00f3 a los j\u00f3venes \u201caprender y llevarse algo\u201d del evento que les permita crecer y formar una mejor sociedad.<br \/>\nEl evento concluy\u00f3 a las 4 de la tarde, luego de que los estudiantes presenciaran el simulacro de un accidente con el que buscaron concientizar a los j\u00f3venes de los riesgos de manejar en estado de ebriedad y a exceso de velocidad, el simulacro estuvo a cargo de la Direcci\u00f3n Tr\u00e1nsito y Polic\u00eda Vial.<\/p>\n","protected":false},"excerpt":{"rendered":"<p>Celaya, Gto., 25 febrero 2024.- El Instituto Municipal para la Inclusi\u00f3n y Atenci\u00f3n de Personas con Discapacidad (INCLUDIS), junto la Direcci\u00f3n de Educaci\u00f3n de Celaya y el CECyTE Guanajuato Plantel Celaya I, llevaron a cabo la quinta edici\u00f3n del evento \u201cVIVE\u201d Vida, Ilusiones, Valores y \u00c9xito. El evento se llev\u00f3 a cabo en las instalaciones [&hellip;]<\/p>\n","protected":false},"author":1,"featured_media":4687,"comment_status":"open","ping_status":"closed","sticky":false,"template":"","format":"standard","meta":{"_jetpack_newsletter_access":"","_jetpack_dont_email_post_to_subs":false,"_jetpack_newsletter_tier_id":0,"_jetpack_memberships_contains_paywalled_content":false,"_jetpack_memberships_contains_paid_content":false,"footnotes":""},"categories":[74],"tags":[],"class_list":{"0":"post-4686","1":"post","2":"type-post","3":"status-publish","4":"format-standard","5":"has-post-thumbnail","7":"category-celaya"},"yoast_head":"<!-- This site is optimized with the Yoast SEO plugin v27.3 - https:\/\/yoast.com\/product\/yoast-seo-wordpress\/ -->\n<title>Concientizan a m\u00e1s de 700 j\u00f3venes respecto a la inclusi\u00f3n. - El Hijo del llanero solititito<\/title>\n<meta name=\"robots\" content=\"index, follow, max-snippet:-1, max-image-preview:large, max-video-preview:-1\" \/>\n<link rel=\"canonical\" href=\"https:\/\/elhijodelllanero.mx\/index.php\/2024\/02\/25\/concientizan-a-mas-de-700-jovenes-respecto-a-la-inclusion\/\" \/>\n<meta property=\"og:locale\" content=\"es_ES\" \/>\n<meta property=\"og:type\" content=\"article\" \/>\n<meta property=\"og:title\" content=\"Concientizan a m\u00e1s de 700 j\u00f3venes respecto a la inclusi\u00f3n. - El Hijo del llanero solititito\" \/>\n<meta property=\"og:description\" content=\"Celaya, Gto., 25 febrero 2024.- El Instituto Municipal para la Inclusi\u00f3n y Atenci\u00f3n de Personas con Discapacidad (INCLUDIS), junto la Direcci\u00f3n de Educaci\u00f3n de Celaya y el CECyTE Guanajuato Plantel Celaya I, llevaron a cabo la quinta edici\u00f3n del evento \u201cVIVE\u201d Vida, Ilusiones, Valores y \u00c9xito. El evento se llev\u00f3 a cabo en las instalaciones [&hellip;]\" \/>\n<meta property=\"og:url\" content=\"https:\/\/elhijodelllanero.mx\/index.php\/2024\/02\/25\/concientizan-a-mas-de-700-jovenes-respecto-a-la-inclusion\/\" \/>\n<meta property=\"og:site_name\" content=\"El Hijo del llanero solititito\" \/>\n<meta property=\"article:published_time\" content=\"2024-02-25T20:09:44+00:00\" \/>\n<meta property=\"og:image\" content=\"https:\/\/elhijodelllanero.mx\/wp-content\/uploads\/2024\/02\/IMG-20240225-WA0008.jpg\" \/>\n\t<meta property=\"og:image:width\" content=\"1280\" \/>\n\t<meta property=\"og:image:height\" content=\"960\" \/>\n\t<meta property=\"og:image:type\" content=\"image\/jpeg\" \/>\n<meta name=\"author\" content=\"Redaccion\" \/>\n<meta name=\"twitter:card\" content=\"summary_large_image\" \/>\n<meta name=\"twitter:label1\" content=\"Escrito por\" \/>\n\t<meta name=\"twitter:data1\" content=\"Redaccion\" \/>\n\t<meta name=\"twitter:label2\" content=\"Tiempo de lectura\" \/>\n\t<meta name=\"twitter:data2\" content=\"3 minutos\" \/>\n<script type=\"application\/ld+json\" class=\"yoast-schema-graph\">{\"@context\":\"https:\\\/\\\/schema.org\",\"@graph\":[{\"@type\":\"Article\",\"@id\":\"https:\\\/\\\/elhijodelllanero.mx\\\/index.php\\\/2024\\\/02\\\/25\\\/concientizan-a-mas-de-700-jovenes-respecto-a-la-inclusion\\\/#article\",\"isPartOf\":{\"@id\":\"https:\\\/\\\/elhijodelllanero.mx\\\/index.php\\\/2024\\\/02\\\/25\\\/concientizan-a-mas-de-700-jovenes-respecto-a-la-inclusion\\\/\"},\"author\":{\"name\":\"Redaccion\",\"@id\":\"https:\\\/\\\/elhijodelllanero.mx\\\/#\\\/schema\\\/person\\\/5dcfdd3db3a6f7e7906ef5d92cf7340b\"},\"headline\":\"Concientizan a m\u00e1s de 700 j\u00f3venes respecto a la inclusi\u00f3n.\",\"datePublished\":\"2024-02-25T20:09:44+00:00\",\"mainEntityOfPage\":{\"@id\":\"https:\\\/\\\/elhijodelllanero.mx\\\/index.php\\\/2024\\\/02\\\/25\\\/concientizan-a-mas-de-700-jovenes-respecto-a-la-inclusion\\\/\"},\"wordCount\":457,\"commentCount\":0,\"image\":{\"@id\":\"https:\\\/\\\/elhijodelllanero.mx\\\/index.php\\\/2024\\\/02\\\/25\\\/concientizan-a-mas-de-700-jovenes-respecto-a-la-inclusion\\\/#primaryimage\"},\"thumbnailUrl\":\"https:\\\/\\\/i0.wp.com\\\/elhijodelllanero.mx\\\/wp-content\\\/uploads\\\/2024\\\/02\\\/IMG-20240225-WA0008.jpg?fit=1280%2C960&ssl=1\",\"articleSection\":[\"CELAYA\"],\"inLanguage\":\"es\",\"potentialAction\":[{\"@type\":\"CommentAction\",\"name\":\"Comment\",\"target\":[\"https:\\\/\\\/elhijodelllanero.mx\\\/index.php\\\/2024\\\/02\\\/25\\\/concientizan-a-mas-de-700-jovenes-respecto-a-la-inclusion\\\/#respond\"]}]},{\"@type\":\"WebPage\",\"@id\":\"https:\\\/\\\/elhijodelllanero.mx\\\/index.php\\\/2024\\\/02\\\/25\\\/concientizan-a-mas-de-700-jovenes-respecto-a-la-inclusion\\\/\",\"url\":\"https:\\\/\\\/elhijodelllanero.mx\\\/index.php\\\/2024\\\/02\\\/25\\\/concientizan-a-mas-de-700-jovenes-respecto-a-la-inclusion\\\/\",\"name\":\"Concientizan a m\u00e1s de 700 j\u00f3venes respecto a la inclusi\u00f3n. - El Hijo del llanero solititito\",\"isPartOf\":{\"@id\":\"https:\\\/\\\/elhijodelllanero.mx\\\/#website\"},\"primaryImageOfPage\":{\"@id\":\"https:\\\/\\\/elhijodelllanero.mx\\\/index.php\\\/2024\\\/02\\\/25\\\/concientizan-a-mas-de-700-jovenes-respecto-a-la-inclusion\\\/#primaryimage\"},\"image\":{\"@id\":\"https:\\\/\\\/elhijodelllanero.mx\\\/index.php\\\/2024\\\/02\\\/25\\\/concientizan-a-mas-de-700-jovenes-respecto-a-la-inclusion\\\/#primaryimage\"},\"thumbnailUrl\":\"https:\\\/\\\/i0.wp.com\\\/elhijodelllanero.mx\\\/wp-content\\\/uploads\\\/2024\\\/02\\\/IMG-20240225-WA0008.jpg?fit=1280%2C960&ssl=1\",\"datePublished\":\"2024-02-25T20:09:44+00:00\",\"author\":{\"@id\":\"https:\\\/\\\/elhijodelllanero.mx\\\/#\\\/schema\\\/person\\\/5dcfdd3db3a6f7e7906ef5d92cf7340b\"},\"breadcrumb\":{\"@id\":\"https:\\\/\\\/elhijodelllanero.mx\\\/index.php\\\/2024\\\/02\\\/25\\\/concientizan-a-mas-de-700-jovenes-respecto-a-la-inclusion\\\/#breadcrumb\"},\"inLanguage\":\"es\",\"potentialAction\":[{\"@type\":\"ReadAction\",\"target\":[\"https:\\\/\\\/elhijodelllanero.mx\\\/index.php\\\/2024\\\/02\\\/25\\\/concientizan-a-mas-de-700-jovenes-respecto-a-la-inclusion\\\/\"]}]},{\"@type\":\"ImageObject\",\"inLanguage\":\"es\",\"@id\":\"https:\\\/\\\/elhijodelllanero.mx\\\/index.php\\\/2024\\\/02\\\/25\\\/concientizan-a-mas-de-700-jovenes-respecto-a-la-inclusion\\\/#primaryimage\",\"url\":\"https:\\\/\\\/i0.wp.com\\\/elhijodelllanero.mx\\\/wp-content\\\/uploads\\\/2024\\\/02\\\/IMG-20240225-WA0008.jpg?fit=1280%2C960&ssl=1\",\"contentUrl\":\"https:\\\/\\\/i0.wp.com\\\/elhijodelllanero.mx\\\/wp-content\\\/uploads\\\/2024\\\/02\\\/IMG-20240225-WA0008.jpg?fit=1280%2C960&ssl=1\",\"width\":1280,\"height\":960},{\"@type\":\"BreadcrumbList\",\"@id\":\"https:\\\/\\\/elhijodelllanero.mx\\\/index.php\\\/2024\\\/02\\\/25\\\/concientizan-a-mas-de-700-jovenes-respecto-a-la-inclusion\\\/#breadcrumb\",\"itemListElement\":[{\"@type\":\"ListItem\",\"position\":1,\"name\":\"Portada\",\"item\":\"https:\\\/\\\/elhijodelllanero.mx\\\/\"},{\"@type\":\"ListItem\",\"position\":2,\"name\":\"Concientizan a m\u00e1s de 700 j\u00f3venes respecto a la inclusi\u00f3n.\"}]},{\"@type\":\"WebSite\",\"@id\":\"https:\\\/\\\/elhijodelllanero.mx\\\/#website\",\"url\":\"https:\\\/\\\/elhijodelllanero.mx\\\/\",\"name\":\"El Hijo del llanero solititito\",\"description\":\"\",\"potentialAction\":[{\"@type\":\"SearchAction\",\"target\":{\"@type\":\"EntryPoint\",\"urlTemplate\":\"https:\\\/\\\/elhijodelllanero.mx\\\/?s={search_term_string}\"},\"query-input\":{\"@type\":\"PropertyValueSpecification\",\"valueRequired\":true,\"valueName\":\"search_term_string\"}}],\"inLanguage\":\"es\"},{\"@type\":\"Person\",\"@id\":\"https:\\\/\\\/elhijodelllanero.mx\\\/#\\\/schema\\\/person\\\/5dcfdd3db3a6f7e7906ef5d92cf7340b\",\"name\":\"Redaccion\",\"image\":{\"@type\":\"ImageObject\",\"inLanguage\":\"es\",\"@id\":\"https:\\\/\\\/secure.gravatar.com\\\/avatar\\\/f65b913d6e7be363e7396f7fad32ab76d311fbb575fa7e623ec3ea4799f3b718?s=96&d=mm&r=g\",\"url\":\"https:\\\/\\\/secure.gravatar.com\\\/avatar\\\/f65b913d6e7be363e7396f7fad32ab76d311fbb575fa7e623ec3ea4799f3b718?s=96&d=mm&r=g\",\"contentUrl\":\"https:\\\/\\\/secure.gravatar.com\\\/avatar\\\/f65b913d6e7be363e7396f7fad32ab76d311fbb575fa7e623ec3ea4799f3b718?s=96&d=mm&r=g\",\"caption\":\"Redaccion\"},\"sameAs\":[\"https:\\\/\\\/www.elhijodelllanero.mx\"],\"url\":\"https:\\\/\\\/elhijodelllanero.mx\\\/index.php\\\/author\\\/admin_6smc8z8t\\\/\"}]}<\/script>\n<!-- \/ Yoast SEO plugin. -->","yoast_head_json":{"title":"Concientizan a m\u00e1s de 700 j\u00f3venes respecto a la inclusi\u00f3n. - El Hijo del llanero solititito","robots":{"index":"index","follow":"follow","max-snippet":"max-snippet:-1","max-image-preview":"max-image-preview:large","max-video-preview":"max-video-preview:-1"},"canonical":"https:\/\/elhijodelllanero.mx\/index.php\/2024\/02\/25\/concientizan-a-mas-de-700-jovenes-respecto-a-la-inclusion\/","og_locale":"es_ES","og_type":"article","og_title":"Concientizan a m\u00e1s de 700 j\u00f3venes respecto a la inclusi\u00f3n. - El Hijo del llanero solititito","og_description":"Celaya, Gto., 25 febrero 2024.- El Instituto Municipal para la Inclusi\u00f3n y Atenci\u00f3n de Personas con Discapacidad (INCLUDIS), junto la Direcci\u00f3n de Educaci\u00f3n de Celaya y el CECyTE Guanajuato Plantel Celaya I, llevaron a cabo la quinta edici\u00f3n del evento \u201cVIVE\u201d Vida, Ilusiones, Valores y \u00c9xito. El evento se llev\u00f3 a cabo en las instalaciones [&hellip;]","og_url":"https:\/\/elhijodelllanero.mx\/index.php\/2024\/02\/25\/concientizan-a-mas-de-700-jovenes-respecto-a-la-inclusion\/","og_site_name":"El Hijo del llanero solititito","article_published_time":"2024-02-25T20:09:44+00:00","og_image":[{"width":1280,"height":960,"url":"https:\/\/elhijodelllanero.mx\/wp-content\/uploads\/2024\/02\/IMG-20240225-WA0008.jpg","type":"image\/jpeg"}],"author":"Redaccion","twitter_card":"summary_large_image","twitter_misc":{"Escrito por":"Redaccion","Tiempo de lectura":"3 minutos"},"schema":{"@context":"https:\/\/schema.org","@graph":[{"@type":"Article","@id":"https:\/\/elhijodelllanero.mx\/index.php\/2024\/02\/25\/concientizan-a-mas-de-700-jovenes-respecto-a-la-inclusion\/#article","isPartOf":{"@id":"https:\/\/elhijodelllanero.mx\/index.php\/2024\/02\/25\/concientizan-a-mas-de-700-jovenes-respecto-a-la-inclusion\/"},"author":{"name":"Redaccion","@id":"https:\/\/elhijodelllanero.mx\/#\/schema\/person\/5dcfdd3db3a6f7e7906ef5d92cf7340b"},"headline":"Concientizan a m\u00e1s de 700 j\u00f3venes respecto a la inclusi\u00f3n.","datePublished":"2024-02-25T20:09:44+00:00","mainEntityOfPage":{"@id":"https:\/\/elhijodelllanero.mx\/index.php\/2024\/02\/25\/concientizan-a-mas-de-700-jovenes-respecto-a-la-inclusion\/"},"wordCount":457,"commentCount":0,"image":{"@id":"https:\/\/elhijodelllanero.mx\/index.php\/2024\/02\/25\/concientizan-a-mas-de-700-jovenes-respecto-a-la-inclusion\/#primaryimage"},"thumbnailUrl":"https:\/\/i0.wp.com\/elhijodelllanero.mx\/wp-content\/uploads\/2024\/02\/IMG-20240225-WA0008.jpg?fit=1280%2C960&ssl=1","articleSection":["CELAYA"],"inLanguage":"es","potentialAction":[{"@type":"CommentAction","name":"Comment","target":["https:\/\/elhijodelllanero.mx\/index.php\/2024\/02\/25\/concientizan-a-mas-de-700-jovenes-respecto-a-la-inclusion\/#respond"]}]},{"@type":"WebPage","@id":"https:\/\/elhijodelllanero.mx\/index.php\/2024\/02\/25\/concientizan-a-mas-de-700-jovenes-respecto-a-la-inclusion\/","url":"https:\/\/elhijodelllanero.mx\/index.php\/2024\/02\/25\/concientizan-a-mas-de-700-jovenes-respecto-a-la-inclusion\/","name":"Concientizan a m\u00e1s de 700 j\u00f3venes respecto a la inclusi\u00f3n. - El Hijo del llanero solititito","isPartOf":{"@id":"https:\/\/elhijodelllanero.mx\/#website"},"primaryImageOfPage":{"@id":"https:\/\/elhijodelllanero.mx\/index.php\/2024\/02\/25\/concientizan-a-mas-de-700-jovenes-respecto-a-la-inclusion\/#primaryimage"},"image":{"@id":"https:\/\/elhijodelllanero.mx\/index.php\/2024\/02\/25\/concientizan-a-mas-de-700-jovenes-respecto-a-la-inclusion\/#primaryimage"},"thumbnailUrl":"https:\/\/i0.wp.com\/elhijodelllanero.mx\/wp-content\/uploads\/2024\/02\/IMG-20240225-WA0008.jpg?fit=1280%2C960&ssl=1","datePublished":"2024-02-25T20:09:44+00:00","author":{"@id":"https:\/\/elhijodelllanero.mx\/#\/schema\/person\/5dcfdd3db3a6f7e7906ef5d92cf7340b"},"breadcrumb":{"@id":"https:\/\/elhijodelllanero.mx\/index.php\/2024\/02\/25\/concientizan-a-mas-de-700-jovenes-respecto-a-la-inclusion\/#breadcrumb"},"inLanguage":"es","potentialAction":[{"@type":"ReadAction","target":["https:\/\/elhijodelllanero.mx\/index.php\/2024\/02\/25\/concientizan-a-mas-de-700-jovenes-respecto-a-la-inclusion\/"]}]},{"@type":"ImageObject","inLanguage":"es","@id":"https:\/\/elhijodelllanero.mx\/index.php\/2024\/02\/25\/concientizan-a-mas-de-700-jovenes-respecto-a-la-inclusion\/#primaryimage","url":"https:\/\/i0.wp.com\/elhijodelllanero.mx\/wp-content\/uploads\/2024\/02\/IMG-20240225-WA0008.jpg?fit=1280%2C960&ssl=1","contentUrl":"https:\/\/i0.wp.com\/elhijodelllanero.mx\/wp-content\/uploads\/2024\/02\/IMG-20240225-WA0008.jpg?fit=1280%2C960&ssl=1","width":1280,"height":960},{"@type":"BreadcrumbList","@id":"https:\/\/elhijodelllanero.mx\/index.php\/2024\/02\/25\/concientizan-a-mas-de-700-jovenes-respecto-a-la-inclusion\/#breadcrumb","itemListElement":[{"@type":"ListItem","position":1,"name":"Portada","item":"https:\/\/elhijodelllanero.mx\/"},{"@type":"ListItem","position":2,"name":"Concientizan a m\u00e1s de 700 j\u00f3venes respecto a la inclusi\u00f3n."}]},{"@type":"WebSite","@id":"https:\/\/elhijodelllanero.mx\/#website","url":"https:\/\/elhijodelllanero.mx\/","name":"El Hijo del llanero solititito","description":"","potentialAction":[{"@type":"SearchAction","target":{"@type":"EntryPoint","urlTemplate":"https:\/\/elhijodelllanero.mx\/?s={search_term_string}"},"query-input":{"@type":"PropertyValueSpecification","valueRequired":true,"valueName":"search_term_string"}}],"inLanguage":"es"},{"@type":"Person","@id":"https:\/\/elhijodelllanero.mx\/#\/schema\/person\/5dcfdd3db3a6f7e7906ef5d92cf7340b","name":"Redaccion","image":{"@type":"ImageObject","inLanguage":"es","@id":"https:\/\/secure.gravatar.com\/avatar\/f65b913d6e7be363e7396f7fad32ab76d311fbb575fa7e623ec3ea4799f3b718?s=96&d=mm&r=g","url":"https:\/\/secure.gravatar.com\/avatar\/f65b913d6e7be363e7396f7fad32ab76d311fbb575fa7e623ec3ea4799f3b718?s=96&d=mm&r=g","contentUrl":"https:\/\/secure.gravatar.com\/avatar\/f65b913d6e7be363e7396f7fad32ab76d311fbb575fa7e623ec3ea4799f3b718?s=96&d=mm&r=g","caption":"Redaccion"},"sameAs":["https:\/\/www.elhijodelllanero.mx"],"url":"https:\/\/elhijodelllanero.mx\/index.php\/author\/admin_6smc8z8t\/"}]}},"jetpack_featured_media_url":"https:\/\/i0.wp.com\/elhijodelllanero.mx\/wp-content\/uploads\/2024\/02\/IMG-20240225-WA0008.jpg?fit=1280%2C960&ssl=1","jetpack-related-posts":[],"jetpack_sharing_enabled":true,"_links":{"self":[{"href":"https:\/\/elhijodelllanero.mx\/index.php\/wp-json\/wp\/v2\/posts\/4686","targetHints":{"allow":["GET"]}}],"collection":[{"href":"https:\/\/elhijodelllanero.mx\/index.php\/wp-json\/wp\/v2\/posts"}],"about":[{"href":"https:\/\/elhijodelllanero.mx\/index.php\/wp-json\/wp\/v2\/types\/post"}],"author":[{"embeddable":true,"href":"https:\/\/elhijodelllanero.mx\/index.php\/wp-json\/wp\/v2\/users\/1"}],"replies":[{"embeddable":true,"href":"https:\/\/elhijodelllanero.mx\/index.php\/wp-json\/wp\/v2\/comments?post=4686"}],"version-history":[{"count":1,"href":"https:\/\/elhijodelllanero.mx\/index.php\/wp-json\/wp\/v2\/posts\/4686\/revisions"}],"predecessor-version":[{"id":4688,"href":"https:\/\/elhijodelllanero.mx\/index.php\/wp-json\/wp\/v2\/posts\/4686\/revisions\/4688"}],"wp:featuredmedia":[{"embeddable":true,"href":"https:\/\/elhijodelllanero.mx\/index.php\/wp-json\/wp\/v2\/media\/4687"}],"wp:attachment":[{"href":"https:\/\/elhijodelllanero.mx\/index.php\/wp-json\/wp\/v2\/media?parent=4686"}],"wp:term":[{"taxonomy":"category","embeddable":true,"href":"https:\/\/elhijodelllanero.mx\/index.php\/wp-json\/wp\/v2\/categories?post=4686"},{"taxonomy":"post_tag","embeddable":true,"href":"https:\/\/elhijodelllanero.mx\/index.php\/wp-json\/wp\/v2\/tags?post=4686"}],"curies":[{"name":"wp","href":"https:\/\/api.w.org\/{rel}","templated":true}]}}