{"id":4691,"date":"2024-02-25T20:23:22","date_gmt":"2024-02-25T20:23:22","guid":{"rendered":"https:\/\/elhijodelllanero.mx\/?p=4691"},"modified":"2024-02-25T20:23:22","modified_gmt":"2024-02-25T20:23:22","slug":"incluiran-eventos-de-las-batallas-de-celaya-en-el-calendario-civico-oficial","status":"publish","type":"post","link":"https:\/\/elhijodelllanero.mx\/index.php\/2024\/02\/25\/incluiran-eventos-de-las-batallas-de-celaya-en-el-calendario-civico-oficial\/","title":{"rendered":"Incluir\u00e1n eventos de \u201cLas Batallas de Celaya\u201d en el Calendario C\u00edvico Oficial."},"content":{"rendered":"<p>&nbsp;<\/p>\n<p>Celaya, Gto., 25 febrero 2024.- A solicitud del presidente municipal, Javier Mendoza M\u00e1rquez, en la sesi\u00f3n de Ayuntamiento se dio lectura a la iniciativa para incluir los eventos conmemorativos por \u201cLas Batallas de Celaya\u201d en el Calendario C\u00edvico Oficial del municipio.<br \/>\nAprobada la solicitud, se da vista al cronista municipal para que realice la presentaci\u00f3n del Calendario C\u00edvico Oficial del Municipio, ya con los eventos de la conmemoraci\u00f3n de las Batallas de Celaya, en sesi\u00f3n solemne de Ayuntamiento, para que este y los subsecuentes gobiernos rindan un merecido homenaje a las personas que dieron su vida en la lucha de sus ideales y que forjaron al M\u00e9xico de hoy.<\/p>\n<p>Donan luminarias en desuso a municipios vecinos.<\/p>\n<p>En apoyo a los municipios vecinos de Santa Cruz de Juventino Rosas, Tarimoro y Apaseo el Alto, el Ayuntamiento aprob\u00f3 la donaci\u00f3n de tres mil luminarias, mil para cada uno, que actualmente se encuentran en desuso gracias al programa de sustituci\u00f3n de luminarias que se aplica en el municipio para lograr un ahorro energ\u00e9tico y un impacto positivo al medio ambiente.<\/p>\n","protected":false},"excerpt":{"rendered":"<p>&nbsp; Celaya, Gto., 25 febrero 2024.- A solicitud del presidente municipal, Javier Mendoza M\u00e1rquez, en la sesi\u00f3n de Ayuntamiento se dio lectura a la iniciativa para incluir los eventos conmemorativos por \u201cLas Batallas de Celaya\u201d en el Calendario C\u00edvico Oficial del municipio. Aprobada la solicitud, se da vista al cronista municipal para que realice la [&hellip;]<\/p>\n","protected":false},"author":1,"featured_media":4692,"comment_status":"open","ping_status":"closed","sticky":false,"template":"","format":"standard","meta":{"_jetpack_newsletter_access":"","_jetpack_dont_email_post_to_subs":false,"_jetpack_newsletter_tier_id":0,"_jetpack_memberships_contains_paywalled_content":false,"_jetpack_memberships_contains_paid_content":false,"footnotes":""},"categories":[74],"tags":[],"class_list":{"0":"post-4691","1":"post","2":"type-post","3":"status-publish","4":"format-standard","5":"has-post-thumbnail","7":"category-celaya"},"yoast_head":"<!-- This site is optimized with the Yoast SEO plugin v27.3 - https:\/\/yoast.com\/product\/yoast-seo-wordpress\/ -->\n<title>Incluir\u00e1n eventos de \u201cLas Batallas de Celaya\u201d en el Calendario C\u00edvico Oficial. - El Hijo del llanero solititito<\/title>\n<meta name=\"robots\" content=\"index, follow, max-snippet:-1, max-image-preview:large, max-video-preview:-1\" \/>\n<link rel=\"canonical\" href=\"https:\/\/elhijodelllanero.mx\/index.php\/2024\/02\/25\/incluiran-eventos-de-las-batallas-de-celaya-en-el-calendario-civico-oficial\/\" \/>\n<meta property=\"og:locale\" content=\"es_ES\" \/>\n<meta property=\"og:type\" content=\"article\" \/>\n<meta property=\"og:title\" content=\"Incluir\u00e1n eventos de \u201cLas Batallas de Celaya\u201d en el Calendario C\u00edvico Oficial. - El Hijo del llanero solititito\" \/>\n<meta property=\"og:description\" content=\"&nbsp; Celaya, Gto., 25 febrero 2024.- A solicitud del presidente municipal, Javier Mendoza M\u00e1rquez, en la sesi\u00f3n de Ayuntamiento se dio lectura a la iniciativa para incluir los eventos conmemorativos por \u201cLas Batallas de Celaya\u201d en el Calendario C\u00edvico Oficial del municipio. Aprobada la solicitud, se da vista al cronista municipal para que realice la [&hellip;]\" \/>\n<meta property=\"og:url\" content=\"https:\/\/elhijodelllanero.mx\/index.php\/2024\/02\/25\/incluiran-eventos-de-las-batallas-de-celaya-en-el-calendario-civico-oficial\/\" \/>\n<meta property=\"og:site_name\" content=\"El Hijo del llanero solititito\" \/>\n<meta property=\"article:published_time\" content=\"2024-02-25T20:23:22+00:00\" \/>\n<meta property=\"og:image\" content=\"https:\/\/elhijodelllanero.mx\/wp-content\/uploads\/2024\/02\/IMG-20240225-WA0009.jpg\" \/>\n\t<meta property=\"og:image:width\" content=\"1600\" \/>\n\t<meta property=\"og:image:height\" content=\"1066\" \/>\n\t<meta property=\"og:image:type\" content=\"image\/jpeg\" \/>\n<meta name=\"author\" content=\"Redaccion\" \/>\n<meta name=\"twitter:card\" content=\"summary_large_image\" \/>\n<meta name=\"twitter:label1\" content=\"Escrito por\" \/>\n\t<meta name=\"twitter:data1\" content=\"Redaccion\" \/>\n\t<meta name=\"twitter:label2\" content=\"Tiempo de lectura\" \/>\n\t<meta name=\"twitter:data2\" content=\"2 minutos\" \/>\n<script type=\"application\/ld+json\" class=\"yoast-schema-graph\">{\"@context\":\"https:\\\/\\\/schema.org\",\"@graph\":[{\"@type\":\"Article\",\"@id\":\"https:\\\/\\\/elhijodelllanero.mx\\\/index.php\\\/2024\\\/02\\\/25\\\/incluiran-eventos-de-las-batallas-de-celaya-en-el-calendario-civico-oficial\\\/#article\",\"isPartOf\":{\"@id\":\"https:\\\/\\\/elhijodelllanero.mx\\\/index.php\\\/2024\\\/02\\\/25\\\/incluiran-eventos-de-las-batallas-de-celaya-en-el-calendario-civico-oficial\\\/\"},\"author\":{\"name\":\"Redaccion\",\"@id\":\"https:\\\/\\\/elhijodelllanero.mx\\\/#\\\/schema\\\/person\\\/5dcfdd3db3a6f7e7906ef5d92cf7340b\"},\"headline\":\"Incluir\u00e1n eventos de \u201cLas Batallas de Celaya\u201d en el Calendario C\u00edvico Oficial.\",\"datePublished\":\"2024-02-25T20:23:22+00:00\",\"mainEntityOfPage\":{\"@id\":\"https:\\\/\\\/elhijodelllanero.mx\\\/index.php\\\/2024\\\/02\\\/25\\\/incluiran-eventos-de-las-batallas-de-celaya-en-el-calendario-civico-oficial\\\/\"},\"wordCount\":202,\"commentCount\":0,\"image\":{\"@id\":\"https:\\\/\\\/elhijodelllanero.mx\\\/index.php\\\/2024\\\/02\\\/25\\\/incluiran-eventos-de-las-batallas-de-celaya-en-el-calendario-civico-oficial\\\/#primaryimage\"},\"thumbnailUrl\":\"https:\\\/\\\/i0.wp.com\\\/elhijodelllanero.mx\\\/wp-content\\\/uploads\\\/2024\\\/02\\\/IMG-20240225-WA0009.jpg?fit=1600%2C1066&ssl=1\",\"articleSection\":[\"CELAYA\"],\"inLanguage\":\"es\",\"potentialAction\":[{\"@type\":\"CommentAction\",\"name\":\"Comment\",\"target\":[\"https:\\\/\\\/elhijodelllanero.mx\\\/index.php\\\/2024\\\/02\\\/25\\\/incluiran-eventos-de-las-batallas-de-celaya-en-el-calendario-civico-oficial\\\/#respond\"]}]},{\"@type\":\"WebPage\",\"@id\":\"https:\\\/\\\/elhijodelllanero.mx\\\/index.php\\\/2024\\\/02\\\/25\\\/incluiran-eventos-de-las-batallas-de-celaya-en-el-calendario-civico-oficial\\\/\",\"url\":\"https:\\\/\\\/elhijodelllanero.mx\\\/index.php\\\/2024\\\/02\\\/25\\\/incluiran-eventos-de-las-batallas-de-celaya-en-el-calendario-civico-oficial\\\/\",\"name\":\"Incluir\u00e1n eventos de \u201cLas Batallas de Celaya\u201d en el Calendario C\u00edvico Oficial. - El Hijo del llanero solititito\",\"isPartOf\":{\"@id\":\"https:\\\/\\\/elhijodelllanero.mx\\\/#website\"},\"primaryImageOfPage\":{\"@id\":\"https:\\\/\\\/elhijodelllanero.mx\\\/index.php\\\/2024\\\/02\\\/25\\\/incluiran-eventos-de-las-batallas-de-celaya-en-el-calendario-civico-oficial\\\/#primaryimage\"},\"image\":{\"@id\":\"https:\\\/\\\/elhijodelllanero.mx\\\/index.php\\\/2024\\\/02\\\/25\\\/incluiran-eventos-de-las-batallas-de-celaya-en-el-calendario-civico-oficial\\\/#primaryimage\"},\"thumbnailUrl\":\"https:\\\/\\\/i0.wp.com\\\/elhijodelllanero.mx\\\/wp-content\\\/uploads\\\/2024\\\/02\\\/IMG-20240225-WA0009.jpg?fit=1600%2C1066&ssl=1\",\"datePublished\":\"2024-02-25T20:23:22+00:00\",\"author\":{\"@id\":\"https:\\\/\\\/elhijodelllanero.mx\\\/#\\\/schema\\\/person\\\/5dcfdd3db3a6f7e7906ef5d92cf7340b\"},\"breadcrumb\":{\"@id\":\"https:\\\/\\\/elhijodelllanero.mx\\\/index.php\\\/2024\\\/02\\\/25\\\/incluiran-eventos-de-las-batallas-de-celaya-en-el-calendario-civico-oficial\\\/#breadcrumb\"},\"inLanguage\":\"es\",\"potentialAction\":[{\"@type\":\"ReadAction\",\"target\":[\"https:\\\/\\\/elhijodelllanero.mx\\\/index.php\\\/2024\\\/02\\\/25\\\/incluiran-eventos-de-las-batallas-de-celaya-en-el-calendario-civico-oficial\\\/\"]}]},{\"@type\":\"ImageObject\",\"inLanguage\":\"es\",\"@id\":\"https:\\\/\\\/elhijodelllanero.mx\\\/index.php\\\/2024\\\/02\\\/25\\\/incluiran-eventos-de-las-batallas-de-celaya-en-el-calendario-civico-oficial\\\/#primaryimage\",\"url\":\"https:\\\/\\\/i0.wp.com\\\/elhijodelllanero.mx\\\/wp-content\\\/uploads\\\/2024\\\/02\\\/IMG-20240225-WA0009.jpg?fit=1600%2C1066&ssl=1\",\"contentUrl\":\"https:\\\/\\\/i0.wp.com\\\/elhijodelllanero.mx\\\/wp-content\\\/uploads\\\/2024\\\/02\\\/IMG-20240225-WA0009.jpg?fit=1600%2C1066&ssl=1\",\"width\":1600,\"height\":1066},{\"@type\":\"BreadcrumbList\",\"@id\":\"https:\\\/\\\/elhijodelllanero.mx\\\/index.php\\\/2024\\\/02\\\/25\\\/incluiran-eventos-de-las-batallas-de-celaya-en-el-calendario-civico-oficial\\\/#breadcrumb\",\"itemListElement\":[{\"@type\":\"ListItem\",\"position\":1,\"name\":\"Portada\",\"item\":\"https:\\\/\\\/elhijodelllanero.mx\\\/\"},{\"@type\":\"ListItem\",\"position\":2,\"name\":\"Incluir\u00e1n eventos de \u201cLas Batallas de Celaya\u201d en el Calendario C\u00edvico Oficial.\"}]},{\"@type\":\"WebSite\",\"@id\":\"https:\\\/\\\/elhijodelllanero.mx\\\/#website\",\"url\":\"https:\\\/\\\/elhijodelllanero.mx\\\/\",\"name\":\"El Hijo del llanero solititito\",\"description\":\"\",\"potentialAction\":[{\"@type\":\"SearchAction\",\"target\":{\"@type\":\"EntryPoint\",\"urlTemplate\":\"https:\\\/\\\/elhijodelllanero.mx\\\/?s={search_term_string}\"},\"query-input\":{\"@type\":\"PropertyValueSpecification\",\"valueRequired\":true,\"valueName\":\"search_term_string\"}}],\"inLanguage\":\"es\"},{\"@type\":\"Person\",\"@id\":\"https:\\\/\\\/elhijodelllanero.mx\\\/#\\\/schema\\\/person\\\/5dcfdd3db3a6f7e7906ef5d92cf7340b\",\"name\":\"Redaccion\",\"image\":{\"@type\":\"ImageObject\",\"inLanguage\":\"es\",\"@id\":\"https:\\\/\\\/secure.gravatar.com\\\/avatar\\\/f65b913d6e7be363e7396f7fad32ab76d311fbb575fa7e623ec3ea4799f3b718?s=96&d=mm&r=g\",\"url\":\"https:\\\/\\\/secure.gravatar.com\\\/avatar\\\/f65b913d6e7be363e7396f7fad32ab76d311fbb575fa7e623ec3ea4799f3b718?s=96&d=mm&r=g\",\"contentUrl\":\"https:\\\/\\\/secure.gravatar.com\\\/avatar\\\/f65b913d6e7be363e7396f7fad32ab76d311fbb575fa7e623ec3ea4799f3b718?s=96&d=mm&r=g\",\"caption\":\"Redaccion\"},\"sameAs\":[\"https:\\\/\\\/www.elhijodelllanero.mx\"],\"url\":\"https:\\\/\\\/elhijodelllanero.mx\\\/index.php\\\/author\\\/admin_6smc8z8t\\\/\"}]}<\/script>\n<!-- \/ Yoast SEO plugin. -->","yoast_head_json":{"title":"Incluir\u00e1n eventos de \u201cLas Batallas de Celaya\u201d en el Calendario C\u00edvico Oficial. - El Hijo del llanero solititito","robots":{"index":"index","follow":"follow","max-snippet":"max-snippet:-1","max-image-preview":"max-image-preview:large","max-video-preview":"max-video-preview:-1"},"canonical":"https:\/\/elhijodelllanero.mx\/index.php\/2024\/02\/25\/incluiran-eventos-de-las-batallas-de-celaya-en-el-calendario-civico-oficial\/","og_locale":"es_ES","og_type":"article","og_title":"Incluir\u00e1n eventos de \u201cLas Batallas de Celaya\u201d en el Calendario C\u00edvico Oficial. - El Hijo del llanero solititito","og_description":"&nbsp; Celaya, Gto., 25 febrero 2024.- A solicitud del presidente municipal, Javier Mendoza M\u00e1rquez, en la sesi\u00f3n de Ayuntamiento se dio lectura a la iniciativa para incluir los eventos conmemorativos por \u201cLas Batallas de Celaya\u201d en el Calendario C\u00edvico Oficial del municipio. Aprobada la solicitud, se da vista al cronista municipal para que realice la [&hellip;]","og_url":"https:\/\/elhijodelllanero.mx\/index.php\/2024\/02\/25\/incluiran-eventos-de-las-batallas-de-celaya-en-el-calendario-civico-oficial\/","og_site_name":"El Hijo del llanero solititito","article_published_time":"2024-02-25T20:23:22+00:00","og_image":[{"width":1600,"height":1066,"url":"https:\/\/elhijodelllanero.mx\/wp-content\/uploads\/2024\/02\/IMG-20240225-WA0009.jpg","type":"image\/jpeg"}],"author":"Redaccion","twitter_card":"summary_large_image","twitter_misc":{"Escrito por":"Redaccion","Tiempo de lectura":"2 minutos"},"schema":{"@context":"https:\/\/schema.org","@graph":[{"@type":"Article","@id":"https:\/\/elhijodelllanero.mx\/index.php\/2024\/02\/25\/incluiran-eventos-de-las-batallas-de-celaya-en-el-calendario-civico-oficial\/#article","isPartOf":{"@id":"https:\/\/elhijodelllanero.mx\/index.php\/2024\/02\/25\/incluiran-eventos-de-las-batallas-de-celaya-en-el-calendario-civico-oficial\/"},"author":{"name":"Redaccion","@id":"https:\/\/elhijodelllanero.mx\/#\/schema\/person\/5dcfdd3db3a6f7e7906ef5d92cf7340b"},"headline":"Incluir\u00e1n eventos de \u201cLas Batallas de Celaya\u201d en el Calendario C\u00edvico Oficial.","datePublished":"2024-02-25T20:23:22+00:00","mainEntityOfPage":{"@id":"https:\/\/elhijodelllanero.mx\/index.php\/2024\/02\/25\/incluiran-eventos-de-las-batallas-de-celaya-en-el-calendario-civico-oficial\/"},"wordCount":202,"commentCount":0,"image":{"@id":"https:\/\/elhijodelllanero.mx\/index.php\/2024\/02\/25\/incluiran-eventos-de-las-batallas-de-celaya-en-el-calendario-civico-oficial\/#primaryimage"},"thumbnailUrl":"https:\/\/i0.wp.com\/elhijodelllanero.mx\/wp-content\/uploads\/2024\/02\/IMG-20240225-WA0009.jpg?fit=1600%2C1066&ssl=1","articleSection":["CELAYA"],"inLanguage":"es","potentialAction":[{"@type":"CommentAction","name":"Comment","target":["https:\/\/elhijodelllanero.mx\/index.php\/2024\/02\/25\/incluiran-eventos-de-las-batallas-de-celaya-en-el-calendario-civico-oficial\/#respond"]}]},{"@type":"WebPage","@id":"https:\/\/elhijodelllanero.mx\/index.php\/2024\/02\/25\/incluiran-eventos-de-las-batallas-de-celaya-en-el-calendario-civico-oficial\/","url":"https:\/\/elhijodelllanero.mx\/index.php\/2024\/02\/25\/incluiran-eventos-de-las-batallas-de-celaya-en-el-calendario-civico-oficial\/","name":"Incluir\u00e1n eventos de \u201cLas Batallas de Celaya\u201d en el Calendario C\u00edvico Oficial. - El Hijo del llanero solititito","isPartOf":{"@id":"https:\/\/elhijodelllanero.mx\/#website"},"primaryImageOfPage":{"@id":"https:\/\/elhijodelllanero.mx\/index.php\/2024\/02\/25\/incluiran-eventos-de-las-batallas-de-celaya-en-el-calendario-civico-oficial\/#primaryimage"},"image":{"@id":"https:\/\/elhijodelllanero.mx\/index.php\/2024\/02\/25\/incluiran-eventos-de-las-batallas-de-celaya-en-el-calendario-civico-oficial\/#primaryimage"},"thumbnailUrl":"https:\/\/i0.wp.com\/elhijodelllanero.mx\/wp-content\/uploads\/2024\/02\/IMG-20240225-WA0009.jpg?fit=1600%2C1066&ssl=1","datePublished":"2024-02-25T20:23:22+00:00","author":{"@id":"https:\/\/elhijodelllanero.mx\/#\/schema\/person\/5dcfdd3db3a6f7e7906ef5d92cf7340b"},"breadcrumb":{"@id":"https:\/\/elhijodelllanero.mx\/index.php\/2024\/02\/25\/incluiran-eventos-de-las-batallas-de-celaya-en-el-calendario-civico-oficial\/#breadcrumb"},"inLanguage":"es","potentialAction":[{"@type":"ReadAction","target":["https:\/\/elhijodelllanero.mx\/index.php\/2024\/02\/25\/incluiran-eventos-de-las-batallas-de-celaya-en-el-calendario-civico-oficial\/"]}]},{"@type":"ImageObject","inLanguage":"es","@id":"https:\/\/elhijodelllanero.mx\/index.php\/2024\/02\/25\/incluiran-eventos-de-las-batallas-de-celaya-en-el-calendario-civico-oficial\/#primaryimage","url":"https:\/\/i0.wp.com\/elhijodelllanero.mx\/wp-content\/uploads\/2024\/02\/IMG-20240225-WA0009.jpg?fit=1600%2C1066&ssl=1","contentUrl":"https:\/\/i0.wp.com\/elhijodelllanero.mx\/wp-content\/uploads\/2024\/02\/IMG-20240225-WA0009.jpg?fit=1600%2C1066&ssl=1","width":1600,"height":1066},{"@type":"BreadcrumbList","@id":"https:\/\/elhijodelllanero.mx\/index.php\/2024\/02\/25\/incluiran-eventos-de-las-batallas-de-celaya-en-el-calendario-civico-oficial\/#breadcrumb","itemListElement":[{"@type":"ListItem","position":1,"name":"Portada","item":"https:\/\/elhijodelllanero.mx\/"},{"@type":"ListItem","position":2,"name":"Incluir\u00e1n eventos de \u201cLas Batallas de Celaya\u201d en el Calendario C\u00edvico Oficial."}]},{"@type":"WebSite","@id":"https:\/\/elhijodelllanero.mx\/#website","url":"https:\/\/elhijodelllanero.mx\/","name":"El Hijo del llanero solititito","description":"","potentialAction":[{"@type":"SearchAction","target":{"@type":"EntryPoint","urlTemplate":"https:\/\/elhijodelllanero.mx\/?s={search_term_string}"},"query-input":{"@type":"PropertyValueSpecification","valueRequired":true,"valueName":"search_term_string"}}],"inLanguage":"es"},{"@type":"Person","@id":"https:\/\/elhijodelllanero.mx\/#\/schema\/person\/5dcfdd3db3a6f7e7906ef5d92cf7340b","name":"Redaccion","image":{"@type":"ImageObject","inLanguage":"es","@id":"https:\/\/secure.gravatar.com\/avatar\/f65b913d6e7be363e7396f7fad32ab76d311fbb575fa7e623ec3ea4799f3b718?s=96&d=mm&r=g","url":"https:\/\/secure.gravatar.com\/avatar\/f65b913d6e7be363e7396f7fad32ab76d311fbb575fa7e623ec3ea4799f3b718?s=96&d=mm&r=g","contentUrl":"https:\/\/secure.gravatar.com\/avatar\/f65b913d6e7be363e7396f7fad32ab76d311fbb575fa7e623ec3ea4799f3b718?s=96&d=mm&r=g","caption":"Redaccion"},"sameAs":["https:\/\/www.elhijodelllanero.mx"],"url":"https:\/\/elhijodelllanero.mx\/index.php\/author\/admin_6smc8z8t\/"}]}},"jetpack_featured_media_url":"https:\/\/i0.wp.com\/elhijodelllanero.mx\/wp-content\/uploads\/2024\/02\/IMG-20240225-WA0009.jpg?fit=1600%2C1066&ssl=1","jetpack-related-posts":[],"jetpack_sharing_enabled":true,"_links":{"self":[{"href":"https:\/\/elhijodelllanero.mx\/index.php\/wp-json\/wp\/v2\/posts\/4691","targetHints":{"allow":["GET"]}}],"collection":[{"href":"https:\/\/elhijodelllanero.mx\/index.php\/wp-json\/wp\/v2\/posts"}],"about":[{"href":"https:\/\/elhijodelllanero.mx\/index.php\/wp-json\/wp\/v2\/types\/post"}],"author":[{"embeddable":true,"href":"https:\/\/elhijodelllanero.mx\/index.php\/wp-json\/wp\/v2\/users\/1"}],"replies":[{"embeddable":true,"href":"https:\/\/elhijodelllanero.mx\/index.php\/wp-json\/wp\/v2\/comments?post=4691"}],"version-history":[{"count":1,"href":"https:\/\/elhijodelllanero.mx\/index.php\/wp-json\/wp\/v2\/posts\/4691\/revisions"}],"predecessor-version":[{"id":4693,"href":"https:\/\/elhijodelllanero.mx\/index.php\/wp-json\/wp\/v2\/posts\/4691\/revisions\/4693"}],"wp:featuredmedia":[{"embeddable":true,"href":"https:\/\/elhijodelllanero.mx\/index.php\/wp-json\/wp\/v2\/media\/4692"}],"wp:attachment":[{"href":"https:\/\/elhijodelllanero.mx\/index.php\/wp-json\/wp\/v2\/media?parent=4691"}],"wp:term":[{"taxonomy":"category","embeddable":true,"href":"https:\/\/elhijodelllanero.mx\/index.php\/wp-json\/wp\/v2\/categories?post=4691"},{"taxonomy":"post_tag","embeddable":true,"href":"https:\/\/elhijodelllanero.mx\/index.php\/wp-json\/wp\/v2\/tags?post=4691"}],"curies":[{"name":"wp","href":"https:\/\/api.w.org\/{rel}","templated":true}]}}