{"id":4696,"date":"2024-02-25T20:31:43","date_gmt":"2024-02-25T20:31:43","guid":{"rendered":"https:\/\/elhijodelllanero.mx\/?p=4696"},"modified":"2024-02-25T20:31:43","modified_gmt":"2024-02-25T20:31:43","slug":"festeja-el-club-juventinas-fc-su-aniversario","status":"publish","type":"post","link":"https:\/\/elhijodelllanero.mx\/index.php\/2024\/02\/25\/festeja-el-club-juventinas-fc-su-aniversario\/","title":{"rendered":"Festeja el club Juventinas FC su aniversario."},"content":{"rendered":"<p>Celaya, Gto., 25 febrero 2024.- El club celayense de f\u00fatbol Juventinas FC, estar\u00e1 festejando durante esta semana su 13 aniversario, por lo que llevaron a cabo una rueda de prensa, donde dieron a conocer los detalles de los distintos eventos que tendr\u00e1n, adem\u00e1s de los logros obtenidos como club.<br \/>\nDicha rueda de prensa, se efectu\u00f3 en la escuela secundaria Ram\u00f3n Garc\u00eda Garibay, asistiendo el director del Sistema de Cultura F\u00edsica y Deporte de Celaya (SIDEC), Andr\u00e9s Barrientos Gonz\u00e1lez, en representaci\u00f3n del presidente municipal, Francisco Javier Mendoza M\u00e1rquez, aprovech\u00f3 para felicitar y reconocer el trabajo hecho a lo largo de estos 13 a\u00f1os, as\u00ed como ser un semillero de talento futbol\u00edstico femenil.<br \/>\n\u201cA nombre del presidente, Javier Mendoza, quiero felicitar y reconocer a cada una de las jugadoras y a los entrenadores, por su trabajo que han realizado, lo que ha generado e impulsando a talentos celayenses. Cuenten con nuestro apoyo y estoy seguro que seguir\u00e1n representado dignamente a nuestra Celaya Bonita en cada torneo en el que participan\u201d, dijo el titular del SIDEC, Andr\u00e9s Barrientos.<br \/>\nAlberto Mozqueda, entrenador de Juventinas FC, agradeci\u00f3 el respaldo de parte de las autoridades y no dej\u00f3 pasar la oportunidad de reconocer el trabajo de sus compa\u00f1eros entrenadores y jugadoras, adem\u00e1s del compromiso mostrado durante m\u00e1s de una d\u00e9cada.<br \/>\nLos eventos de festejo son un torneo cuadrangular programado para este mi\u00e9rcoles. El jueves se har\u00e1 la toma de la fotograf\u00eda grupal en la Alameda Hidalgo, mientras que, el s\u00e1bado sostendr\u00e1n un torneo con la participaci\u00f3n de equipos como Gacelas de Aguascalientes, campe\u00f3n nacional categor\u00eda Sub 15 de la Liga Nacional Femenil Scotiabank, as\u00ed como Linces Zamora y Pachuca-P\u00e9njamo. Cerrando este festejo, el domingo ser\u00e1 la final de vuelta de la Liga Mexicana de F\u00fatbol Femenil, Zona Baj\u00edo, buscando el boleto al nacional, esto ser\u00e1 ante Gud Amigas Guanajuato.<br \/>\nJuventinas FC ha logrado ser semillero de equipos de la Liga MX Femenil como Pumas o Le\u00f3n, teniendo otros prospectos que pueden llegar al conjunto universitario en la Ciudad de M\u00e9xico. Asimismo, la pr\u00e1ctica del f\u00fatbol femenil, les ha permitido a algunas chicas poder conseguir becas deportivas en diferentes instituciones educativas del pa\u00eds.<br \/>\nEn el tema de competencias, Juvetinas FC es subcampe\u00f3n de la Liga Nacional Femenil Scotiabank Sub 13, campe\u00f3n nacional en f\u00fatbol 6&#215;6, subcampe\u00f3n nacional en f\u00fatbol 7, entre otros resultados.<\/p>\n","protected":false},"excerpt":{"rendered":"<p>Celaya, Gto., 25 febrero 2024.- El club celayense de f\u00fatbol Juventinas FC, estar\u00e1 festejando durante esta semana su 13 aniversario, por lo que llevaron a cabo una rueda de prensa, donde dieron a conocer los detalles de los distintos eventos que tendr\u00e1n, adem\u00e1s de los logros obtenidos como club. Dicha rueda de prensa, se efectu\u00f3 [&hellip;]<\/p>\n","protected":false},"author":1,"featured_media":4697,"comment_status":"open","ping_status":"closed","sticky":false,"template":"","format":"standard","meta":{"_jetpack_newsletter_access":"","_jetpack_dont_email_post_to_subs":false,"_jetpack_newsletter_tier_id":0,"_jetpack_memberships_contains_paywalled_content":false,"_jetpack_memberships_contains_paid_content":false,"footnotes":""},"categories":[40],"tags":[],"class_list":{"0":"post-4696","1":"post","2":"type-post","3":"status-publish","4":"format-standard","5":"has-post-thumbnail","7":"category-deportes"},"yoast_head":"<!-- This site is optimized with the Yoast SEO plugin v27.3 - https:\/\/yoast.com\/product\/yoast-seo-wordpress\/ -->\n<title>Festeja el club Juventinas FC su aniversario. - El Hijo del llanero solititito<\/title>\n<meta name=\"robots\" content=\"index, follow, max-snippet:-1, max-image-preview:large, max-video-preview:-1\" \/>\n<link rel=\"canonical\" href=\"https:\/\/elhijodelllanero.mx\/index.php\/2024\/02\/25\/festeja-el-club-juventinas-fc-su-aniversario\/\" \/>\n<meta property=\"og:locale\" content=\"es_ES\" \/>\n<meta property=\"og:type\" content=\"article\" \/>\n<meta property=\"og:title\" content=\"Festeja el club Juventinas FC su aniversario. - El Hijo del llanero solititito\" \/>\n<meta property=\"og:description\" content=\"Celaya, Gto., 25 febrero 2024.- El club celayense de f\u00fatbol Juventinas FC, estar\u00e1 festejando durante esta semana su 13 aniversario, por lo que llevaron a cabo una rueda de prensa, donde dieron a conocer los detalles de los distintos eventos que tendr\u00e1n, adem\u00e1s de los logros obtenidos como club. Dicha rueda de prensa, se efectu\u00f3 [&hellip;]\" \/>\n<meta property=\"og:url\" content=\"https:\/\/elhijodelllanero.mx\/index.php\/2024\/02\/25\/festeja-el-club-juventinas-fc-su-aniversario\/\" \/>\n<meta property=\"og:site_name\" content=\"El Hijo del llanero solititito\" \/>\n<meta property=\"article:published_time\" content=\"2024-02-25T20:31:43+00:00\" \/>\n<meta property=\"og:image\" content=\"https:\/\/elhijodelllanero.mx\/wp-content\/uploads\/2024\/02\/IMG-20240225-WA0010.jpg\" \/>\n\t<meta property=\"og:image:width\" content=\"1600\" \/>\n\t<meta property=\"og:image:height\" content=\"1200\" \/>\n\t<meta property=\"og:image:type\" content=\"image\/jpeg\" \/>\n<meta name=\"author\" content=\"Redaccion\" \/>\n<meta name=\"twitter:card\" content=\"summary_large_image\" \/>\n<meta name=\"twitter:label1\" content=\"Escrito por\" \/>\n\t<meta name=\"twitter:data1\" content=\"Redaccion\" \/>\n\t<meta name=\"twitter:label2\" content=\"Tiempo de lectura\" \/>\n\t<meta name=\"twitter:data2\" content=\"2 minutos\" \/>\n<script type=\"application\/ld+json\" class=\"yoast-schema-graph\">{\"@context\":\"https:\\\/\\\/schema.org\",\"@graph\":[{\"@type\":\"Article\",\"@id\":\"https:\\\/\\\/elhijodelllanero.mx\\\/index.php\\\/2024\\\/02\\\/25\\\/festeja-el-club-juventinas-fc-su-aniversario\\\/#article\",\"isPartOf\":{\"@id\":\"https:\\\/\\\/elhijodelllanero.mx\\\/index.php\\\/2024\\\/02\\\/25\\\/festeja-el-club-juventinas-fc-su-aniversario\\\/\"},\"author\":{\"name\":\"Redaccion\",\"@id\":\"https:\\\/\\\/elhijodelllanero.mx\\\/#\\\/schema\\\/person\\\/5dcfdd3db3a6f7e7906ef5d92cf7340b\"},\"headline\":\"Festeja el club Juventinas FC su aniversario.\",\"datePublished\":\"2024-02-25T20:31:43+00:00\",\"mainEntityOfPage\":{\"@id\":\"https:\\\/\\\/elhijodelllanero.mx\\\/index.php\\\/2024\\\/02\\\/25\\\/festeja-el-club-juventinas-fc-su-aniversario\\\/\"},\"wordCount\":425,\"commentCount\":0,\"image\":{\"@id\":\"https:\\\/\\\/elhijodelllanero.mx\\\/index.php\\\/2024\\\/02\\\/25\\\/festeja-el-club-juventinas-fc-su-aniversario\\\/#primaryimage\"},\"thumbnailUrl\":\"https:\\\/\\\/i0.wp.com\\\/elhijodelllanero.mx\\\/wp-content\\\/uploads\\\/2024\\\/02\\\/IMG-20240225-WA0010.jpg?fit=1600%2C1200&ssl=1\",\"articleSection\":[\"DEPORTES\"],\"inLanguage\":\"es\",\"potentialAction\":[{\"@type\":\"CommentAction\",\"name\":\"Comment\",\"target\":[\"https:\\\/\\\/elhijodelllanero.mx\\\/index.php\\\/2024\\\/02\\\/25\\\/festeja-el-club-juventinas-fc-su-aniversario\\\/#respond\"]}]},{\"@type\":\"WebPage\",\"@id\":\"https:\\\/\\\/elhijodelllanero.mx\\\/index.php\\\/2024\\\/02\\\/25\\\/festeja-el-club-juventinas-fc-su-aniversario\\\/\",\"url\":\"https:\\\/\\\/elhijodelllanero.mx\\\/index.php\\\/2024\\\/02\\\/25\\\/festeja-el-club-juventinas-fc-su-aniversario\\\/\",\"name\":\"Festeja el club Juventinas FC su aniversario. - El Hijo del llanero solititito\",\"isPartOf\":{\"@id\":\"https:\\\/\\\/elhijodelllanero.mx\\\/#website\"},\"primaryImageOfPage\":{\"@id\":\"https:\\\/\\\/elhijodelllanero.mx\\\/index.php\\\/2024\\\/02\\\/25\\\/festeja-el-club-juventinas-fc-su-aniversario\\\/#primaryimage\"},\"image\":{\"@id\":\"https:\\\/\\\/elhijodelllanero.mx\\\/index.php\\\/2024\\\/02\\\/25\\\/festeja-el-club-juventinas-fc-su-aniversario\\\/#primaryimage\"},\"thumbnailUrl\":\"https:\\\/\\\/i0.wp.com\\\/elhijodelllanero.mx\\\/wp-content\\\/uploads\\\/2024\\\/02\\\/IMG-20240225-WA0010.jpg?fit=1600%2C1200&ssl=1\",\"datePublished\":\"2024-02-25T20:31:43+00:00\",\"author\":{\"@id\":\"https:\\\/\\\/elhijodelllanero.mx\\\/#\\\/schema\\\/person\\\/5dcfdd3db3a6f7e7906ef5d92cf7340b\"},\"breadcrumb\":{\"@id\":\"https:\\\/\\\/elhijodelllanero.mx\\\/index.php\\\/2024\\\/02\\\/25\\\/festeja-el-club-juventinas-fc-su-aniversario\\\/#breadcrumb\"},\"inLanguage\":\"es\",\"potentialAction\":[{\"@type\":\"ReadAction\",\"target\":[\"https:\\\/\\\/elhijodelllanero.mx\\\/index.php\\\/2024\\\/02\\\/25\\\/festeja-el-club-juventinas-fc-su-aniversario\\\/\"]}]},{\"@type\":\"ImageObject\",\"inLanguage\":\"es\",\"@id\":\"https:\\\/\\\/elhijodelllanero.mx\\\/index.php\\\/2024\\\/02\\\/25\\\/festeja-el-club-juventinas-fc-su-aniversario\\\/#primaryimage\",\"url\":\"https:\\\/\\\/i0.wp.com\\\/elhijodelllanero.mx\\\/wp-content\\\/uploads\\\/2024\\\/02\\\/IMG-20240225-WA0010.jpg?fit=1600%2C1200&ssl=1\",\"contentUrl\":\"https:\\\/\\\/i0.wp.com\\\/elhijodelllanero.mx\\\/wp-content\\\/uploads\\\/2024\\\/02\\\/IMG-20240225-WA0010.jpg?fit=1600%2C1200&ssl=1\",\"width\":1600,\"height\":1200},{\"@type\":\"BreadcrumbList\",\"@id\":\"https:\\\/\\\/elhijodelllanero.mx\\\/index.php\\\/2024\\\/02\\\/25\\\/festeja-el-club-juventinas-fc-su-aniversario\\\/#breadcrumb\",\"itemListElement\":[{\"@type\":\"ListItem\",\"position\":1,\"name\":\"Portada\",\"item\":\"https:\\\/\\\/elhijodelllanero.mx\\\/\"},{\"@type\":\"ListItem\",\"position\":2,\"name\":\"Festeja el club Juventinas FC su aniversario.\"}]},{\"@type\":\"WebSite\",\"@id\":\"https:\\\/\\\/elhijodelllanero.mx\\\/#website\",\"url\":\"https:\\\/\\\/elhijodelllanero.mx\\\/\",\"name\":\"El Hijo del llanero solititito\",\"description\":\"\",\"potentialAction\":[{\"@type\":\"SearchAction\",\"target\":{\"@type\":\"EntryPoint\",\"urlTemplate\":\"https:\\\/\\\/elhijodelllanero.mx\\\/?s={search_term_string}\"},\"query-input\":{\"@type\":\"PropertyValueSpecification\",\"valueRequired\":true,\"valueName\":\"search_term_string\"}}],\"inLanguage\":\"es\"},{\"@type\":\"Person\",\"@id\":\"https:\\\/\\\/elhijodelllanero.mx\\\/#\\\/schema\\\/person\\\/5dcfdd3db3a6f7e7906ef5d92cf7340b\",\"name\":\"Redaccion\",\"image\":{\"@type\":\"ImageObject\",\"inLanguage\":\"es\",\"@id\":\"https:\\\/\\\/secure.gravatar.com\\\/avatar\\\/f65b913d6e7be363e7396f7fad32ab76d311fbb575fa7e623ec3ea4799f3b718?s=96&d=mm&r=g\",\"url\":\"https:\\\/\\\/secure.gravatar.com\\\/avatar\\\/f65b913d6e7be363e7396f7fad32ab76d311fbb575fa7e623ec3ea4799f3b718?s=96&d=mm&r=g\",\"contentUrl\":\"https:\\\/\\\/secure.gravatar.com\\\/avatar\\\/f65b913d6e7be363e7396f7fad32ab76d311fbb575fa7e623ec3ea4799f3b718?s=96&d=mm&r=g\",\"caption\":\"Redaccion\"},\"sameAs\":[\"https:\\\/\\\/www.elhijodelllanero.mx\"],\"url\":\"https:\\\/\\\/elhijodelllanero.mx\\\/index.php\\\/author\\\/admin_6smc8z8t\\\/\"}]}<\/script>\n<!-- \/ Yoast SEO plugin. -->","yoast_head_json":{"title":"Festeja el club Juventinas FC su aniversario. - El Hijo del llanero solititito","robots":{"index":"index","follow":"follow","max-snippet":"max-snippet:-1","max-image-preview":"max-image-preview:large","max-video-preview":"max-video-preview:-1"},"canonical":"https:\/\/elhijodelllanero.mx\/index.php\/2024\/02\/25\/festeja-el-club-juventinas-fc-su-aniversario\/","og_locale":"es_ES","og_type":"article","og_title":"Festeja el club Juventinas FC su aniversario. - El Hijo del llanero solititito","og_description":"Celaya, Gto., 25 febrero 2024.- El club celayense de f\u00fatbol Juventinas FC, estar\u00e1 festejando durante esta semana su 13 aniversario, por lo que llevaron a cabo una rueda de prensa, donde dieron a conocer los detalles de los distintos eventos que tendr\u00e1n, adem\u00e1s de los logros obtenidos como club. Dicha rueda de prensa, se efectu\u00f3 [&hellip;]","og_url":"https:\/\/elhijodelllanero.mx\/index.php\/2024\/02\/25\/festeja-el-club-juventinas-fc-su-aniversario\/","og_site_name":"El Hijo del llanero solititito","article_published_time":"2024-02-25T20:31:43+00:00","og_image":[{"width":1600,"height":1200,"url":"https:\/\/elhijodelllanero.mx\/wp-content\/uploads\/2024\/02\/IMG-20240225-WA0010.jpg","type":"image\/jpeg"}],"author":"Redaccion","twitter_card":"summary_large_image","twitter_misc":{"Escrito por":"Redaccion","Tiempo de lectura":"2 minutos"},"schema":{"@context":"https:\/\/schema.org","@graph":[{"@type":"Article","@id":"https:\/\/elhijodelllanero.mx\/index.php\/2024\/02\/25\/festeja-el-club-juventinas-fc-su-aniversario\/#article","isPartOf":{"@id":"https:\/\/elhijodelllanero.mx\/index.php\/2024\/02\/25\/festeja-el-club-juventinas-fc-su-aniversario\/"},"author":{"name":"Redaccion","@id":"https:\/\/elhijodelllanero.mx\/#\/schema\/person\/5dcfdd3db3a6f7e7906ef5d92cf7340b"},"headline":"Festeja el club Juventinas FC su aniversario.","datePublished":"2024-02-25T20:31:43+00:00","mainEntityOfPage":{"@id":"https:\/\/elhijodelllanero.mx\/index.php\/2024\/02\/25\/festeja-el-club-juventinas-fc-su-aniversario\/"},"wordCount":425,"commentCount":0,"image":{"@id":"https:\/\/elhijodelllanero.mx\/index.php\/2024\/02\/25\/festeja-el-club-juventinas-fc-su-aniversario\/#primaryimage"},"thumbnailUrl":"https:\/\/i0.wp.com\/elhijodelllanero.mx\/wp-content\/uploads\/2024\/02\/IMG-20240225-WA0010.jpg?fit=1600%2C1200&ssl=1","articleSection":["DEPORTES"],"inLanguage":"es","potentialAction":[{"@type":"CommentAction","name":"Comment","target":["https:\/\/elhijodelllanero.mx\/index.php\/2024\/02\/25\/festeja-el-club-juventinas-fc-su-aniversario\/#respond"]}]},{"@type":"WebPage","@id":"https:\/\/elhijodelllanero.mx\/index.php\/2024\/02\/25\/festeja-el-club-juventinas-fc-su-aniversario\/","url":"https:\/\/elhijodelllanero.mx\/index.php\/2024\/02\/25\/festeja-el-club-juventinas-fc-su-aniversario\/","name":"Festeja el club Juventinas FC su aniversario. - El Hijo del llanero solititito","isPartOf":{"@id":"https:\/\/elhijodelllanero.mx\/#website"},"primaryImageOfPage":{"@id":"https:\/\/elhijodelllanero.mx\/index.php\/2024\/02\/25\/festeja-el-club-juventinas-fc-su-aniversario\/#primaryimage"},"image":{"@id":"https:\/\/elhijodelllanero.mx\/index.php\/2024\/02\/25\/festeja-el-club-juventinas-fc-su-aniversario\/#primaryimage"},"thumbnailUrl":"https:\/\/i0.wp.com\/elhijodelllanero.mx\/wp-content\/uploads\/2024\/02\/IMG-20240225-WA0010.jpg?fit=1600%2C1200&ssl=1","datePublished":"2024-02-25T20:31:43+00:00","author":{"@id":"https:\/\/elhijodelllanero.mx\/#\/schema\/person\/5dcfdd3db3a6f7e7906ef5d92cf7340b"},"breadcrumb":{"@id":"https:\/\/elhijodelllanero.mx\/index.php\/2024\/02\/25\/festeja-el-club-juventinas-fc-su-aniversario\/#breadcrumb"},"inLanguage":"es","potentialAction":[{"@type":"ReadAction","target":["https:\/\/elhijodelllanero.mx\/index.php\/2024\/02\/25\/festeja-el-club-juventinas-fc-su-aniversario\/"]}]},{"@type":"ImageObject","inLanguage":"es","@id":"https:\/\/elhijodelllanero.mx\/index.php\/2024\/02\/25\/festeja-el-club-juventinas-fc-su-aniversario\/#primaryimage","url":"https:\/\/i0.wp.com\/elhijodelllanero.mx\/wp-content\/uploads\/2024\/02\/IMG-20240225-WA0010.jpg?fit=1600%2C1200&ssl=1","contentUrl":"https:\/\/i0.wp.com\/elhijodelllanero.mx\/wp-content\/uploads\/2024\/02\/IMG-20240225-WA0010.jpg?fit=1600%2C1200&ssl=1","width":1600,"height":1200},{"@type":"BreadcrumbList","@id":"https:\/\/elhijodelllanero.mx\/index.php\/2024\/02\/25\/festeja-el-club-juventinas-fc-su-aniversario\/#breadcrumb","itemListElement":[{"@type":"ListItem","position":1,"name":"Portada","item":"https:\/\/elhijodelllanero.mx\/"},{"@type":"ListItem","position":2,"name":"Festeja el club Juventinas FC su aniversario."}]},{"@type":"WebSite","@id":"https:\/\/elhijodelllanero.mx\/#website","url":"https:\/\/elhijodelllanero.mx\/","name":"El Hijo del llanero solititito","description":"","potentialAction":[{"@type":"SearchAction","target":{"@type":"EntryPoint","urlTemplate":"https:\/\/elhijodelllanero.mx\/?s={search_term_string}"},"query-input":{"@type":"PropertyValueSpecification","valueRequired":true,"valueName":"search_term_string"}}],"inLanguage":"es"},{"@type":"Person","@id":"https:\/\/elhijodelllanero.mx\/#\/schema\/person\/5dcfdd3db3a6f7e7906ef5d92cf7340b","name":"Redaccion","image":{"@type":"ImageObject","inLanguage":"es","@id":"https:\/\/secure.gravatar.com\/avatar\/f65b913d6e7be363e7396f7fad32ab76d311fbb575fa7e623ec3ea4799f3b718?s=96&d=mm&r=g","url":"https:\/\/secure.gravatar.com\/avatar\/f65b913d6e7be363e7396f7fad32ab76d311fbb575fa7e623ec3ea4799f3b718?s=96&d=mm&r=g","contentUrl":"https:\/\/secure.gravatar.com\/avatar\/f65b913d6e7be363e7396f7fad32ab76d311fbb575fa7e623ec3ea4799f3b718?s=96&d=mm&r=g","caption":"Redaccion"},"sameAs":["https:\/\/www.elhijodelllanero.mx"],"url":"https:\/\/elhijodelllanero.mx\/index.php\/author\/admin_6smc8z8t\/"}]}},"jetpack_featured_media_url":"https:\/\/i0.wp.com\/elhijodelllanero.mx\/wp-content\/uploads\/2024\/02\/IMG-20240225-WA0010.jpg?fit=1600%2C1200&ssl=1","jetpack-related-posts":[],"jetpack_sharing_enabled":true,"_links":{"self":[{"href":"https:\/\/elhijodelllanero.mx\/index.php\/wp-json\/wp\/v2\/posts\/4696","targetHints":{"allow":["GET"]}}],"collection":[{"href":"https:\/\/elhijodelllanero.mx\/index.php\/wp-json\/wp\/v2\/posts"}],"about":[{"href":"https:\/\/elhijodelllanero.mx\/index.php\/wp-json\/wp\/v2\/types\/post"}],"author":[{"embeddable":true,"href":"https:\/\/elhijodelllanero.mx\/index.php\/wp-json\/wp\/v2\/users\/1"}],"replies":[{"embeddable":true,"href":"https:\/\/elhijodelllanero.mx\/index.php\/wp-json\/wp\/v2\/comments?post=4696"}],"version-history":[{"count":1,"href":"https:\/\/elhijodelllanero.mx\/index.php\/wp-json\/wp\/v2\/posts\/4696\/revisions"}],"predecessor-version":[{"id":4698,"href":"https:\/\/elhijodelllanero.mx\/index.php\/wp-json\/wp\/v2\/posts\/4696\/revisions\/4698"}],"wp:featuredmedia":[{"embeddable":true,"href":"https:\/\/elhijodelllanero.mx\/index.php\/wp-json\/wp\/v2\/media\/4697"}],"wp:attachment":[{"href":"https:\/\/elhijodelllanero.mx\/index.php\/wp-json\/wp\/v2\/media?parent=4696"}],"wp:term":[{"taxonomy":"category","embeddable":true,"href":"https:\/\/elhijodelllanero.mx\/index.php\/wp-json\/wp\/v2\/categories?post=4696"},{"taxonomy":"post_tag","embeddable":true,"href":"https:\/\/elhijodelllanero.mx\/index.php\/wp-json\/wp\/v2\/tags?post=4696"}],"curies":[{"name":"wp","href":"https:\/\/api.w.org\/{rel}","templated":true}]}}